{"id":3813,"date":"2014-05-05T17:51:37","date_gmt":"2014-05-05T22:51:37","guid":{"rendered":"https:\/\/www.ucaldas.edu.co\/portal\/?p=3813"},"modified":"2014-05-05T17:51:37","modified_gmt":"2014-05-05T22:51:37","slug":"u-de-caldas-continua-llevando-jornadas-de-bienestar-institucion-llego-al-norte-de-caldas","status":"publish","type":"post","link":"https:\/\/www.ucaldas.edu.co\/portal\/u-de-caldas-continua-llevando-jornadas-de-bienestar-institucion-llego-al-norte-de-caldas\/","title":{"rendered":"U. de Caldas contin\u00faa llevando jornadas de  bienestar: Instituci\u00f3n lleg\u00f3 al Norte de Caldas"},"content":{"rendered":"<p align=\"center\"><span style=\"text-decoration: underline;\">ESTUDIANTES DE AGUADAS TUVIERON RECREACI\u00d3N, SALUD Y EMPRENDIEMIENTO<\/span><\/p>\n<p align=\"center\"><b>U. de Caldas contin\u00faa llevando jornadas de\u00a0 bienestar: Instituci\u00f3n lleg\u00f3 al Norte de Caldas<\/b><\/p>\n<p align=\"center\"><a style=\"line-height: 1.5em;\" href=\"https:\/\/www.ucaldas.edu.co\/portal\/wp-content\/uploads\/2014\/05\/10334421_682000855195116_6910414427860496846_n.jpg\"><img loading=\"lazy\" decoding=\"async\" class=\"aligncenter size-medium wp-image-3829\" alt=\"10334421_682000855195116_6910414427860496846_n\" src=\"https:\/\/www.ucaldas.edu.co\/portal\/wp-content\/uploads\/2014\/05\/10334421_682000855195116_6910414427860496846_n-300x237.jpg\" width=\"300\" height=\"237\" \/><\/a><\/p>\n<p align=\"right\">5\/5\/2014<\/p>\n<p align=\"right\">Redacci\u00f3n: Luisa Giraldo<\/p>\n<p align=\"right\">Coordinadora Contenidos Intranet<\/p>\n<p style=\"text-align: justify;\">\u00a0Cerca de <b>100 j\u00f3venes de Aguadas <\/b>(Caldas),<b> <\/b>beneficiarios <b>del<\/b><b>\u00a0<\/b><b>Programa<\/b><b>\u00a0<\/b><b>Universidad en el Campo<\/b><b>\u00a0<\/b><b>\u00a0<\/b>y de <b>otras tecnolog\u00edas <\/b>de la <b>Universidad de Caldas<\/b>, disfrutaron\u00a0de <b>una jornada de salud,\u00a0 recreaci\u00f3n <\/b>y<b> charlas de emprendimiento<\/b>, actividad desarrollada por el\u00a0 <b>Ministerio de Educaci\u00f3n Nacional <\/b>(MEN) <b>en alianza con la Instituci\u00f3n<\/b>.\u00a0<!--more--><\/p>\n<p style=\"text-align: justify;\"><span style=\"line-height: 1.5em;\">Seg\u00fan coment\u00f3\u00a0 Natalia Jaramillo Restrepo, funcionaria de la Oficina de Educaci\u00f3n a Distancia y Virtualidad de la U. de\u00a0 Caldas, en esta actividad <\/span><b style=\"line-height: 1.5em;\">participaron j\u00f3venes de las tecnolog\u00edas en Higiene <\/b><span style=\"line-height: 1.5em;\">y <\/span><b style=\"line-height: 1.5em;\">Seguridad Ocupacional<\/b><span style=\"line-height: 1.5em;\">, <\/span><b style=\"line-height: 1.5em;\">Gesti\u00f3n Agropecuaria<\/b><span style=\"line-height: 1.5em;\">, <\/span><b style=\"line-height: 1.5em;\">Producci\u00f3n Cafetera <\/b><span style=\"line-height: 1.5em;\">y de la <\/span><b style=\"line-height: 1.5em;\">Maestr\u00eda en Ciencias Sociales<\/b><span style=\"line-height: 1.5em;\">.<\/span><\/p>\n<p style=\"text-align: justify;\">Jaramillo Restrepo dijo\u00a0 que con estas actividades la <b>Universidad pretende<\/b> <b>cumplir con su misi\u00f3n principal<\/b> que es hacer <b>que los estudiantes de otras regiones se sientan parte vital de la Instituci\u00f3n<\/b>. \u201cEs importante <b>no s\u00f3lo que el estudiante vaya a la universidad<\/b>, sino que <b>esta se desplace hacia \u00e9l <\/b>e integre a toda una regi\u00f3n\u201d puntualiz\u00f3.<\/p>\n<p style=\"text-align: justify;\">Dentro de la jornada, que se llev\u00f3 a cabo el pasado 3 de mayo del 2014 se realizaron <b>actividades dirigidas a\u00a0 fortalecer\u00a0 el bienestar universitario<\/b>, <b>promoci\u00f3n y prevenci\u00f3n de la salud<\/b>, as\u00ed como asesor\u00eda en orientaci\u00f3n profesional y charlas de emprendimiento.<\/p>\n<p style=\"text-align: justify;\">Luis Francisco Rojas, <b>Asesor de la Unidad de Emprendimiento de la U. de Caldas<\/b>, coment\u00f3 que <b>el objetivo<\/b> de llevar <b>charlas <\/b>de emprendimiento<b> <\/b>a los j\u00f3venes de la regi\u00f3n <b>fue incentivarlos para que desde su \u00e1rea de enfoque generen ideas de negocio <\/b>y las desarrollen.<\/p>\n<p style=\"text-align: justify;\">\u201cEsper\u00e1bamos encontrar en los asistentes <b>ideas de emprendimiento<\/b> e incentivarlos a generar espacios, para desarrollarlas y de esta manera <b>comenzar a impactar positivamente a su regi\u00f3n<\/b>\u201d, agreg\u00f3 Rojas.<\/p>\n<p style=\"text-align: justify;\"><b>Desde el Municipio<\/b><\/p>\n<p style=\"text-align: justify;\">Luz Mar\u00eda Motato Becerra, Coordinadora del Centro Regional de Educaci\u00f3n Superior (Ceres) de Aguadas, destac\u00f3 la presencia de la U. de Caldas en el municipio y record\u00f3 que <b>este tipo de actividades permiten que los estudiantes sientan la Instituci\u00f3n cerca<\/b>. Adem\u00e1s destac\u00f3 <b>la calidad de actividades<\/b> que se les llevaron tanto en <b>bienestar<\/b>, e<b>ducaci\u00f3n<\/b> <b>y recreaci\u00f3n<\/b>.<\/p>\n<p style=\"text-align: justify;\">Por su parte, Carlos Andr\u00e9s Loaiza Gonz\u00e1lez, Secretario de Educaci\u00f3n de Aguadas, habl\u00f3 acerca de <b>la importancia<\/b> que tiene <b>que una Instituci\u00f3n como la U. de Caldas<\/b> <b>se desplace hasta el\u00a0 municipio,<\/b> tanto <b>con programas t\u00e9cnicos<\/b> como <b>con jornadas de bienestar<\/b>.<\/p>\n<p style=\"text-align: justify;\">\u201cEs de destacar el hecho de que la Universidad se desplace hasta nuestra regi\u00f3n, ya que as\u00ed <b>permite que j\u00f3venes de las zonas rurales<\/b> y <b>de escasos recursos<\/b> que no pueden dirigirse a la ciudad <b>puedan acceder a una educaci\u00f3n de calidad<\/b> y <b>a bajo costo<\/b>\u201d.<b>\u00a0<\/b><\/p>\n<p style=\"text-align: justify;\"><b>Participantes<\/b><\/p>\n<p style=\"text-align: justify;\"><b>Jenny Alejandra Giraldo, Programa de Producci\u00f3n Cafetera<\/b><\/p>\n<p style=\"text-align: justify;\"><b><\/b>Me parece muy bueno porque aparte de que estamos aprendiendo nos estamos integrando con los dem\u00e1s estudiantes de otros programas de la Universidad en el municipio.<\/p>\n<p style=\"text-align: justify;\">\u00a0<b>Cristian Estiven Henao Valencia, Programa de Producci\u00f3n Cafetera<\/b><\/p>\n<p style=\"text-align: justify;\">Es algo muy bueno porque nos esta brindado una oportunidad a nosotros los j\u00f3venes del campo, para sobresalir por encima de cualquier circunstancia que se nos presente en el camino.<\/p>\n<p style=\"text-align: justify;\"><a href=\"https:\/\/www.facebook.com\/media\/set\/?set=a.682000361861832.1073742716.107054166023124&amp;type=3&amp;uploaded=200\">Conozca m\u00e1s im\u00e1genes de la jornada de bienestar universitario en Aguadas<\/a><\/p>\n<p style=\"text-align: justify;\"><b>Informes:<\/b> Oficina de Educaci\u00f3n a Distancia y Virtualidad, tel\u00e9fono 878 15 00 extensi\u00f3n 11 210.<\/p>\n<p style=\"text-align: justify;\"><b>\u00a0<\/b><\/p>\n","protected":false},"excerpt":{"rendered":"<p>ESTUDIANTES DE AGUADAS TUVIERON RECREACI\u00d3N, SALUD Y EMPRENDIEMIENTO U. de Caldas contin\u00faa llevando jornadas de\u00a0 bienestar: Instituci\u00f3n lleg\u00f3 al Norte de Caldas 5\/5\/2014 Redacci\u00f3n: Luisa Giraldo Coordinadora Contenidos Intranet \u00a0Cerca de 100 j\u00f3venes de Aguadas (Caldas), beneficiarios del\u00a0Programa\u00a0Universidad en el Campo\u00a0\u00a0y de otras tecnolog\u00edas de la Universidad de Caldas, disfrutaron\u00a0de una jornada de salud,\u00a0 recreaci\u00f3n [&hellip;]<\/p>\n","protected":false},"author":2,"featured_media":0,"comment_status":"closed","ping_status":"closed","sticky":false,"template":"","format":"standard","meta":{"footnotes":""},"categories":[48],"tags":[429,746,1364,1741,1782,95,211,293,378],"class_list":["post-3813","post","type-post","status-publish","format-standard","hentry","category-actualidad","tag-emprendimiento","tag-recreacion","tag-aguadas","tag-ips-universitaria","tag-orientacion-profesional","tag-universidad-de-caldas","tag-salud","tag-universidad-en-el-campo","tag-bienestar-universitario"],"yoast_head":"<!-- This site is optimized with the Yoast SEO plugin v27.5 - https:\/\/yoast.com\/product\/yoast-seo-wordpress\/ -->\n<title>U. de Caldas contin\u00faa llevando jornadas de bienestar: Instituci\u00f3n lleg\u00f3 al Norte de Caldas .<\/title>\n<meta name=\"robots\" content=\"index, follow, max-snippet:-1, max-image-preview:large, max-video-preview:-1\" \/>\n<link rel=\"canonical\" href=\"https:\/\/www.ucaldas.edu.co\/portal\/u-de-caldas-continua-llevando-jornadas-de-bienestar-institucion-llego-al-norte-de-caldas\/\" \/>\n<script type=\"application\/ld+json\" class=\"yoast-schema-graph\">{\"@context\":\"https:\\\/\\\/schema.org\",\"@graph\":[{\"@type\":\"Article\",\"@id\":\"https:\\\/\\\/www.ucaldas.edu.co\\\/portal\\\/u-de-caldas-continua-llevando-jornadas-de-bienestar-institucion-llego-al-norte-de-caldas\\\/#article\",\"isPartOf\":{\"@id\":\"https:\\\/\\\/www.ucaldas.edu.co\\\/portal\\\/u-de-caldas-continua-llevando-jornadas-de-bienestar-institucion-llego-al-norte-de-caldas\\\/\"},\"author\":{\"name\":\"ofiprensa\",\"@id\":\"https:\\\/\\\/www.ucaldas.edu.co\\\/portal\\\/#\\\/schema\\\/person\\\/a1b482e23449158b4bc319926c074fdf\"},\"headline\":\"U. de Caldas contin\u00faa llevando jornadas de bienestar: Instituci\u00f3n lleg\u00f3 al Norte de Caldas\",\"datePublished\":\"2014-05-05T22:51:37+00:00\",\"mainEntityOfPage\":{\"@id\":\"https:\\\/\\\/www.ucaldas.edu.co\\\/portal\\\/u-de-caldas-continua-llevando-jornadas-de-bienestar-institucion-llego-al-norte-de-caldas\\\/\"},\"wordCount\":593,\"publisher\":{\"@id\":\"https:\\\/\\\/www.ucaldas.edu.co\\\/portal\\\/#organization\"},\"image\":{\"@id\":\"https:\\\/\\\/www.ucaldas.edu.co\\\/portal\\\/u-de-caldas-continua-llevando-jornadas-de-bienestar-institucion-llego-al-norte-de-caldas\\\/#primaryimage\"},\"thumbnailUrl\":\"https:\\\/\\\/www.ucaldas.edu.co\\\/portal\\\/wp-content\\\/uploads\\\/2014\\\/05\\\/10334421_682000855195116_6910414427860496846_n-300x237.jpg\",\"keywords\":[\"Emprendimiento\",\"recreaci\u00f3n\",\"Aguadas\",\"IPS universitaria\",\"orientaci\u00f3n profesional\",\"Universidad De Caldas\",\"salud\",\"Universidad en el campo\",\"bienestar universitario\"],\"articleSection\":[\"Actualidad\"],\"inLanguage\":\"es\"},{\"@type\":\"WebPage\",\"@id\":\"https:\\\/\\\/www.ucaldas.edu.co\\\/portal\\\/u-de-caldas-continua-llevando-jornadas-de-bienestar-institucion-llego-al-norte-de-caldas\\\/\",\"url\":\"https:\\\/\\\/www.ucaldas.edu.co\\\/portal\\\/u-de-caldas-continua-llevando-jornadas-de-bienestar-institucion-llego-al-norte-de-caldas\\\/\",\"name\":\"U. de Caldas contin\u00faa llevando jornadas de bienestar: Instituci\u00f3n lleg\u00f3 al Norte de Caldas .\",\"isPartOf\":{\"@id\":\"https:\\\/\\\/www.ucaldas.edu.co\\\/portal\\\/#website\"},\"primaryImageOfPage\":{\"@id\":\"https:\\\/\\\/www.ucaldas.edu.co\\\/portal\\\/u-de-caldas-continua-llevando-jornadas-de-bienestar-institucion-llego-al-norte-de-caldas\\\/#primaryimage\"},\"image\":{\"@id\":\"https:\\\/\\\/www.ucaldas.edu.co\\\/portal\\\/u-de-caldas-continua-llevando-jornadas-de-bienestar-institucion-llego-al-norte-de-caldas\\\/#primaryimage\"},\"thumbnailUrl\":\"https:\\\/\\\/www.ucaldas.edu.co\\\/portal\\\/wp-content\\\/uploads\\\/2014\\\/05\\\/10334421_682000855195116_6910414427860496846_n-300x237.jpg\",\"datePublished\":\"2014-05-05T22:51:37+00:00\",\"breadcrumb\":{\"@id\":\"https:\\\/\\\/www.ucaldas.edu.co\\\/portal\\\/u-de-caldas-continua-llevando-jornadas-de-bienestar-institucion-llego-al-norte-de-caldas\\\/#breadcrumb\"},\"inLanguage\":\"es\",\"potentialAction\":[{\"@type\":\"ReadAction\",\"target\":[\"https:\\\/\\\/www.ucaldas.edu.co\\\/portal\\\/u-de-caldas-continua-llevando-jornadas-de-bienestar-institucion-llego-al-norte-de-caldas\\\/\"]}]},{\"@type\":\"ImageObject\",\"inLanguage\":\"es\",\"@id\":\"https:\\\/\\\/www.ucaldas.edu.co\\\/portal\\\/u-de-caldas-continua-llevando-jornadas-de-bienestar-institucion-llego-al-norte-de-caldas\\\/#primaryimage\",\"url\":\"https:\\\/\\\/www.ucaldas.edu.co\\\/portal\\\/wp-content\\\/uploads\\\/2014\\\/05\\\/10334421_682000855195116_6910414427860496846_n-300x237.jpg\",\"contentUrl\":\"https:\\\/\\\/www.ucaldas.edu.co\\\/portal\\\/wp-content\\\/uploads\\\/2014\\\/05\\\/10334421_682000855195116_6910414427860496846_n-300x237.jpg\"},{\"@type\":\"BreadcrumbList\",\"@id\":\"https:\\\/\\\/www.ucaldas.edu.co\\\/portal\\\/u-de-caldas-continua-llevando-jornadas-de-bienestar-institucion-llego-al-norte-de-caldas\\\/#breadcrumb\",\"itemListElement\":[{\"@type\":\"ListItem\",\"position\":1,\"name\":\"Portada\",\"item\":\"https:\\\/\\\/www.ucaldas.edu.co\\\/portal\\\/\"},{\"@type\":\"ListItem\",\"position\":2,\"name\":\"U. de Caldas contin\u00faa llevando jornadas de bienestar: Instituci\u00f3n lleg\u00f3 al Norte de Caldas\"}]},{\"@type\":\"WebSite\",\"@id\":\"https:\\\/\\\/www.ucaldas.edu.co\\\/portal\\\/#website\",\"url\":\"https:\\\/\\\/www.ucaldas.edu.co\\\/portal\\\/\",\"name\":\"Universidad de Caldas\",\"description\":\"\",\"publisher\":{\"@id\":\"https:\\\/\\\/www.ucaldas.edu.co\\\/portal\\\/#organization\"},\"alternateName\":\"U. de Caldas\",\"potentialAction\":[{\"@type\":\"SearchAction\",\"target\":{\"@type\":\"EntryPoint\",\"urlTemplate\":\"https:\\\/\\\/www.ucaldas.edu.co\\\/portal\\\/?s={search_term_string}\"},\"query-input\":{\"@type\":\"PropertyValueSpecification\",\"valueRequired\":true,\"valueName\":\"search_term_string\"}}],\"inLanguage\":\"es\"},{\"@type\":\"Organization\",\"@id\":\"https:\\\/\\\/www.ucaldas.edu.co\\\/portal\\\/#organization\",\"name\":\"Universidad de Caldas\",\"alternateName\":\"U. de Caldas\",\"url\":\"https:\\\/\\\/www.ucaldas.edu.co\\\/portal\\\/\",\"logo\":{\"@type\":\"ImageObject\",\"inLanguage\":\"es\",\"@id\":\"https:\\\/\\\/www.ucaldas.edu.co\\\/portal\\\/#\\\/schema\\\/logo\\\/image\\\/\",\"url\":\"https:\\\/\\\/www.ucaldas.edu.co\\\/portal\\\/wp-content\\\/uploads\\\/2023\\\/11\\\/Logo_horizontal_oscuroU-2023.png\",\"contentUrl\":\"https:\\\/\\\/www.ucaldas.edu.co\\\/portal\\\/wp-content\\\/uploads\\\/2023\\\/11\\\/Logo_horizontal_oscuroU-2023.png\",\"width\":263,\"height\":101,\"caption\":\"Universidad de Caldas\"},\"image\":{\"@id\":\"https:\\\/\\\/www.ucaldas.edu.co\\\/portal\\\/#\\\/schema\\\/logo\\\/image\\\/\"},\"sameAs\":[\"https:\\\/\\\/www.facebook.com\\\/udecaldas\",\"https:\\\/\\\/x.com\\\/udecaldas\",\"https:\\\/\\\/www.youtube.com\\\/universidadcaldas\",\"https:\\\/\\\/www.instagram.com\\\/udecaldas\\\/\"]},{\"@type\":\"Person\",\"@id\":\"https:\\\/\\\/www.ucaldas.edu.co\\\/portal\\\/#\\\/schema\\\/person\\\/a1b482e23449158b4bc319926c074fdf\",\"name\":\"ofiprensa\",\"image\":{\"@type\":\"ImageObject\",\"inLanguage\":\"es\",\"@id\":\"https:\\\/\\\/www.ucaldas.edu.co\\\/portal\\\/wp-content\\\/litespeed\\\/avatar\\\/09ea5085e600095a7a811142c6944527.jpg?ver=1777497608\",\"url\":\"https:\\\/\\\/www.ucaldas.edu.co\\\/portal\\\/wp-content\\\/litespeed\\\/avatar\\\/09ea5085e600095a7a811142c6944527.jpg?ver=1777497608\",\"contentUrl\":\"https:\\\/\\\/www.ucaldas.edu.co\\\/portal\\\/wp-content\\\/litespeed\\\/avatar\\\/09ea5085e600095a7a811142c6944527.jpg?ver=1777497608\",\"caption\":\"ofiprensa\"},\"url\":\"https:\\\/\\\/www.ucaldas.edu.co\\\/portal\\\/author\\\/ofiprensa\\\/\"}]}<\/script>\n<!-- \/ Yoast SEO plugin. -->","yoast_head_json":{"title":"U. de Caldas contin\u00faa llevando jornadas de bienestar: Instituci\u00f3n lleg\u00f3 al Norte de Caldas .","robots":{"index":"index","follow":"follow","max-snippet":"max-snippet:-1","max-image-preview":"max-image-preview:large","max-video-preview":"max-video-preview:-1"},"canonical":"https:\/\/www.ucaldas.edu.co\/portal\/u-de-caldas-continua-llevando-jornadas-de-bienestar-institucion-llego-al-norte-de-caldas\/","schema":{"@context":"https:\/\/schema.org","@graph":[{"@type":"Article","@id":"https:\/\/www.ucaldas.edu.co\/portal\/u-de-caldas-continua-llevando-jornadas-de-bienestar-institucion-llego-al-norte-de-caldas\/#article","isPartOf":{"@id":"https:\/\/www.ucaldas.edu.co\/portal\/u-de-caldas-continua-llevando-jornadas-de-bienestar-institucion-llego-al-norte-de-caldas\/"},"author":{"name":"ofiprensa","@id":"https:\/\/www.ucaldas.edu.co\/portal\/#\/schema\/person\/a1b482e23449158b4bc319926c074fdf"},"headline":"U. de Caldas contin\u00faa llevando jornadas de bienestar: Instituci\u00f3n lleg\u00f3 al Norte de Caldas","datePublished":"2014-05-05T22:51:37+00:00","mainEntityOfPage":{"@id":"https:\/\/www.ucaldas.edu.co\/portal\/u-de-caldas-continua-llevando-jornadas-de-bienestar-institucion-llego-al-norte-de-caldas\/"},"wordCount":593,"publisher":{"@id":"https:\/\/www.ucaldas.edu.co\/portal\/#organization"},"image":{"@id":"https:\/\/www.ucaldas.edu.co\/portal\/u-de-caldas-continua-llevando-jornadas-de-bienestar-institucion-llego-al-norte-de-caldas\/#primaryimage"},"thumbnailUrl":"https:\/\/www.ucaldas.edu.co\/portal\/wp-content\/uploads\/2014\/05\/10334421_682000855195116_6910414427860496846_n-300x237.jpg","keywords":["Emprendimiento","recreaci\u00f3n","Aguadas","IPS universitaria","orientaci\u00f3n profesional","Universidad De Caldas","salud","Universidad en el campo","bienestar universitario"],"articleSection":["Actualidad"],"inLanguage":"es"},{"@type":"WebPage","@id":"https:\/\/www.ucaldas.edu.co\/portal\/u-de-caldas-continua-llevando-jornadas-de-bienestar-institucion-llego-al-norte-de-caldas\/","url":"https:\/\/www.ucaldas.edu.co\/portal\/u-de-caldas-continua-llevando-jornadas-de-bienestar-institucion-llego-al-norte-de-caldas\/","name":"U. de Caldas contin\u00faa llevando jornadas de bienestar: Instituci\u00f3n lleg\u00f3 al Norte de Caldas .","isPartOf":{"@id":"https:\/\/www.ucaldas.edu.co\/portal\/#website"},"primaryImageOfPage":{"@id":"https:\/\/www.ucaldas.edu.co\/portal\/u-de-caldas-continua-llevando-jornadas-de-bienestar-institucion-llego-al-norte-de-caldas\/#primaryimage"},"image":{"@id":"https:\/\/www.ucaldas.edu.co\/portal\/u-de-caldas-continua-llevando-jornadas-de-bienestar-institucion-llego-al-norte-de-caldas\/#primaryimage"},"thumbnailUrl":"https:\/\/www.ucaldas.edu.co\/portal\/wp-content\/uploads\/2014\/05\/10334421_682000855195116_6910414427860496846_n-300x237.jpg","datePublished":"2014-05-05T22:51:37+00:00","breadcrumb":{"@id":"https:\/\/www.ucaldas.edu.co\/portal\/u-de-caldas-continua-llevando-jornadas-de-bienestar-institucion-llego-al-norte-de-caldas\/#breadcrumb"},"inLanguage":"es","potentialAction":[{"@type":"ReadAction","target":["https:\/\/www.ucaldas.edu.co\/portal\/u-de-caldas-continua-llevando-jornadas-de-bienestar-institucion-llego-al-norte-de-caldas\/"]}]},{"@type":"ImageObject","inLanguage":"es","@id":"https:\/\/www.ucaldas.edu.co\/portal\/u-de-caldas-continua-llevando-jornadas-de-bienestar-institucion-llego-al-norte-de-caldas\/#primaryimage","url":"https:\/\/www.ucaldas.edu.co\/portal\/wp-content\/uploads\/2014\/05\/10334421_682000855195116_6910414427860496846_n-300x237.jpg","contentUrl":"https:\/\/www.ucaldas.edu.co\/portal\/wp-content\/uploads\/2014\/05\/10334421_682000855195116_6910414427860496846_n-300x237.jpg"},{"@type":"BreadcrumbList","@id":"https:\/\/www.ucaldas.edu.co\/portal\/u-de-caldas-continua-llevando-jornadas-de-bienestar-institucion-llego-al-norte-de-caldas\/#breadcrumb","itemListElement":[{"@type":"ListItem","position":1,"name":"Portada","item":"https:\/\/www.ucaldas.edu.co\/portal\/"},{"@type":"ListItem","position":2,"name":"U. de Caldas contin\u00faa llevando jornadas de bienestar: Instituci\u00f3n lleg\u00f3 al Norte de Caldas"}]},{"@type":"WebSite","@id":"https:\/\/www.ucaldas.edu.co\/portal\/#website","url":"https:\/\/www.ucaldas.edu.co\/portal\/","name":"Universidad de Caldas","description":"","publisher":{"@id":"https:\/\/www.ucaldas.edu.co\/portal\/#organization"},"alternateName":"U. de Caldas","potentialAction":[{"@type":"SearchAction","target":{"@type":"EntryPoint","urlTemplate":"https:\/\/www.ucaldas.edu.co\/portal\/?s={search_term_string}"},"query-input":{"@type":"PropertyValueSpecification","valueRequired":true,"valueName":"search_term_string"}}],"inLanguage":"es"},{"@type":"Organization","@id":"https:\/\/www.ucaldas.edu.co\/portal\/#organization","name":"Universidad de Caldas","alternateName":"U. de Caldas","url":"https:\/\/www.ucaldas.edu.co\/portal\/","logo":{"@type":"ImageObject","inLanguage":"es","@id":"https:\/\/www.ucaldas.edu.co\/portal\/#\/schema\/logo\/image\/","url":"https:\/\/www.ucaldas.edu.co\/portal\/wp-content\/uploads\/2023\/11\/Logo_horizontal_oscuroU-2023.png","contentUrl":"https:\/\/www.ucaldas.edu.co\/portal\/wp-content\/uploads\/2023\/11\/Logo_horizontal_oscuroU-2023.png","width":263,"height":101,"caption":"Universidad de Caldas"},"image":{"@id":"https:\/\/www.ucaldas.edu.co\/portal\/#\/schema\/logo\/image\/"},"sameAs":["https:\/\/www.facebook.com\/udecaldas","https:\/\/x.com\/udecaldas","https:\/\/www.youtube.com\/universidadcaldas","https:\/\/www.instagram.com\/udecaldas\/"]},{"@type":"Person","@id":"https:\/\/www.ucaldas.edu.co\/portal\/#\/schema\/person\/a1b482e23449158b4bc319926c074fdf","name":"ofiprensa","image":{"@type":"ImageObject","inLanguage":"es","@id":"https:\/\/www.ucaldas.edu.co\/portal\/wp-content\/litespeed\/avatar\/09ea5085e600095a7a811142c6944527.jpg?ver=1777497608","url":"https:\/\/www.ucaldas.edu.co\/portal\/wp-content\/litespeed\/avatar\/09ea5085e600095a7a811142c6944527.jpg?ver=1777497608","contentUrl":"https:\/\/www.ucaldas.edu.co\/portal\/wp-content\/litespeed\/avatar\/09ea5085e600095a7a811142c6944527.jpg?ver=1777497608","caption":"ofiprensa"},"url":"https:\/\/www.ucaldas.edu.co\/portal\/author\/ofiprensa\/"}]}},"_links":{"self":[{"href":"https:\/\/www.ucaldas.edu.co\/portal\/wp-json\/wp\/v2\/posts\/3813","targetHints":{"allow":["GET"]}}],"collection":[{"href":"https:\/\/www.ucaldas.edu.co\/portal\/wp-json\/wp\/v2\/posts"}],"about":[{"href":"https:\/\/www.ucaldas.edu.co\/portal\/wp-json\/wp\/v2\/types\/post"}],"author":[{"embeddable":true,"href":"https:\/\/www.ucaldas.edu.co\/portal\/wp-json\/wp\/v2\/users\/2"}],"replies":[{"embeddable":true,"href":"https:\/\/www.ucaldas.edu.co\/portal\/wp-json\/wp\/v2\/comments?post=3813"}],"version-history":[{"count":0,"href":"https:\/\/www.ucaldas.edu.co\/portal\/wp-json\/wp\/v2\/posts\/3813\/revisions"}],"wp:attachment":[{"href":"https:\/\/www.ucaldas.edu.co\/portal\/wp-json\/wp\/v2\/media?parent=3813"}],"wp:term":[{"taxonomy":"category","embeddable":true,"href":"https:\/\/www.ucaldas.edu.co\/portal\/wp-json\/wp\/v2\/categories?post=3813"},{"taxonomy":"post_tag","embeddable":true,"href":"https:\/\/www.ucaldas.edu.co\/portal\/wp-json\/wp\/v2\/tags?post=3813"}],"curies":[{"name":"wp","href":"https:\/\/api.w.org\/{rel}","templated":true}]}}