{"id":38126,"date":"2017-10-03T19:25:58","date_gmt":"2017-10-03T19:25:58","guid":{"rendered":"https:\/\/www.ucaldas.edu.co\/portal\/?p=38126"},"modified":"2017-10-03T19:25:58","modified_gmt":"2017-10-03T19:25:58","slug":"espere-manana-4-de-octubre-funciones-para-todos-los-gustos","status":"publish","type":"post","link":"https:\/\/www.ucaldas.edu.co\/portal\/espere-manana-4-de-octubre-funciones-para-todos-los-gustos\/","title":{"rendered":"Espere ma\u00f1ana 4 de octubre\u00a0funciones para todos los gustos"},"content":{"rendered":"<blockquote>\n<div><center><\/p>\n<table id=\"m_7745820475261198120bodyTable\" border=\"0\" width=\"100%\" cellspacing=\"0\" cellpadding=\"0\" align=\"center\">\n<tbody>\n<tr>\n<td id=\"m_7745820475261198120bodyCell\" align=\"left\" valign=\"top\">\n<table class=\"m_7745820475261198120templateContainer\" border=\"0\" width=\"100%\" cellspacing=\"0\" cellpadding=\"0\">\n<tbody>\n<tr>\n<td id=\"m_7745820475261198120templateHeader\" valign=\"top\">\n<table class=\"m_7745820475261198120mcnTextBlock\" border=\"0\" width=\"100%\" cellspacing=\"0\" cellpadding=\"0\">\n<tbody class=\"m_7745820475261198120mcnTextBlockOuter\">\n<tr>\n<td class=\"m_7745820475261198120mcnTextBlockInner\" valign=\"top\">\n<table class=\"m_7745820475261198120mcnTextContentContainer\" border=\"0\" width=\"100%\" cellspacing=\"0\" cellpadding=\"0\" align=\"left\">\n<tbody>\n<tr>\n<td class=\"m_7745820475261198120mcnTextContent\" valign=\"top\">\n<h1><strong>Espere ma\u00f1ana 4 de octubre\u00a0<\/strong><br \/>\n<strong>Funciones para todos los gustos<\/strong><\/h1>\n<\/td>\n<\/tr>\n<\/tbody>\n<\/table>\n<\/td>\n<\/tr>\n<\/tbody>\n<\/table>\n<\/td>\n<\/tr>\n<tr>\n<td id=\"m_7745820475261198120templateBody\" valign=\"top\"><img loading=\"lazy\" decoding=\"async\" class=\"size-full wp-image-37925 aligncenter\" src=\"https:\/\/www.ucaldas.edu.co\/portal\/wp-content\/uploads\/2017\/09\/teatro-compressor.jpg\" alt=\"\" width=\"700\" height=\"400\" srcset=\"https:\/\/www.ucaldas.edu.co\/portal\/wp-content\/uploads\/2017\/09\/teatro-compressor.jpg 700w, https:\/\/www.ucaldas.edu.co\/portal\/wp-content\/uploads\/2017\/09\/teatro-compressor-300x171.jpg 300w\" sizes=\"auto, (max-width: 700px) 100vw, 700px\" \/><\/p>\n<table class=\"m_7745820475261198120mcnTextBlock\" border=\"0\" width=\"100%\" cellspacing=\"0\" cellpadding=\"0\">\n<tbody class=\"m_7745820475261198120mcnTextBlockOuter\">\n<tr>\n<td class=\"m_7745820475261198120mcnTextBlockInner\" valign=\"top\">\n<table class=\"m_7745820475261198120mcnTextContentContainer\" border=\"0\" width=\"100%\" cellspacing=\"0\" cellpadding=\"0\" align=\"left\">\n<tbody>\n<tr>\n<td class=\"m_7745820475261198120mcnTextContent\" valign=\"top\">\n<div><strong>Manizales, 3 de octubre de 2017.\u00a0<\/strong>Los escenarios del Festival Internacional de Teatro de Manizales estar\u00e1n llenos de arte, reflexi\u00f3n, humor y perd\u00f3n. Habr\u00e1 una amplia programaci\u00f3n art\u00edstica a disposici\u00f3n del p\u00fablico teatrero.<\/p>\n<p><strong>Obras de sala\u00a0<\/strong><\/p>\n<p>El\u00a0<strong>Colectivo Mukashi Mukashi<\/strong>\u00a0estrenar\u00e1 el 4 de octubre en el teatro Los Fundadores su obra\u00a0<strong><em>C\u00edrculos\/Ficciones<\/em><\/strong>. Esta funci\u00f3n estar\u00e1 en escena a las 5:00 p. m y 9:00 p. m.<\/p>\n<p>La obra\u00a0<strong><em>Extinta Po\u00e9tica<\/em><\/strong>\u00a0de la compa\u00f1\u00eda espa\u00f1ola\u00a0<strong>Nueve de Nueve<\/strong>\u00a0tendr\u00e1 su primera funci\u00f3n en el auditorio de la Universidad Nacional en dos horarios: 5:00 p. m y 9:00 p. m.<\/p>\n<p>El escenario de El Galp\u00f3n tambi\u00e9n tendr\u00e1 en sus tablas funci\u00f3n disponible. La obra\u00a0<strong><em>Dos Hermanas<\/em><\/strong>\u00a0de la compa\u00f1\u00eda\u00a0<strong>Th\u00e9\u00e2tre Des Chim\u00e8res\u00a0<\/strong>se presentar\u00e1 el 4 de octubre a las 11:00 p. m y el 5 de octubre a las 7:00 p. m.<\/p>\n<p>El grupo manizale\u00f1o\u00a0<strong>Pata de Conejo<\/strong>\u00a0tendr\u00e1 en escena su obra\u00a0<strong><em>Los Topos.\u00a0<\/em><\/strong>Las funciones estar\u00e1n disponibles a las 5:00 p. m y 9:00 p. m en el teatro El Escondite.<\/p>\n<p>Para cerrar este ciclo de sala llega\u00a0<strong><em>Lo \u00fanico que necesita una gran actriz es una gran obra y las ganas de triunfar,\u00a0<\/em><\/strong>una creaci\u00f3n de la compa\u00f1\u00eda mexicana\u00a0<strong>Vaca 35 Teatro en Grupo<\/strong>. El 4 y 5 octubre estar\u00e1 esta obra en escena en el teatro El Escondite a las 7:00 p. m.<\/p>\n<p><strong>Obras de calle\u00a0<\/strong><\/p>\n<p>Con una alianza teatral local, llega la obra\u00a0<strong><em>Laboratorio un viaje hacia el Buf\u00f3n Sagrado<\/em><\/strong><em>.\u00a0<\/em>Esta obra se inaugurar\u00e1 en la Universidad de Caldas a las 11:00 p. m y repetir\u00e1 funci\u00f3n el mismo d\u00eda en el Parque Ernesto Guti\u00e9rrez a las 3:00 p. m.<\/p>\n<p>Para mayor informaci\u00f3n sobre las obras visite nuestra p\u00e1gina web\u00a0<a href=\"http:\/\/festivaldemanizales.us16.list-manage.com\/track\/click?u=70ba4810c24e46d3d72095b5f&amp;id=d92f19ddb8&amp;e=27f12d22ec\" target=\"_blank\" rel=\"noopener\" data-saferedirecturl=\"https:\/\/www.google.com\/url?hl=es&amp;q=http:\/\/festivaldemanizales.us16.list-manage.com\/track\/click?u%3D70ba4810c24e46d3d72095b5f%26id%3Dd92f19ddb8%26e%3D27f12d22ec&amp;source=gmail&amp;ust=1507144540199000&amp;usg=AFQjCNHFuAOpzola0NYR5Dkx10NO1eV1Yw\">www.festivaldemanizales.com<\/a><\/p>\n<p>Para descargar im\u00e1genes de las funciones ingrese a:\u00a0<a href=\"http:\/\/festivaldemanizales.us16.list-manage2.com\/track\/click?u=70ba4810c24e46d3d72095b5f&amp;id=432dc9631e&amp;e=27f12d22ec\" target=\"_blank\" rel=\"noopener\" data-saferedirecturl=\"https:\/\/www.google.com\/url?hl=es&amp;q=http:\/\/festivaldemanizales.us16.list-manage2.com\/track\/click?u%3D70ba4810c24e46d3d72095b5f%26id%3D432dc9631e%26e%3D27f12d22ec&amp;source=gmail&amp;ust=1507144540199000&amp;usg=AFQjCNHiBX6-IEI5YN1C5yfndj2IEr94Cw\">http:\/\/festivaldemanizales.<wbr \/>com\/p1\/fileprensa\/<\/a>. \u00a0Aqu\u00ed podr\u00e1 encontrar im\u00e1genes actualizadas de las obras presentadas en el marco del festival.\n<\/div>\n<\/td>\n<\/tr>\n<\/tbody>\n<\/table>\n<\/td>\n<\/tr>\n<\/tbody>\n<\/table>\n<\/td>\n<\/tr>\n<tr>\n<td id=\"m_7745820475261198120templateFooter\" valign=\"top\">\n<table class=\"m_7745820475261198120mcnTextBlock\" border=\"0\" width=\"100%\" cellspacing=\"0\" cellpadding=\"0\">\n<tbody class=\"m_7745820475261198120mcnTextBlockOuter\">\n<tr>\n<td class=\"m_7745820475261198120mcnTextBlockInner\" valign=\"top\">\n<table class=\"m_7745820475261198120mcnTextContentContainer\" border=\"0\" width=\"100%\" cellspacing=\"0\" cellpadding=\"0\" align=\"left\">\n<tbody>\n<tr>\n<td class=\"m_7745820475261198120mcnTextContent\" valign=\"top\">\n<p><strong>Mayor Informaci\u00f3n visite<\/strong><br \/>\n<a href=\"http:\/\/festivaldemanizales.us16.list-manage.com\/track\/click?u=70ba4810c24e46d3d72095b5f&amp;id=13efafc09a&amp;e=27f12d22ec\" target=\"_blank\" rel=\"noopener\" data-saferedirecturl=\"https:\/\/www.google.com\/url?hl=es&amp;q=http:\/\/festivaldemanizales.us16.list-manage.com\/track\/click?u%3D70ba4810c24e46d3d72095b5f%26id%3D13efafc09a%26e%3D27f12d22ec&amp;source=gmail&amp;ust=1507144540199000&amp;usg=AFQjCNHEVKNdpjA04Hi0aAekWSrkLSRuBw\">www.festivaldemanizales.com<\/a><br \/>\n<strong>Festival Internacional de Teatro de Manizales<\/strong><br \/>\nDiana Botero Giraldo<br \/>\nJefe de prensa<br \/>\nContacto:\u00a0<a href=\"tel:(310)%20225-5534\" target=\"_blank\" rel=\"noopener\">3102255534<\/a><br \/>\n(57) (6) 8850165<br \/>\n<a href=\"https:\/\/maps.google.com\/?q=Cra.24B+N.+61A&amp;entry=gmail&amp;source=g\">Cra.24B N. 61A<\/a>\u00a030 Barrio Estrella<br \/>\nManizales \u2013 Colombia.<\/td>\n<\/tr>\n<\/tbody>\n<\/table>\n<\/td>\n<\/tr>\n<\/tbody>\n<\/table>\n<\/td>\n<\/tr>\n<\/tbody>\n<\/table>\n<\/td>\n<\/tr>\n<\/tbody>\n<\/table>\n<p><\/center><\/div>\n<\/blockquote>\n","protected":false},"excerpt":{"rendered":"<p>Espere ma\u00f1ana 4 de octubre\u00a0 Funciones para todos los gustos Manizales, 3 de octubre de 2017.\u00a0Los escenarios del Festival Internacional de Teatro de Manizales estar\u00e1n llenos de arte, reflexi\u00f3n, humor y perd\u00f3n. Habr\u00e1 una amplia programaci\u00f3n art\u00edstica a disposici\u00f3n del p\u00fablico teatrero. Obras de sala\u00a0 El\u00a0Colectivo Mukashi Mukashi\u00a0estrenar\u00e1 el 4 de octubre en el teatro [&hellip;]<\/p>\n","protected":false},"author":2,"featured_media":37925,"comment_status":"closed","ping_status":"open","sticky":false,"template":"","format":"standard","meta":{"footnotes":""},"categories":[48,53,664],"tags":[],"class_list":["post-38126","post","type-post","status-publish","format-standard","has-post-thumbnail","hentry","category-actualidad","category-universidad-al-dia","category-ucaldas-cultural"],"yoast_head":"<!-- This site is optimized with the Yoast SEO plugin v27.5 - https:\/\/yoast.com\/product\/yoast-seo-wordpress\/ -->\n<title>Espere ma\u00f1ana 4 de octubre\u00a0funciones para todos los gustos .<\/title>\n<meta name=\"robots\" content=\"index, follow, max-snippet:-1, max-image-preview:large, max-video-preview:-1\" \/>\n<link rel=\"canonical\" href=\"https:\/\/www.ucaldas.edu.co\/portal\/espere-manana-4-de-octubre-funciones-para-todos-los-gustos\/\" \/>\n<script type=\"application\/ld+json\" class=\"yoast-schema-graph\">{\"@context\":\"https:\\\/\\\/schema.org\",\"@graph\":[{\"@type\":\"Article\",\"@id\":\"https:\\\/\\\/www.ucaldas.edu.co\\\/portal\\\/espere-manana-4-de-octubre-funciones-para-todos-los-gustos\\\/#article\",\"isPartOf\":{\"@id\":\"https:\\\/\\\/www.ucaldas.edu.co\\\/portal\\\/espere-manana-4-de-octubre-funciones-para-todos-los-gustos\\\/\"},\"author\":{\"name\":\"ofiprensa\",\"@id\":\"https:\\\/\\\/www.ucaldas.edu.co\\\/portal\\\/#\\\/schema\\\/person\\\/a1b482e23449158b4bc319926c074fdf\"},\"headline\":\"Espere ma\u00f1ana 4 de octubre\u00a0funciones para todos los gustos\",\"datePublished\":\"2017-10-03T19:25:58+00:00\",\"mainEntityOfPage\":{\"@id\":\"https:\\\/\\\/www.ucaldas.edu.co\\\/portal\\\/espere-manana-4-de-octubre-funciones-para-todos-los-gustos\\\/\"},\"wordCount\":376,\"publisher\":{\"@id\":\"https:\\\/\\\/www.ucaldas.edu.co\\\/portal\\\/#organization\"},\"image\":{\"@id\":\"https:\\\/\\\/www.ucaldas.edu.co\\\/portal\\\/espere-manana-4-de-octubre-funciones-para-todos-los-gustos\\\/#primaryimage\"},\"thumbnailUrl\":\"https:\\\/\\\/www.ucaldas.edu.co\\\/portal\\\/wp-content\\\/uploads\\\/2017\\\/09\\\/teatro-compressor.jpg\",\"articleSection\":[\"Actualidad\",\"Universidad al D\u00eda\",\"UCaldas Cultural\"],\"inLanguage\":\"es\"},{\"@type\":\"WebPage\",\"@id\":\"https:\\\/\\\/www.ucaldas.edu.co\\\/portal\\\/espere-manana-4-de-octubre-funciones-para-todos-los-gustos\\\/\",\"url\":\"https:\\\/\\\/www.ucaldas.edu.co\\\/portal\\\/espere-manana-4-de-octubre-funciones-para-todos-los-gustos\\\/\",\"name\":\"Espere ma\u00f1ana 4 de octubre\u00a0funciones para todos los gustos .\",\"isPartOf\":{\"@id\":\"https:\\\/\\\/www.ucaldas.edu.co\\\/portal\\\/#website\"},\"primaryImageOfPage\":{\"@id\":\"https:\\\/\\\/www.ucaldas.edu.co\\\/portal\\\/espere-manana-4-de-octubre-funciones-para-todos-los-gustos\\\/#primaryimage\"},\"image\":{\"@id\":\"https:\\\/\\\/www.ucaldas.edu.co\\\/portal\\\/espere-manana-4-de-octubre-funciones-para-todos-los-gustos\\\/#primaryimage\"},\"thumbnailUrl\":\"https:\\\/\\\/www.ucaldas.edu.co\\\/portal\\\/wp-content\\\/uploads\\\/2017\\\/09\\\/teatro-compressor.jpg\",\"datePublished\":\"2017-10-03T19:25:58+00:00\",\"breadcrumb\":{\"@id\":\"https:\\\/\\\/www.ucaldas.edu.co\\\/portal\\\/espere-manana-4-de-octubre-funciones-para-todos-los-gustos\\\/#breadcrumb\"},\"inLanguage\":\"es\",\"potentialAction\":[{\"@type\":\"ReadAction\",\"target\":[\"https:\\\/\\\/www.ucaldas.edu.co\\\/portal\\\/espere-manana-4-de-octubre-funciones-para-todos-los-gustos\\\/\"]}]},{\"@type\":\"ImageObject\",\"inLanguage\":\"es\",\"@id\":\"https:\\\/\\\/www.ucaldas.edu.co\\\/portal\\\/espere-manana-4-de-octubre-funciones-para-todos-los-gustos\\\/#primaryimage\",\"url\":\"https:\\\/\\\/www.ucaldas.edu.co\\\/portal\\\/wp-content\\\/uploads\\\/2017\\\/09\\\/teatro-compressor.jpg\",\"contentUrl\":\"https:\\\/\\\/www.ucaldas.edu.co\\\/portal\\\/wp-content\\\/uploads\\\/2017\\\/09\\\/teatro-compressor.jpg\",\"width\":700,\"height\":400},{\"@type\":\"BreadcrumbList\",\"@id\":\"https:\\\/\\\/www.ucaldas.edu.co\\\/portal\\\/espere-manana-4-de-octubre-funciones-para-todos-los-gustos\\\/#breadcrumb\",\"itemListElement\":[{\"@type\":\"ListItem\",\"position\":1,\"name\":\"Portada\",\"item\":\"https:\\\/\\\/www.ucaldas.edu.co\\\/portal\\\/\"},{\"@type\":\"ListItem\",\"position\":2,\"name\":\"Espere ma\u00f1ana 4 de octubre\u00a0funciones para todos los gustos\"}]},{\"@type\":\"WebSite\",\"@id\":\"https:\\\/\\\/www.ucaldas.edu.co\\\/portal\\\/#website\",\"url\":\"https:\\\/\\\/www.ucaldas.edu.co\\\/portal\\\/\",\"name\":\"Universidad de Caldas\",\"description\":\"\",\"publisher\":{\"@id\":\"https:\\\/\\\/www.ucaldas.edu.co\\\/portal\\\/#organization\"},\"alternateName\":\"U. de Caldas\",\"potentialAction\":[{\"@type\":\"SearchAction\",\"target\":{\"@type\":\"EntryPoint\",\"urlTemplate\":\"https:\\\/\\\/www.ucaldas.edu.co\\\/portal\\\/?s={search_term_string}\"},\"query-input\":{\"@type\":\"PropertyValueSpecification\",\"valueRequired\":true,\"valueName\":\"search_term_string\"}}],\"inLanguage\":\"es\"},{\"@type\":\"Organization\",\"@id\":\"https:\\\/\\\/www.ucaldas.edu.co\\\/portal\\\/#organization\",\"name\":\"Universidad de Caldas\",\"alternateName\":\"U. de Caldas\",\"url\":\"https:\\\/\\\/www.ucaldas.edu.co\\\/portal\\\/\",\"logo\":{\"@type\":\"ImageObject\",\"inLanguage\":\"es\",\"@id\":\"https:\\\/\\\/www.ucaldas.edu.co\\\/portal\\\/#\\\/schema\\\/logo\\\/image\\\/\",\"url\":\"https:\\\/\\\/www.ucaldas.edu.co\\\/portal\\\/wp-content\\\/uploads\\\/2023\\\/11\\\/Logo_horizontal_oscuroU-2023.png\",\"contentUrl\":\"https:\\\/\\\/www.ucaldas.edu.co\\\/portal\\\/wp-content\\\/uploads\\\/2023\\\/11\\\/Logo_horizontal_oscuroU-2023.png\",\"width\":263,\"height\":101,\"caption\":\"Universidad de Caldas\"},\"image\":{\"@id\":\"https:\\\/\\\/www.ucaldas.edu.co\\\/portal\\\/#\\\/schema\\\/logo\\\/image\\\/\"},\"sameAs\":[\"https:\\\/\\\/www.facebook.com\\\/udecaldas\",\"https:\\\/\\\/x.com\\\/udecaldas\",\"https:\\\/\\\/www.youtube.com\\\/universidadcaldas\",\"https:\\\/\\\/www.instagram.com\\\/udecaldas\\\/\"]},{\"@type\":\"Person\",\"@id\":\"https:\\\/\\\/www.ucaldas.edu.co\\\/portal\\\/#\\\/schema\\\/person\\\/a1b482e23449158b4bc319926c074fdf\",\"name\":\"ofiprensa\",\"image\":{\"@type\":\"ImageObject\",\"inLanguage\":\"es\",\"@id\":\"https:\\\/\\\/www.ucaldas.edu.co\\\/portal\\\/wp-content\\\/litespeed\\\/avatar\\\/09ea5085e600095a7a811142c6944527.jpg?ver=1777497608\",\"url\":\"https:\\\/\\\/www.ucaldas.edu.co\\\/portal\\\/wp-content\\\/litespeed\\\/avatar\\\/09ea5085e600095a7a811142c6944527.jpg?ver=1777497608\",\"contentUrl\":\"https:\\\/\\\/www.ucaldas.edu.co\\\/portal\\\/wp-content\\\/litespeed\\\/avatar\\\/09ea5085e600095a7a811142c6944527.jpg?ver=1777497608\",\"caption\":\"ofiprensa\"},\"url\":\"https:\\\/\\\/www.ucaldas.edu.co\\\/portal\\\/author\\\/ofiprensa\\\/\"}]}<\/script>\n<!-- \/ Yoast SEO plugin. -->","yoast_head_json":{"title":"Espere ma\u00f1ana 4 de octubre\u00a0funciones para todos los gustos .","robots":{"index":"index","follow":"follow","max-snippet":"max-snippet:-1","max-image-preview":"max-image-preview:large","max-video-preview":"max-video-preview:-1"},"canonical":"https:\/\/www.ucaldas.edu.co\/portal\/espere-manana-4-de-octubre-funciones-para-todos-los-gustos\/","schema":{"@context":"https:\/\/schema.org","@graph":[{"@type":"Article","@id":"https:\/\/www.ucaldas.edu.co\/portal\/espere-manana-4-de-octubre-funciones-para-todos-los-gustos\/#article","isPartOf":{"@id":"https:\/\/www.ucaldas.edu.co\/portal\/espere-manana-4-de-octubre-funciones-para-todos-los-gustos\/"},"author":{"name":"ofiprensa","@id":"https:\/\/www.ucaldas.edu.co\/portal\/#\/schema\/person\/a1b482e23449158b4bc319926c074fdf"},"headline":"Espere ma\u00f1ana 4 de octubre\u00a0funciones para todos los gustos","datePublished":"2017-10-03T19:25:58+00:00","mainEntityOfPage":{"@id":"https:\/\/www.ucaldas.edu.co\/portal\/espere-manana-4-de-octubre-funciones-para-todos-los-gustos\/"},"wordCount":376,"publisher":{"@id":"https:\/\/www.ucaldas.edu.co\/portal\/#organization"},"image":{"@id":"https:\/\/www.ucaldas.edu.co\/portal\/espere-manana-4-de-octubre-funciones-para-todos-los-gustos\/#primaryimage"},"thumbnailUrl":"https:\/\/www.ucaldas.edu.co\/portal\/wp-content\/uploads\/2017\/09\/teatro-compressor.jpg","articleSection":["Actualidad","Universidad al D\u00eda","UCaldas Cultural"],"inLanguage":"es"},{"@type":"WebPage","@id":"https:\/\/www.ucaldas.edu.co\/portal\/espere-manana-4-de-octubre-funciones-para-todos-los-gustos\/","url":"https:\/\/www.ucaldas.edu.co\/portal\/espere-manana-4-de-octubre-funciones-para-todos-los-gustos\/","name":"Espere ma\u00f1ana 4 de octubre\u00a0funciones para todos los gustos .","isPartOf":{"@id":"https:\/\/www.ucaldas.edu.co\/portal\/#website"},"primaryImageOfPage":{"@id":"https:\/\/www.ucaldas.edu.co\/portal\/espere-manana-4-de-octubre-funciones-para-todos-los-gustos\/#primaryimage"},"image":{"@id":"https:\/\/www.ucaldas.edu.co\/portal\/espere-manana-4-de-octubre-funciones-para-todos-los-gustos\/#primaryimage"},"thumbnailUrl":"https:\/\/www.ucaldas.edu.co\/portal\/wp-content\/uploads\/2017\/09\/teatro-compressor.jpg","datePublished":"2017-10-03T19:25:58+00:00","breadcrumb":{"@id":"https:\/\/www.ucaldas.edu.co\/portal\/espere-manana-4-de-octubre-funciones-para-todos-los-gustos\/#breadcrumb"},"inLanguage":"es","potentialAction":[{"@type":"ReadAction","target":["https:\/\/www.ucaldas.edu.co\/portal\/espere-manana-4-de-octubre-funciones-para-todos-los-gustos\/"]}]},{"@type":"ImageObject","inLanguage":"es","@id":"https:\/\/www.ucaldas.edu.co\/portal\/espere-manana-4-de-octubre-funciones-para-todos-los-gustos\/#primaryimage","url":"https:\/\/www.ucaldas.edu.co\/portal\/wp-content\/uploads\/2017\/09\/teatro-compressor.jpg","contentUrl":"https:\/\/www.ucaldas.edu.co\/portal\/wp-content\/uploads\/2017\/09\/teatro-compressor.jpg","width":700,"height":400},{"@type":"BreadcrumbList","@id":"https:\/\/www.ucaldas.edu.co\/portal\/espere-manana-4-de-octubre-funciones-para-todos-los-gustos\/#breadcrumb","itemListElement":[{"@type":"ListItem","position":1,"name":"Portada","item":"https:\/\/www.ucaldas.edu.co\/portal\/"},{"@type":"ListItem","position":2,"name":"Espere ma\u00f1ana 4 de octubre\u00a0funciones para todos los gustos"}]},{"@type":"WebSite","@id":"https:\/\/www.ucaldas.edu.co\/portal\/#website","url":"https:\/\/www.ucaldas.edu.co\/portal\/","name":"Universidad de Caldas","description":"","publisher":{"@id":"https:\/\/www.ucaldas.edu.co\/portal\/#organization"},"alternateName":"U. de Caldas","potentialAction":[{"@type":"SearchAction","target":{"@type":"EntryPoint","urlTemplate":"https:\/\/www.ucaldas.edu.co\/portal\/?s={search_term_string}"},"query-input":{"@type":"PropertyValueSpecification","valueRequired":true,"valueName":"search_term_string"}}],"inLanguage":"es"},{"@type":"Organization","@id":"https:\/\/www.ucaldas.edu.co\/portal\/#organization","name":"Universidad de Caldas","alternateName":"U. de Caldas","url":"https:\/\/www.ucaldas.edu.co\/portal\/","logo":{"@type":"ImageObject","inLanguage":"es","@id":"https:\/\/www.ucaldas.edu.co\/portal\/#\/schema\/logo\/image\/","url":"https:\/\/www.ucaldas.edu.co\/portal\/wp-content\/uploads\/2023\/11\/Logo_horizontal_oscuroU-2023.png","contentUrl":"https:\/\/www.ucaldas.edu.co\/portal\/wp-content\/uploads\/2023\/11\/Logo_horizontal_oscuroU-2023.png","width":263,"height":101,"caption":"Universidad de Caldas"},"image":{"@id":"https:\/\/www.ucaldas.edu.co\/portal\/#\/schema\/logo\/image\/"},"sameAs":["https:\/\/www.facebook.com\/udecaldas","https:\/\/x.com\/udecaldas","https:\/\/www.youtube.com\/universidadcaldas","https:\/\/www.instagram.com\/udecaldas\/"]},{"@type":"Person","@id":"https:\/\/www.ucaldas.edu.co\/portal\/#\/schema\/person\/a1b482e23449158b4bc319926c074fdf","name":"ofiprensa","image":{"@type":"ImageObject","inLanguage":"es","@id":"https:\/\/www.ucaldas.edu.co\/portal\/wp-content\/litespeed\/avatar\/09ea5085e600095a7a811142c6944527.jpg?ver=1777497608","url":"https:\/\/www.ucaldas.edu.co\/portal\/wp-content\/litespeed\/avatar\/09ea5085e600095a7a811142c6944527.jpg?ver=1777497608","contentUrl":"https:\/\/www.ucaldas.edu.co\/portal\/wp-content\/litespeed\/avatar\/09ea5085e600095a7a811142c6944527.jpg?ver=1777497608","caption":"ofiprensa"},"url":"https:\/\/www.ucaldas.edu.co\/portal\/author\/ofiprensa\/"}]}},"_links":{"self":[{"href":"https:\/\/www.ucaldas.edu.co\/portal\/wp-json\/wp\/v2\/posts\/38126","targetHints":{"allow":["GET"]}}],"collection":[{"href":"https:\/\/www.ucaldas.edu.co\/portal\/wp-json\/wp\/v2\/posts"}],"about":[{"href":"https:\/\/www.ucaldas.edu.co\/portal\/wp-json\/wp\/v2\/types\/post"}],"author":[{"embeddable":true,"href":"https:\/\/www.ucaldas.edu.co\/portal\/wp-json\/wp\/v2\/users\/2"}],"replies":[{"embeddable":true,"href":"https:\/\/www.ucaldas.edu.co\/portal\/wp-json\/wp\/v2\/comments?post=38126"}],"version-history":[{"count":0,"href":"https:\/\/www.ucaldas.edu.co\/portal\/wp-json\/wp\/v2\/posts\/38126\/revisions"}],"wp:featuredmedia":[{"embeddable":true,"href":"https:\/\/www.ucaldas.edu.co\/portal\/wp-json\/wp\/v2\/media\/37925"}],"wp:attachment":[{"href":"https:\/\/www.ucaldas.edu.co\/portal\/wp-json\/wp\/v2\/media?parent=38126"}],"wp:term":[{"taxonomy":"category","embeddable":true,"href":"https:\/\/www.ucaldas.edu.co\/portal\/wp-json\/wp\/v2\/categories?post=38126"},{"taxonomy":"post_tag","embeddable":true,"href":"https:\/\/www.ucaldas.edu.co\/portal\/wp-json\/wp\/v2\/tags?post=38126"}],"curies":[{"name":"wp","href":"https:\/\/api.w.org\/{rel}","templated":true}]}}