{"id":38045,"date":"2017-09-29T13:15:56","date_gmt":"2017-09-29T13:15:56","guid":{"rendered":"https:\/\/www.ucaldas.edu.co\/portal\/?p=38045"},"modified":"2017-09-29T13:16:39","modified_gmt":"2017-09-29T13:16:39","slug":"hoy-arranca-la-8a-feria-el-libro-de-manizales","status":"publish","type":"post","link":"https:\/\/www.ucaldas.edu.co\/portal\/hoy-arranca-la-8a-feria-el-libro-de-manizales\/","title":{"rendered":"Hoy arranca la 8\u00aa. Feria el Libro de Manizales"},"content":{"rendered":"<p style=\"text-align: center;\"><strong>Arranca la 8\u00aa. Feria el Libro de Manizales<\/strong><\/p>\n<p><em>\u00a0<img decoding=\"async\" class=\"aligncenter\" src=\"https:\/\/www.ucaldas.edu.co\/portal\/wp-content\/uploads\/2017\/08\/flibro-compressor.jpg\" \/><\/em><\/p>\n<p><em>El pr\u00f3ximo viernes 29 de septiembre inicia la Feria del Libro de Manizales en el Centro Cultural Universitario Rogelio Salmona\u00a0 que espera albergar 35 mil visitantes en su octava versi\u00f3n. Ser\u00e1n seis d\u00edas dedicados a leer a Colombia y llenos de literatura, arte, m\u00fasica, cultura y muchos libros.<\/em><\/p>\n<p><em>\u00a0<\/em><!--more--><\/p>\n<p><strong><u>Manizales, septiembre de 2017<\/u><\/strong><u>.<\/u>\u00a0Una vez m\u00e1s los manizale\u00f1os est\u00e1n llamados a cumplir una cita con la literatura, esta vez en compa\u00f1\u00eda de reconocidos escritores colombianos que estar\u00e1n en talleres conferencias y conversatorios para hablar no solo de sus obras, sino tambi\u00e9n para reflexionar sobre el papel de las bibliotecas y la lectura en la formaci\u00f3n de ciudadanos reflexivos y cr\u00edticos.<\/p>\n<p>&nbsp;<\/p>\n<p>Es as\u00ed como este pr\u00f3ximo viernes 29 de septiembre a las 5:00 de la tarde se dar\u00e1 apertura a la octava edici\u00f3n de la Feria del Libro de Manizales con la presencia de Consuelo Gait\u00e1n, Directora de la Biblioteca Nacional de Colombia y Margarita Garrido docente de la Universidad de los Andes,\u00a0quien ha publicado libros y numerosos art\u00edculos sobre cultura y\u00a0 pol\u00edtica colonial y republicana. Las invitadas hablaran acerca de las bibliotecas y el futuro en la tarima central Gabriel Garc\u00eda M\u00e1rquez.<\/p>\n<p>&nbsp;<\/p>\n<p>Y a las 6:30 de la tarde los asistentes podr\u00e1n apreciar la exposici\u00f3n Gabo Viajero de la Biblioteca Nacional de Colombia.\u00a0Una exposici\u00f3n que\u00a0cuenta la vida de Gabriel Garc\u00eda M\u00e1rquez haciendo un recorrido por los viajes m\u00e1s importantes de su vida y lo que cada uno de ellos signific\u00f3 en su proceso period\u00edstico, pol\u00edtico y literario. Esta exposici\u00f3n est\u00e1 compuesta por 21 mesas las cuales se ubican cronol\u00f3gicamente para representar los viajes del escritor. Entre estos se encuentran: el viaje de sus abuelos a Aracataca, su viaje a Bogot\u00e1 a terminar el bachillerato, su paso por el sur de Estados Unidos, el exilio a M\u00e9xico y su viaje a Estocolmo a recibir el Premio Nobel de Literatura, entre otros.<\/p>\n<p>Este a\u00f1o la Feria del Libro de Manizales,\u00a0 que se realizar\u00e1 entre el 29 de septiembre y el 4 de octubre, bajo el lema\u00a0\u00a0<em>\u201cLeer a Colombia\u201d\u00a0<\/em>buscar\u00e1 una vez m\u00e1s enamorarnos de los libros, \u201cNuestra 8\u00aa Feria del Libro de Manizales tiene el enorme valor de ser eso: Nuestra. Es una apuesta por leernos a nosotros mismos, quiz\u00e1 por encontrarnos en las ficciones y por apartarnos de algunas de nuestras realidades. Pero sin duda es una ventana para mirarnos, para sabernos y reconocernos. Es nuestra identidad pintada en letras. Es una fiesta, como casi todo lo nuestro\u201d. Asegura el Vicerrector de Proyecci\u00f3n, Andr\u00e9s Felipe Betancourth L\u00f3pez.<\/p>\n<p>As\u00ed pues, la Feria del Libro los espera una vez m\u00e1s, en esta ocasi\u00f3n en el Centro Cultural Universitario Rogelio Salmona para vivir la fiesta del libro en Manizales.<\/p>\n","protected":false},"excerpt":{"rendered":"<p>Arranca la 8\u00aa. Feria el Libro de Manizales \u00a0 El pr\u00f3ximo viernes 29 de septiembre inicia la Feria del Libro de Manizales en el Centro Cultural Universitario Rogelio Salmona\u00a0 que espera albergar 35 mil visitantes en su octava versi\u00f3n. Ser\u00e1n seis d\u00edas dedicados a leer a Colombia y llenos de literatura, arte, m\u00fasica, cultura y [&hellip;]<\/p>\n","protected":false},"author":2,"featured_media":38046,"comment_status":"closed","ping_status":"open","sticky":false,"template":"","format":"standard","meta":{"footnotes":""},"categories":[48,53,664],"tags":[],"class_list":["post-38045","post","type-post","status-publish","format-standard","has-post-thumbnail","hentry","category-actualidad","category-universidad-al-dia","category-ucaldas-cultural"],"yoast_head":"<!-- This site is optimized with the Yoast SEO plugin v27.5 - https:\/\/yoast.com\/product\/yoast-seo-wordpress\/ -->\n<title>Hoy arranca la 8\u00aa. Feria el Libro de Manizales .<\/title>\n<meta name=\"robots\" content=\"index, follow, max-snippet:-1, max-image-preview:large, max-video-preview:-1\" \/>\n<link rel=\"canonical\" href=\"https:\/\/www.ucaldas.edu.co\/portal\/hoy-arranca-la-8a-feria-el-libro-de-manizales\/\" \/>\n<script type=\"application\/ld+json\" class=\"yoast-schema-graph\">{\"@context\":\"https:\\\/\\\/schema.org\",\"@graph\":[{\"@type\":\"Article\",\"@id\":\"https:\\\/\\\/www.ucaldas.edu.co\\\/portal\\\/hoy-arranca-la-8a-feria-el-libro-de-manizales\\\/#article\",\"isPartOf\":{\"@id\":\"https:\\\/\\\/www.ucaldas.edu.co\\\/portal\\\/hoy-arranca-la-8a-feria-el-libro-de-manizales\\\/\"},\"author\":{\"name\":\"ofiprensa\",\"@id\":\"https:\\\/\\\/www.ucaldas.edu.co\\\/portal\\\/#\\\/schema\\\/person\\\/a1b482e23449158b4bc319926c074fdf\"},\"headline\":\"Hoy arranca la 8\u00aa. Feria el Libro de Manizales\",\"datePublished\":\"2017-09-29T13:15:56+00:00\",\"dateModified\":\"2017-09-29T13:16:39+00:00\",\"mainEntityOfPage\":{\"@id\":\"https:\\\/\\\/www.ucaldas.edu.co\\\/portal\\\/hoy-arranca-la-8a-feria-el-libro-de-manizales\\\/\"},\"wordCount\":493,\"publisher\":{\"@id\":\"https:\\\/\\\/www.ucaldas.edu.co\\\/portal\\\/#organization\"},\"image\":{\"@id\":\"https:\\\/\\\/www.ucaldas.edu.co\\\/portal\\\/hoy-arranca-la-8a-feria-el-libro-de-manizales\\\/#primaryimage\"},\"thumbnailUrl\":\"https:\\\/\\\/www.ucaldas.edu.co\\\/portal\\\/wp-content\\\/uploads\\\/2017\\\/09\\\/unnamed.jpg\",\"articleSection\":[\"Actualidad\",\"Universidad al D\u00eda\",\"UCaldas Cultural\"],\"inLanguage\":\"es\"},{\"@type\":\"WebPage\",\"@id\":\"https:\\\/\\\/www.ucaldas.edu.co\\\/portal\\\/hoy-arranca-la-8a-feria-el-libro-de-manizales\\\/\",\"url\":\"https:\\\/\\\/www.ucaldas.edu.co\\\/portal\\\/hoy-arranca-la-8a-feria-el-libro-de-manizales\\\/\",\"name\":\"Hoy arranca la 8\u00aa. Feria el Libro de Manizales .\",\"isPartOf\":{\"@id\":\"https:\\\/\\\/www.ucaldas.edu.co\\\/portal\\\/#website\"},\"primaryImageOfPage\":{\"@id\":\"https:\\\/\\\/www.ucaldas.edu.co\\\/portal\\\/hoy-arranca-la-8a-feria-el-libro-de-manizales\\\/#primaryimage\"},\"image\":{\"@id\":\"https:\\\/\\\/www.ucaldas.edu.co\\\/portal\\\/hoy-arranca-la-8a-feria-el-libro-de-manizales\\\/#primaryimage\"},\"thumbnailUrl\":\"https:\\\/\\\/www.ucaldas.edu.co\\\/portal\\\/wp-content\\\/uploads\\\/2017\\\/09\\\/unnamed.jpg\",\"datePublished\":\"2017-09-29T13:15:56+00:00\",\"dateModified\":\"2017-09-29T13:16:39+00:00\",\"breadcrumb\":{\"@id\":\"https:\\\/\\\/www.ucaldas.edu.co\\\/portal\\\/hoy-arranca-la-8a-feria-el-libro-de-manizales\\\/#breadcrumb\"},\"inLanguage\":\"es\",\"potentialAction\":[{\"@type\":\"ReadAction\",\"target\":[\"https:\\\/\\\/www.ucaldas.edu.co\\\/portal\\\/hoy-arranca-la-8a-feria-el-libro-de-manizales\\\/\"]}]},{\"@type\":\"ImageObject\",\"inLanguage\":\"es\",\"@id\":\"https:\\\/\\\/www.ucaldas.edu.co\\\/portal\\\/hoy-arranca-la-8a-feria-el-libro-de-manizales\\\/#primaryimage\",\"url\":\"https:\\\/\\\/www.ucaldas.edu.co\\\/portal\\\/wp-content\\\/uploads\\\/2017\\\/09\\\/unnamed.jpg\",\"contentUrl\":\"https:\\\/\\\/www.ucaldas.edu.co\\\/portal\\\/wp-content\\\/uploads\\\/2017\\\/09\\\/unnamed.jpg\",\"width\":800,\"height\":800},{\"@type\":\"BreadcrumbList\",\"@id\":\"https:\\\/\\\/www.ucaldas.edu.co\\\/portal\\\/hoy-arranca-la-8a-feria-el-libro-de-manizales\\\/#breadcrumb\",\"itemListElement\":[{\"@type\":\"ListItem\",\"position\":1,\"name\":\"Portada\",\"item\":\"https:\\\/\\\/www.ucaldas.edu.co\\\/portal\\\/\"},{\"@type\":\"ListItem\",\"position\":2,\"name\":\"Hoy arranca la 8\u00aa. Feria el Libro de Manizales\"}]},{\"@type\":\"WebSite\",\"@id\":\"https:\\\/\\\/www.ucaldas.edu.co\\\/portal\\\/#website\",\"url\":\"https:\\\/\\\/www.ucaldas.edu.co\\\/portal\\\/\",\"name\":\"Universidad de Caldas\",\"description\":\"\",\"publisher\":{\"@id\":\"https:\\\/\\\/www.ucaldas.edu.co\\\/portal\\\/#organization\"},\"alternateName\":\"U. de Caldas\",\"potentialAction\":[{\"@type\":\"SearchAction\",\"target\":{\"@type\":\"EntryPoint\",\"urlTemplate\":\"https:\\\/\\\/www.ucaldas.edu.co\\\/portal\\\/?s={search_term_string}\"},\"query-input\":{\"@type\":\"PropertyValueSpecification\",\"valueRequired\":true,\"valueName\":\"search_term_string\"}}],\"inLanguage\":\"es\"},{\"@type\":\"Organization\",\"@id\":\"https:\\\/\\\/www.ucaldas.edu.co\\\/portal\\\/#organization\",\"name\":\"Universidad de Caldas\",\"alternateName\":\"U. de Caldas\",\"url\":\"https:\\\/\\\/www.ucaldas.edu.co\\\/portal\\\/\",\"logo\":{\"@type\":\"ImageObject\",\"inLanguage\":\"es\",\"@id\":\"https:\\\/\\\/www.ucaldas.edu.co\\\/portal\\\/#\\\/schema\\\/logo\\\/image\\\/\",\"url\":\"https:\\\/\\\/www.ucaldas.edu.co\\\/portal\\\/wp-content\\\/uploads\\\/2023\\\/11\\\/Logo_horizontal_oscuroU-2023.png\",\"contentUrl\":\"https:\\\/\\\/www.ucaldas.edu.co\\\/portal\\\/wp-content\\\/uploads\\\/2023\\\/11\\\/Logo_horizontal_oscuroU-2023.png\",\"width\":263,\"height\":101,\"caption\":\"Universidad de Caldas\"},\"image\":{\"@id\":\"https:\\\/\\\/www.ucaldas.edu.co\\\/portal\\\/#\\\/schema\\\/logo\\\/image\\\/\"},\"sameAs\":[\"https:\\\/\\\/www.facebook.com\\\/udecaldas\",\"https:\\\/\\\/x.com\\\/udecaldas\",\"https:\\\/\\\/www.youtube.com\\\/universidadcaldas\",\"https:\\\/\\\/www.instagram.com\\\/udecaldas\\\/\"]},{\"@type\":\"Person\",\"@id\":\"https:\\\/\\\/www.ucaldas.edu.co\\\/portal\\\/#\\\/schema\\\/person\\\/a1b482e23449158b4bc319926c074fdf\",\"name\":\"ofiprensa\",\"image\":{\"@type\":\"ImageObject\",\"inLanguage\":\"es\",\"@id\":\"https:\\\/\\\/www.ucaldas.edu.co\\\/portal\\\/wp-content\\\/litespeed\\\/avatar\\\/09ea5085e600095a7a811142c6944527.jpg?ver=1777497608\",\"url\":\"https:\\\/\\\/www.ucaldas.edu.co\\\/portal\\\/wp-content\\\/litespeed\\\/avatar\\\/09ea5085e600095a7a811142c6944527.jpg?ver=1777497608\",\"contentUrl\":\"https:\\\/\\\/www.ucaldas.edu.co\\\/portal\\\/wp-content\\\/litespeed\\\/avatar\\\/09ea5085e600095a7a811142c6944527.jpg?ver=1777497608\",\"caption\":\"ofiprensa\"},\"url\":\"https:\\\/\\\/www.ucaldas.edu.co\\\/portal\\\/author\\\/ofiprensa\\\/\"}]}<\/script>\n<!-- \/ Yoast SEO plugin. -->","yoast_head_json":{"title":"Hoy arranca la 8\u00aa. Feria el Libro de Manizales .","robots":{"index":"index","follow":"follow","max-snippet":"max-snippet:-1","max-image-preview":"max-image-preview:large","max-video-preview":"max-video-preview:-1"},"canonical":"https:\/\/www.ucaldas.edu.co\/portal\/hoy-arranca-la-8a-feria-el-libro-de-manizales\/","schema":{"@context":"https:\/\/schema.org","@graph":[{"@type":"Article","@id":"https:\/\/www.ucaldas.edu.co\/portal\/hoy-arranca-la-8a-feria-el-libro-de-manizales\/#article","isPartOf":{"@id":"https:\/\/www.ucaldas.edu.co\/portal\/hoy-arranca-la-8a-feria-el-libro-de-manizales\/"},"author":{"name":"ofiprensa","@id":"https:\/\/www.ucaldas.edu.co\/portal\/#\/schema\/person\/a1b482e23449158b4bc319926c074fdf"},"headline":"Hoy arranca la 8\u00aa. Feria el Libro de Manizales","datePublished":"2017-09-29T13:15:56+00:00","dateModified":"2017-09-29T13:16:39+00:00","mainEntityOfPage":{"@id":"https:\/\/www.ucaldas.edu.co\/portal\/hoy-arranca-la-8a-feria-el-libro-de-manizales\/"},"wordCount":493,"publisher":{"@id":"https:\/\/www.ucaldas.edu.co\/portal\/#organization"},"image":{"@id":"https:\/\/www.ucaldas.edu.co\/portal\/hoy-arranca-la-8a-feria-el-libro-de-manizales\/#primaryimage"},"thumbnailUrl":"https:\/\/www.ucaldas.edu.co\/portal\/wp-content\/uploads\/2017\/09\/unnamed.jpg","articleSection":["Actualidad","Universidad al D\u00eda","UCaldas Cultural"],"inLanguage":"es"},{"@type":"WebPage","@id":"https:\/\/www.ucaldas.edu.co\/portal\/hoy-arranca-la-8a-feria-el-libro-de-manizales\/","url":"https:\/\/www.ucaldas.edu.co\/portal\/hoy-arranca-la-8a-feria-el-libro-de-manizales\/","name":"Hoy arranca la 8\u00aa. Feria el Libro de Manizales .","isPartOf":{"@id":"https:\/\/www.ucaldas.edu.co\/portal\/#website"},"primaryImageOfPage":{"@id":"https:\/\/www.ucaldas.edu.co\/portal\/hoy-arranca-la-8a-feria-el-libro-de-manizales\/#primaryimage"},"image":{"@id":"https:\/\/www.ucaldas.edu.co\/portal\/hoy-arranca-la-8a-feria-el-libro-de-manizales\/#primaryimage"},"thumbnailUrl":"https:\/\/www.ucaldas.edu.co\/portal\/wp-content\/uploads\/2017\/09\/unnamed.jpg","datePublished":"2017-09-29T13:15:56+00:00","dateModified":"2017-09-29T13:16:39+00:00","breadcrumb":{"@id":"https:\/\/www.ucaldas.edu.co\/portal\/hoy-arranca-la-8a-feria-el-libro-de-manizales\/#breadcrumb"},"inLanguage":"es","potentialAction":[{"@type":"ReadAction","target":["https:\/\/www.ucaldas.edu.co\/portal\/hoy-arranca-la-8a-feria-el-libro-de-manizales\/"]}]},{"@type":"ImageObject","inLanguage":"es","@id":"https:\/\/www.ucaldas.edu.co\/portal\/hoy-arranca-la-8a-feria-el-libro-de-manizales\/#primaryimage","url":"https:\/\/www.ucaldas.edu.co\/portal\/wp-content\/uploads\/2017\/09\/unnamed.jpg","contentUrl":"https:\/\/www.ucaldas.edu.co\/portal\/wp-content\/uploads\/2017\/09\/unnamed.jpg","width":800,"height":800},{"@type":"BreadcrumbList","@id":"https:\/\/www.ucaldas.edu.co\/portal\/hoy-arranca-la-8a-feria-el-libro-de-manizales\/#breadcrumb","itemListElement":[{"@type":"ListItem","position":1,"name":"Portada","item":"https:\/\/www.ucaldas.edu.co\/portal\/"},{"@type":"ListItem","position":2,"name":"Hoy arranca la 8\u00aa. Feria el Libro de Manizales"}]},{"@type":"WebSite","@id":"https:\/\/www.ucaldas.edu.co\/portal\/#website","url":"https:\/\/www.ucaldas.edu.co\/portal\/","name":"Universidad de Caldas","description":"","publisher":{"@id":"https:\/\/www.ucaldas.edu.co\/portal\/#organization"},"alternateName":"U. de Caldas","potentialAction":[{"@type":"SearchAction","target":{"@type":"EntryPoint","urlTemplate":"https:\/\/www.ucaldas.edu.co\/portal\/?s={search_term_string}"},"query-input":{"@type":"PropertyValueSpecification","valueRequired":true,"valueName":"search_term_string"}}],"inLanguage":"es"},{"@type":"Organization","@id":"https:\/\/www.ucaldas.edu.co\/portal\/#organization","name":"Universidad de Caldas","alternateName":"U. de Caldas","url":"https:\/\/www.ucaldas.edu.co\/portal\/","logo":{"@type":"ImageObject","inLanguage":"es","@id":"https:\/\/www.ucaldas.edu.co\/portal\/#\/schema\/logo\/image\/","url":"https:\/\/www.ucaldas.edu.co\/portal\/wp-content\/uploads\/2023\/11\/Logo_horizontal_oscuroU-2023.png","contentUrl":"https:\/\/www.ucaldas.edu.co\/portal\/wp-content\/uploads\/2023\/11\/Logo_horizontal_oscuroU-2023.png","width":263,"height":101,"caption":"Universidad de Caldas"},"image":{"@id":"https:\/\/www.ucaldas.edu.co\/portal\/#\/schema\/logo\/image\/"},"sameAs":["https:\/\/www.facebook.com\/udecaldas","https:\/\/x.com\/udecaldas","https:\/\/www.youtube.com\/universidadcaldas","https:\/\/www.instagram.com\/udecaldas\/"]},{"@type":"Person","@id":"https:\/\/www.ucaldas.edu.co\/portal\/#\/schema\/person\/a1b482e23449158b4bc319926c074fdf","name":"ofiprensa","image":{"@type":"ImageObject","inLanguage":"es","@id":"https:\/\/www.ucaldas.edu.co\/portal\/wp-content\/litespeed\/avatar\/09ea5085e600095a7a811142c6944527.jpg?ver=1777497608","url":"https:\/\/www.ucaldas.edu.co\/portal\/wp-content\/litespeed\/avatar\/09ea5085e600095a7a811142c6944527.jpg?ver=1777497608","contentUrl":"https:\/\/www.ucaldas.edu.co\/portal\/wp-content\/litespeed\/avatar\/09ea5085e600095a7a811142c6944527.jpg?ver=1777497608","caption":"ofiprensa"},"url":"https:\/\/www.ucaldas.edu.co\/portal\/author\/ofiprensa\/"}]}},"_links":{"self":[{"href":"https:\/\/www.ucaldas.edu.co\/portal\/wp-json\/wp\/v2\/posts\/38045","targetHints":{"allow":["GET"]}}],"collection":[{"href":"https:\/\/www.ucaldas.edu.co\/portal\/wp-json\/wp\/v2\/posts"}],"about":[{"href":"https:\/\/www.ucaldas.edu.co\/portal\/wp-json\/wp\/v2\/types\/post"}],"author":[{"embeddable":true,"href":"https:\/\/www.ucaldas.edu.co\/portal\/wp-json\/wp\/v2\/users\/2"}],"replies":[{"embeddable":true,"href":"https:\/\/www.ucaldas.edu.co\/portal\/wp-json\/wp\/v2\/comments?post=38045"}],"version-history":[{"count":0,"href":"https:\/\/www.ucaldas.edu.co\/portal\/wp-json\/wp\/v2\/posts\/38045\/revisions"}],"wp:featuredmedia":[{"embeddable":true,"href":"https:\/\/www.ucaldas.edu.co\/portal\/wp-json\/wp\/v2\/media\/38046"}],"wp:attachment":[{"href":"https:\/\/www.ucaldas.edu.co\/portal\/wp-json\/wp\/v2\/media?parent=38045"}],"wp:term":[{"taxonomy":"category","embeddable":true,"href":"https:\/\/www.ucaldas.edu.co\/portal\/wp-json\/wp\/v2\/categories?post=38045"},{"taxonomy":"post_tag","embeddable":true,"href":"https:\/\/www.ucaldas.edu.co\/portal\/wp-json\/wp\/v2\/tags?post=38045"}],"curies":[{"name":"wp","href":"https:\/\/api.w.org\/{rel}","templated":true}]}}