{"id":37823,"date":"2017-09-20T21:53:18","date_gmt":"2017-09-20T21:53:18","guid":{"rendered":"https:\/\/www.ucaldas.edu.co\/portal\/?p=37823"},"modified":"2017-09-20T21:53:18","modified_gmt":"2017-09-20T21:53:18","slug":"iii-seminario-internacional-de-percusion-y-piano-cubano-sep-27-al-29","status":"publish","type":"post","link":"https:\/\/www.ucaldas.edu.co\/portal\/iii-seminario-internacional-de-percusion-y-piano-cubano-sep-27-al-29\/","title":{"rendered":"III Seminario Internacional de Percusi\u00f3n y Piano Cubano &#8211; sep 27 al 29"},"content":{"rendered":"<p><strong>III Seminario Internacional de Percusi\u00f3n y Piano Cubano &#8211; sep 27 al 29<\/strong><\/p>\n<p><strong>Descripci\u00f3n: <\/strong>La Universidad de Caldas y la Universidad de las Artes ISA de Cuba gratamente presentan el Tercer Seminario Internacional de Percusi\u00f3n y Piano Cubano, que se realizar\u00e1 en Manizales. El Seminario Internacional ser\u00e1 dictado por cinco de las figuras m\u00e1s importantes de la m\u00fasica Afro cubana y del Jazz Latino a nivel mundial:<\/p>\n<p>&#8211; Lino Arturo Neira Betancourt, fue Presidente de la Sociedad de Percusionistas de Cuba (Percuba).<\/p>\n<p>&#8211; Nisleidys Flores Carmona, quien ha recibido dos premios en el Concurso de Musicolog\u00eda <em>Argeliers Le\u00f3n<\/em> de la UNEAC.<\/p>\n<p>&#8211; Juan Carlos Rojas Castro (El Peje), quien form\u00f3 parte del CD <em>Chucho Step<\/em>, \u201cPremio Grammy 2011.<\/p>\n<p>&#8211; Tom\u00e1s Ramos Ortiz (Panga), quien fue ganador en colectivo del Premio Grammy Latino 2001, por el CD <em>La Rumba Soy Yo.<\/em><\/p>\n<p><em>&#8211; <\/em>Emilio Morales Ruiz, quien fue multipremiado en el Cubadisco del 2010 con su disco <em>Con-cierto tumbao<\/em>, y recientemente concluy\u00f3 su segundo CD titulado <em>Piano a la carta<\/em>, nominado para premio en el Cubadisco del 2011.<\/p>\n<p>El seminario Internacional est\u00e1 dirigido a acad\u00e9micos, m\u00fasicos, percusionistas, pianistas, compositores y arreglistas, que buscan conocer y profundizar sus conocimientos en la composici\u00f3n, semi\u00f3tica, escritura e interpretaci\u00f3n de la percusi\u00f3n y el piano Afro latino. Los asistentes al Tercer Seminario Internacional de Percusi\u00f3n y Piano Cubano obtendr\u00e1n certificado Internacional avalado por la Universidad de Caldas y La Universidad de las Artes (ISA) de Cuba.<\/p>\n<p><strong>Fecha:<\/strong> 27, 28 y 29 de septiembre del 2017.<\/p>\n<p><strong>Lugar:<\/strong> U. de Caldas.<\/p>\n<p><strong>Concierto:<\/strong> el evento finaliza con un gran concierto el 30 de septiembre en donde participar\u00e1 Walking Jazz Big Band y los invitados internacionales (25 artistas en escena) con amplia trayectoria nacional e internacional. El ingreso al concierto tiene un valor $18 mil.<\/p>\n<p><strong>Informes:<\/strong> en el correo electr\u00f3nico manager@zendentertainment.com o en el celular 311 603 53 53.<\/p>\n<p>&nbsp;<\/p>\n","protected":false},"excerpt":{"rendered":"<p>III Seminario Internacional de Percusi\u00f3n y Piano Cubano &#8211; sep 27 al 29 Descripci\u00f3n: La Universidad de Caldas y la Universidad de las Artes ISA de Cuba gratamente presentan el Tercer Seminario Internacional de Percusi\u00f3n y Piano Cubano, que se realizar\u00e1 en Manizales. El Seminario Internacional ser\u00e1 dictado por cinco de las figuras m\u00e1s importantes [&hellip;]<\/p>\n","protected":false},"author":2,"featured_media":0,"comment_status":"closed","ping_status":"open","sticky":false,"template":"","format":"standard","meta":{"footnotes":""},"categories":[62],"tags":[55,57,63,68,2376],"class_list":["post-37823","post","type-post","status-publish","format-standard","hentry","category-eventos","tag-academia","tag-seminario","tag-participe","tag-invitado","tag-piano"],"yoast_head":"<!-- This site is optimized with the Yoast SEO plugin v27.5 - https:\/\/yoast.com\/product\/yoast-seo-wordpress\/ -->\n<title>III Seminario Internacional de Percusi\u00f3n y Piano Cubano - sep 27 al 29 .<\/title>\n<meta name=\"robots\" content=\"index, follow, max-snippet:-1, max-image-preview:large, max-video-preview:-1\" \/>\n<link rel=\"canonical\" href=\"https:\/\/www.ucaldas.edu.co\/portal\/iii-seminario-internacional-de-percusion-y-piano-cubano-sep-27-al-29\/\" \/>\n<script type=\"application\/ld+json\" class=\"yoast-schema-graph\">{\"@context\":\"https:\\\/\\\/schema.org\",\"@graph\":[{\"@type\":\"Article\",\"@id\":\"https:\\\/\\\/www.ucaldas.edu.co\\\/portal\\\/iii-seminario-internacional-de-percusion-y-piano-cubano-sep-27-al-29\\\/#article\",\"isPartOf\":{\"@id\":\"https:\\\/\\\/www.ucaldas.edu.co\\\/portal\\\/iii-seminario-internacional-de-percusion-y-piano-cubano-sep-27-al-29\\\/\"},\"author\":{\"name\":\"ofiprensa\",\"@id\":\"https:\\\/\\\/www.ucaldas.edu.co\\\/portal\\\/#\\\/schema\\\/person\\\/a1b482e23449158b4bc319926c074fdf\"},\"headline\":\"III Seminario Internacional de Percusi\u00f3n y Piano Cubano &#8211; sep 27 al 29\",\"datePublished\":\"2017-09-20T21:53:18+00:00\",\"mainEntityOfPage\":{\"@id\":\"https:\\\/\\\/www.ucaldas.edu.co\\\/portal\\\/iii-seminario-internacional-de-percusion-y-piano-cubano-sep-27-al-29\\\/\"},\"wordCount\":324,\"publisher\":{\"@id\":\"https:\\\/\\\/www.ucaldas.edu.co\\\/portal\\\/#organization\"},\"keywords\":[\"academia\",\"seminario\",\"Participe\",\"invitado\",\"piano\"],\"articleSection\":[\"Eventos\"],\"inLanguage\":\"es\"},{\"@type\":\"WebPage\",\"@id\":\"https:\\\/\\\/www.ucaldas.edu.co\\\/portal\\\/iii-seminario-internacional-de-percusion-y-piano-cubano-sep-27-al-29\\\/\",\"url\":\"https:\\\/\\\/www.ucaldas.edu.co\\\/portal\\\/iii-seminario-internacional-de-percusion-y-piano-cubano-sep-27-al-29\\\/\",\"name\":\"III Seminario Internacional de Percusi\u00f3n y Piano Cubano - sep 27 al 29 .\",\"isPartOf\":{\"@id\":\"https:\\\/\\\/www.ucaldas.edu.co\\\/portal\\\/#website\"},\"datePublished\":\"2017-09-20T21:53:18+00:00\",\"breadcrumb\":{\"@id\":\"https:\\\/\\\/www.ucaldas.edu.co\\\/portal\\\/iii-seminario-internacional-de-percusion-y-piano-cubano-sep-27-al-29\\\/#breadcrumb\"},\"inLanguage\":\"es\",\"potentialAction\":[{\"@type\":\"ReadAction\",\"target\":[\"https:\\\/\\\/www.ucaldas.edu.co\\\/portal\\\/iii-seminario-internacional-de-percusion-y-piano-cubano-sep-27-al-29\\\/\"]}]},{\"@type\":\"BreadcrumbList\",\"@id\":\"https:\\\/\\\/www.ucaldas.edu.co\\\/portal\\\/iii-seminario-internacional-de-percusion-y-piano-cubano-sep-27-al-29\\\/#breadcrumb\",\"itemListElement\":[{\"@type\":\"ListItem\",\"position\":1,\"name\":\"Portada\",\"item\":\"https:\\\/\\\/www.ucaldas.edu.co\\\/portal\\\/\"},{\"@type\":\"ListItem\",\"position\":2,\"name\":\"III Seminario Internacional de Percusi\u00f3n y Piano Cubano &#8211; sep 27 al 29\"}]},{\"@type\":\"WebSite\",\"@id\":\"https:\\\/\\\/www.ucaldas.edu.co\\\/portal\\\/#website\",\"url\":\"https:\\\/\\\/www.ucaldas.edu.co\\\/portal\\\/\",\"name\":\"Universidad de Caldas\",\"description\":\"\",\"publisher\":{\"@id\":\"https:\\\/\\\/www.ucaldas.edu.co\\\/portal\\\/#organization\"},\"alternateName\":\"U. de Caldas\",\"potentialAction\":[{\"@type\":\"SearchAction\",\"target\":{\"@type\":\"EntryPoint\",\"urlTemplate\":\"https:\\\/\\\/www.ucaldas.edu.co\\\/portal\\\/?s={search_term_string}\"},\"query-input\":{\"@type\":\"PropertyValueSpecification\",\"valueRequired\":true,\"valueName\":\"search_term_string\"}}],\"inLanguage\":\"es\"},{\"@type\":\"Organization\",\"@id\":\"https:\\\/\\\/www.ucaldas.edu.co\\\/portal\\\/#organization\",\"name\":\"Universidad de Caldas\",\"alternateName\":\"U. de Caldas\",\"url\":\"https:\\\/\\\/www.ucaldas.edu.co\\\/portal\\\/\",\"logo\":{\"@type\":\"ImageObject\",\"inLanguage\":\"es\",\"@id\":\"https:\\\/\\\/www.ucaldas.edu.co\\\/portal\\\/#\\\/schema\\\/logo\\\/image\\\/\",\"url\":\"https:\\\/\\\/www.ucaldas.edu.co\\\/portal\\\/wp-content\\\/uploads\\\/2023\\\/11\\\/Logo_horizontal_oscuroU-2023.png\",\"contentUrl\":\"https:\\\/\\\/www.ucaldas.edu.co\\\/portal\\\/wp-content\\\/uploads\\\/2023\\\/11\\\/Logo_horizontal_oscuroU-2023.png\",\"width\":263,\"height\":101,\"caption\":\"Universidad de Caldas\"},\"image\":{\"@id\":\"https:\\\/\\\/www.ucaldas.edu.co\\\/portal\\\/#\\\/schema\\\/logo\\\/image\\\/\"},\"sameAs\":[\"https:\\\/\\\/www.facebook.com\\\/udecaldas\",\"https:\\\/\\\/x.com\\\/udecaldas\",\"https:\\\/\\\/www.youtube.com\\\/universidadcaldas\",\"https:\\\/\\\/www.instagram.com\\\/udecaldas\\\/\"]},{\"@type\":\"Person\",\"@id\":\"https:\\\/\\\/www.ucaldas.edu.co\\\/portal\\\/#\\\/schema\\\/person\\\/a1b482e23449158b4bc319926c074fdf\",\"name\":\"ofiprensa\",\"image\":{\"@type\":\"ImageObject\",\"inLanguage\":\"es\",\"@id\":\"https:\\\/\\\/www.ucaldas.edu.co\\\/portal\\\/wp-content\\\/litespeed\\\/avatar\\\/09ea5085e600095a7a811142c6944527.jpg?ver=1777497608\",\"url\":\"https:\\\/\\\/www.ucaldas.edu.co\\\/portal\\\/wp-content\\\/litespeed\\\/avatar\\\/09ea5085e600095a7a811142c6944527.jpg?ver=1777497608\",\"contentUrl\":\"https:\\\/\\\/www.ucaldas.edu.co\\\/portal\\\/wp-content\\\/litespeed\\\/avatar\\\/09ea5085e600095a7a811142c6944527.jpg?ver=1777497608\",\"caption\":\"ofiprensa\"},\"url\":\"https:\\\/\\\/www.ucaldas.edu.co\\\/portal\\\/author\\\/ofiprensa\\\/\"}]}<\/script>\n<!-- \/ Yoast SEO plugin. -->","yoast_head_json":{"title":"III Seminario Internacional de Percusi\u00f3n y Piano Cubano - sep 27 al 29 .","robots":{"index":"index","follow":"follow","max-snippet":"max-snippet:-1","max-image-preview":"max-image-preview:large","max-video-preview":"max-video-preview:-1"},"canonical":"https:\/\/www.ucaldas.edu.co\/portal\/iii-seminario-internacional-de-percusion-y-piano-cubano-sep-27-al-29\/","schema":{"@context":"https:\/\/schema.org","@graph":[{"@type":"Article","@id":"https:\/\/www.ucaldas.edu.co\/portal\/iii-seminario-internacional-de-percusion-y-piano-cubano-sep-27-al-29\/#article","isPartOf":{"@id":"https:\/\/www.ucaldas.edu.co\/portal\/iii-seminario-internacional-de-percusion-y-piano-cubano-sep-27-al-29\/"},"author":{"name":"ofiprensa","@id":"https:\/\/www.ucaldas.edu.co\/portal\/#\/schema\/person\/a1b482e23449158b4bc319926c074fdf"},"headline":"III Seminario Internacional de Percusi\u00f3n y Piano Cubano &#8211; sep 27 al 29","datePublished":"2017-09-20T21:53:18+00:00","mainEntityOfPage":{"@id":"https:\/\/www.ucaldas.edu.co\/portal\/iii-seminario-internacional-de-percusion-y-piano-cubano-sep-27-al-29\/"},"wordCount":324,"publisher":{"@id":"https:\/\/www.ucaldas.edu.co\/portal\/#organization"},"keywords":["academia","seminario","Participe","invitado","piano"],"articleSection":["Eventos"],"inLanguage":"es"},{"@type":"WebPage","@id":"https:\/\/www.ucaldas.edu.co\/portal\/iii-seminario-internacional-de-percusion-y-piano-cubano-sep-27-al-29\/","url":"https:\/\/www.ucaldas.edu.co\/portal\/iii-seminario-internacional-de-percusion-y-piano-cubano-sep-27-al-29\/","name":"III Seminario Internacional de Percusi\u00f3n y Piano Cubano - sep 27 al 29 .","isPartOf":{"@id":"https:\/\/www.ucaldas.edu.co\/portal\/#website"},"datePublished":"2017-09-20T21:53:18+00:00","breadcrumb":{"@id":"https:\/\/www.ucaldas.edu.co\/portal\/iii-seminario-internacional-de-percusion-y-piano-cubano-sep-27-al-29\/#breadcrumb"},"inLanguage":"es","potentialAction":[{"@type":"ReadAction","target":["https:\/\/www.ucaldas.edu.co\/portal\/iii-seminario-internacional-de-percusion-y-piano-cubano-sep-27-al-29\/"]}]},{"@type":"BreadcrumbList","@id":"https:\/\/www.ucaldas.edu.co\/portal\/iii-seminario-internacional-de-percusion-y-piano-cubano-sep-27-al-29\/#breadcrumb","itemListElement":[{"@type":"ListItem","position":1,"name":"Portada","item":"https:\/\/www.ucaldas.edu.co\/portal\/"},{"@type":"ListItem","position":2,"name":"III Seminario Internacional de Percusi\u00f3n y Piano Cubano &#8211; sep 27 al 29"}]},{"@type":"WebSite","@id":"https:\/\/www.ucaldas.edu.co\/portal\/#website","url":"https:\/\/www.ucaldas.edu.co\/portal\/","name":"Universidad de Caldas","description":"","publisher":{"@id":"https:\/\/www.ucaldas.edu.co\/portal\/#organization"},"alternateName":"U. de Caldas","potentialAction":[{"@type":"SearchAction","target":{"@type":"EntryPoint","urlTemplate":"https:\/\/www.ucaldas.edu.co\/portal\/?s={search_term_string}"},"query-input":{"@type":"PropertyValueSpecification","valueRequired":true,"valueName":"search_term_string"}}],"inLanguage":"es"},{"@type":"Organization","@id":"https:\/\/www.ucaldas.edu.co\/portal\/#organization","name":"Universidad de Caldas","alternateName":"U. de Caldas","url":"https:\/\/www.ucaldas.edu.co\/portal\/","logo":{"@type":"ImageObject","inLanguage":"es","@id":"https:\/\/www.ucaldas.edu.co\/portal\/#\/schema\/logo\/image\/","url":"https:\/\/www.ucaldas.edu.co\/portal\/wp-content\/uploads\/2023\/11\/Logo_horizontal_oscuroU-2023.png","contentUrl":"https:\/\/www.ucaldas.edu.co\/portal\/wp-content\/uploads\/2023\/11\/Logo_horizontal_oscuroU-2023.png","width":263,"height":101,"caption":"Universidad de Caldas"},"image":{"@id":"https:\/\/www.ucaldas.edu.co\/portal\/#\/schema\/logo\/image\/"},"sameAs":["https:\/\/www.facebook.com\/udecaldas","https:\/\/x.com\/udecaldas","https:\/\/www.youtube.com\/universidadcaldas","https:\/\/www.instagram.com\/udecaldas\/"]},{"@type":"Person","@id":"https:\/\/www.ucaldas.edu.co\/portal\/#\/schema\/person\/a1b482e23449158b4bc319926c074fdf","name":"ofiprensa","image":{"@type":"ImageObject","inLanguage":"es","@id":"https:\/\/www.ucaldas.edu.co\/portal\/wp-content\/litespeed\/avatar\/09ea5085e600095a7a811142c6944527.jpg?ver=1777497608","url":"https:\/\/www.ucaldas.edu.co\/portal\/wp-content\/litespeed\/avatar\/09ea5085e600095a7a811142c6944527.jpg?ver=1777497608","contentUrl":"https:\/\/www.ucaldas.edu.co\/portal\/wp-content\/litespeed\/avatar\/09ea5085e600095a7a811142c6944527.jpg?ver=1777497608","caption":"ofiprensa"},"url":"https:\/\/www.ucaldas.edu.co\/portal\/author\/ofiprensa\/"}]}},"_links":{"self":[{"href":"https:\/\/www.ucaldas.edu.co\/portal\/wp-json\/wp\/v2\/posts\/37823","targetHints":{"allow":["GET"]}}],"collection":[{"href":"https:\/\/www.ucaldas.edu.co\/portal\/wp-json\/wp\/v2\/posts"}],"about":[{"href":"https:\/\/www.ucaldas.edu.co\/portal\/wp-json\/wp\/v2\/types\/post"}],"author":[{"embeddable":true,"href":"https:\/\/www.ucaldas.edu.co\/portal\/wp-json\/wp\/v2\/users\/2"}],"replies":[{"embeddable":true,"href":"https:\/\/www.ucaldas.edu.co\/portal\/wp-json\/wp\/v2\/comments?post=37823"}],"version-history":[{"count":0,"href":"https:\/\/www.ucaldas.edu.co\/portal\/wp-json\/wp\/v2\/posts\/37823\/revisions"}],"wp:attachment":[{"href":"https:\/\/www.ucaldas.edu.co\/portal\/wp-json\/wp\/v2\/media?parent=37823"}],"wp:term":[{"taxonomy":"category","embeddable":true,"href":"https:\/\/www.ucaldas.edu.co\/portal\/wp-json\/wp\/v2\/categories?post=37823"},{"taxonomy":"post_tag","embeddable":true,"href":"https:\/\/www.ucaldas.edu.co\/portal\/wp-json\/wp\/v2\/tags?post=37823"}],"curies":[{"name":"wp","href":"https:\/\/api.w.org\/{rel}","templated":true}]}}