{"id":3781,"date":"2009-09-30T17:29:19","date_gmt":"2009-09-30T22:29:19","guid":{"rendered":"https:\/\/www.ucaldas.edu.co\/portal\/?p=3781"},"modified":"2009-09-30T17:29:19","modified_gmt":"2009-09-30T22:29:19","slug":"primer-encuentro-internacional-interdisciplinar-sobre-cambio-climatico","status":"publish","type":"post","link":"https:\/\/www.ucaldas.edu.co\/portal\/primer-encuentro-internacional-interdisciplinar-sobre-cambio-climatico\/","title":{"rendered":"Primer Encuentro Internacional Interdisciplinar sobre cambio clim\u00e1tico"},"content":{"rendered":"<p>Del 28 al 30 de octubre en el recinto del pensamiento<\/p>\n<hr id=\"system-readmore\" \/>\n<table border=\"0\">\n<tbody>\n<tr>\n<td><img loading=\"lazy\" decoding=\"async\" style=\"border: 0px\" alt=\"Cambio Clim\u00e1tico\" src=\"http:\/\/www.ucaldas.edu.co\/images\/cambio_climatico.PNG\" width=\"160\" height=\"100\" border=\"0\" \/><\/td>\n<td>El Centro de Investigaciones en Cambio Clim\u00e1tico de la Universidad de Caldas realizar\u00e1 del 28 al 30 de octubre el Encuentro Internacional Interdisciplinar sobre cambio clim\u00e1tico.<\/td>\n<\/tr>\n<\/tbody>\n<\/table>\n<p>&nbsp;<\/p>\n<p>Este primer encuentro se realizar\u00e1 en el Recinto del Pensamiento y cuenta con 5 pa\u00edses invitados: Canad\u00e1, Espa\u00f1a, Italia, Brasil, Bolivia y Colombia.<\/p>\n<p>&nbsp;<\/p>\n<p>Los ejes tem\u00e1ticos del encuentro son:<\/p>\n<p>&nbsp;<\/p>\n<ul>\n<li>Seguridad alimentaria y cambio clim\u00e1tico<\/li>\n<li>Modelamiento de fen\u00f3menos del cambio clim\u00e1tico : Paisaje &#8211; Biogeograf\u00eda &#8211; Econom\u00eda \u2013 Mitigaci\u00f3n<\/li>\n<li>Consumo energ\u00e9tico y el cambio clim\u00e1tico: Gases efecto invernadero &#8211; Energ\u00edas alternativas<\/li>\n<li>Contaminaci\u00f3n Transfronteriza<\/li>\n<li>Artistas pensando en el Cambio Clim\u00e1tico<\/li>\n<\/ul>\n<p>El Cronograma del encuentro es el siguiente:<\/p>\n<p><b>\u00a0<\/b><\/p>\n<p><b>Mi\u00e9rcoles 28 de octubre:<\/b><\/p>\n<p><b>\u00a0<\/b><\/p>\n<table style=\"width: 516px\" border=\"0\">\n<tbody>\n<tr>\n<td width=\"144\"><b>07:00 a.m.<\/b><\/td>\n<td width=\"362\">Inscripciones y registro<\/td>\n<\/tr>\n<tr>\n<td><b>08:00 a.m.<\/b><\/td>\n<\/tr>\n<\/tbody>\n<\/table>\n<p>&nbsp;<\/p>\n<p>&nbsp;<\/p>\n<p>&nbsp;<\/p>\n<p>Inicio<br \/>\nInstalaci\u00f3n del evento<\/p>\n<p>Conferencista:<\/p>\n<p>Dr. Ricardo G\u00f3mez Giraldo<\/p>\n<p>Rector<\/p>\n<p>Universidad de Caldas<b>08:15 a.m.<\/b><\/p>\n<p>&nbsp;<\/p>\n<p>&nbsp;<\/p>\n<p>&nbsp;<\/p>\n<p>&nbsp;<\/p>\n<p><i>Pol\u00edtica colombiana frente al cambio clim\u00e1tico<\/i><\/p>\n<p>Conferencia nacional<\/p>\n<p>Conferencista:<\/p>\n<p>Dra. Andrea Garc\u00eda Guerrero<\/p>\n<p>Asesora Despacho<\/p>\n<p>Ministerio del Medio Ambiente<b>08:45 a.m.<\/b><\/p>\n<p>&nbsp;<\/p>\n<p>&nbsp;<\/p>\n<p>&nbsp;<\/p>\n<p>&nbsp;<\/p>\n<p><i>Bases cient\u00edficas del cambio clim\u00e1tico<\/i><\/p>\n<p>Conferencia internacional<\/p>\n<p>Conferencista:<\/p>\n<p>Oscar Paz Rada<\/p>\n<p>Ex. Director y Profesor<\/p>\n<p>PNCC UMSA<b>09:45 a.m.<\/b>Receso<b>10:15 a.m.<\/b><\/p>\n<p>&nbsp;<\/p>\n<p>&nbsp;<\/p>\n<p>&nbsp;<\/p>\n<p>&nbsp;<\/p>\n<p><i>Los climas del pasado<\/i><\/p>\n<p>Conferencia nacional<\/p>\n<p>Conferencista:<\/p>\n<p>\u00c1lvaro Jaramillo<\/p>\n<p>Investigador<\/p>\n<p>Disciplina de Agro climatolog\u00eda CENICAF\u00c9<b>11:00 a.m.<\/b><\/p>\n<p>&nbsp;<\/p>\n<p>&nbsp;<\/p>\n<p>&nbsp;<\/p>\n<p>&nbsp;<\/p>\n<p>&nbsp;<\/p>\n<p><i>Glaciolog\u00eda<\/i><\/p>\n<p>Conferencia internacional<\/p>\n<p>Conferencista:<\/p>\n<p>Edson Ram\u00edrez<\/p>\n<p>Sub-Director<\/p>\n<p>Instituto de Hidr\u00e1ulica e Hidrolog\u00eda<\/p>\n<p>Universidad Mayor de San Andr\u00e9s (Bolivia)<b>12:00 m.<\/b>Almuerzo<b>2:00 p.m.<\/b><\/p>\n<p>&nbsp;<\/p>\n<p>&nbsp;<\/p>\n<p>&nbsp;<\/p>\n<p><i>Econom\u00eda y cambio clim\u00e1tico<\/i><\/p>\n<p>Conferencia nacional<\/p>\n<p>Conferencista:<\/p>\n<p>Nohora Le\u00f3n<\/p>\n<p>Universidad Nacional<b>2:45 p.m.<\/b><\/p>\n<p>&nbsp;<\/p>\n<p>&nbsp;<\/p>\n<p>&nbsp;<\/p>\n<p>&nbsp;<\/p>\n<p>&nbsp;<\/p>\n<p><i>Contaminaci\u00f3n atmosf\u00e9rica transfronteriza en Europa<\/i><\/p>\n<p>Conferencia internacional<\/p>\n<p>Conferencista:<\/p>\n<p>Cristina Nerin de la Puerta<\/p>\n<p>Directora<\/p>\n<p>Master Medio Ambiente<\/p>\n<p>Universidad de Zaragoza<b>3:45 p.m.<\/b>Receso<b>4:00 p.m.<\/b><\/p>\n<p>&nbsp;<\/p>\n<p>&nbsp;<\/p>\n<p>&nbsp;<\/p>\n<p>&nbsp;<\/p>\n<p><i>Seguridad alimentaria en Colombia<\/i><\/p>\n<p>Conferencia nacional<\/p>\n<p>Conferencista:<\/p>\n<p>Jaime Forero<\/p>\n<p>Departamento Estudios Ambientales<\/p>\n<p>Pontificia Universidad Javeriana<b>4:45 p.m.<\/b><\/p>\n<p>&nbsp;<\/p>\n<p>&nbsp;<\/p>\n<p>&nbsp;<\/p>\n<p>&nbsp;<\/p>\n<p>&nbsp;<\/p>\n<p>&nbsp;<\/p>\n<p>&nbsp;<\/p>\n<p>&nbsp;<\/p>\n<p>Paneles simult\u00e1neos<\/p>\n<p>Tres paneles<\/p>\n<p>Conferencistas:<\/p>\n<ul>\n<li>Jaime Forero-Gian Pierre Renzon<\/li>\n<\/ul>\n<p>Seguridad Alimentaria<\/p>\n<ul>\n<li>Elizabeth Le\u00f3n<\/li>\n<\/ul>\n<p>Consumo Energ\u00e9tico<\/p>\n<p>Pedro do Santos<\/p>\n<ul>\n<li>Rodrigo Iturraspe (Argentina)<\/li>\n<\/ul>\n<p>Modelamiento de Fen\u00f3menos<b>8:00 p.m.<\/b><\/p>\n<p>&nbsp;<\/p>\n<p>Toma art\u00edstica de la ciudad por el cambio clim\u00e1tico<\/p>\n<p>Montajes esc\u00e9nicos, performances, muestras visuales y musicales<\/p>\n<p>Artistas Nacionales<\/p>\n<p>&nbsp;<\/p>\n<p>&nbsp;<\/p>\n<p><b>Jueves, 29 de octubre:<\/b><\/p>\n<p>&nbsp;<\/p>\n<table style=\"width: 512px\" border=\"0\">\n<tbody>\n<tr>\n<td width=\"135\"><b>08:00 a.m.<\/b><\/td>\n<\/tr>\n<\/tbody>\n<\/table>\n<p>&nbsp;<\/p>\n<p>&nbsp;<\/p>\n<p>&nbsp;<\/p>\n<p>&nbsp;<\/p>\n<p>&nbsp;<\/p>\n<p>Flujos y medici\u00f3n de gases de efecto invernadero<\/p>\n<p>Conferencia internacional<\/p>\n<p>Conferencista:<\/p>\n<p>Rodrigo Jim\u00e9nez Pizarro<\/p>\n<p>Harvard University<\/p>\n<p>Departamento de Geociencias y Ciencias<\/p>\n<p>Planetarias<b>9:00 a.m.<\/b><\/p>\n<p>&nbsp;<\/p>\n<p>&nbsp;<\/p>\n<p>&nbsp;<\/p>\n<p>&nbsp;<\/p>\n<p>&nbsp;<\/p>\n<p><i>Modelo de crecimiento y captura de carbono para especies forestales en el tr\u00f3pico \u2013 creft<\/i><\/p>\n<p>Conferencia nacional<\/p>\n<p>Conferencista:<\/p>\n<p>N\u00e9stor Miguel Ria\u00f1o Herrera<\/p>\n<p>Investigador<\/p>\n<p>Fisiolog\u00eda Vegetal<\/p>\n<p>CENICAFE<b>9:45 a.m.<\/b>Receso<b>10:00 a.m.<\/b><\/p>\n<p>&nbsp;<\/p>\n<p>&nbsp;<\/p>\n<p>&nbsp;<\/p>\n<p>&nbsp;<\/p>\n<p>&nbsp;<\/p>\n<p>&nbsp;<\/p>\n<p>&nbsp;<\/p>\n<p><i>Plan de recuperaci\u00f3n de zonas degradadas por la miner\u00eda en las \u00e1reas saibro preservaci\u00f3n permanente (PAP) en la costa norte de S\u00e3o Paulo: perspectivas sobre el medio ambiente del proyecto mecanismo de desarrollo limpio<\/i><\/p>\n<p>Conferencia internacional<\/p>\n<p>Conferencista:<\/p>\n<p>Pedro Dos Santos Raymundo<\/p>\n<p>Specialist in Clean Development<\/p>\n<p>Mechanism (CDM)<\/p>\n<p>Instituto Caraguat\u00e1<b>11:00 a.m.<\/b><\/p>\n<p>&nbsp;<\/p>\n<p>&nbsp;<\/p>\n<p>&nbsp;<\/p>\n<p>&nbsp;<\/p>\n<p>&nbsp;<\/p>\n<p>&nbsp;<\/p>\n<p><i>Modelo de sostenibilidad energ\u00e9tica<\/i><\/p>\n<p>Conferencia nacional<\/p>\n<p>Conferencista:<\/p>\n<p>Oscar Alonso Fern\u00e1ndez Taborda<\/p>\n<p>Director<\/p>\n<p>Parque Eolico Jirapachi<\/p>\n<p>La Guajira<\/p>\n<p>EPM<b>11:30 a.m.<\/b><\/p>\n<p>&nbsp;<\/p>\n<p>&nbsp;<\/p>\n<p>&nbsp;<\/p>\n<p>&nbsp;<\/p>\n<p><i>Artistas pensando en el cambio clim\u00e1tico<\/i><\/p>\n<p>Conferencia internacional<\/p>\n<p>Conferencista:<\/p>\n<p>Elionor Nina CZegledy<\/p>\n<p>Profesora<\/p>\n<p>Universidad de la Concordia<b>12:15 m.<\/b>Almuerzo libre<b>2:00 p.m.<\/b><\/p>\n<p>&nbsp;<\/p>\n<p>&nbsp;<\/p>\n<p>&nbsp;<\/p>\n<p>&nbsp;<\/p>\n<p>&nbsp;<\/p>\n<p><i>Presentaci\u00f3n del centro interdisciplinario para la educaci\u00f3n y la investigaci\u00f3n sobre el cambio clim\u00e1tico<\/i><\/p>\n<p>Conferencia nacional<\/p>\n<p>Conferencista:<\/p>\n<p>Yolanda Aguirre Ospina<\/p>\n<p>Decana<\/p>\n<p>Facultad Ciencias Exactas y Naturales<\/p>\n<p>Universidad de Caldas<b>2:45 p.m.<\/b><\/p>\n<p>&nbsp;<\/p>\n<p>&nbsp;<\/p>\n<p>&nbsp;<\/p>\n<p>&nbsp;<\/p>\n<p>&nbsp;<\/p>\n<p>&nbsp;<\/p>\n<p><i>Euro clima: una iniciativa America latina &#8211; uni\u00f3n europea para el fortalecimiento del dialogo sobre el cambio clim\u00e1tico.<\/i><\/p>\n<p>Conferencia internacional<\/p>\n<p>Conferencista:<\/p>\n<p>Veronica Fourcaudot<\/p>\n<p>Eueropean Commission-Joint Research<\/p>\n<p>Centre Enviroment and Sustainability<\/p>\n<p>Institute- Global Environment Monitoring<b>3:30 p.m.<\/b><\/p>\n<p>&nbsp;<\/p>\n<p>&nbsp;<\/p>\n<p>&nbsp;<\/p>\n<p>&nbsp;<\/p>\n<p>&nbsp;<\/p>\n<p>Producci\u00f3n agr\u00edcola sostenible para una seguridad alimentaria<\/p>\n<p>Conferencia internacional<\/p>\n<p>Conferencista:<\/p>\n<p>V\u00edctor Mares<\/p>\n<p>L\u00edder Divisi\u00f3n Sistemas de Producci\u00f3n y<\/p>\n<p>Medio Ambiente<\/p>\n<p>CENTRO INTERNACIONAL DE LA PAPA<b>4:15 p.m.<\/b>Receso<b>4:30 p.m.<\/b><\/p>\n<p>&nbsp;<\/p>\n<p>&nbsp;<\/p>\n<p>&nbsp;<\/p>\n<p><i>Glaciares tropicales y ecuatoriales: expresi\u00f3n de cambio<\/i><\/p>\n<p>Conferencia nacional<\/p>\n<p>Conferencista:<\/p>\n<p>Jos\u00e9 Lu\u00eds Ceballos<\/p>\n<p>IDEAM<b>4:45 p.m.<\/b><\/p>\n<p>&nbsp;<\/p>\n<p>&nbsp;<\/p>\n<p>&nbsp;<\/p>\n<p>&nbsp;<\/p>\n<p>&nbsp;<\/p>\n<p>&nbsp;<\/p>\n<p>&nbsp;<\/p>\n<p>&nbsp;<\/p>\n<p>&nbsp;<\/p>\n<p><i>El cambio clim\u00e1tico un enfoque interdisciplinar<\/i><\/p>\n<p>Conferencia internacional<\/p>\n<p>Conferencista:<\/p>\n<p>Chairman<\/p>\n<p>Oscar Paz Rada<\/p>\n<p>Ex. Director y Profesor<\/p>\n<p>PNCC UMSA<\/p>\n<p>Relatora:<\/p>\n<p>Elizabeth Le\u00f3n<\/p>\n<p>Coordinadora<\/p>\n<p>Proyectos Ambientales EAN<b>6:00 p.m.<\/b>Clausura<\/p>\n<p>&nbsp;<\/p>\n<p><b>Viernes 30 de octubre:<\/b><\/p>\n<p><b>\u00a0<\/b><\/p>\n<table style=\"width: 505px\" border=\"0\">\n<tbody>\n<tr>\n<td width=\"131\"><b>7:00 a.m.<\/b><\/td>\n<\/tr>\n<\/tbody>\n<\/table>\n<p>Viaje t\u00e9cnico al Nevado del Ruiz con el apoyo de Jorge Lotero, Jos\u00e9 Luis Ceballos (IDEAM), Rodrigo Turraspe (Hielos Y Nieves), Jair (Hielos Y Nieves) Cristina Nerin Parque Natural de Bertiz.<\/p>\n<p>&nbsp;<\/p>\n<p>Las inscripciones est\u00e1n abiertas y tienen un costo de $100.000 mil pesos para estudiantes y $200.000 mil pesos para profesionales. El dinero se debe consignara a la cuenta de ahorros Bancaf\u00e9 numero 255 53312-7 c\u00f3digo G7D002<\/p>\n<p>&nbsp;<\/p>\n<p>Para mayor informaci\u00f3n comunicarse con Andrea Cardozo Cort\u00e9s o Marcela Valencia en la Facultad de Ciencias Exactas y Naturales de la Universidad de Caldas Tel\u00e9fono 878 15 00 Ext. 13194 \u2013 13419<\/p>\n","protected":false},"excerpt":{"rendered":"<p>Del 28 al 30 de octubre en el recinto del pensamiento El Centro de Investigaciones en Cambio Clim\u00e1tico de la Universidad de Caldas realizar\u00e1 del 28 al 30 de octubre el Encuentro Internacional Interdisciplinar sobre cambio clim\u00e1tico. &nbsp; Este primer encuentro se realizar\u00e1 en el Recinto del Pensamiento y cuenta con 5 pa\u00edses invitados: Canad\u00e1, [&hellip;]<\/p>\n","protected":false},"author":2,"featured_media":0,"comment_status":"closed","ping_status":"closed","sticky":false,"template":"","format":"standard","meta":{"footnotes":""},"categories":[48,53],"tags":[],"class_list":["post-3781","post","type-post","status-publish","format-standard","hentry","category-actualidad","category-universidad-al-dia"],"yoast_head":"<!-- This site is optimized with the Yoast SEO plugin v27.4 - https:\/\/yoast.com\/product\/yoast-seo-wordpress\/ -->\n<title>Primer Encuentro Internacional Interdisciplinar sobre cambio clim\u00e1tico .<\/title>\n<meta name=\"robots\" content=\"index, follow, max-snippet:-1, max-image-preview:large, max-video-preview:-1\" \/>\n<link rel=\"canonical\" href=\"https:\/\/www.ucaldas.edu.co\/portal\/primer-encuentro-internacional-interdisciplinar-sobre-cambio-climatico\/\" \/>\n<script type=\"application\/ld+json\" class=\"yoast-schema-graph\">{\"@context\":\"https:\\\/\\\/schema.org\",\"@graph\":[{\"@type\":\"Article\",\"@id\":\"https:\\\/\\\/www.ucaldas.edu.co\\\/portal\\\/primer-encuentro-internacional-interdisciplinar-sobre-cambio-climatico\\\/#article\",\"isPartOf\":{\"@id\":\"https:\\\/\\\/www.ucaldas.edu.co\\\/portal\\\/primer-encuentro-internacional-interdisciplinar-sobre-cambio-climatico\\\/\"},\"author\":{\"name\":\"ofiprensa\",\"@id\":\"https:\\\/\\\/www.ucaldas.edu.co\\\/portal\\\/#\\\/schema\\\/person\\\/a1b482e23449158b4bc319926c074fdf\"},\"headline\":\"Primer Encuentro Internacional Interdisciplinar sobre cambio clim\u00e1tico\",\"datePublished\":\"2009-09-30T22:29:19+00:00\",\"mainEntityOfPage\":{\"@id\":\"https:\\\/\\\/www.ucaldas.edu.co\\\/portal\\\/primer-encuentro-internacional-interdisciplinar-sobre-cambio-climatico\\\/\"},\"wordCount\":891,\"publisher\":{\"@id\":\"https:\\\/\\\/www.ucaldas.edu.co\\\/portal\\\/#organization\"},\"image\":{\"@id\":\"https:\\\/\\\/www.ucaldas.edu.co\\\/portal\\\/primer-encuentro-internacional-interdisciplinar-sobre-cambio-climatico\\\/#primaryimage\"},\"thumbnailUrl\":\"http:\\\/\\\/www.ucaldas.edu.co\\\/images\\\/cambio_climatico.PNG\",\"articleSection\":[\"Actualidad\",\"Universidad al D\u00eda\"],\"inLanguage\":\"es\"},{\"@type\":\"WebPage\",\"@id\":\"https:\\\/\\\/www.ucaldas.edu.co\\\/portal\\\/primer-encuentro-internacional-interdisciplinar-sobre-cambio-climatico\\\/\",\"url\":\"https:\\\/\\\/www.ucaldas.edu.co\\\/portal\\\/primer-encuentro-internacional-interdisciplinar-sobre-cambio-climatico\\\/\",\"name\":\"Primer Encuentro Internacional Interdisciplinar sobre cambio clim\u00e1tico .\",\"isPartOf\":{\"@id\":\"https:\\\/\\\/www.ucaldas.edu.co\\\/portal\\\/#website\"},\"primaryImageOfPage\":{\"@id\":\"https:\\\/\\\/www.ucaldas.edu.co\\\/portal\\\/primer-encuentro-internacional-interdisciplinar-sobre-cambio-climatico\\\/#primaryimage\"},\"image\":{\"@id\":\"https:\\\/\\\/www.ucaldas.edu.co\\\/portal\\\/primer-encuentro-internacional-interdisciplinar-sobre-cambio-climatico\\\/#primaryimage\"},\"thumbnailUrl\":\"http:\\\/\\\/www.ucaldas.edu.co\\\/images\\\/cambio_climatico.PNG\",\"datePublished\":\"2009-09-30T22:29:19+00:00\",\"breadcrumb\":{\"@id\":\"https:\\\/\\\/www.ucaldas.edu.co\\\/portal\\\/primer-encuentro-internacional-interdisciplinar-sobre-cambio-climatico\\\/#breadcrumb\"},\"inLanguage\":\"es\",\"potentialAction\":[{\"@type\":\"ReadAction\",\"target\":[\"https:\\\/\\\/www.ucaldas.edu.co\\\/portal\\\/primer-encuentro-internacional-interdisciplinar-sobre-cambio-climatico\\\/\"]}]},{\"@type\":\"ImageObject\",\"inLanguage\":\"es\",\"@id\":\"https:\\\/\\\/www.ucaldas.edu.co\\\/portal\\\/primer-encuentro-internacional-interdisciplinar-sobre-cambio-climatico\\\/#primaryimage\",\"url\":\"http:\\\/\\\/www.ucaldas.edu.co\\\/images\\\/cambio_climatico.PNG\",\"contentUrl\":\"http:\\\/\\\/www.ucaldas.edu.co\\\/images\\\/cambio_climatico.PNG\"},{\"@type\":\"BreadcrumbList\",\"@id\":\"https:\\\/\\\/www.ucaldas.edu.co\\\/portal\\\/primer-encuentro-internacional-interdisciplinar-sobre-cambio-climatico\\\/#breadcrumb\",\"itemListElement\":[{\"@type\":\"ListItem\",\"position\":1,\"name\":\"Portada\",\"item\":\"https:\\\/\\\/www.ucaldas.edu.co\\\/portal\\\/\"},{\"@type\":\"ListItem\",\"position\":2,\"name\":\"Primer Encuentro Internacional Interdisciplinar sobre cambio clim\u00e1tico\"}]},{\"@type\":\"WebSite\",\"@id\":\"https:\\\/\\\/www.ucaldas.edu.co\\\/portal\\\/#website\",\"url\":\"https:\\\/\\\/www.ucaldas.edu.co\\\/portal\\\/\",\"name\":\"Universidad de Caldas\",\"description\":\"\",\"publisher\":{\"@id\":\"https:\\\/\\\/www.ucaldas.edu.co\\\/portal\\\/#organization\"},\"alternateName\":\"U. de Caldas\",\"potentialAction\":[{\"@type\":\"SearchAction\",\"target\":{\"@type\":\"EntryPoint\",\"urlTemplate\":\"https:\\\/\\\/www.ucaldas.edu.co\\\/portal\\\/?s={search_term_string}\"},\"query-input\":{\"@type\":\"PropertyValueSpecification\",\"valueRequired\":true,\"valueName\":\"search_term_string\"}}],\"inLanguage\":\"es\"},{\"@type\":\"Organization\",\"@id\":\"https:\\\/\\\/www.ucaldas.edu.co\\\/portal\\\/#organization\",\"name\":\"Universidad de Caldas\",\"alternateName\":\"U. de Caldas\",\"url\":\"https:\\\/\\\/www.ucaldas.edu.co\\\/portal\\\/\",\"logo\":{\"@type\":\"ImageObject\",\"inLanguage\":\"es\",\"@id\":\"https:\\\/\\\/www.ucaldas.edu.co\\\/portal\\\/#\\\/schema\\\/logo\\\/image\\\/\",\"url\":\"https:\\\/\\\/www.ucaldas.edu.co\\\/portal\\\/wp-content\\\/uploads\\\/2023\\\/11\\\/Logo_horizontal_oscuroU-2023.png\",\"contentUrl\":\"https:\\\/\\\/www.ucaldas.edu.co\\\/portal\\\/wp-content\\\/uploads\\\/2023\\\/11\\\/Logo_horizontal_oscuroU-2023.png\",\"width\":263,\"height\":101,\"caption\":\"Universidad de Caldas\"},\"image\":{\"@id\":\"https:\\\/\\\/www.ucaldas.edu.co\\\/portal\\\/#\\\/schema\\\/logo\\\/image\\\/\"},\"sameAs\":[\"https:\\\/\\\/www.facebook.com\\\/udecaldas\",\"https:\\\/\\\/x.com\\\/udecaldas\",\"https:\\\/\\\/www.youtube.com\\\/universidadcaldas\",\"https:\\\/\\\/www.instagram.com\\\/udecaldas\\\/\"]},{\"@type\":\"Person\",\"@id\":\"https:\\\/\\\/www.ucaldas.edu.co\\\/portal\\\/#\\\/schema\\\/person\\\/a1b482e23449158b4bc319926c074fdf\",\"name\":\"ofiprensa\",\"image\":{\"@type\":\"ImageObject\",\"inLanguage\":\"es\",\"@id\":\"https:\\\/\\\/www.ucaldas.edu.co\\\/portal\\\/wp-content\\\/litespeed\\\/avatar\\\/09ea5085e600095a7a811142c6944527.jpg?ver=1776892805\",\"url\":\"https:\\\/\\\/www.ucaldas.edu.co\\\/portal\\\/wp-content\\\/litespeed\\\/avatar\\\/09ea5085e600095a7a811142c6944527.jpg?ver=1776892805\",\"contentUrl\":\"https:\\\/\\\/www.ucaldas.edu.co\\\/portal\\\/wp-content\\\/litespeed\\\/avatar\\\/09ea5085e600095a7a811142c6944527.jpg?ver=1776892805\",\"caption\":\"ofiprensa\"},\"url\":\"https:\\\/\\\/www.ucaldas.edu.co\\\/portal\\\/author\\\/ofiprensa\\\/\"}]}<\/script>\n<!-- \/ Yoast SEO plugin. -->","yoast_head_json":{"title":"Primer Encuentro Internacional Interdisciplinar sobre cambio clim\u00e1tico .","robots":{"index":"index","follow":"follow","max-snippet":"max-snippet:-1","max-image-preview":"max-image-preview:large","max-video-preview":"max-video-preview:-1"},"canonical":"https:\/\/www.ucaldas.edu.co\/portal\/primer-encuentro-internacional-interdisciplinar-sobre-cambio-climatico\/","schema":{"@context":"https:\/\/schema.org","@graph":[{"@type":"Article","@id":"https:\/\/www.ucaldas.edu.co\/portal\/primer-encuentro-internacional-interdisciplinar-sobre-cambio-climatico\/#article","isPartOf":{"@id":"https:\/\/www.ucaldas.edu.co\/portal\/primer-encuentro-internacional-interdisciplinar-sobre-cambio-climatico\/"},"author":{"name":"ofiprensa","@id":"https:\/\/www.ucaldas.edu.co\/portal\/#\/schema\/person\/a1b482e23449158b4bc319926c074fdf"},"headline":"Primer Encuentro Internacional Interdisciplinar sobre cambio clim\u00e1tico","datePublished":"2009-09-30T22:29:19+00:00","mainEntityOfPage":{"@id":"https:\/\/www.ucaldas.edu.co\/portal\/primer-encuentro-internacional-interdisciplinar-sobre-cambio-climatico\/"},"wordCount":891,"publisher":{"@id":"https:\/\/www.ucaldas.edu.co\/portal\/#organization"},"image":{"@id":"https:\/\/www.ucaldas.edu.co\/portal\/primer-encuentro-internacional-interdisciplinar-sobre-cambio-climatico\/#primaryimage"},"thumbnailUrl":"http:\/\/www.ucaldas.edu.co\/images\/cambio_climatico.PNG","articleSection":["Actualidad","Universidad al D\u00eda"],"inLanguage":"es"},{"@type":"WebPage","@id":"https:\/\/www.ucaldas.edu.co\/portal\/primer-encuentro-internacional-interdisciplinar-sobre-cambio-climatico\/","url":"https:\/\/www.ucaldas.edu.co\/portal\/primer-encuentro-internacional-interdisciplinar-sobre-cambio-climatico\/","name":"Primer Encuentro Internacional Interdisciplinar sobre cambio clim\u00e1tico .","isPartOf":{"@id":"https:\/\/www.ucaldas.edu.co\/portal\/#website"},"primaryImageOfPage":{"@id":"https:\/\/www.ucaldas.edu.co\/portal\/primer-encuentro-internacional-interdisciplinar-sobre-cambio-climatico\/#primaryimage"},"image":{"@id":"https:\/\/www.ucaldas.edu.co\/portal\/primer-encuentro-internacional-interdisciplinar-sobre-cambio-climatico\/#primaryimage"},"thumbnailUrl":"http:\/\/www.ucaldas.edu.co\/images\/cambio_climatico.PNG","datePublished":"2009-09-30T22:29:19+00:00","breadcrumb":{"@id":"https:\/\/www.ucaldas.edu.co\/portal\/primer-encuentro-internacional-interdisciplinar-sobre-cambio-climatico\/#breadcrumb"},"inLanguage":"es","potentialAction":[{"@type":"ReadAction","target":["https:\/\/www.ucaldas.edu.co\/portal\/primer-encuentro-internacional-interdisciplinar-sobre-cambio-climatico\/"]}]},{"@type":"ImageObject","inLanguage":"es","@id":"https:\/\/www.ucaldas.edu.co\/portal\/primer-encuentro-internacional-interdisciplinar-sobre-cambio-climatico\/#primaryimage","url":"http:\/\/www.ucaldas.edu.co\/images\/cambio_climatico.PNG","contentUrl":"http:\/\/www.ucaldas.edu.co\/images\/cambio_climatico.PNG"},{"@type":"BreadcrumbList","@id":"https:\/\/www.ucaldas.edu.co\/portal\/primer-encuentro-internacional-interdisciplinar-sobre-cambio-climatico\/#breadcrumb","itemListElement":[{"@type":"ListItem","position":1,"name":"Portada","item":"https:\/\/www.ucaldas.edu.co\/portal\/"},{"@type":"ListItem","position":2,"name":"Primer Encuentro Internacional Interdisciplinar sobre cambio clim\u00e1tico"}]},{"@type":"WebSite","@id":"https:\/\/www.ucaldas.edu.co\/portal\/#website","url":"https:\/\/www.ucaldas.edu.co\/portal\/","name":"Universidad de Caldas","description":"","publisher":{"@id":"https:\/\/www.ucaldas.edu.co\/portal\/#organization"},"alternateName":"U. de Caldas","potentialAction":[{"@type":"SearchAction","target":{"@type":"EntryPoint","urlTemplate":"https:\/\/www.ucaldas.edu.co\/portal\/?s={search_term_string}"},"query-input":{"@type":"PropertyValueSpecification","valueRequired":true,"valueName":"search_term_string"}}],"inLanguage":"es"},{"@type":"Organization","@id":"https:\/\/www.ucaldas.edu.co\/portal\/#organization","name":"Universidad de Caldas","alternateName":"U. de Caldas","url":"https:\/\/www.ucaldas.edu.co\/portal\/","logo":{"@type":"ImageObject","inLanguage":"es","@id":"https:\/\/www.ucaldas.edu.co\/portal\/#\/schema\/logo\/image\/","url":"https:\/\/www.ucaldas.edu.co\/portal\/wp-content\/uploads\/2023\/11\/Logo_horizontal_oscuroU-2023.png","contentUrl":"https:\/\/www.ucaldas.edu.co\/portal\/wp-content\/uploads\/2023\/11\/Logo_horizontal_oscuroU-2023.png","width":263,"height":101,"caption":"Universidad de Caldas"},"image":{"@id":"https:\/\/www.ucaldas.edu.co\/portal\/#\/schema\/logo\/image\/"},"sameAs":["https:\/\/www.facebook.com\/udecaldas","https:\/\/x.com\/udecaldas","https:\/\/www.youtube.com\/universidadcaldas","https:\/\/www.instagram.com\/udecaldas\/"]},{"@type":"Person","@id":"https:\/\/www.ucaldas.edu.co\/portal\/#\/schema\/person\/a1b482e23449158b4bc319926c074fdf","name":"ofiprensa","image":{"@type":"ImageObject","inLanguage":"es","@id":"https:\/\/www.ucaldas.edu.co\/portal\/wp-content\/litespeed\/avatar\/09ea5085e600095a7a811142c6944527.jpg?ver=1776892805","url":"https:\/\/www.ucaldas.edu.co\/portal\/wp-content\/litespeed\/avatar\/09ea5085e600095a7a811142c6944527.jpg?ver=1776892805","contentUrl":"https:\/\/www.ucaldas.edu.co\/portal\/wp-content\/litespeed\/avatar\/09ea5085e600095a7a811142c6944527.jpg?ver=1776892805","caption":"ofiprensa"},"url":"https:\/\/www.ucaldas.edu.co\/portal\/author\/ofiprensa\/"}]}},"_links":{"self":[{"href":"https:\/\/www.ucaldas.edu.co\/portal\/wp-json\/wp\/v2\/posts\/3781","targetHints":{"allow":["GET"]}}],"collection":[{"href":"https:\/\/www.ucaldas.edu.co\/portal\/wp-json\/wp\/v2\/posts"}],"about":[{"href":"https:\/\/www.ucaldas.edu.co\/portal\/wp-json\/wp\/v2\/types\/post"}],"author":[{"embeddable":true,"href":"https:\/\/www.ucaldas.edu.co\/portal\/wp-json\/wp\/v2\/users\/2"}],"replies":[{"embeddable":true,"href":"https:\/\/www.ucaldas.edu.co\/portal\/wp-json\/wp\/v2\/comments?post=3781"}],"version-history":[{"count":0,"href":"https:\/\/www.ucaldas.edu.co\/portal\/wp-json\/wp\/v2\/posts\/3781\/revisions"}],"wp:attachment":[{"href":"https:\/\/www.ucaldas.edu.co\/portal\/wp-json\/wp\/v2\/media?parent=3781"}],"wp:term":[{"taxonomy":"category","embeddable":true,"href":"https:\/\/www.ucaldas.edu.co\/portal\/wp-json\/wp\/v2\/categories?post=3781"},{"taxonomy":"post_tag","embeddable":true,"href":"https:\/\/www.ucaldas.edu.co\/portal\/wp-json\/wp\/v2\/tags?post=3781"}],"curies":[{"name":"wp","href":"https:\/\/api.w.org\/{rel}","templated":true}]}}