{"id":37547,"date":"2017-09-06T21:54:59","date_gmt":"2017-09-06T21:54:59","guid":{"rendered":"https:\/\/www.ucaldas.edu.co\/portal\/?p=37547"},"modified":"2017-09-06T21:54:59","modified_gmt":"2017-09-06T21:54:59","slug":"egresadas-u-de-caldas-se-reunieron-en-conversatorio-por-50-anos-de-trabajo-social","status":"publish","type":"post","link":"https:\/\/www.ucaldas.edu.co\/portal\/egresadas-u-de-caldas-se-reunieron-en-conversatorio-por-50-anos-de-trabajo-social\/","title":{"rendered":"Egresadas U. de Caldas se reunieron en conversatorio por 50 a\u00f1os de Trabajo Social"},"content":{"rendered":"<p style=\"text-align: center;\">SOBRE \u00c1REAS DE INTERVENCI\u00d3N DEL EJERCICIO<\/p>\n<p style=\"text-align: center;\"><strong>Egresadas U. de Caldas se reunieron en conversatorio por 50 a\u00f1os de Trabajo Social<\/strong><\/p>\n<p style=\"text-align: right;\">6\/09\/2017<\/p>\n<p><strong><img loading=\"lazy\" decoding=\"async\" class=\"alignnone size-medium wp-image-37548 aligncenter\" src=\"https:\/\/www.ucaldas.edu.co\/portal\/wp-content\/uploads\/2017\/09\/conversa-compressor-300x171.jpg\" alt=\"\" width=\"300\" height=\"171\" srcset=\"https:\/\/www.ucaldas.edu.co\/portal\/wp-content\/uploads\/2017\/09\/conversa-compressor-300x171.jpg 300w, https:\/\/www.ucaldas.edu.co\/portal\/wp-content\/uploads\/2017\/09\/conversa-compressor.jpg 700w\" sizes=\"auto, (max-width: 300px) 100vw, 300px\" \/>Como conmemoraci\u00f3n de los 50 a\u00f1os del Programa de Trabajo Social<\/strong> de la Universidad de Caldas <strong>se llev\u00f3 a cabo<\/strong> el pasado 5 de septiembre del 2017 un <strong>conversatorio<\/strong> sobre las \u00e1reas de intervenci\u00f3n profesional. El evento estuvo dirigido a todos los estudiantes del programa de Trabajo Social y egresados.<\/p>\n<p><!--more--><\/p>\n<p>Alba Luc\u00eda Mar\u00edn Rengifo, D<strong>irectora del Programa de Trabajo Social de la U. de Caldas, <\/strong>expres\u00f3: \u201cdecidimos celebrar los 50 a\u00f1os realizando cinco conversatorios. Este fue el segundo, sobre las \u00e1reas de intervenci\u00f3n profesional. <strong>Hemos buscando recuperar la historia de lo que ha sido el programa en las voces de quienes lo protagonizaron en cada d\u00e9cada<\/strong>\u201d.<\/p>\n<p>&nbsp;<\/p>\n<p><strong>Ellas son sello U. de Caldas<\/strong><\/p>\n<p><strong>Fanny Osorio Giraldo<\/strong><\/p>\n<p><strong>Estos 50 a\u00f1os implican el reconocimiento de la historia, pero tambi\u00e9n los aportes que el trabajo ha venido haciendo a la construcci\u00f3n de pa\u00eds y de sociedad<\/strong>. Uno se debe no s\u00f3lo a la profesi\u00f3n, sino al programa, la facultad y la U. de Caldas.<\/p>\n<p>&nbsp;<\/p>\n<p><strong>Gloria Beatriz R\u00edos Mart\u00ednez<\/strong><\/p>\n<p>Hace muchos a\u00f1os estoy vinculada a la U. de Caldas y <strong>poder contribuir al proceso de formaci\u00f3n de nuestros estudiantes nos llena de orgullo, satisfacci\u00f3n <\/strong>y vemos el aporte de las ciencias sociales en esa b\u00fasqueda de superar problemas estructurales de nuestra sociedad.<\/p>\n<p><strong>\u00a0<\/strong><\/p>\n<p><strong>Cecilia L\u00f3pez Jim\u00e9nez<\/strong><\/p>\n<p>El sello m\u00e1s importante que me ha dado la Universidad pudo corroborarse en el ejercicio profesional. Creo que la vivencia en la Instituci\u00f3n fue un soporte muy importante para la labor que hice posteriormente. <strong>Celebrar estos 50 a\u00f1os es vital, por el aporte que se ha hecho.<\/strong><\/p>\n<p>&nbsp;<\/p>\n<p><a href=\"https:\/\/www.facebook.com\/media\/set\/?set=a.1536891796372680.1073745611.107054166023124&amp;type=1&amp;l=66409b7919\">Conozca im\u00e1genes del Conversatorio 50 a\u00f1os de Trabajo Social: \u00c1reas de Intervenci\u00f3n en el Programa de Trabajo Social<\/a><\/p>\n<p>&nbsp;<\/p>\n<p><strong>Informes:<\/strong> en el correo electr\u00f3nico: tsocial@ucaldas.edu.co<\/p>\n<p><strong>Redacci\u00f3n:<\/strong> Margarita Laverde<\/p>\n<p>&nbsp;<\/p>\n","protected":false},"excerpt":{"rendered":"<p>SOBRE \u00c1REAS DE INTERVENCI\u00d3N DEL EJERCICIO Egresadas U. de Caldas se reunieron en conversatorio por 50 a\u00f1os de Trabajo Social 6\/09\/2017 Como conmemoraci\u00f3n de los 50 a\u00f1os del Programa de Trabajo Social de la Universidad de Caldas se llev\u00f3 a cabo el pasado 5 de septiembre del 2017 un conversatorio sobre las \u00e1reas de intervenci\u00f3n [&hellip;]<\/p>\n","protected":false},"author":2,"featured_media":37548,"comment_status":"closed","ping_status":"open","sticky":false,"template":"","format":"standard","meta":{"footnotes":""},"categories":[48,53,617],"tags":[55,172,1690,2333],"class_list":["post-37547","post","type-post","status-publish","format-standard","has-post-thumbnail","hentry","category-actualidad","category-universidad-al-dia","category-ucaldas-colaborativa","tag-academia","tag-conversatorio","tag-trabajo-social","tag-50-anos"],"yoast_head":"<!-- This site is optimized with the Yoast SEO plugin v27.5 - https:\/\/yoast.com\/product\/yoast-seo-wordpress\/ -->\n<title>Egresadas U. de Caldas se reunieron en conversatorio por 50 a\u00f1os de Trabajo Social .<\/title>\n<meta name=\"robots\" content=\"index, follow, max-snippet:-1, max-image-preview:large, max-video-preview:-1\" \/>\n<link rel=\"canonical\" href=\"https:\/\/www.ucaldas.edu.co\/portal\/egresadas-u-de-caldas-se-reunieron-en-conversatorio-por-50-anos-de-trabajo-social\/\" \/>\n<script type=\"application\/ld+json\" class=\"yoast-schema-graph\">{\"@context\":\"https:\\\/\\\/schema.org\",\"@graph\":[{\"@type\":\"Article\",\"@id\":\"https:\\\/\\\/www.ucaldas.edu.co\\\/portal\\\/egresadas-u-de-caldas-se-reunieron-en-conversatorio-por-50-anos-de-trabajo-social\\\/#article\",\"isPartOf\":{\"@id\":\"https:\\\/\\\/www.ucaldas.edu.co\\\/portal\\\/egresadas-u-de-caldas-se-reunieron-en-conversatorio-por-50-anos-de-trabajo-social\\\/\"},\"author\":{\"name\":\"ofiprensa\",\"@id\":\"https:\\\/\\\/www.ucaldas.edu.co\\\/portal\\\/#\\\/schema\\\/person\\\/a1b482e23449158b4bc319926c074fdf\"},\"headline\":\"Egresadas U. de Caldas se reunieron en conversatorio por 50 a\u00f1os de Trabajo Social\",\"datePublished\":\"2017-09-06T21:54:59+00:00\",\"mainEntityOfPage\":{\"@id\":\"https:\\\/\\\/www.ucaldas.edu.co\\\/portal\\\/egresadas-u-de-caldas-se-reunieron-en-conversatorio-por-50-anos-de-trabajo-social\\\/\"},\"wordCount\":350,\"publisher\":{\"@id\":\"https:\\\/\\\/www.ucaldas.edu.co\\\/portal\\\/#organization\"},\"image\":{\"@id\":\"https:\\\/\\\/www.ucaldas.edu.co\\\/portal\\\/egresadas-u-de-caldas-se-reunieron-en-conversatorio-por-50-anos-de-trabajo-social\\\/#primaryimage\"},\"thumbnailUrl\":\"https:\\\/\\\/www.ucaldas.edu.co\\\/portal\\\/wp-content\\\/uploads\\\/2017\\\/09\\\/conversa-compressor.jpg\",\"keywords\":[\"academia\",\"Conversatorio\",\"Trabajo Social\",\"50 a\u00f1os\"],\"articleSection\":[\"Actualidad\",\"Universidad al D\u00eda\",\"UCaldas Colaborativa\"],\"inLanguage\":\"es\"},{\"@type\":\"WebPage\",\"@id\":\"https:\\\/\\\/www.ucaldas.edu.co\\\/portal\\\/egresadas-u-de-caldas-se-reunieron-en-conversatorio-por-50-anos-de-trabajo-social\\\/\",\"url\":\"https:\\\/\\\/www.ucaldas.edu.co\\\/portal\\\/egresadas-u-de-caldas-se-reunieron-en-conversatorio-por-50-anos-de-trabajo-social\\\/\",\"name\":\"Egresadas U. de Caldas se reunieron en conversatorio por 50 a\u00f1os de Trabajo Social .\",\"isPartOf\":{\"@id\":\"https:\\\/\\\/www.ucaldas.edu.co\\\/portal\\\/#website\"},\"primaryImageOfPage\":{\"@id\":\"https:\\\/\\\/www.ucaldas.edu.co\\\/portal\\\/egresadas-u-de-caldas-se-reunieron-en-conversatorio-por-50-anos-de-trabajo-social\\\/#primaryimage\"},\"image\":{\"@id\":\"https:\\\/\\\/www.ucaldas.edu.co\\\/portal\\\/egresadas-u-de-caldas-se-reunieron-en-conversatorio-por-50-anos-de-trabajo-social\\\/#primaryimage\"},\"thumbnailUrl\":\"https:\\\/\\\/www.ucaldas.edu.co\\\/portal\\\/wp-content\\\/uploads\\\/2017\\\/09\\\/conversa-compressor.jpg\",\"datePublished\":\"2017-09-06T21:54:59+00:00\",\"breadcrumb\":{\"@id\":\"https:\\\/\\\/www.ucaldas.edu.co\\\/portal\\\/egresadas-u-de-caldas-se-reunieron-en-conversatorio-por-50-anos-de-trabajo-social\\\/#breadcrumb\"},\"inLanguage\":\"es\",\"potentialAction\":[{\"@type\":\"ReadAction\",\"target\":[\"https:\\\/\\\/www.ucaldas.edu.co\\\/portal\\\/egresadas-u-de-caldas-se-reunieron-en-conversatorio-por-50-anos-de-trabajo-social\\\/\"]}]},{\"@type\":\"ImageObject\",\"inLanguage\":\"es\",\"@id\":\"https:\\\/\\\/www.ucaldas.edu.co\\\/portal\\\/egresadas-u-de-caldas-se-reunieron-en-conversatorio-por-50-anos-de-trabajo-social\\\/#primaryimage\",\"url\":\"https:\\\/\\\/www.ucaldas.edu.co\\\/portal\\\/wp-content\\\/uploads\\\/2017\\\/09\\\/conversa-compressor.jpg\",\"contentUrl\":\"https:\\\/\\\/www.ucaldas.edu.co\\\/portal\\\/wp-content\\\/uploads\\\/2017\\\/09\\\/conversa-compressor.jpg\",\"width\":700,\"height\":400},{\"@type\":\"BreadcrumbList\",\"@id\":\"https:\\\/\\\/www.ucaldas.edu.co\\\/portal\\\/egresadas-u-de-caldas-se-reunieron-en-conversatorio-por-50-anos-de-trabajo-social\\\/#breadcrumb\",\"itemListElement\":[{\"@type\":\"ListItem\",\"position\":1,\"name\":\"Portada\",\"item\":\"https:\\\/\\\/www.ucaldas.edu.co\\\/portal\\\/\"},{\"@type\":\"ListItem\",\"position\":2,\"name\":\"Egresadas U. de Caldas se reunieron en conversatorio por 50 a\u00f1os de Trabajo Social\"}]},{\"@type\":\"WebSite\",\"@id\":\"https:\\\/\\\/www.ucaldas.edu.co\\\/portal\\\/#website\",\"url\":\"https:\\\/\\\/www.ucaldas.edu.co\\\/portal\\\/\",\"name\":\"Universidad de Caldas\",\"description\":\"\",\"publisher\":{\"@id\":\"https:\\\/\\\/www.ucaldas.edu.co\\\/portal\\\/#organization\"},\"alternateName\":\"U. de Caldas\",\"potentialAction\":[{\"@type\":\"SearchAction\",\"target\":{\"@type\":\"EntryPoint\",\"urlTemplate\":\"https:\\\/\\\/www.ucaldas.edu.co\\\/portal\\\/?s={search_term_string}\"},\"query-input\":{\"@type\":\"PropertyValueSpecification\",\"valueRequired\":true,\"valueName\":\"search_term_string\"}}],\"inLanguage\":\"es\"},{\"@type\":\"Organization\",\"@id\":\"https:\\\/\\\/www.ucaldas.edu.co\\\/portal\\\/#organization\",\"name\":\"Universidad de Caldas\",\"alternateName\":\"U. de Caldas\",\"url\":\"https:\\\/\\\/www.ucaldas.edu.co\\\/portal\\\/\",\"logo\":{\"@type\":\"ImageObject\",\"inLanguage\":\"es\",\"@id\":\"https:\\\/\\\/www.ucaldas.edu.co\\\/portal\\\/#\\\/schema\\\/logo\\\/image\\\/\",\"url\":\"https:\\\/\\\/www.ucaldas.edu.co\\\/portal\\\/wp-content\\\/uploads\\\/2023\\\/11\\\/Logo_horizontal_oscuroU-2023.png\",\"contentUrl\":\"https:\\\/\\\/www.ucaldas.edu.co\\\/portal\\\/wp-content\\\/uploads\\\/2023\\\/11\\\/Logo_horizontal_oscuroU-2023.png\",\"width\":263,\"height\":101,\"caption\":\"Universidad de Caldas\"},\"image\":{\"@id\":\"https:\\\/\\\/www.ucaldas.edu.co\\\/portal\\\/#\\\/schema\\\/logo\\\/image\\\/\"},\"sameAs\":[\"https:\\\/\\\/www.facebook.com\\\/udecaldas\",\"https:\\\/\\\/x.com\\\/udecaldas\",\"https:\\\/\\\/www.youtube.com\\\/universidadcaldas\",\"https:\\\/\\\/www.instagram.com\\\/udecaldas\\\/\"]},{\"@type\":\"Person\",\"@id\":\"https:\\\/\\\/www.ucaldas.edu.co\\\/portal\\\/#\\\/schema\\\/person\\\/a1b482e23449158b4bc319926c074fdf\",\"name\":\"ofiprensa\",\"image\":{\"@type\":\"ImageObject\",\"inLanguage\":\"es\",\"@id\":\"https:\\\/\\\/www.ucaldas.edu.co\\\/portal\\\/wp-content\\\/litespeed\\\/avatar\\\/09ea5085e600095a7a811142c6944527.jpg?ver=1777497608\",\"url\":\"https:\\\/\\\/www.ucaldas.edu.co\\\/portal\\\/wp-content\\\/litespeed\\\/avatar\\\/09ea5085e600095a7a811142c6944527.jpg?ver=1777497608\",\"contentUrl\":\"https:\\\/\\\/www.ucaldas.edu.co\\\/portal\\\/wp-content\\\/litespeed\\\/avatar\\\/09ea5085e600095a7a811142c6944527.jpg?ver=1777497608\",\"caption\":\"ofiprensa\"},\"url\":\"https:\\\/\\\/www.ucaldas.edu.co\\\/portal\\\/author\\\/ofiprensa\\\/\"}]}<\/script>\n<!-- \/ Yoast SEO plugin. -->","yoast_head_json":{"title":"Egresadas U. de Caldas se reunieron en conversatorio por 50 a\u00f1os de Trabajo Social .","robots":{"index":"index","follow":"follow","max-snippet":"max-snippet:-1","max-image-preview":"max-image-preview:large","max-video-preview":"max-video-preview:-1"},"canonical":"https:\/\/www.ucaldas.edu.co\/portal\/egresadas-u-de-caldas-se-reunieron-en-conversatorio-por-50-anos-de-trabajo-social\/","schema":{"@context":"https:\/\/schema.org","@graph":[{"@type":"Article","@id":"https:\/\/www.ucaldas.edu.co\/portal\/egresadas-u-de-caldas-se-reunieron-en-conversatorio-por-50-anos-de-trabajo-social\/#article","isPartOf":{"@id":"https:\/\/www.ucaldas.edu.co\/portal\/egresadas-u-de-caldas-se-reunieron-en-conversatorio-por-50-anos-de-trabajo-social\/"},"author":{"name":"ofiprensa","@id":"https:\/\/www.ucaldas.edu.co\/portal\/#\/schema\/person\/a1b482e23449158b4bc319926c074fdf"},"headline":"Egresadas U. de Caldas se reunieron en conversatorio por 50 a\u00f1os de Trabajo Social","datePublished":"2017-09-06T21:54:59+00:00","mainEntityOfPage":{"@id":"https:\/\/www.ucaldas.edu.co\/portal\/egresadas-u-de-caldas-se-reunieron-en-conversatorio-por-50-anos-de-trabajo-social\/"},"wordCount":350,"publisher":{"@id":"https:\/\/www.ucaldas.edu.co\/portal\/#organization"},"image":{"@id":"https:\/\/www.ucaldas.edu.co\/portal\/egresadas-u-de-caldas-se-reunieron-en-conversatorio-por-50-anos-de-trabajo-social\/#primaryimage"},"thumbnailUrl":"https:\/\/www.ucaldas.edu.co\/portal\/wp-content\/uploads\/2017\/09\/conversa-compressor.jpg","keywords":["academia","Conversatorio","Trabajo Social","50 a\u00f1os"],"articleSection":["Actualidad","Universidad al D\u00eda","UCaldas Colaborativa"],"inLanguage":"es"},{"@type":"WebPage","@id":"https:\/\/www.ucaldas.edu.co\/portal\/egresadas-u-de-caldas-se-reunieron-en-conversatorio-por-50-anos-de-trabajo-social\/","url":"https:\/\/www.ucaldas.edu.co\/portal\/egresadas-u-de-caldas-se-reunieron-en-conversatorio-por-50-anos-de-trabajo-social\/","name":"Egresadas U. de Caldas se reunieron en conversatorio por 50 a\u00f1os de Trabajo Social .","isPartOf":{"@id":"https:\/\/www.ucaldas.edu.co\/portal\/#website"},"primaryImageOfPage":{"@id":"https:\/\/www.ucaldas.edu.co\/portal\/egresadas-u-de-caldas-se-reunieron-en-conversatorio-por-50-anos-de-trabajo-social\/#primaryimage"},"image":{"@id":"https:\/\/www.ucaldas.edu.co\/portal\/egresadas-u-de-caldas-se-reunieron-en-conversatorio-por-50-anos-de-trabajo-social\/#primaryimage"},"thumbnailUrl":"https:\/\/www.ucaldas.edu.co\/portal\/wp-content\/uploads\/2017\/09\/conversa-compressor.jpg","datePublished":"2017-09-06T21:54:59+00:00","breadcrumb":{"@id":"https:\/\/www.ucaldas.edu.co\/portal\/egresadas-u-de-caldas-se-reunieron-en-conversatorio-por-50-anos-de-trabajo-social\/#breadcrumb"},"inLanguage":"es","potentialAction":[{"@type":"ReadAction","target":["https:\/\/www.ucaldas.edu.co\/portal\/egresadas-u-de-caldas-se-reunieron-en-conversatorio-por-50-anos-de-trabajo-social\/"]}]},{"@type":"ImageObject","inLanguage":"es","@id":"https:\/\/www.ucaldas.edu.co\/portal\/egresadas-u-de-caldas-se-reunieron-en-conversatorio-por-50-anos-de-trabajo-social\/#primaryimage","url":"https:\/\/www.ucaldas.edu.co\/portal\/wp-content\/uploads\/2017\/09\/conversa-compressor.jpg","contentUrl":"https:\/\/www.ucaldas.edu.co\/portal\/wp-content\/uploads\/2017\/09\/conversa-compressor.jpg","width":700,"height":400},{"@type":"BreadcrumbList","@id":"https:\/\/www.ucaldas.edu.co\/portal\/egresadas-u-de-caldas-se-reunieron-en-conversatorio-por-50-anos-de-trabajo-social\/#breadcrumb","itemListElement":[{"@type":"ListItem","position":1,"name":"Portada","item":"https:\/\/www.ucaldas.edu.co\/portal\/"},{"@type":"ListItem","position":2,"name":"Egresadas U. de Caldas se reunieron en conversatorio por 50 a\u00f1os de Trabajo Social"}]},{"@type":"WebSite","@id":"https:\/\/www.ucaldas.edu.co\/portal\/#website","url":"https:\/\/www.ucaldas.edu.co\/portal\/","name":"Universidad de Caldas","description":"","publisher":{"@id":"https:\/\/www.ucaldas.edu.co\/portal\/#organization"},"alternateName":"U. de Caldas","potentialAction":[{"@type":"SearchAction","target":{"@type":"EntryPoint","urlTemplate":"https:\/\/www.ucaldas.edu.co\/portal\/?s={search_term_string}"},"query-input":{"@type":"PropertyValueSpecification","valueRequired":true,"valueName":"search_term_string"}}],"inLanguage":"es"},{"@type":"Organization","@id":"https:\/\/www.ucaldas.edu.co\/portal\/#organization","name":"Universidad de Caldas","alternateName":"U. de Caldas","url":"https:\/\/www.ucaldas.edu.co\/portal\/","logo":{"@type":"ImageObject","inLanguage":"es","@id":"https:\/\/www.ucaldas.edu.co\/portal\/#\/schema\/logo\/image\/","url":"https:\/\/www.ucaldas.edu.co\/portal\/wp-content\/uploads\/2023\/11\/Logo_horizontal_oscuroU-2023.png","contentUrl":"https:\/\/www.ucaldas.edu.co\/portal\/wp-content\/uploads\/2023\/11\/Logo_horizontal_oscuroU-2023.png","width":263,"height":101,"caption":"Universidad de Caldas"},"image":{"@id":"https:\/\/www.ucaldas.edu.co\/portal\/#\/schema\/logo\/image\/"},"sameAs":["https:\/\/www.facebook.com\/udecaldas","https:\/\/x.com\/udecaldas","https:\/\/www.youtube.com\/universidadcaldas","https:\/\/www.instagram.com\/udecaldas\/"]},{"@type":"Person","@id":"https:\/\/www.ucaldas.edu.co\/portal\/#\/schema\/person\/a1b482e23449158b4bc319926c074fdf","name":"ofiprensa","image":{"@type":"ImageObject","inLanguage":"es","@id":"https:\/\/www.ucaldas.edu.co\/portal\/wp-content\/litespeed\/avatar\/09ea5085e600095a7a811142c6944527.jpg?ver=1777497608","url":"https:\/\/www.ucaldas.edu.co\/portal\/wp-content\/litespeed\/avatar\/09ea5085e600095a7a811142c6944527.jpg?ver=1777497608","contentUrl":"https:\/\/www.ucaldas.edu.co\/portal\/wp-content\/litespeed\/avatar\/09ea5085e600095a7a811142c6944527.jpg?ver=1777497608","caption":"ofiprensa"},"url":"https:\/\/www.ucaldas.edu.co\/portal\/author\/ofiprensa\/"}]}},"_links":{"self":[{"href":"https:\/\/www.ucaldas.edu.co\/portal\/wp-json\/wp\/v2\/posts\/37547","targetHints":{"allow":["GET"]}}],"collection":[{"href":"https:\/\/www.ucaldas.edu.co\/portal\/wp-json\/wp\/v2\/posts"}],"about":[{"href":"https:\/\/www.ucaldas.edu.co\/portal\/wp-json\/wp\/v2\/types\/post"}],"author":[{"embeddable":true,"href":"https:\/\/www.ucaldas.edu.co\/portal\/wp-json\/wp\/v2\/users\/2"}],"replies":[{"embeddable":true,"href":"https:\/\/www.ucaldas.edu.co\/portal\/wp-json\/wp\/v2\/comments?post=37547"}],"version-history":[{"count":0,"href":"https:\/\/www.ucaldas.edu.co\/portal\/wp-json\/wp\/v2\/posts\/37547\/revisions"}],"wp:featuredmedia":[{"embeddable":true,"href":"https:\/\/www.ucaldas.edu.co\/portal\/wp-json\/wp\/v2\/media\/37548"}],"wp:attachment":[{"href":"https:\/\/www.ucaldas.edu.co\/portal\/wp-json\/wp\/v2\/media?parent=37547"}],"wp:term":[{"taxonomy":"category","embeddable":true,"href":"https:\/\/www.ucaldas.edu.co\/portal\/wp-json\/wp\/v2\/categories?post=37547"},{"taxonomy":"post_tag","embeddable":true,"href":"https:\/\/www.ucaldas.edu.co\/portal\/wp-json\/wp\/v2\/tags?post=37547"}],"curies":[{"name":"wp","href":"https:\/\/api.w.org\/{rel}","templated":true}]}}