{"id":37495,"date":"2017-09-04T20:52:53","date_gmt":"2017-09-04T20:52:53","guid":{"rendered":"https:\/\/www.ucaldas.edu.co\/portal\/?p=37495"},"modified":"2017-09-04T20:52:53","modified_gmt":"2017-09-04T20:52:53","slug":"u-de-caldas-prepara-a-sus-estudiantes-para-la-vida-laboral","status":"publish","type":"post","link":"https:\/\/www.ucaldas.edu.co\/portal\/u-de-caldas-prepara-a-sus-estudiantes-para-la-vida-laboral\/","title":{"rendered":"U. de Caldas prepara a sus estudiantes para la vida laboral"},"content":{"rendered":"<p style=\"text-align: center;\">JORNADAS ORGANIZADAS POR VICERRECTOR\u00cdA DE PROYECCI\u00d3N UNIVERSITARIA Y OFICINA DE EGRESADOS<\/p>\n<p style=\"text-align: center;\"><strong>U. de Caldas prepara a sus estudiantes para la vida laboral<\/strong><\/p>\n<p style=\"text-align: right;\">4\/09\/2017<\/p>\n<p><strong><img loading=\"lazy\" decoding=\"async\" class=\"alignnone size-medium wp-image-37497 aligncenter\" src=\"https:\/\/www.ucaldas.edu.co\/portal\/wp-content\/uploads\/2017\/09\/vidal-compressor-300x171.jpg\" alt=\"\" width=\"300\" height=\"171\" srcset=\"https:\/\/www.ucaldas.edu.co\/portal\/wp-content\/uploads\/2017\/09\/vidal-compressor-300x171.jpg 300w, https:\/\/www.ucaldas.edu.co\/portal\/wp-content\/uploads\/2017\/09\/vidal-compressor.jpg 700w\" sizes=\"auto, (max-width: 300px) 100vw, 300px\" \/>Estudiantes de las facultades de Ciencias para la Salud y de Ingenier\u00edas<\/strong> de la Universidad de Caldas <strong>participaron<\/strong> el pasado 31 de agosto y 1 de septiembre del 2017 en las <strong>Jornadas Institucionales de Preparaci\u00f3n para la vida Laboral.<\/strong><\/p>\n<p><!--more--><\/p>\n<p>Esta es una <strong>invitaci\u00f3n de la Vicerrector\u00eda de Proyecci\u00f3n Universitaria y la Oficina de Egresados de la U. de Caldas,<\/strong> para entregarles a los estudiantes que est\u00e1n pr\u00f3ximos a graduarse herramientas para la inserci\u00f3n laboral en temas fundamentales como preparaci\u00f3n de la hoja de vida y portafolio de servicios, tipos y t\u00e9cnicas para enfrentar las pruebas psicot\u00e9cnicas y entrevista.<\/p>\n<p>&nbsp;<\/p>\n<p>Felipe C\u00e9sar Londo\u00f1o L\u00f3pez, <strong>Rector de la U. de Caldas, dio apertura a las jornadas y expres\u00f3<\/strong>: \u201c<strong>este es otro logro que ha tenido la Oficina de Egresados en su preocupaci\u00f3n de trabajar desde el inicio<\/strong> con los estudiantes de la Universidad, para que sepan de una manera clara y directa c\u00f3mo insertarse en las din\u00e1micas de la econom\u00eda\u201d.<\/p>\n<p>&nbsp;<\/p>\n<p>Londo\u00f1o L\u00f3pez <strong>hizo un reconocimiento a la Oficina de Egresados por esta apuesta<\/strong>, que permite aportar al desarrollo de la regi\u00f3n.<\/p>\n<p>&nbsp;<\/p>\n<p>Por otra parte, Lady Casta\u00f1o Mu\u00f1oz, <strong>psic\u00f3loga docente del Curso Competencias Laborales, <\/strong>explic\u00f3 que las <strong>jornadas <\/strong>est\u00e1n<strong> dise\u00f1adas para que los j\u00f3venes tengan herramientas para tener una excelente hoja de vida y proceso de selecci\u00f3n.<\/strong><\/p>\n<p>&nbsp;<\/p>\n<p><strong>Programaci\u00f3n: <\/strong><\/p>\n<p><strong>Facultad de Ciencias Jur\u00eddicas y Sociales:<\/strong> 7 y 8 de septiembre del 2017.<\/p>\n<p><strong>Hora:<\/strong> de 8:00 a.m. a 12:00 m. y de 2:00 p.m. a 5:00 p.m.<\/p>\n<p><strong>Lugar:<\/strong> Escuela Superior de Administraci\u00f3n P\u00fablica (ESAP).<\/p>\n<p><strong>Nota:<\/strong> se cuenta con permiso acad\u00e9mico para participar en las jornadas.<\/p>\n<p>&nbsp;<\/p>\n<p><a href=\"https:\/\/www.facebook.com\/media\/set\/?set=a.1532054916856368.1073745600.107054166023124&amp;type=1&amp;l=f8439b24d4\">Conozca im\u00e1genes de las Jornadas Institucionales de Preparaci\u00f3n para la vida Laboral<\/a><\/p>\n<p>&nbsp;<\/p>\n<p><strong>Informes:<\/strong> Oficina de Egresados U. de Caldas, tel\u00e9fono 878 15 07.<\/p>\n<p><strong>Redacci\u00f3n:<\/strong> Margarita Laverde<\/p>\n<p>&nbsp;<\/p>\n","protected":false},"excerpt":{"rendered":"<p>JORNADAS ORGANIZADAS POR VICERRECTOR\u00cdA DE PROYECCI\u00d3N UNIVERSITARIA Y OFICINA DE EGRESADOS U. de Caldas prepara a sus estudiantes para la vida laboral 4\/09\/2017 Estudiantes de las facultades de Ciencias para la Salud y de Ingenier\u00edas de la Universidad de Caldas participaron el pasado 31 de agosto y 1 de septiembre del 2017 en las Jornadas [&hellip;]<\/p>\n","protected":false},"author":2,"featured_media":37497,"comment_status":"closed","ping_status":"open","sticky":false,"template":"","format":"standard","meta":{"footnotes":""},"categories":[48,53,617],"tags":[63,277,476,477],"class_list":["post-37495","post","type-post","status-publish","format-standard","has-post-thumbnail","hentry","category-actualidad","category-universidad-al-dia","category-ucaldas-colaborativa","tag-participe","tag-jornada","tag-preparacion","tag-vida-laboral"],"yoast_head":"<!-- This site is optimized with the Yoast SEO plugin v27.5 - https:\/\/yoast.com\/product\/yoast-seo-wordpress\/ -->\n<title>U. de Caldas prepara a sus estudiantes para la vida laboral .<\/title>\n<meta name=\"robots\" content=\"index, follow, max-snippet:-1, max-image-preview:large, max-video-preview:-1\" \/>\n<link rel=\"canonical\" href=\"https:\/\/www.ucaldas.edu.co\/portal\/u-de-caldas-prepara-a-sus-estudiantes-para-la-vida-laboral\/\" \/>\n<script type=\"application\/ld+json\" class=\"yoast-schema-graph\">{\"@context\":\"https:\\\/\\\/schema.org\",\"@graph\":[{\"@type\":\"Article\",\"@id\":\"https:\\\/\\\/www.ucaldas.edu.co\\\/portal\\\/u-de-caldas-prepara-a-sus-estudiantes-para-la-vida-laboral\\\/#article\",\"isPartOf\":{\"@id\":\"https:\\\/\\\/www.ucaldas.edu.co\\\/portal\\\/u-de-caldas-prepara-a-sus-estudiantes-para-la-vida-laboral\\\/\"},\"author\":{\"name\":\"ofiprensa\",\"@id\":\"https:\\\/\\\/www.ucaldas.edu.co\\\/portal\\\/#\\\/schema\\\/person\\\/a1b482e23449158b4bc319926c074fdf\"},\"headline\":\"U. de Caldas prepara a sus estudiantes para la vida laboral\",\"datePublished\":\"2017-09-04T20:52:53+00:00\",\"mainEntityOfPage\":{\"@id\":\"https:\\\/\\\/www.ucaldas.edu.co\\\/portal\\\/u-de-caldas-prepara-a-sus-estudiantes-para-la-vida-laboral\\\/\"},\"wordCount\":354,\"publisher\":{\"@id\":\"https:\\\/\\\/www.ucaldas.edu.co\\\/portal\\\/#organization\"},\"image\":{\"@id\":\"https:\\\/\\\/www.ucaldas.edu.co\\\/portal\\\/u-de-caldas-prepara-a-sus-estudiantes-para-la-vida-laboral\\\/#primaryimage\"},\"thumbnailUrl\":\"https:\\\/\\\/www.ucaldas.edu.co\\\/portal\\\/wp-content\\\/uploads\\\/2017\\\/09\\\/vidal-compressor.jpg\",\"keywords\":[\"Participe\",\"jornada\",\"preparaci\u00f3n\",\"vida laboral\"],\"articleSection\":[\"Actualidad\",\"Universidad al D\u00eda\",\"UCaldas Colaborativa\"],\"inLanguage\":\"es\"},{\"@type\":\"WebPage\",\"@id\":\"https:\\\/\\\/www.ucaldas.edu.co\\\/portal\\\/u-de-caldas-prepara-a-sus-estudiantes-para-la-vida-laboral\\\/\",\"url\":\"https:\\\/\\\/www.ucaldas.edu.co\\\/portal\\\/u-de-caldas-prepara-a-sus-estudiantes-para-la-vida-laboral\\\/\",\"name\":\"U. de Caldas prepara a sus estudiantes para la vida laboral .\",\"isPartOf\":{\"@id\":\"https:\\\/\\\/www.ucaldas.edu.co\\\/portal\\\/#website\"},\"primaryImageOfPage\":{\"@id\":\"https:\\\/\\\/www.ucaldas.edu.co\\\/portal\\\/u-de-caldas-prepara-a-sus-estudiantes-para-la-vida-laboral\\\/#primaryimage\"},\"image\":{\"@id\":\"https:\\\/\\\/www.ucaldas.edu.co\\\/portal\\\/u-de-caldas-prepara-a-sus-estudiantes-para-la-vida-laboral\\\/#primaryimage\"},\"thumbnailUrl\":\"https:\\\/\\\/www.ucaldas.edu.co\\\/portal\\\/wp-content\\\/uploads\\\/2017\\\/09\\\/vidal-compressor.jpg\",\"datePublished\":\"2017-09-04T20:52:53+00:00\",\"breadcrumb\":{\"@id\":\"https:\\\/\\\/www.ucaldas.edu.co\\\/portal\\\/u-de-caldas-prepara-a-sus-estudiantes-para-la-vida-laboral\\\/#breadcrumb\"},\"inLanguage\":\"es\",\"potentialAction\":[{\"@type\":\"ReadAction\",\"target\":[\"https:\\\/\\\/www.ucaldas.edu.co\\\/portal\\\/u-de-caldas-prepara-a-sus-estudiantes-para-la-vida-laboral\\\/\"]}]},{\"@type\":\"ImageObject\",\"inLanguage\":\"es\",\"@id\":\"https:\\\/\\\/www.ucaldas.edu.co\\\/portal\\\/u-de-caldas-prepara-a-sus-estudiantes-para-la-vida-laboral\\\/#primaryimage\",\"url\":\"https:\\\/\\\/www.ucaldas.edu.co\\\/portal\\\/wp-content\\\/uploads\\\/2017\\\/09\\\/vidal-compressor.jpg\",\"contentUrl\":\"https:\\\/\\\/www.ucaldas.edu.co\\\/portal\\\/wp-content\\\/uploads\\\/2017\\\/09\\\/vidal-compressor.jpg\",\"width\":700,\"height\":400},{\"@type\":\"BreadcrumbList\",\"@id\":\"https:\\\/\\\/www.ucaldas.edu.co\\\/portal\\\/u-de-caldas-prepara-a-sus-estudiantes-para-la-vida-laboral\\\/#breadcrumb\",\"itemListElement\":[{\"@type\":\"ListItem\",\"position\":1,\"name\":\"Portada\",\"item\":\"https:\\\/\\\/www.ucaldas.edu.co\\\/portal\\\/\"},{\"@type\":\"ListItem\",\"position\":2,\"name\":\"U. de Caldas prepara a sus estudiantes para la vida laboral\"}]},{\"@type\":\"WebSite\",\"@id\":\"https:\\\/\\\/www.ucaldas.edu.co\\\/portal\\\/#website\",\"url\":\"https:\\\/\\\/www.ucaldas.edu.co\\\/portal\\\/\",\"name\":\"Universidad de Caldas\",\"description\":\"\",\"publisher\":{\"@id\":\"https:\\\/\\\/www.ucaldas.edu.co\\\/portal\\\/#organization\"},\"alternateName\":\"U. de Caldas\",\"potentialAction\":[{\"@type\":\"SearchAction\",\"target\":{\"@type\":\"EntryPoint\",\"urlTemplate\":\"https:\\\/\\\/www.ucaldas.edu.co\\\/portal\\\/?s={search_term_string}\"},\"query-input\":{\"@type\":\"PropertyValueSpecification\",\"valueRequired\":true,\"valueName\":\"search_term_string\"}}],\"inLanguage\":\"es\"},{\"@type\":\"Organization\",\"@id\":\"https:\\\/\\\/www.ucaldas.edu.co\\\/portal\\\/#organization\",\"name\":\"Universidad de Caldas\",\"alternateName\":\"U. de Caldas\",\"url\":\"https:\\\/\\\/www.ucaldas.edu.co\\\/portal\\\/\",\"logo\":{\"@type\":\"ImageObject\",\"inLanguage\":\"es\",\"@id\":\"https:\\\/\\\/www.ucaldas.edu.co\\\/portal\\\/#\\\/schema\\\/logo\\\/image\\\/\",\"url\":\"https:\\\/\\\/www.ucaldas.edu.co\\\/portal\\\/wp-content\\\/uploads\\\/2023\\\/11\\\/Logo_horizontal_oscuroU-2023.png\",\"contentUrl\":\"https:\\\/\\\/www.ucaldas.edu.co\\\/portal\\\/wp-content\\\/uploads\\\/2023\\\/11\\\/Logo_horizontal_oscuroU-2023.png\",\"width\":263,\"height\":101,\"caption\":\"Universidad de Caldas\"},\"image\":{\"@id\":\"https:\\\/\\\/www.ucaldas.edu.co\\\/portal\\\/#\\\/schema\\\/logo\\\/image\\\/\"},\"sameAs\":[\"https:\\\/\\\/www.facebook.com\\\/udecaldas\",\"https:\\\/\\\/x.com\\\/udecaldas\",\"https:\\\/\\\/www.youtube.com\\\/universidadcaldas\",\"https:\\\/\\\/www.instagram.com\\\/udecaldas\\\/\"]},{\"@type\":\"Person\",\"@id\":\"https:\\\/\\\/www.ucaldas.edu.co\\\/portal\\\/#\\\/schema\\\/person\\\/a1b482e23449158b4bc319926c074fdf\",\"name\":\"ofiprensa\",\"image\":{\"@type\":\"ImageObject\",\"inLanguage\":\"es\",\"@id\":\"https:\\\/\\\/www.ucaldas.edu.co\\\/portal\\\/wp-content\\\/litespeed\\\/avatar\\\/09ea5085e600095a7a811142c6944527.jpg?ver=1777497608\",\"url\":\"https:\\\/\\\/www.ucaldas.edu.co\\\/portal\\\/wp-content\\\/litespeed\\\/avatar\\\/09ea5085e600095a7a811142c6944527.jpg?ver=1777497608\",\"contentUrl\":\"https:\\\/\\\/www.ucaldas.edu.co\\\/portal\\\/wp-content\\\/litespeed\\\/avatar\\\/09ea5085e600095a7a811142c6944527.jpg?ver=1777497608\",\"caption\":\"ofiprensa\"},\"url\":\"https:\\\/\\\/www.ucaldas.edu.co\\\/portal\\\/author\\\/ofiprensa\\\/\"}]}<\/script>\n<!-- \/ Yoast SEO plugin. -->","yoast_head_json":{"title":"U. de Caldas prepara a sus estudiantes para la vida laboral .","robots":{"index":"index","follow":"follow","max-snippet":"max-snippet:-1","max-image-preview":"max-image-preview:large","max-video-preview":"max-video-preview:-1"},"canonical":"https:\/\/www.ucaldas.edu.co\/portal\/u-de-caldas-prepara-a-sus-estudiantes-para-la-vida-laboral\/","schema":{"@context":"https:\/\/schema.org","@graph":[{"@type":"Article","@id":"https:\/\/www.ucaldas.edu.co\/portal\/u-de-caldas-prepara-a-sus-estudiantes-para-la-vida-laboral\/#article","isPartOf":{"@id":"https:\/\/www.ucaldas.edu.co\/portal\/u-de-caldas-prepara-a-sus-estudiantes-para-la-vida-laboral\/"},"author":{"name":"ofiprensa","@id":"https:\/\/www.ucaldas.edu.co\/portal\/#\/schema\/person\/a1b482e23449158b4bc319926c074fdf"},"headline":"U. de Caldas prepara a sus estudiantes para la vida laboral","datePublished":"2017-09-04T20:52:53+00:00","mainEntityOfPage":{"@id":"https:\/\/www.ucaldas.edu.co\/portal\/u-de-caldas-prepara-a-sus-estudiantes-para-la-vida-laboral\/"},"wordCount":354,"publisher":{"@id":"https:\/\/www.ucaldas.edu.co\/portal\/#organization"},"image":{"@id":"https:\/\/www.ucaldas.edu.co\/portal\/u-de-caldas-prepara-a-sus-estudiantes-para-la-vida-laboral\/#primaryimage"},"thumbnailUrl":"https:\/\/www.ucaldas.edu.co\/portal\/wp-content\/uploads\/2017\/09\/vidal-compressor.jpg","keywords":["Participe","jornada","preparaci\u00f3n","vida laboral"],"articleSection":["Actualidad","Universidad al D\u00eda","UCaldas Colaborativa"],"inLanguage":"es"},{"@type":"WebPage","@id":"https:\/\/www.ucaldas.edu.co\/portal\/u-de-caldas-prepara-a-sus-estudiantes-para-la-vida-laboral\/","url":"https:\/\/www.ucaldas.edu.co\/portal\/u-de-caldas-prepara-a-sus-estudiantes-para-la-vida-laboral\/","name":"U. de Caldas prepara a sus estudiantes para la vida laboral .","isPartOf":{"@id":"https:\/\/www.ucaldas.edu.co\/portal\/#website"},"primaryImageOfPage":{"@id":"https:\/\/www.ucaldas.edu.co\/portal\/u-de-caldas-prepara-a-sus-estudiantes-para-la-vida-laboral\/#primaryimage"},"image":{"@id":"https:\/\/www.ucaldas.edu.co\/portal\/u-de-caldas-prepara-a-sus-estudiantes-para-la-vida-laboral\/#primaryimage"},"thumbnailUrl":"https:\/\/www.ucaldas.edu.co\/portal\/wp-content\/uploads\/2017\/09\/vidal-compressor.jpg","datePublished":"2017-09-04T20:52:53+00:00","breadcrumb":{"@id":"https:\/\/www.ucaldas.edu.co\/portal\/u-de-caldas-prepara-a-sus-estudiantes-para-la-vida-laboral\/#breadcrumb"},"inLanguage":"es","potentialAction":[{"@type":"ReadAction","target":["https:\/\/www.ucaldas.edu.co\/portal\/u-de-caldas-prepara-a-sus-estudiantes-para-la-vida-laboral\/"]}]},{"@type":"ImageObject","inLanguage":"es","@id":"https:\/\/www.ucaldas.edu.co\/portal\/u-de-caldas-prepara-a-sus-estudiantes-para-la-vida-laboral\/#primaryimage","url":"https:\/\/www.ucaldas.edu.co\/portal\/wp-content\/uploads\/2017\/09\/vidal-compressor.jpg","contentUrl":"https:\/\/www.ucaldas.edu.co\/portal\/wp-content\/uploads\/2017\/09\/vidal-compressor.jpg","width":700,"height":400},{"@type":"BreadcrumbList","@id":"https:\/\/www.ucaldas.edu.co\/portal\/u-de-caldas-prepara-a-sus-estudiantes-para-la-vida-laboral\/#breadcrumb","itemListElement":[{"@type":"ListItem","position":1,"name":"Portada","item":"https:\/\/www.ucaldas.edu.co\/portal\/"},{"@type":"ListItem","position":2,"name":"U. de Caldas prepara a sus estudiantes para la vida laboral"}]},{"@type":"WebSite","@id":"https:\/\/www.ucaldas.edu.co\/portal\/#website","url":"https:\/\/www.ucaldas.edu.co\/portal\/","name":"Universidad de Caldas","description":"","publisher":{"@id":"https:\/\/www.ucaldas.edu.co\/portal\/#organization"},"alternateName":"U. de Caldas","potentialAction":[{"@type":"SearchAction","target":{"@type":"EntryPoint","urlTemplate":"https:\/\/www.ucaldas.edu.co\/portal\/?s={search_term_string}"},"query-input":{"@type":"PropertyValueSpecification","valueRequired":true,"valueName":"search_term_string"}}],"inLanguage":"es"},{"@type":"Organization","@id":"https:\/\/www.ucaldas.edu.co\/portal\/#organization","name":"Universidad de Caldas","alternateName":"U. de Caldas","url":"https:\/\/www.ucaldas.edu.co\/portal\/","logo":{"@type":"ImageObject","inLanguage":"es","@id":"https:\/\/www.ucaldas.edu.co\/portal\/#\/schema\/logo\/image\/","url":"https:\/\/www.ucaldas.edu.co\/portal\/wp-content\/uploads\/2023\/11\/Logo_horizontal_oscuroU-2023.png","contentUrl":"https:\/\/www.ucaldas.edu.co\/portal\/wp-content\/uploads\/2023\/11\/Logo_horizontal_oscuroU-2023.png","width":263,"height":101,"caption":"Universidad de Caldas"},"image":{"@id":"https:\/\/www.ucaldas.edu.co\/portal\/#\/schema\/logo\/image\/"},"sameAs":["https:\/\/www.facebook.com\/udecaldas","https:\/\/x.com\/udecaldas","https:\/\/www.youtube.com\/universidadcaldas","https:\/\/www.instagram.com\/udecaldas\/"]},{"@type":"Person","@id":"https:\/\/www.ucaldas.edu.co\/portal\/#\/schema\/person\/a1b482e23449158b4bc319926c074fdf","name":"ofiprensa","image":{"@type":"ImageObject","inLanguage":"es","@id":"https:\/\/www.ucaldas.edu.co\/portal\/wp-content\/litespeed\/avatar\/09ea5085e600095a7a811142c6944527.jpg?ver=1777497608","url":"https:\/\/www.ucaldas.edu.co\/portal\/wp-content\/litespeed\/avatar\/09ea5085e600095a7a811142c6944527.jpg?ver=1777497608","contentUrl":"https:\/\/www.ucaldas.edu.co\/portal\/wp-content\/litespeed\/avatar\/09ea5085e600095a7a811142c6944527.jpg?ver=1777497608","caption":"ofiprensa"},"url":"https:\/\/www.ucaldas.edu.co\/portal\/author\/ofiprensa\/"}]}},"_links":{"self":[{"href":"https:\/\/www.ucaldas.edu.co\/portal\/wp-json\/wp\/v2\/posts\/37495","targetHints":{"allow":["GET"]}}],"collection":[{"href":"https:\/\/www.ucaldas.edu.co\/portal\/wp-json\/wp\/v2\/posts"}],"about":[{"href":"https:\/\/www.ucaldas.edu.co\/portal\/wp-json\/wp\/v2\/types\/post"}],"author":[{"embeddable":true,"href":"https:\/\/www.ucaldas.edu.co\/portal\/wp-json\/wp\/v2\/users\/2"}],"replies":[{"embeddable":true,"href":"https:\/\/www.ucaldas.edu.co\/portal\/wp-json\/wp\/v2\/comments?post=37495"}],"version-history":[{"count":0,"href":"https:\/\/www.ucaldas.edu.co\/portal\/wp-json\/wp\/v2\/posts\/37495\/revisions"}],"wp:featuredmedia":[{"embeddable":true,"href":"https:\/\/www.ucaldas.edu.co\/portal\/wp-json\/wp\/v2\/media\/37497"}],"wp:attachment":[{"href":"https:\/\/www.ucaldas.edu.co\/portal\/wp-json\/wp\/v2\/media?parent=37495"}],"wp:term":[{"taxonomy":"category","embeddable":true,"href":"https:\/\/www.ucaldas.edu.co\/portal\/wp-json\/wp\/v2\/categories?post=37495"},{"taxonomy":"post_tag","embeddable":true,"href":"https:\/\/www.ucaldas.edu.co\/portal\/wp-json\/wp\/v2\/tags?post=37495"}],"curies":[{"name":"wp","href":"https:\/\/api.w.org\/{rel}","templated":true}]}}