{"id":37449,"date":"2017-08-31T19:42:47","date_gmt":"2017-08-31T19:42:47","guid":{"rendered":"https:\/\/www.ucaldas.edu.co\/portal\/?p=37449"},"modified":"2017-08-31T19:43:31","modified_gmt":"2017-08-31T19:43:31","slug":"editorial-u-caldas-estuvo-presente-en-la-feria-internacional-del-libro-universitario-2017","status":"publish","type":"post","link":"https:\/\/www.ucaldas.edu.co\/portal\/editorial-u-caldas-estuvo-presente-en-la-feria-internacional-del-libro-universitario-2017\/","title":{"rendered":"Editorial U. Caldas estuvo presente en la Feria Internacional del Libro Universitario 2017, en M\u00e9xico"},"content":{"rendered":"<p style=\"text-align: center;\">EN LA UNIVERSIDAD NACIONAL AUT\u00d3NOMA DE M\u00c9XICO<\/p>\n<p style=\"text-align: center;\"><strong>Editorial U. Caldas estuvo presente en la Feria Internacional del Libro Universitario 2017, en M\u00e9xico\u00a0<\/strong><\/p>\n<p style=\"text-align: right;\">31\/08\/2017<\/p>\n<p><img loading=\"lazy\" decoding=\"async\" class=\"alignnone size-medium wp-image-37450 aligncenter\" src=\"https:\/\/www.ucaldas.edu.co\/portal\/wp-content\/uploads\/2017\/08\/Filuni-3-compressor-300x171.jpg\" alt=\"\" width=\"300\" height=\"171\" srcset=\"https:\/\/www.ucaldas.edu.co\/portal\/wp-content\/uploads\/2017\/08\/Filuni-3-compressor-300x171.jpg 300w, https:\/\/www.ucaldas.edu.co\/portal\/wp-content\/uploads\/2017\/08\/Filuni-3-compressor.jpg 700w\" sizes=\"auto, (max-width: 300px) 100vw, 300px\" \/>Del 22 al 27 de agosto del 2017 se realiz\u00f3 en la Universidad Nacional Aut\u00f3noma de M\u00e9xico la <strong>primera Feria Internacional del Libro Universitario, la muestra m\u00e1s importante en su tipo en Iberoam\u00e9rica.<\/strong> La Feria cont\u00f3 con 40 editoriales universitarias de 12 pa\u00edses representadas en 66 estands y reuni\u00f3 a 300 profesionales del libro de 9 pa\u00edses con 200 actividades profesionales, culturales y acad\u00e9micas.<\/p>\n<p><!--more--><\/p>\n<p>El <strong>Sello Editorial de la U. de Caldas particip\u00f3 en el estand de Colombia junto con otras 30 editoriales colombianas <\/strong>agrupadas en la Asociaci\u00f3n de Editoriales Universitarias de Colombia (Aseuc). Cont\u00f3 con una muestra conformada por 45 t\u00edtulos publicados en las diferentes l\u00edneas editoriales.<\/p>\n<p>&nbsp;<\/p>\n<p>\u201c<strong>Estos espacios consolidan el prestigio de nuestro sello editorial y permiten la promoci\u00f3n y circulaci\u00f3n internacional<\/strong> de autores y obras en bases de datos, librer\u00edas y bibliotecas especializadas\u201d, expres\u00f3 Luis Miguel Gallego Sep\u00falveda, Editor de la U. de Caldas.<\/p>\n<p>&nbsp;<\/p>\n<p><strong>Informes:<\/strong> Oficina de Comunicaciones y Prensa U. de Caldas, tel\u00e9fono 878 15 00 extensi\u00f3n 12 167.<\/p>\n<p><strong>Redacci\u00f3n:<\/strong> Margarita Laverde<\/p>\n<p>&nbsp;<\/p>\n","protected":false},"excerpt":{"rendered":"<p>EN LA UNIVERSIDAD NACIONAL AUT\u00d3NOMA DE M\u00c9XICO Editorial U. Caldas estuvo presente en la Feria Internacional del Libro Universitario 2017, en M\u00e9xico\u00a0 31\/08\/2017 Del 22 al 27 de agosto del 2017 se realiz\u00f3 en la Universidad Nacional Aut\u00f3noma de M\u00e9xico la primera Feria Internacional del Libro Universitario, la muestra m\u00e1s importante en su tipo en [&hellip;]<\/p>\n","protected":false},"author":2,"featured_media":37450,"comment_status":"closed","ping_status":"open","sticky":false,"template":"","format":"standard","meta":{"footnotes":""},"categories":[48,53,614,624],"tags":[73,95,138,2344,2345],"class_list":["post-37449","post","type-post","status-publish","format-standard","has-post-thumbnail","hentry","category-actualidad","category-universidad-al-dia","category-ucaldas-internacional","category-ucaldas-activa","tag-proyeccion","tag-universidad-de-caldas","tag-mexico","tag-sello-editorial","tag-feria-internacional-del-libro-universitario"],"yoast_head":"<!-- This site is optimized with the Yoast SEO plugin v27.5 - https:\/\/yoast.com\/product\/yoast-seo-wordpress\/ -->\n<title>Editorial U. Caldas estuvo presente en la Feria Internacional del Libro Universitario 2017, en M\u00e9xico .<\/title>\n<meta name=\"robots\" content=\"index, follow, max-snippet:-1, max-image-preview:large, max-video-preview:-1\" \/>\n<link rel=\"canonical\" href=\"https:\/\/www.ucaldas.edu.co\/portal\/editorial-u-caldas-estuvo-presente-en-la-feria-internacional-del-libro-universitario-2017\/\" \/>\n<script type=\"application\/ld+json\" class=\"yoast-schema-graph\">{\"@context\":\"https:\\\/\\\/schema.org\",\"@graph\":[{\"@type\":\"Article\",\"@id\":\"https:\\\/\\\/www.ucaldas.edu.co\\\/portal\\\/editorial-u-caldas-estuvo-presente-en-la-feria-internacional-del-libro-universitario-2017\\\/#article\",\"isPartOf\":{\"@id\":\"https:\\\/\\\/www.ucaldas.edu.co\\\/portal\\\/editorial-u-caldas-estuvo-presente-en-la-feria-internacional-del-libro-universitario-2017\\\/\"},\"author\":{\"name\":\"ofiprensa\",\"@id\":\"https:\\\/\\\/www.ucaldas.edu.co\\\/portal\\\/#\\\/schema\\\/person\\\/a1b482e23449158b4bc319926c074fdf\"},\"headline\":\"Editorial U. Caldas estuvo presente en la Feria Internacional del Libro Universitario 2017, en M\u00e9xico\",\"datePublished\":\"2017-08-31T19:42:47+00:00\",\"dateModified\":\"2017-08-31T19:43:31+00:00\",\"mainEntityOfPage\":{\"@id\":\"https:\\\/\\\/www.ucaldas.edu.co\\\/portal\\\/editorial-u-caldas-estuvo-presente-en-la-feria-internacional-del-libro-universitario-2017\\\/\"},\"wordCount\":209,\"publisher\":{\"@id\":\"https:\\\/\\\/www.ucaldas.edu.co\\\/portal\\\/#organization\"},\"image\":{\"@id\":\"https:\\\/\\\/www.ucaldas.edu.co\\\/portal\\\/editorial-u-caldas-estuvo-presente-en-la-feria-internacional-del-libro-universitario-2017\\\/#primaryimage\"},\"thumbnailUrl\":\"https:\\\/\\\/www.ucaldas.edu.co\\\/portal\\\/wp-content\\\/uploads\\\/2017\\\/08\\\/Filuni-3-compressor.jpg\",\"keywords\":[\"Proyecci\u00f3n\",\"Universidad De Caldas\",\"M\u00e9xico\",\"Sello Editorial\",\"Feria Internacional del Libro Universitario\"],\"articleSection\":[\"Actualidad\",\"Universidad al D\u00eda\",\"Ucaldas Internacional\",\"UCaldas Activa\"],\"inLanguage\":\"es\"},{\"@type\":\"WebPage\",\"@id\":\"https:\\\/\\\/www.ucaldas.edu.co\\\/portal\\\/editorial-u-caldas-estuvo-presente-en-la-feria-internacional-del-libro-universitario-2017\\\/\",\"url\":\"https:\\\/\\\/www.ucaldas.edu.co\\\/portal\\\/editorial-u-caldas-estuvo-presente-en-la-feria-internacional-del-libro-universitario-2017\\\/\",\"name\":\"Editorial U. Caldas estuvo presente en la Feria Internacional del Libro Universitario 2017, en M\u00e9xico .\",\"isPartOf\":{\"@id\":\"https:\\\/\\\/www.ucaldas.edu.co\\\/portal\\\/#website\"},\"primaryImageOfPage\":{\"@id\":\"https:\\\/\\\/www.ucaldas.edu.co\\\/portal\\\/editorial-u-caldas-estuvo-presente-en-la-feria-internacional-del-libro-universitario-2017\\\/#primaryimage\"},\"image\":{\"@id\":\"https:\\\/\\\/www.ucaldas.edu.co\\\/portal\\\/editorial-u-caldas-estuvo-presente-en-la-feria-internacional-del-libro-universitario-2017\\\/#primaryimage\"},\"thumbnailUrl\":\"https:\\\/\\\/www.ucaldas.edu.co\\\/portal\\\/wp-content\\\/uploads\\\/2017\\\/08\\\/Filuni-3-compressor.jpg\",\"datePublished\":\"2017-08-31T19:42:47+00:00\",\"dateModified\":\"2017-08-31T19:43:31+00:00\",\"breadcrumb\":{\"@id\":\"https:\\\/\\\/www.ucaldas.edu.co\\\/portal\\\/editorial-u-caldas-estuvo-presente-en-la-feria-internacional-del-libro-universitario-2017\\\/#breadcrumb\"},\"inLanguage\":\"es\",\"potentialAction\":[{\"@type\":\"ReadAction\",\"target\":[\"https:\\\/\\\/www.ucaldas.edu.co\\\/portal\\\/editorial-u-caldas-estuvo-presente-en-la-feria-internacional-del-libro-universitario-2017\\\/\"]}]},{\"@type\":\"ImageObject\",\"inLanguage\":\"es\",\"@id\":\"https:\\\/\\\/www.ucaldas.edu.co\\\/portal\\\/editorial-u-caldas-estuvo-presente-en-la-feria-internacional-del-libro-universitario-2017\\\/#primaryimage\",\"url\":\"https:\\\/\\\/www.ucaldas.edu.co\\\/portal\\\/wp-content\\\/uploads\\\/2017\\\/08\\\/Filuni-3-compressor.jpg\",\"contentUrl\":\"https:\\\/\\\/www.ucaldas.edu.co\\\/portal\\\/wp-content\\\/uploads\\\/2017\\\/08\\\/Filuni-3-compressor.jpg\",\"width\":700,\"height\":400},{\"@type\":\"BreadcrumbList\",\"@id\":\"https:\\\/\\\/www.ucaldas.edu.co\\\/portal\\\/editorial-u-caldas-estuvo-presente-en-la-feria-internacional-del-libro-universitario-2017\\\/#breadcrumb\",\"itemListElement\":[{\"@type\":\"ListItem\",\"position\":1,\"name\":\"Portada\",\"item\":\"https:\\\/\\\/www.ucaldas.edu.co\\\/portal\\\/\"},{\"@type\":\"ListItem\",\"position\":2,\"name\":\"Editorial U. Caldas estuvo presente en la Feria Internacional del Libro Universitario 2017, en M\u00e9xico\"}]},{\"@type\":\"WebSite\",\"@id\":\"https:\\\/\\\/www.ucaldas.edu.co\\\/portal\\\/#website\",\"url\":\"https:\\\/\\\/www.ucaldas.edu.co\\\/portal\\\/\",\"name\":\"Universidad de Caldas\",\"description\":\"\",\"publisher\":{\"@id\":\"https:\\\/\\\/www.ucaldas.edu.co\\\/portal\\\/#organization\"},\"alternateName\":\"U. de Caldas\",\"potentialAction\":[{\"@type\":\"SearchAction\",\"target\":{\"@type\":\"EntryPoint\",\"urlTemplate\":\"https:\\\/\\\/www.ucaldas.edu.co\\\/portal\\\/?s={search_term_string}\"},\"query-input\":{\"@type\":\"PropertyValueSpecification\",\"valueRequired\":true,\"valueName\":\"search_term_string\"}}],\"inLanguage\":\"es\"},{\"@type\":\"Organization\",\"@id\":\"https:\\\/\\\/www.ucaldas.edu.co\\\/portal\\\/#organization\",\"name\":\"Universidad de Caldas\",\"alternateName\":\"U. de Caldas\",\"url\":\"https:\\\/\\\/www.ucaldas.edu.co\\\/portal\\\/\",\"logo\":{\"@type\":\"ImageObject\",\"inLanguage\":\"es\",\"@id\":\"https:\\\/\\\/www.ucaldas.edu.co\\\/portal\\\/#\\\/schema\\\/logo\\\/image\\\/\",\"url\":\"https:\\\/\\\/www.ucaldas.edu.co\\\/portal\\\/wp-content\\\/uploads\\\/2023\\\/11\\\/Logo_horizontal_oscuroU-2023.png\",\"contentUrl\":\"https:\\\/\\\/www.ucaldas.edu.co\\\/portal\\\/wp-content\\\/uploads\\\/2023\\\/11\\\/Logo_horizontal_oscuroU-2023.png\",\"width\":263,\"height\":101,\"caption\":\"Universidad de Caldas\"},\"image\":{\"@id\":\"https:\\\/\\\/www.ucaldas.edu.co\\\/portal\\\/#\\\/schema\\\/logo\\\/image\\\/\"},\"sameAs\":[\"https:\\\/\\\/www.facebook.com\\\/udecaldas\",\"https:\\\/\\\/x.com\\\/udecaldas\",\"https:\\\/\\\/www.youtube.com\\\/universidadcaldas\",\"https:\\\/\\\/www.instagram.com\\\/udecaldas\\\/\"]},{\"@type\":\"Person\",\"@id\":\"https:\\\/\\\/www.ucaldas.edu.co\\\/portal\\\/#\\\/schema\\\/person\\\/a1b482e23449158b4bc319926c074fdf\",\"name\":\"ofiprensa\",\"image\":{\"@type\":\"ImageObject\",\"inLanguage\":\"es\",\"@id\":\"https:\\\/\\\/www.ucaldas.edu.co\\\/portal\\\/wp-content\\\/litespeed\\\/avatar\\\/09ea5085e600095a7a811142c6944527.jpg?ver=1777497608\",\"url\":\"https:\\\/\\\/www.ucaldas.edu.co\\\/portal\\\/wp-content\\\/litespeed\\\/avatar\\\/09ea5085e600095a7a811142c6944527.jpg?ver=1777497608\",\"contentUrl\":\"https:\\\/\\\/www.ucaldas.edu.co\\\/portal\\\/wp-content\\\/litespeed\\\/avatar\\\/09ea5085e600095a7a811142c6944527.jpg?ver=1777497608\",\"caption\":\"ofiprensa\"},\"url\":\"https:\\\/\\\/www.ucaldas.edu.co\\\/portal\\\/author\\\/ofiprensa\\\/\"}]}<\/script>\n<!-- \/ Yoast SEO plugin. -->","yoast_head_json":{"title":"Editorial U. Caldas estuvo presente en la Feria Internacional del Libro Universitario 2017, en M\u00e9xico .","robots":{"index":"index","follow":"follow","max-snippet":"max-snippet:-1","max-image-preview":"max-image-preview:large","max-video-preview":"max-video-preview:-1"},"canonical":"https:\/\/www.ucaldas.edu.co\/portal\/editorial-u-caldas-estuvo-presente-en-la-feria-internacional-del-libro-universitario-2017\/","schema":{"@context":"https:\/\/schema.org","@graph":[{"@type":"Article","@id":"https:\/\/www.ucaldas.edu.co\/portal\/editorial-u-caldas-estuvo-presente-en-la-feria-internacional-del-libro-universitario-2017\/#article","isPartOf":{"@id":"https:\/\/www.ucaldas.edu.co\/portal\/editorial-u-caldas-estuvo-presente-en-la-feria-internacional-del-libro-universitario-2017\/"},"author":{"name":"ofiprensa","@id":"https:\/\/www.ucaldas.edu.co\/portal\/#\/schema\/person\/a1b482e23449158b4bc319926c074fdf"},"headline":"Editorial U. Caldas estuvo presente en la Feria Internacional del Libro Universitario 2017, en M\u00e9xico","datePublished":"2017-08-31T19:42:47+00:00","dateModified":"2017-08-31T19:43:31+00:00","mainEntityOfPage":{"@id":"https:\/\/www.ucaldas.edu.co\/portal\/editorial-u-caldas-estuvo-presente-en-la-feria-internacional-del-libro-universitario-2017\/"},"wordCount":209,"publisher":{"@id":"https:\/\/www.ucaldas.edu.co\/portal\/#organization"},"image":{"@id":"https:\/\/www.ucaldas.edu.co\/portal\/editorial-u-caldas-estuvo-presente-en-la-feria-internacional-del-libro-universitario-2017\/#primaryimage"},"thumbnailUrl":"https:\/\/www.ucaldas.edu.co\/portal\/wp-content\/uploads\/2017\/08\/Filuni-3-compressor.jpg","keywords":["Proyecci\u00f3n","Universidad De Caldas","M\u00e9xico","Sello Editorial","Feria Internacional del Libro Universitario"],"articleSection":["Actualidad","Universidad al D\u00eda","Ucaldas Internacional","UCaldas Activa"],"inLanguage":"es"},{"@type":"WebPage","@id":"https:\/\/www.ucaldas.edu.co\/portal\/editorial-u-caldas-estuvo-presente-en-la-feria-internacional-del-libro-universitario-2017\/","url":"https:\/\/www.ucaldas.edu.co\/portal\/editorial-u-caldas-estuvo-presente-en-la-feria-internacional-del-libro-universitario-2017\/","name":"Editorial U. Caldas estuvo presente en la Feria Internacional del Libro Universitario 2017, en M\u00e9xico .","isPartOf":{"@id":"https:\/\/www.ucaldas.edu.co\/portal\/#website"},"primaryImageOfPage":{"@id":"https:\/\/www.ucaldas.edu.co\/portal\/editorial-u-caldas-estuvo-presente-en-la-feria-internacional-del-libro-universitario-2017\/#primaryimage"},"image":{"@id":"https:\/\/www.ucaldas.edu.co\/portal\/editorial-u-caldas-estuvo-presente-en-la-feria-internacional-del-libro-universitario-2017\/#primaryimage"},"thumbnailUrl":"https:\/\/www.ucaldas.edu.co\/portal\/wp-content\/uploads\/2017\/08\/Filuni-3-compressor.jpg","datePublished":"2017-08-31T19:42:47+00:00","dateModified":"2017-08-31T19:43:31+00:00","breadcrumb":{"@id":"https:\/\/www.ucaldas.edu.co\/portal\/editorial-u-caldas-estuvo-presente-en-la-feria-internacional-del-libro-universitario-2017\/#breadcrumb"},"inLanguage":"es","potentialAction":[{"@type":"ReadAction","target":["https:\/\/www.ucaldas.edu.co\/portal\/editorial-u-caldas-estuvo-presente-en-la-feria-internacional-del-libro-universitario-2017\/"]}]},{"@type":"ImageObject","inLanguage":"es","@id":"https:\/\/www.ucaldas.edu.co\/portal\/editorial-u-caldas-estuvo-presente-en-la-feria-internacional-del-libro-universitario-2017\/#primaryimage","url":"https:\/\/www.ucaldas.edu.co\/portal\/wp-content\/uploads\/2017\/08\/Filuni-3-compressor.jpg","contentUrl":"https:\/\/www.ucaldas.edu.co\/portal\/wp-content\/uploads\/2017\/08\/Filuni-3-compressor.jpg","width":700,"height":400},{"@type":"BreadcrumbList","@id":"https:\/\/www.ucaldas.edu.co\/portal\/editorial-u-caldas-estuvo-presente-en-la-feria-internacional-del-libro-universitario-2017\/#breadcrumb","itemListElement":[{"@type":"ListItem","position":1,"name":"Portada","item":"https:\/\/www.ucaldas.edu.co\/portal\/"},{"@type":"ListItem","position":2,"name":"Editorial U. Caldas estuvo presente en la Feria Internacional del Libro Universitario 2017, en M\u00e9xico"}]},{"@type":"WebSite","@id":"https:\/\/www.ucaldas.edu.co\/portal\/#website","url":"https:\/\/www.ucaldas.edu.co\/portal\/","name":"Universidad de Caldas","description":"","publisher":{"@id":"https:\/\/www.ucaldas.edu.co\/portal\/#organization"},"alternateName":"U. de Caldas","potentialAction":[{"@type":"SearchAction","target":{"@type":"EntryPoint","urlTemplate":"https:\/\/www.ucaldas.edu.co\/portal\/?s={search_term_string}"},"query-input":{"@type":"PropertyValueSpecification","valueRequired":true,"valueName":"search_term_string"}}],"inLanguage":"es"},{"@type":"Organization","@id":"https:\/\/www.ucaldas.edu.co\/portal\/#organization","name":"Universidad de Caldas","alternateName":"U. de Caldas","url":"https:\/\/www.ucaldas.edu.co\/portal\/","logo":{"@type":"ImageObject","inLanguage":"es","@id":"https:\/\/www.ucaldas.edu.co\/portal\/#\/schema\/logo\/image\/","url":"https:\/\/www.ucaldas.edu.co\/portal\/wp-content\/uploads\/2023\/11\/Logo_horizontal_oscuroU-2023.png","contentUrl":"https:\/\/www.ucaldas.edu.co\/portal\/wp-content\/uploads\/2023\/11\/Logo_horizontal_oscuroU-2023.png","width":263,"height":101,"caption":"Universidad de Caldas"},"image":{"@id":"https:\/\/www.ucaldas.edu.co\/portal\/#\/schema\/logo\/image\/"},"sameAs":["https:\/\/www.facebook.com\/udecaldas","https:\/\/x.com\/udecaldas","https:\/\/www.youtube.com\/universidadcaldas","https:\/\/www.instagram.com\/udecaldas\/"]},{"@type":"Person","@id":"https:\/\/www.ucaldas.edu.co\/portal\/#\/schema\/person\/a1b482e23449158b4bc319926c074fdf","name":"ofiprensa","image":{"@type":"ImageObject","inLanguage":"es","@id":"https:\/\/www.ucaldas.edu.co\/portal\/wp-content\/litespeed\/avatar\/09ea5085e600095a7a811142c6944527.jpg?ver=1777497608","url":"https:\/\/www.ucaldas.edu.co\/portal\/wp-content\/litespeed\/avatar\/09ea5085e600095a7a811142c6944527.jpg?ver=1777497608","contentUrl":"https:\/\/www.ucaldas.edu.co\/portal\/wp-content\/litespeed\/avatar\/09ea5085e600095a7a811142c6944527.jpg?ver=1777497608","caption":"ofiprensa"},"url":"https:\/\/www.ucaldas.edu.co\/portal\/author\/ofiprensa\/"}]}},"_links":{"self":[{"href":"https:\/\/www.ucaldas.edu.co\/portal\/wp-json\/wp\/v2\/posts\/37449","targetHints":{"allow":["GET"]}}],"collection":[{"href":"https:\/\/www.ucaldas.edu.co\/portal\/wp-json\/wp\/v2\/posts"}],"about":[{"href":"https:\/\/www.ucaldas.edu.co\/portal\/wp-json\/wp\/v2\/types\/post"}],"author":[{"embeddable":true,"href":"https:\/\/www.ucaldas.edu.co\/portal\/wp-json\/wp\/v2\/users\/2"}],"replies":[{"embeddable":true,"href":"https:\/\/www.ucaldas.edu.co\/portal\/wp-json\/wp\/v2\/comments?post=37449"}],"version-history":[{"count":0,"href":"https:\/\/www.ucaldas.edu.co\/portal\/wp-json\/wp\/v2\/posts\/37449\/revisions"}],"wp:featuredmedia":[{"embeddable":true,"href":"https:\/\/www.ucaldas.edu.co\/portal\/wp-json\/wp\/v2\/media\/37450"}],"wp:attachment":[{"href":"https:\/\/www.ucaldas.edu.co\/portal\/wp-json\/wp\/v2\/media?parent=37449"}],"wp:term":[{"taxonomy":"category","embeddable":true,"href":"https:\/\/www.ucaldas.edu.co\/portal\/wp-json\/wp\/v2\/categories?post=37449"},{"taxonomy":"post_tag","embeddable":true,"href":"https:\/\/www.ucaldas.edu.co\/portal\/wp-json\/wp\/v2\/tags?post=37449"}],"curies":[{"name":"wp","href":"https:\/\/api.w.org\/{rel}","templated":true}]}}