{"id":37411,"date":"2017-08-30T16:41:13","date_gmt":"2017-08-30T16:41:13","guid":{"rendered":"https:\/\/www.ucaldas.edu.co\/portal\/?p=37411"},"modified":"2017-08-30T16:41:13","modified_gmt":"2017-08-30T16:41:13","slug":"conversatorio-50-anos-de-trabajo-social-areas-de-intervencion-en-el-programa-de-trabajo-social-sep-5","status":"publish","type":"post","link":"https:\/\/www.ucaldas.edu.co\/portal\/conversatorio-50-anos-de-trabajo-social-areas-de-intervencion-en-el-programa-de-trabajo-social-sep-5\/","title":{"rendered":"Conversatorio 50 a\u00f1os de Trabajo Social: \u00c1reas de Intervenci\u00f3n en el Programa de Trabajo Social &#8211; sep 5"},"content":{"rendered":"<p><strong>Conversatorio 50 a\u00f1os de Trabajo Social: \u00c1reas de Intervenci\u00f3n en el Programa de Trabajo Social &#8211; sep 5<br \/>\nDescripci\u00f3n: <\/strong>evento que se realiza en la conmemoraci\u00f3n de los 50 a\u00f1os del Programa de Trabajo Social en la Universidad de Caldas. Para este conversatorio se tomar\u00e1 como referencia las \u00e1reas de intervenci\u00f3n profesional. El evento est\u00e1 dirigido a todos los estudiantes del programa de Trabajo Social y egresados.<\/p>\n<p>Fecha: martes 5 de septiembre del 2017.<\/p>\n<p><strong>Hora:<\/strong> de 8:00 a.m. a 12:00 m.<\/p>\n<p><strong>Lugar:<\/strong> Auditorio Tulio G\u00f3mez Estrada, Campus Palogrande U. de Caldas.<\/p>\n<p><strong>Entrada:<\/strong> libre.<\/p>\n<p><strong>Informes:<\/strong> en el correo electr\u00f3nico: tsocial@ucaldas.edu.co<\/p>\n<p>&nbsp;<\/p>\n","protected":false},"excerpt":{"rendered":"<p>Conversatorio 50 a\u00f1os de Trabajo Social: \u00c1reas de Intervenci\u00f3n en el Programa de Trabajo Social &#8211; sep 5 Descripci\u00f3n: evento que se realiza en la conmemoraci\u00f3n de los 50 a\u00f1os del Programa de Trabajo Social en la Universidad de Caldas. Para este conversatorio se tomar\u00e1 como referencia las \u00e1reas de intervenci\u00f3n profesional. El evento est\u00e1 [&hellip;]<\/p>\n","protected":false},"author":2,"featured_media":0,"comment_status":"closed","ping_status":"open","sticky":false,"template":"","format":"standard","meta":{"footnotes":""},"categories":[62],"tags":[55,63,172,1690,2333],"class_list":["post-37411","post","type-post","status-publish","format-standard","hentry","category-eventos","tag-academia","tag-participe","tag-conversatorio","tag-trabajo-social","tag-50-anos"],"yoast_head":"<!-- This site is optimized with the Yoast SEO plugin v27.5 - https:\/\/yoast.com\/product\/yoast-seo-wordpress\/ -->\n<title>Conversatorio 50 a\u00f1os de Trabajo Social: \u00c1reas de Intervenci\u00f3n en el Programa de Trabajo Social - sep 5 .<\/title>\n<meta name=\"robots\" content=\"index, follow, max-snippet:-1, max-image-preview:large, max-video-preview:-1\" \/>\n<link rel=\"canonical\" href=\"https:\/\/www.ucaldas.edu.co\/portal\/conversatorio-50-anos-de-trabajo-social-areas-de-intervencion-en-el-programa-de-trabajo-social-sep-5\/\" \/>\n<script type=\"application\/ld+json\" class=\"yoast-schema-graph\">{\"@context\":\"https:\\\/\\\/schema.org\",\"@graph\":[{\"@type\":\"Article\",\"@id\":\"https:\\\/\\\/www.ucaldas.edu.co\\\/portal\\\/conversatorio-50-anos-de-trabajo-social-areas-de-intervencion-en-el-programa-de-trabajo-social-sep-5\\\/#article\",\"isPartOf\":{\"@id\":\"https:\\\/\\\/www.ucaldas.edu.co\\\/portal\\\/conversatorio-50-anos-de-trabajo-social-areas-de-intervencion-en-el-programa-de-trabajo-social-sep-5\\\/\"},\"author\":{\"name\":\"ofiprensa\",\"@id\":\"https:\\\/\\\/www.ucaldas.edu.co\\\/portal\\\/#\\\/schema\\\/person\\\/a1b482e23449158b4bc319926c074fdf\"},\"headline\":\"Conversatorio 50 a\u00f1os de Trabajo Social: \u00c1reas de Intervenci\u00f3n en el Programa de Trabajo Social &#8211; sep 5\",\"datePublished\":\"2017-08-30T16:41:13+00:00\",\"mainEntityOfPage\":{\"@id\":\"https:\\\/\\\/www.ucaldas.edu.co\\\/portal\\\/conversatorio-50-anos-de-trabajo-social-areas-de-intervencion-en-el-programa-de-trabajo-social-sep-5\\\/\"},\"wordCount\":123,\"publisher\":{\"@id\":\"https:\\\/\\\/www.ucaldas.edu.co\\\/portal\\\/#organization\"},\"keywords\":[\"academia\",\"Participe\",\"Conversatorio\",\"Trabajo Social\",\"50 a\u00f1os\"],\"articleSection\":[\"Eventos\"],\"inLanguage\":\"es\"},{\"@type\":\"WebPage\",\"@id\":\"https:\\\/\\\/www.ucaldas.edu.co\\\/portal\\\/conversatorio-50-anos-de-trabajo-social-areas-de-intervencion-en-el-programa-de-trabajo-social-sep-5\\\/\",\"url\":\"https:\\\/\\\/www.ucaldas.edu.co\\\/portal\\\/conversatorio-50-anos-de-trabajo-social-areas-de-intervencion-en-el-programa-de-trabajo-social-sep-5\\\/\",\"name\":\"Conversatorio 50 a\u00f1os de Trabajo Social: \u00c1reas de Intervenci\u00f3n en el Programa de Trabajo Social - sep 5 .\",\"isPartOf\":{\"@id\":\"https:\\\/\\\/www.ucaldas.edu.co\\\/portal\\\/#website\"},\"datePublished\":\"2017-08-30T16:41:13+00:00\",\"breadcrumb\":{\"@id\":\"https:\\\/\\\/www.ucaldas.edu.co\\\/portal\\\/conversatorio-50-anos-de-trabajo-social-areas-de-intervencion-en-el-programa-de-trabajo-social-sep-5\\\/#breadcrumb\"},\"inLanguage\":\"es\",\"potentialAction\":[{\"@type\":\"ReadAction\",\"target\":[\"https:\\\/\\\/www.ucaldas.edu.co\\\/portal\\\/conversatorio-50-anos-de-trabajo-social-areas-de-intervencion-en-el-programa-de-trabajo-social-sep-5\\\/\"]}]},{\"@type\":\"BreadcrumbList\",\"@id\":\"https:\\\/\\\/www.ucaldas.edu.co\\\/portal\\\/conversatorio-50-anos-de-trabajo-social-areas-de-intervencion-en-el-programa-de-trabajo-social-sep-5\\\/#breadcrumb\",\"itemListElement\":[{\"@type\":\"ListItem\",\"position\":1,\"name\":\"Portada\",\"item\":\"https:\\\/\\\/www.ucaldas.edu.co\\\/portal\\\/\"},{\"@type\":\"ListItem\",\"position\":2,\"name\":\"Conversatorio 50 a\u00f1os de Trabajo Social: \u00c1reas de Intervenci\u00f3n en el Programa de Trabajo Social &#8211; sep 5\"}]},{\"@type\":\"WebSite\",\"@id\":\"https:\\\/\\\/www.ucaldas.edu.co\\\/portal\\\/#website\",\"url\":\"https:\\\/\\\/www.ucaldas.edu.co\\\/portal\\\/\",\"name\":\"Universidad de Caldas\",\"description\":\"\",\"publisher\":{\"@id\":\"https:\\\/\\\/www.ucaldas.edu.co\\\/portal\\\/#organization\"},\"alternateName\":\"U. de Caldas\",\"potentialAction\":[{\"@type\":\"SearchAction\",\"target\":{\"@type\":\"EntryPoint\",\"urlTemplate\":\"https:\\\/\\\/www.ucaldas.edu.co\\\/portal\\\/?s={search_term_string}\"},\"query-input\":{\"@type\":\"PropertyValueSpecification\",\"valueRequired\":true,\"valueName\":\"search_term_string\"}}],\"inLanguage\":\"es\"},{\"@type\":\"Organization\",\"@id\":\"https:\\\/\\\/www.ucaldas.edu.co\\\/portal\\\/#organization\",\"name\":\"Universidad de Caldas\",\"alternateName\":\"U. de Caldas\",\"url\":\"https:\\\/\\\/www.ucaldas.edu.co\\\/portal\\\/\",\"logo\":{\"@type\":\"ImageObject\",\"inLanguage\":\"es\",\"@id\":\"https:\\\/\\\/www.ucaldas.edu.co\\\/portal\\\/#\\\/schema\\\/logo\\\/image\\\/\",\"url\":\"https:\\\/\\\/www.ucaldas.edu.co\\\/portal\\\/wp-content\\\/uploads\\\/2023\\\/11\\\/Logo_horizontal_oscuroU-2023.png\",\"contentUrl\":\"https:\\\/\\\/www.ucaldas.edu.co\\\/portal\\\/wp-content\\\/uploads\\\/2023\\\/11\\\/Logo_horizontal_oscuroU-2023.png\",\"width\":263,\"height\":101,\"caption\":\"Universidad de Caldas\"},\"image\":{\"@id\":\"https:\\\/\\\/www.ucaldas.edu.co\\\/portal\\\/#\\\/schema\\\/logo\\\/image\\\/\"},\"sameAs\":[\"https:\\\/\\\/www.facebook.com\\\/udecaldas\",\"https:\\\/\\\/x.com\\\/udecaldas\",\"https:\\\/\\\/www.youtube.com\\\/universidadcaldas\",\"https:\\\/\\\/www.instagram.com\\\/udecaldas\\\/\"]},{\"@type\":\"Person\",\"@id\":\"https:\\\/\\\/www.ucaldas.edu.co\\\/portal\\\/#\\\/schema\\\/person\\\/a1b482e23449158b4bc319926c074fdf\",\"name\":\"ofiprensa\",\"image\":{\"@type\":\"ImageObject\",\"inLanguage\":\"es\",\"@id\":\"https:\\\/\\\/www.ucaldas.edu.co\\\/portal\\\/wp-content\\\/litespeed\\\/avatar\\\/09ea5085e600095a7a811142c6944527.jpg?ver=1777497608\",\"url\":\"https:\\\/\\\/www.ucaldas.edu.co\\\/portal\\\/wp-content\\\/litespeed\\\/avatar\\\/09ea5085e600095a7a811142c6944527.jpg?ver=1777497608\",\"contentUrl\":\"https:\\\/\\\/www.ucaldas.edu.co\\\/portal\\\/wp-content\\\/litespeed\\\/avatar\\\/09ea5085e600095a7a811142c6944527.jpg?ver=1777497608\",\"caption\":\"ofiprensa\"},\"url\":\"https:\\\/\\\/www.ucaldas.edu.co\\\/portal\\\/author\\\/ofiprensa\\\/\"}]}<\/script>\n<!-- \/ Yoast SEO plugin. -->","yoast_head_json":{"title":"Conversatorio 50 a\u00f1os de Trabajo Social: \u00c1reas de Intervenci\u00f3n en el Programa de Trabajo Social - sep 5 .","robots":{"index":"index","follow":"follow","max-snippet":"max-snippet:-1","max-image-preview":"max-image-preview:large","max-video-preview":"max-video-preview:-1"},"canonical":"https:\/\/www.ucaldas.edu.co\/portal\/conversatorio-50-anos-de-trabajo-social-areas-de-intervencion-en-el-programa-de-trabajo-social-sep-5\/","schema":{"@context":"https:\/\/schema.org","@graph":[{"@type":"Article","@id":"https:\/\/www.ucaldas.edu.co\/portal\/conversatorio-50-anos-de-trabajo-social-areas-de-intervencion-en-el-programa-de-trabajo-social-sep-5\/#article","isPartOf":{"@id":"https:\/\/www.ucaldas.edu.co\/portal\/conversatorio-50-anos-de-trabajo-social-areas-de-intervencion-en-el-programa-de-trabajo-social-sep-5\/"},"author":{"name":"ofiprensa","@id":"https:\/\/www.ucaldas.edu.co\/portal\/#\/schema\/person\/a1b482e23449158b4bc319926c074fdf"},"headline":"Conversatorio 50 a\u00f1os de Trabajo Social: \u00c1reas de Intervenci\u00f3n en el Programa de Trabajo Social &#8211; sep 5","datePublished":"2017-08-30T16:41:13+00:00","mainEntityOfPage":{"@id":"https:\/\/www.ucaldas.edu.co\/portal\/conversatorio-50-anos-de-trabajo-social-areas-de-intervencion-en-el-programa-de-trabajo-social-sep-5\/"},"wordCount":123,"publisher":{"@id":"https:\/\/www.ucaldas.edu.co\/portal\/#organization"},"keywords":["academia","Participe","Conversatorio","Trabajo Social","50 a\u00f1os"],"articleSection":["Eventos"],"inLanguage":"es"},{"@type":"WebPage","@id":"https:\/\/www.ucaldas.edu.co\/portal\/conversatorio-50-anos-de-trabajo-social-areas-de-intervencion-en-el-programa-de-trabajo-social-sep-5\/","url":"https:\/\/www.ucaldas.edu.co\/portal\/conversatorio-50-anos-de-trabajo-social-areas-de-intervencion-en-el-programa-de-trabajo-social-sep-5\/","name":"Conversatorio 50 a\u00f1os de Trabajo Social: \u00c1reas de Intervenci\u00f3n en el Programa de Trabajo Social - sep 5 .","isPartOf":{"@id":"https:\/\/www.ucaldas.edu.co\/portal\/#website"},"datePublished":"2017-08-30T16:41:13+00:00","breadcrumb":{"@id":"https:\/\/www.ucaldas.edu.co\/portal\/conversatorio-50-anos-de-trabajo-social-areas-de-intervencion-en-el-programa-de-trabajo-social-sep-5\/#breadcrumb"},"inLanguage":"es","potentialAction":[{"@type":"ReadAction","target":["https:\/\/www.ucaldas.edu.co\/portal\/conversatorio-50-anos-de-trabajo-social-areas-de-intervencion-en-el-programa-de-trabajo-social-sep-5\/"]}]},{"@type":"BreadcrumbList","@id":"https:\/\/www.ucaldas.edu.co\/portal\/conversatorio-50-anos-de-trabajo-social-areas-de-intervencion-en-el-programa-de-trabajo-social-sep-5\/#breadcrumb","itemListElement":[{"@type":"ListItem","position":1,"name":"Portada","item":"https:\/\/www.ucaldas.edu.co\/portal\/"},{"@type":"ListItem","position":2,"name":"Conversatorio 50 a\u00f1os de Trabajo Social: \u00c1reas de Intervenci\u00f3n en el Programa de Trabajo Social &#8211; sep 5"}]},{"@type":"WebSite","@id":"https:\/\/www.ucaldas.edu.co\/portal\/#website","url":"https:\/\/www.ucaldas.edu.co\/portal\/","name":"Universidad de Caldas","description":"","publisher":{"@id":"https:\/\/www.ucaldas.edu.co\/portal\/#organization"},"alternateName":"U. de Caldas","potentialAction":[{"@type":"SearchAction","target":{"@type":"EntryPoint","urlTemplate":"https:\/\/www.ucaldas.edu.co\/portal\/?s={search_term_string}"},"query-input":{"@type":"PropertyValueSpecification","valueRequired":true,"valueName":"search_term_string"}}],"inLanguage":"es"},{"@type":"Organization","@id":"https:\/\/www.ucaldas.edu.co\/portal\/#organization","name":"Universidad de Caldas","alternateName":"U. de Caldas","url":"https:\/\/www.ucaldas.edu.co\/portal\/","logo":{"@type":"ImageObject","inLanguage":"es","@id":"https:\/\/www.ucaldas.edu.co\/portal\/#\/schema\/logo\/image\/","url":"https:\/\/www.ucaldas.edu.co\/portal\/wp-content\/uploads\/2023\/11\/Logo_horizontal_oscuroU-2023.png","contentUrl":"https:\/\/www.ucaldas.edu.co\/portal\/wp-content\/uploads\/2023\/11\/Logo_horizontal_oscuroU-2023.png","width":263,"height":101,"caption":"Universidad de Caldas"},"image":{"@id":"https:\/\/www.ucaldas.edu.co\/portal\/#\/schema\/logo\/image\/"},"sameAs":["https:\/\/www.facebook.com\/udecaldas","https:\/\/x.com\/udecaldas","https:\/\/www.youtube.com\/universidadcaldas","https:\/\/www.instagram.com\/udecaldas\/"]},{"@type":"Person","@id":"https:\/\/www.ucaldas.edu.co\/portal\/#\/schema\/person\/a1b482e23449158b4bc319926c074fdf","name":"ofiprensa","image":{"@type":"ImageObject","inLanguage":"es","@id":"https:\/\/www.ucaldas.edu.co\/portal\/wp-content\/litespeed\/avatar\/09ea5085e600095a7a811142c6944527.jpg?ver=1777497608","url":"https:\/\/www.ucaldas.edu.co\/portal\/wp-content\/litespeed\/avatar\/09ea5085e600095a7a811142c6944527.jpg?ver=1777497608","contentUrl":"https:\/\/www.ucaldas.edu.co\/portal\/wp-content\/litespeed\/avatar\/09ea5085e600095a7a811142c6944527.jpg?ver=1777497608","caption":"ofiprensa"},"url":"https:\/\/www.ucaldas.edu.co\/portal\/author\/ofiprensa\/"}]}},"_links":{"self":[{"href":"https:\/\/www.ucaldas.edu.co\/portal\/wp-json\/wp\/v2\/posts\/37411","targetHints":{"allow":["GET"]}}],"collection":[{"href":"https:\/\/www.ucaldas.edu.co\/portal\/wp-json\/wp\/v2\/posts"}],"about":[{"href":"https:\/\/www.ucaldas.edu.co\/portal\/wp-json\/wp\/v2\/types\/post"}],"author":[{"embeddable":true,"href":"https:\/\/www.ucaldas.edu.co\/portal\/wp-json\/wp\/v2\/users\/2"}],"replies":[{"embeddable":true,"href":"https:\/\/www.ucaldas.edu.co\/portal\/wp-json\/wp\/v2\/comments?post=37411"}],"version-history":[{"count":0,"href":"https:\/\/www.ucaldas.edu.co\/portal\/wp-json\/wp\/v2\/posts\/37411\/revisions"}],"wp:attachment":[{"href":"https:\/\/www.ucaldas.edu.co\/portal\/wp-json\/wp\/v2\/media?parent=37411"}],"wp:term":[{"taxonomy":"category","embeddable":true,"href":"https:\/\/www.ucaldas.edu.co\/portal\/wp-json\/wp\/v2\/categories?post=37411"},{"taxonomy":"post_tag","embeddable":true,"href":"https:\/\/www.ucaldas.edu.co\/portal\/wp-json\/wp\/v2\/tags?post=37411"}],"curies":[{"name":"wp","href":"https:\/\/api.w.org\/{rel}","templated":true}]}}