{"id":37254,"date":"2017-08-23T18:48:34","date_gmt":"2017-08-23T18:48:34","guid":{"rendered":"https:\/\/www.ucaldas.edu.co\/portal\/?p=37254"},"modified":"2017-08-23T18:48:34","modified_gmt":"2017-08-23T18:48:34","slug":"festival-internacional-de-musica-cima-resono-en-centro-cultural-universitario-rogelio-salmona","status":"publish","type":"post","link":"https:\/\/www.ucaldas.edu.co\/portal\/festival-internacional-de-musica-cima-resono-en-centro-cultural-universitario-rogelio-salmona\/","title":{"rendered":"Festival Internacional de M\u00fasica CiMa reson\u00f3 en Centro Cultural Universitario Rogelio Salmona"},"content":{"rendered":"<p style=\"text-align: center;\">FESTIVAL TENDR\u00c1 LUGAR HASTA EL 26 DE AGOSTO DEL 2017<\/p>\n<p style=\"text-align: center;\"><strong>Festival Internacional de M\u00fasica CiMa reson\u00f3 en Centro Cultural Universitario Rogelio Salmona <\/strong><\/p>\n<p style=\"text-align: right;\">23\/08\/2017<\/p>\n<p><img loading=\"lazy\" decoding=\"async\" class=\"alignnone size-medium wp-image-37255 aligncenter\" src=\"https:\/\/www.ucaldas.edu.co\/portal\/wp-content\/uploads\/2017\/08\/Cima-compressor-300x172.jpg\" alt=\"\" width=\"300\" height=\"172\" srcset=\"https:\/\/www.ucaldas.edu.co\/portal\/wp-content\/uploads\/2017\/08\/Cima-compressor-300x172.jpg 300w, https:\/\/www.ucaldas.edu.co\/portal\/wp-content\/uploads\/2017\/08\/Cima-compressor.jpg 700w\" sizes=\"auto, (max-width: 300px) 100vw, 300px\" \/>El <strong>Centro Cultural Universitario Rogelio Salmona <\/strong>de la Universidad de Caldas <strong>abri\u00f3 sus puertas<\/strong> el pasado 22 de agosto del 2017 <strong>en la inauguraci\u00f3n del Festival Internacional de M\u00fasica CiMa<\/strong>, organizado por el Departamento de M\u00fasica de la Instituci\u00f3n caldense.<\/p>\n<p><!--more--><\/p>\n<p>Yovanny Betancur Santa, <strong>Director del Departamento de M\u00fasica de la U. de Caldas, explic\u00f3<\/strong> que para el <strong>Departamento de M\u00fasica es un honor y orgullo poder presentar a toda la regi\u00f3n este segundo festival<\/strong>. \u201cLa programaci\u00f3n es de lujo y el esfuerzo que hemos hecho para darle este regalo a la ciudad representa poder nutrir la vida cultural de la regi\u00f3n a trav\u00e9s de una serie de conciertos y programaci\u00f3n acad\u00e9mica\u201d, dijo.<\/p>\n<p>&nbsp;<\/p>\n<p>Betancur Santa <strong>enfatiz\u00f3 que el festival nace con el \u00e1nimo de proyectar las actividades acad\u00e9micas, art\u00edsticas, de proyecci\u00f3n e investigaci\u00f3n<\/strong> que realiza el Departamento, conect\u00e1ndolo con esas mismas actividades que realizan expertos solitas y grupos de nivel nacional e internacional.<\/p>\n<p>&nbsp;<\/p>\n<p>\u201c<strong>Esto permite evolucionar como unidad acad\u00e9mica, evidencia los productos de investigaci\u00f3n que realizamos y potencia lo que hacemos acad\u00e9micamente<\/strong> con nuestros estudiantes y el gran reconocimiento que tiene el Departamento gracias a los buenos resultados que se logran en materia musical y art\u00edstica y los premios que han recibido nuestros estudiantes y docentes\u201d, agreg\u00f3.<\/p>\n<p>&nbsp;<\/p>\n<p>El <strong>Festival tendr\u00e1 lugar hasta el 26 de agosto del 2017. <\/strong>Por otra parte, H\u00e9ctor Fabio Torres, <strong>Decano de la Facultad de Artes y Humanidades de la U. de Caldas, destac\u00f3:<\/strong> \u201ccreo que <strong>lo m\u00e1s importante de las actividades del evento es que los estudiantes de m\u00fasica tienen la oportunidad de contrastar su trabajo y relacionarse con artistas de otros pa\u00edses<\/strong>, y a su vez, esos invitados comienzan a conocer la ciudad y la U. de Caldas\u201d.<\/p>\n<p>&nbsp;<\/p>\n<p><a href=\"https:\/\/www.facebook.com\/media\/set\/?set=a.1523563904372136.1073745574.107054166023124&amp;type=1&amp;l=02d92d80f0\">Conozca im\u00e1genes del Festival Internacional de M\u00fasica CiMa<\/a><\/p>\n<p>&nbsp;<\/p>\n<p><a href=\"https:\/\/www.ucaldas.edu.co\/portal\/wp-content\/uploads\/2017\/08\/Programaci%C3%B3n-General.pdf\">Conozca la programaci\u00f3n del Festival Internacional de M\u00fasica CiMa<\/a><\/p>\n<p>&nbsp;<\/p>\n<p><strong>Informes: <\/strong>en el correo electr\u00f3nico dcibarrac@unal.edu.co<\/p>\n<p><strong>Redacci\u00f3n:<\/strong> Margarita Laverde<\/p>\n<p>&nbsp;<\/p>\n","protected":false},"excerpt":{"rendered":"<p>FESTIVAL TENDR\u00c1 LUGAR HASTA EL 26 DE AGOSTO DEL 2017 Festival Internacional de M\u00fasica CiMa reson\u00f3 en Centro Cultural Universitario Rogelio Salmona 23\/08\/2017 El Centro Cultural Universitario Rogelio Salmona de la Universidad de Caldas abri\u00f3 sus puertas el pasado 22 de agosto del 2017 en la inauguraci\u00f3n del Festival Internacional de M\u00fasica CiMa, organizado por [&hellip;]<\/p>\n","protected":false},"author":2,"featured_media":37255,"comment_status":"closed","ping_status":"open","sticky":false,"template":"","format":"standard","meta":{"footnotes":""},"categories":[48,53,664],"tags":[63,65,99,718],"class_list":["post-37254","post","type-post","status-publish","format-standard","has-post-thumbnail","hentry","category-actualidad","category-universidad-al-dia","category-ucaldas-cultural","tag-participe","tag-festival","tag-cultural","tag-musica"],"yoast_head":"<!-- This site is optimized with the Yoast SEO plugin v27.5 - https:\/\/yoast.com\/product\/yoast-seo-wordpress\/ -->\n<title>Festival Internacional de M\u00fasica CiMa reson\u00f3 en Centro Cultural Universitario Rogelio Salmona .<\/title>\n<meta name=\"robots\" content=\"index, follow, max-snippet:-1, max-image-preview:large, max-video-preview:-1\" \/>\n<link rel=\"canonical\" href=\"https:\/\/www.ucaldas.edu.co\/portal\/festival-internacional-de-musica-cima-resono-en-centro-cultural-universitario-rogelio-salmona\/\" \/>\n<script type=\"application\/ld+json\" class=\"yoast-schema-graph\">{\"@context\":\"https:\\\/\\\/schema.org\",\"@graph\":[{\"@type\":\"Article\",\"@id\":\"https:\\\/\\\/www.ucaldas.edu.co\\\/portal\\\/festival-internacional-de-musica-cima-resono-en-centro-cultural-universitario-rogelio-salmona\\\/#article\",\"isPartOf\":{\"@id\":\"https:\\\/\\\/www.ucaldas.edu.co\\\/portal\\\/festival-internacional-de-musica-cima-resono-en-centro-cultural-universitario-rogelio-salmona\\\/\"},\"author\":{\"name\":\"ofiprensa\",\"@id\":\"https:\\\/\\\/www.ucaldas.edu.co\\\/portal\\\/#\\\/schema\\\/person\\\/a1b482e23449158b4bc319926c074fdf\"},\"headline\":\"Festival Internacional de M\u00fasica CiMa reson\u00f3 en Centro Cultural Universitario Rogelio Salmona\",\"datePublished\":\"2017-08-23T18:48:34+00:00\",\"mainEntityOfPage\":{\"@id\":\"https:\\\/\\\/www.ucaldas.edu.co\\\/portal\\\/festival-internacional-de-musica-cima-resono-en-centro-cultural-universitario-rogelio-salmona\\\/\"},\"wordCount\":380,\"publisher\":{\"@id\":\"https:\\\/\\\/www.ucaldas.edu.co\\\/portal\\\/#organization\"},\"image\":{\"@id\":\"https:\\\/\\\/www.ucaldas.edu.co\\\/portal\\\/festival-internacional-de-musica-cima-resono-en-centro-cultural-universitario-rogelio-salmona\\\/#primaryimage\"},\"thumbnailUrl\":\"https:\\\/\\\/www.ucaldas.edu.co\\\/portal\\\/wp-content\\\/uploads\\\/2017\\\/08\\\/Cima-compressor.jpg\",\"keywords\":[\"Participe\",\"festival\",\"Cultural\",\"m\u00fasica\"],\"articleSection\":[\"Actualidad\",\"Universidad al D\u00eda\",\"UCaldas Cultural\"],\"inLanguage\":\"es\"},{\"@type\":\"WebPage\",\"@id\":\"https:\\\/\\\/www.ucaldas.edu.co\\\/portal\\\/festival-internacional-de-musica-cima-resono-en-centro-cultural-universitario-rogelio-salmona\\\/\",\"url\":\"https:\\\/\\\/www.ucaldas.edu.co\\\/portal\\\/festival-internacional-de-musica-cima-resono-en-centro-cultural-universitario-rogelio-salmona\\\/\",\"name\":\"Festival Internacional de M\u00fasica CiMa reson\u00f3 en Centro Cultural Universitario Rogelio Salmona .\",\"isPartOf\":{\"@id\":\"https:\\\/\\\/www.ucaldas.edu.co\\\/portal\\\/#website\"},\"primaryImageOfPage\":{\"@id\":\"https:\\\/\\\/www.ucaldas.edu.co\\\/portal\\\/festival-internacional-de-musica-cima-resono-en-centro-cultural-universitario-rogelio-salmona\\\/#primaryimage\"},\"image\":{\"@id\":\"https:\\\/\\\/www.ucaldas.edu.co\\\/portal\\\/festival-internacional-de-musica-cima-resono-en-centro-cultural-universitario-rogelio-salmona\\\/#primaryimage\"},\"thumbnailUrl\":\"https:\\\/\\\/www.ucaldas.edu.co\\\/portal\\\/wp-content\\\/uploads\\\/2017\\\/08\\\/Cima-compressor.jpg\",\"datePublished\":\"2017-08-23T18:48:34+00:00\",\"breadcrumb\":{\"@id\":\"https:\\\/\\\/www.ucaldas.edu.co\\\/portal\\\/festival-internacional-de-musica-cima-resono-en-centro-cultural-universitario-rogelio-salmona\\\/#breadcrumb\"},\"inLanguage\":\"es\",\"potentialAction\":[{\"@type\":\"ReadAction\",\"target\":[\"https:\\\/\\\/www.ucaldas.edu.co\\\/portal\\\/festival-internacional-de-musica-cima-resono-en-centro-cultural-universitario-rogelio-salmona\\\/\"]}]},{\"@type\":\"ImageObject\",\"inLanguage\":\"es\",\"@id\":\"https:\\\/\\\/www.ucaldas.edu.co\\\/portal\\\/festival-internacional-de-musica-cima-resono-en-centro-cultural-universitario-rogelio-salmona\\\/#primaryimage\",\"url\":\"https:\\\/\\\/www.ucaldas.edu.co\\\/portal\\\/wp-content\\\/uploads\\\/2017\\\/08\\\/Cima-compressor.jpg\",\"contentUrl\":\"https:\\\/\\\/www.ucaldas.edu.co\\\/portal\\\/wp-content\\\/uploads\\\/2017\\\/08\\\/Cima-compressor.jpg\",\"width\":700,\"height\":401},{\"@type\":\"BreadcrumbList\",\"@id\":\"https:\\\/\\\/www.ucaldas.edu.co\\\/portal\\\/festival-internacional-de-musica-cima-resono-en-centro-cultural-universitario-rogelio-salmona\\\/#breadcrumb\",\"itemListElement\":[{\"@type\":\"ListItem\",\"position\":1,\"name\":\"Portada\",\"item\":\"https:\\\/\\\/www.ucaldas.edu.co\\\/portal\\\/\"},{\"@type\":\"ListItem\",\"position\":2,\"name\":\"Festival Internacional de M\u00fasica CiMa reson\u00f3 en Centro Cultural Universitario Rogelio Salmona\"}]},{\"@type\":\"WebSite\",\"@id\":\"https:\\\/\\\/www.ucaldas.edu.co\\\/portal\\\/#website\",\"url\":\"https:\\\/\\\/www.ucaldas.edu.co\\\/portal\\\/\",\"name\":\"Universidad de Caldas\",\"description\":\"\",\"publisher\":{\"@id\":\"https:\\\/\\\/www.ucaldas.edu.co\\\/portal\\\/#organization\"},\"alternateName\":\"U. de Caldas\",\"potentialAction\":[{\"@type\":\"SearchAction\",\"target\":{\"@type\":\"EntryPoint\",\"urlTemplate\":\"https:\\\/\\\/www.ucaldas.edu.co\\\/portal\\\/?s={search_term_string}\"},\"query-input\":{\"@type\":\"PropertyValueSpecification\",\"valueRequired\":true,\"valueName\":\"search_term_string\"}}],\"inLanguage\":\"es\"},{\"@type\":\"Organization\",\"@id\":\"https:\\\/\\\/www.ucaldas.edu.co\\\/portal\\\/#organization\",\"name\":\"Universidad de Caldas\",\"alternateName\":\"U. de Caldas\",\"url\":\"https:\\\/\\\/www.ucaldas.edu.co\\\/portal\\\/\",\"logo\":{\"@type\":\"ImageObject\",\"inLanguage\":\"es\",\"@id\":\"https:\\\/\\\/www.ucaldas.edu.co\\\/portal\\\/#\\\/schema\\\/logo\\\/image\\\/\",\"url\":\"https:\\\/\\\/www.ucaldas.edu.co\\\/portal\\\/wp-content\\\/uploads\\\/2023\\\/11\\\/Logo_horizontal_oscuroU-2023.png\",\"contentUrl\":\"https:\\\/\\\/www.ucaldas.edu.co\\\/portal\\\/wp-content\\\/uploads\\\/2023\\\/11\\\/Logo_horizontal_oscuroU-2023.png\",\"width\":263,\"height\":101,\"caption\":\"Universidad de Caldas\"},\"image\":{\"@id\":\"https:\\\/\\\/www.ucaldas.edu.co\\\/portal\\\/#\\\/schema\\\/logo\\\/image\\\/\"},\"sameAs\":[\"https:\\\/\\\/www.facebook.com\\\/udecaldas\",\"https:\\\/\\\/x.com\\\/udecaldas\",\"https:\\\/\\\/www.youtube.com\\\/universidadcaldas\",\"https:\\\/\\\/www.instagram.com\\\/udecaldas\\\/\"]},{\"@type\":\"Person\",\"@id\":\"https:\\\/\\\/www.ucaldas.edu.co\\\/portal\\\/#\\\/schema\\\/person\\\/a1b482e23449158b4bc319926c074fdf\",\"name\":\"ofiprensa\",\"image\":{\"@type\":\"ImageObject\",\"inLanguage\":\"es\",\"@id\":\"https:\\\/\\\/www.ucaldas.edu.co\\\/portal\\\/wp-content\\\/litespeed\\\/avatar\\\/09ea5085e600095a7a811142c6944527.jpg?ver=1777497608\",\"url\":\"https:\\\/\\\/www.ucaldas.edu.co\\\/portal\\\/wp-content\\\/litespeed\\\/avatar\\\/09ea5085e600095a7a811142c6944527.jpg?ver=1777497608\",\"contentUrl\":\"https:\\\/\\\/www.ucaldas.edu.co\\\/portal\\\/wp-content\\\/litespeed\\\/avatar\\\/09ea5085e600095a7a811142c6944527.jpg?ver=1777497608\",\"caption\":\"ofiprensa\"},\"url\":\"https:\\\/\\\/www.ucaldas.edu.co\\\/portal\\\/author\\\/ofiprensa\\\/\"}]}<\/script>\n<!-- \/ Yoast SEO plugin. -->","yoast_head_json":{"title":"Festival Internacional de M\u00fasica CiMa reson\u00f3 en Centro Cultural Universitario Rogelio Salmona .","robots":{"index":"index","follow":"follow","max-snippet":"max-snippet:-1","max-image-preview":"max-image-preview:large","max-video-preview":"max-video-preview:-1"},"canonical":"https:\/\/www.ucaldas.edu.co\/portal\/festival-internacional-de-musica-cima-resono-en-centro-cultural-universitario-rogelio-salmona\/","schema":{"@context":"https:\/\/schema.org","@graph":[{"@type":"Article","@id":"https:\/\/www.ucaldas.edu.co\/portal\/festival-internacional-de-musica-cima-resono-en-centro-cultural-universitario-rogelio-salmona\/#article","isPartOf":{"@id":"https:\/\/www.ucaldas.edu.co\/portal\/festival-internacional-de-musica-cima-resono-en-centro-cultural-universitario-rogelio-salmona\/"},"author":{"name":"ofiprensa","@id":"https:\/\/www.ucaldas.edu.co\/portal\/#\/schema\/person\/a1b482e23449158b4bc319926c074fdf"},"headline":"Festival Internacional de M\u00fasica CiMa reson\u00f3 en Centro Cultural Universitario Rogelio Salmona","datePublished":"2017-08-23T18:48:34+00:00","mainEntityOfPage":{"@id":"https:\/\/www.ucaldas.edu.co\/portal\/festival-internacional-de-musica-cima-resono-en-centro-cultural-universitario-rogelio-salmona\/"},"wordCount":380,"publisher":{"@id":"https:\/\/www.ucaldas.edu.co\/portal\/#organization"},"image":{"@id":"https:\/\/www.ucaldas.edu.co\/portal\/festival-internacional-de-musica-cima-resono-en-centro-cultural-universitario-rogelio-salmona\/#primaryimage"},"thumbnailUrl":"https:\/\/www.ucaldas.edu.co\/portal\/wp-content\/uploads\/2017\/08\/Cima-compressor.jpg","keywords":["Participe","festival","Cultural","m\u00fasica"],"articleSection":["Actualidad","Universidad al D\u00eda","UCaldas Cultural"],"inLanguage":"es"},{"@type":"WebPage","@id":"https:\/\/www.ucaldas.edu.co\/portal\/festival-internacional-de-musica-cima-resono-en-centro-cultural-universitario-rogelio-salmona\/","url":"https:\/\/www.ucaldas.edu.co\/portal\/festival-internacional-de-musica-cima-resono-en-centro-cultural-universitario-rogelio-salmona\/","name":"Festival Internacional de M\u00fasica CiMa reson\u00f3 en Centro Cultural Universitario Rogelio Salmona .","isPartOf":{"@id":"https:\/\/www.ucaldas.edu.co\/portal\/#website"},"primaryImageOfPage":{"@id":"https:\/\/www.ucaldas.edu.co\/portal\/festival-internacional-de-musica-cima-resono-en-centro-cultural-universitario-rogelio-salmona\/#primaryimage"},"image":{"@id":"https:\/\/www.ucaldas.edu.co\/portal\/festival-internacional-de-musica-cima-resono-en-centro-cultural-universitario-rogelio-salmona\/#primaryimage"},"thumbnailUrl":"https:\/\/www.ucaldas.edu.co\/portal\/wp-content\/uploads\/2017\/08\/Cima-compressor.jpg","datePublished":"2017-08-23T18:48:34+00:00","breadcrumb":{"@id":"https:\/\/www.ucaldas.edu.co\/portal\/festival-internacional-de-musica-cima-resono-en-centro-cultural-universitario-rogelio-salmona\/#breadcrumb"},"inLanguage":"es","potentialAction":[{"@type":"ReadAction","target":["https:\/\/www.ucaldas.edu.co\/portal\/festival-internacional-de-musica-cima-resono-en-centro-cultural-universitario-rogelio-salmona\/"]}]},{"@type":"ImageObject","inLanguage":"es","@id":"https:\/\/www.ucaldas.edu.co\/portal\/festival-internacional-de-musica-cima-resono-en-centro-cultural-universitario-rogelio-salmona\/#primaryimage","url":"https:\/\/www.ucaldas.edu.co\/portal\/wp-content\/uploads\/2017\/08\/Cima-compressor.jpg","contentUrl":"https:\/\/www.ucaldas.edu.co\/portal\/wp-content\/uploads\/2017\/08\/Cima-compressor.jpg","width":700,"height":401},{"@type":"BreadcrumbList","@id":"https:\/\/www.ucaldas.edu.co\/portal\/festival-internacional-de-musica-cima-resono-en-centro-cultural-universitario-rogelio-salmona\/#breadcrumb","itemListElement":[{"@type":"ListItem","position":1,"name":"Portada","item":"https:\/\/www.ucaldas.edu.co\/portal\/"},{"@type":"ListItem","position":2,"name":"Festival Internacional de M\u00fasica CiMa reson\u00f3 en Centro Cultural Universitario Rogelio Salmona"}]},{"@type":"WebSite","@id":"https:\/\/www.ucaldas.edu.co\/portal\/#website","url":"https:\/\/www.ucaldas.edu.co\/portal\/","name":"Universidad de Caldas","description":"","publisher":{"@id":"https:\/\/www.ucaldas.edu.co\/portal\/#organization"},"alternateName":"U. de Caldas","potentialAction":[{"@type":"SearchAction","target":{"@type":"EntryPoint","urlTemplate":"https:\/\/www.ucaldas.edu.co\/portal\/?s={search_term_string}"},"query-input":{"@type":"PropertyValueSpecification","valueRequired":true,"valueName":"search_term_string"}}],"inLanguage":"es"},{"@type":"Organization","@id":"https:\/\/www.ucaldas.edu.co\/portal\/#organization","name":"Universidad de Caldas","alternateName":"U. de Caldas","url":"https:\/\/www.ucaldas.edu.co\/portal\/","logo":{"@type":"ImageObject","inLanguage":"es","@id":"https:\/\/www.ucaldas.edu.co\/portal\/#\/schema\/logo\/image\/","url":"https:\/\/www.ucaldas.edu.co\/portal\/wp-content\/uploads\/2023\/11\/Logo_horizontal_oscuroU-2023.png","contentUrl":"https:\/\/www.ucaldas.edu.co\/portal\/wp-content\/uploads\/2023\/11\/Logo_horizontal_oscuroU-2023.png","width":263,"height":101,"caption":"Universidad de Caldas"},"image":{"@id":"https:\/\/www.ucaldas.edu.co\/portal\/#\/schema\/logo\/image\/"},"sameAs":["https:\/\/www.facebook.com\/udecaldas","https:\/\/x.com\/udecaldas","https:\/\/www.youtube.com\/universidadcaldas","https:\/\/www.instagram.com\/udecaldas\/"]},{"@type":"Person","@id":"https:\/\/www.ucaldas.edu.co\/portal\/#\/schema\/person\/a1b482e23449158b4bc319926c074fdf","name":"ofiprensa","image":{"@type":"ImageObject","inLanguage":"es","@id":"https:\/\/www.ucaldas.edu.co\/portal\/wp-content\/litespeed\/avatar\/09ea5085e600095a7a811142c6944527.jpg?ver=1777497608","url":"https:\/\/www.ucaldas.edu.co\/portal\/wp-content\/litespeed\/avatar\/09ea5085e600095a7a811142c6944527.jpg?ver=1777497608","contentUrl":"https:\/\/www.ucaldas.edu.co\/portal\/wp-content\/litespeed\/avatar\/09ea5085e600095a7a811142c6944527.jpg?ver=1777497608","caption":"ofiprensa"},"url":"https:\/\/www.ucaldas.edu.co\/portal\/author\/ofiprensa\/"}]}},"_links":{"self":[{"href":"https:\/\/www.ucaldas.edu.co\/portal\/wp-json\/wp\/v2\/posts\/37254","targetHints":{"allow":["GET"]}}],"collection":[{"href":"https:\/\/www.ucaldas.edu.co\/portal\/wp-json\/wp\/v2\/posts"}],"about":[{"href":"https:\/\/www.ucaldas.edu.co\/portal\/wp-json\/wp\/v2\/types\/post"}],"author":[{"embeddable":true,"href":"https:\/\/www.ucaldas.edu.co\/portal\/wp-json\/wp\/v2\/users\/2"}],"replies":[{"embeddable":true,"href":"https:\/\/www.ucaldas.edu.co\/portal\/wp-json\/wp\/v2\/comments?post=37254"}],"version-history":[{"count":0,"href":"https:\/\/www.ucaldas.edu.co\/portal\/wp-json\/wp\/v2\/posts\/37254\/revisions"}],"wp:featuredmedia":[{"embeddable":true,"href":"https:\/\/www.ucaldas.edu.co\/portal\/wp-json\/wp\/v2\/media\/37255"}],"wp:attachment":[{"href":"https:\/\/www.ucaldas.edu.co\/portal\/wp-json\/wp\/v2\/media?parent=37254"}],"wp:term":[{"taxonomy":"category","embeddable":true,"href":"https:\/\/www.ucaldas.edu.co\/portal\/wp-json\/wp\/v2\/categories?post=37254"},{"taxonomy":"post_tag","embeddable":true,"href":"https:\/\/www.ucaldas.edu.co\/portal\/wp-json\/wp\/v2\/tags?post=37254"}],"curies":[{"name":"wp","href":"https:\/\/api.w.org\/{rel}","templated":true}]}}