{"id":37177,"date":"2017-08-16T20:00:07","date_gmt":"2017-08-16T20:00:07","guid":{"rendered":"https:\/\/www.ucaldas.edu.co\/portal\/?p=37177"},"modified":"2017-08-16T20:00:07","modified_gmt":"2017-08-16T20:00:07","slug":"u-de-caldas-recibio-a-mil-50-nuevos-estudiantes-para-este-2017-2","status":"publish","type":"post","link":"https:\/\/www.ucaldas.edu.co\/portal\/u-de-caldas-recibio-a-mil-50-nuevos-estudiantes-para-este-2017-2\/","title":{"rendered":"U. de Caldas recibi\u00f3 a mil 50 nuevos estudiantes para este 2017-2"},"content":{"rendered":"<p style=\"text-align: center;\">SE REALIZ\u00d3 JORNADA DE BIENVENIDA A LA VIDA UNIVERSITARIA<\/p>\n<p style=\"text-align: center;\"><strong>U. de Caldas recibi\u00f3 a mil 50 nuevos estudiantes para este 2017-2<\/strong><\/p>\n<p style=\"text-align: right;\">16\/08\/2017<\/p>\n<p><strong><img loading=\"lazy\" decoding=\"async\" class=\"alignnone size-medium wp-image-37178 aligncenter\" src=\"https:\/\/www.ucaldas.edu.co\/portal\/wp-content\/uploads\/2017\/08\/inudcc-compressor-300x171.jpg\" alt=\"\" width=\"300\" height=\"171\" srcset=\"https:\/\/www.ucaldas.edu.co\/portal\/wp-content\/uploads\/2017\/08\/inudcc-compressor-300x171.jpg 300w, https:\/\/www.ucaldas.edu.co\/portal\/wp-content\/uploads\/2017\/08\/inudcc-compressor.jpg 700w\" sizes=\"auto, (max-width: 300px) 100vw, 300px\" \/>Mil 50 nuevos estudiantes participaron<\/strong> este mi\u00e9rcoles 16 de agosto del 2017 en la <strong>Jornada de bienvenida a la vida universitaria <\/strong>2017-2, organizada por la <strong>Rector\u00eda, Vicerrector\u00eda Administrativa y Oficina de Bienestar Universitario <\/strong>de la Instituci\u00f3n.<\/p>\n<p><!--more--><\/p>\n<p>El <strong>Rector de la U. de Caldas<\/strong>, Felipe C\u00e9sar Londo\u00f1o L\u00f3pez, <strong>dio apertura a la jornada y dijo<\/strong>: \u201cen el 2018 cumplimos 75 a\u00f1os y eso realmente es un motivo de orgullo para nosotros. Somos una Universidad reacreditada de alta calidad y <strong>tenemos el privilegio de ofertar a ustedes una formaci\u00f3n de alta calidad en todos nuestros programas<\/strong>\u201d.<\/p>\n<p>&nbsp;<\/p>\n<p>\u201c<strong>Ustedes ser\u00e1n part\u00edcipes del proceso de reacreditaci\u00f3n institucional.<\/strong> El a\u00f1o entrante presentaremos qu\u00e9 somos, qu\u00e9 hacemos y c\u00f3mo entregamos formaci\u00f3n, para nuevamente recibir la reacreditaci\u00f3n de alta calidad\u201d, agreg\u00f3.<\/p>\n<p>&nbsp;<\/p>\n<p>La jornada se efectuar\u00e1 <strong>hasta el 18 de agosto del 2017<\/strong>. <a href=\"https:\/\/www.ucaldas.edu.co\/portal\/wp-content\/uploads\/2017\/08\/programa-mod3-CS4.pdf\">Conozca aqu\u00ed la programaci\u00f3n de la inducci\u00f3n<\/a><\/p>\n<p>&nbsp;<\/p>\n<p><a href=\"https:\/\/www.facebook.com\/media\/set\/?set=a.1515564451838748.1073745567.107054166023124&amp;type=1&amp;l=77381ef839\">Conozca im\u00e1genes de la Jornada de bienvenida a la vida universitaria 2017-2<\/a><\/p>\n<p>&nbsp;<\/p>\n<p><strong>Reuni\u00f3n de padres de familia<\/strong><\/p>\n<p>El Rector <strong>de la Universidad de Caldas<\/strong>, Felipe C\u00e9sar Londo\u00f1o L\u00f3pez, y la <strong>Vicerrector\u00eda Administrativa a trav\u00e9s de la Oficina de Bienestar Universitario<\/strong> <strong>invitan a los padres de familia o acudientes<\/strong> de los estudiantes que ingresan por primera vez a la Instituci\u00f3n, <strong>a que compartan una experiencia de vida universitaria.<\/strong><\/p>\n<p>&nbsp;<\/p>\n<p>Ser\u00e1 este<strong> jueves 17 de agosto del 2017 a las 6:30 p.m. en el Teatro 8 de Junio U. de Caldas<\/strong>.<\/p>\n<p>&nbsp;<\/p>\n<p><strong>Informes: <\/strong>Oficina de Extensi\u00f3n Cultural, tel\u00e9fono 878 15 00 extensi\u00f3n 11 113.<\/p>\n<p><strong>Redacci\u00f3n: <\/strong>Margarita Laverde<\/p>\n<p>&nbsp;<\/p>\n","protected":false},"excerpt":{"rendered":"<p>SE REALIZ\u00d3 JORNADA DE BIENVENIDA A LA VIDA UNIVERSITARIA U. de Caldas recibi\u00f3 a mil 50 nuevos estudiantes para este 2017-2 16\/08\/2017 Mil 50 nuevos estudiantes participaron este mi\u00e9rcoles 16 de agosto del 2017 en la Jornada de bienvenida a la vida universitaria 2017-2, organizada por la Rector\u00eda, Vicerrector\u00eda Administrativa y Oficina de Bienestar Universitario [&hellip;]<\/p>\n","protected":false},"author":2,"featured_media":37178,"comment_status":"closed","ping_status":"open","sticky":false,"template":"","format":"standard","meta":{"footnotes":""},"categories":[48,53,624],"tags":[95,277,374,375,378],"class_list":["post-37177","post","type-post","status-publish","format-standard","has-post-thumbnail","hentry","category-actualidad","category-universidad-al-dia","category-ucaldas-activa","tag-universidad-de-caldas","tag-jornada","tag-induccion","tag-nuevos-estudiantes","tag-bienestar-universitario"],"yoast_head":"<!-- This site is optimized with the Yoast SEO plugin v27.5 - https:\/\/yoast.com\/product\/yoast-seo-wordpress\/ -->\n<title>U. de Caldas recibi\u00f3 a mil 50 nuevos estudiantes para este 2017-2 .<\/title>\n<meta name=\"robots\" content=\"index, follow, max-snippet:-1, max-image-preview:large, max-video-preview:-1\" \/>\n<link rel=\"canonical\" href=\"https:\/\/www.ucaldas.edu.co\/portal\/u-de-caldas-recibio-a-mil-50-nuevos-estudiantes-para-este-2017-2\/\" \/>\n<script type=\"application\/ld+json\" class=\"yoast-schema-graph\">{\"@context\":\"https:\\\/\\\/schema.org\",\"@graph\":[{\"@type\":\"Article\",\"@id\":\"https:\\\/\\\/www.ucaldas.edu.co\\\/portal\\\/u-de-caldas-recibio-a-mil-50-nuevos-estudiantes-para-este-2017-2\\\/#article\",\"isPartOf\":{\"@id\":\"https:\\\/\\\/www.ucaldas.edu.co\\\/portal\\\/u-de-caldas-recibio-a-mil-50-nuevos-estudiantes-para-este-2017-2\\\/\"},\"author\":{\"name\":\"ofiprensa\",\"@id\":\"https:\\\/\\\/www.ucaldas.edu.co\\\/portal\\\/#\\\/schema\\\/person\\\/a1b482e23449158b4bc319926c074fdf\"},\"headline\":\"U. de Caldas recibi\u00f3 a mil 50 nuevos estudiantes para este 2017-2\",\"datePublished\":\"2017-08-16T20:00:07+00:00\",\"mainEntityOfPage\":{\"@id\":\"https:\\\/\\\/www.ucaldas.edu.co\\\/portal\\\/u-de-caldas-recibio-a-mil-50-nuevos-estudiantes-para-este-2017-2\\\/\"},\"wordCount\":297,\"publisher\":{\"@id\":\"https:\\\/\\\/www.ucaldas.edu.co\\\/portal\\\/#organization\"},\"image\":{\"@id\":\"https:\\\/\\\/www.ucaldas.edu.co\\\/portal\\\/u-de-caldas-recibio-a-mil-50-nuevos-estudiantes-para-este-2017-2\\\/#primaryimage\"},\"thumbnailUrl\":\"https:\\\/\\\/www.ucaldas.edu.co\\\/portal\\\/wp-content\\\/uploads\\\/2017\\\/08\\\/inudcc-compressor.jpg\",\"keywords\":[\"Universidad De Caldas\",\"jornada\",\"inducci\u00f3n\",\"nuevos estudiantes\",\"bienestar universitario\"],\"articleSection\":[\"Actualidad\",\"Universidad al D\u00eda\",\"UCaldas Activa\"],\"inLanguage\":\"es\"},{\"@type\":\"WebPage\",\"@id\":\"https:\\\/\\\/www.ucaldas.edu.co\\\/portal\\\/u-de-caldas-recibio-a-mil-50-nuevos-estudiantes-para-este-2017-2\\\/\",\"url\":\"https:\\\/\\\/www.ucaldas.edu.co\\\/portal\\\/u-de-caldas-recibio-a-mil-50-nuevos-estudiantes-para-este-2017-2\\\/\",\"name\":\"U. de Caldas recibi\u00f3 a mil 50 nuevos estudiantes para este 2017-2 .\",\"isPartOf\":{\"@id\":\"https:\\\/\\\/www.ucaldas.edu.co\\\/portal\\\/#website\"},\"primaryImageOfPage\":{\"@id\":\"https:\\\/\\\/www.ucaldas.edu.co\\\/portal\\\/u-de-caldas-recibio-a-mil-50-nuevos-estudiantes-para-este-2017-2\\\/#primaryimage\"},\"image\":{\"@id\":\"https:\\\/\\\/www.ucaldas.edu.co\\\/portal\\\/u-de-caldas-recibio-a-mil-50-nuevos-estudiantes-para-este-2017-2\\\/#primaryimage\"},\"thumbnailUrl\":\"https:\\\/\\\/www.ucaldas.edu.co\\\/portal\\\/wp-content\\\/uploads\\\/2017\\\/08\\\/inudcc-compressor.jpg\",\"datePublished\":\"2017-08-16T20:00:07+00:00\",\"breadcrumb\":{\"@id\":\"https:\\\/\\\/www.ucaldas.edu.co\\\/portal\\\/u-de-caldas-recibio-a-mil-50-nuevos-estudiantes-para-este-2017-2\\\/#breadcrumb\"},\"inLanguage\":\"es\",\"potentialAction\":[{\"@type\":\"ReadAction\",\"target\":[\"https:\\\/\\\/www.ucaldas.edu.co\\\/portal\\\/u-de-caldas-recibio-a-mil-50-nuevos-estudiantes-para-este-2017-2\\\/\"]}]},{\"@type\":\"ImageObject\",\"inLanguage\":\"es\",\"@id\":\"https:\\\/\\\/www.ucaldas.edu.co\\\/portal\\\/u-de-caldas-recibio-a-mil-50-nuevos-estudiantes-para-este-2017-2\\\/#primaryimage\",\"url\":\"https:\\\/\\\/www.ucaldas.edu.co\\\/portal\\\/wp-content\\\/uploads\\\/2017\\\/08\\\/inudcc-compressor.jpg\",\"contentUrl\":\"https:\\\/\\\/www.ucaldas.edu.co\\\/portal\\\/wp-content\\\/uploads\\\/2017\\\/08\\\/inudcc-compressor.jpg\",\"width\":700,\"height\":400},{\"@type\":\"BreadcrumbList\",\"@id\":\"https:\\\/\\\/www.ucaldas.edu.co\\\/portal\\\/u-de-caldas-recibio-a-mil-50-nuevos-estudiantes-para-este-2017-2\\\/#breadcrumb\",\"itemListElement\":[{\"@type\":\"ListItem\",\"position\":1,\"name\":\"Portada\",\"item\":\"https:\\\/\\\/www.ucaldas.edu.co\\\/portal\\\/\"},{\"@type\":\"ListItem\",\"position\":2,\"name\":\"U. de Caldas recibi\u00f3 a mil 50 nuevos estudiantes para este 2017-2\"}]},{\"@type\":\"WebSite\",\"@id\":\"https:\\\/\\\/www.ucaldas.edu.co\\\/portal\\\/#website\",\"url\":\"https:\\\/\\\/www.ucaldas.edu.co\\\/portal\\\/\",\"name\":\"Universidad de Caldas\",\"description\":\"\",\"publisher\":{\"@id\":\"https:\\\/\\\/www.ucaldas.edu.co\\\/portal\\\/#organization\"},\"alternateName\":\"U. de Caldas\",\"potentialAction\":[{\"@type\":\"SearchAction\",\"target\":{\"@type\":\"EntryPoint\",\"urlTemplate\":\"https:\\\/\\\/www.ucaldas.edu.co\\\/portal\\\/?s={search_term_string}\"},\"query-input\":{\"@type\":\"PropertyValueSpecification\",\"valueRequired\":true,\"valueName\":\"search_term_string\"}}],\"inLanguage\":\"es\"},{\"@type\":\"Organization\",\"@id\":\"https:\\\/\\\/www.ucaldas.edu.co\\\/portal\\\/#organization\",\"name\":\"Universidad de Caldas\",\"alternateName\":\"U. de Caldas\",\"url\":\"https:\\\/\\\/www.ucaldas.edu.co\\\/portal\\\/\",\"logo\":{\"@type\":\"ImageObject\",\"inLanguage\":\"es\",\"@id\":\"https:\\\/\\\/www.ucaldas.edu.co\\\/portal\\\/#\\\/schema\\\/logo\\\/image\\\/\",\"url\":\"https:\\\/\\\/www.ucaldas.edu.co\\\/portal\\\/wp-content\\\/uploads\\\/2023\\\/11\\\/Logo_horizontal_oscuroU-2023.png\",\"contentUrl\":\"https:\\\/\\\/www.ucaldas.edu.co\\\/portal\\\/wp-content\\\/uploads\\\/2023\\\/11\\\/Logo_horizontal_oscuroU-2023.png\",\"width\":263,\"height\":101,\"caption\":\"Universidad de Caldas\"},\"image\":{\"@id\":\"https:\\\/\\\/www.ucaldas.edu.co\\\/portal\\\/#\\\/schema\\\/logo\\\/image\\\/\"},\"sameAs\":[\"https:\\\/\\\/www.facebook.com\\\/udecaldas\",\"https:\\\/\\\/x.com\\\/udecaldas\",\"https:\\\/\\\/www.youtube.com\\\/universidadcaldas\",\"https:\\\/\\\/www.instagram.com\\\/udecaldas\\\/\"]},{\"@type\":\"Person\",\"@id\":\"https:\\\/\\\/www.ucaldas.edu.co\\\/portal\\\/#\\\/schema\\\/person\\\/a1b482e23449158b4bc319926c074fdf\",\"name\":\"ofiprensa\",\"image\":{\"@type\":\"ImageObject\",\"inLanguage\":\"es\",\"@id\":\"https:\\\/\\\/www.ucaldas.edu.co\\\/portal\\\/wp-content\\\/litespeed\\\/avatar\\\/09ea5085e600095a7a811142c6944527.jpg?ver=1777497608\",\"url\":\"https:\\\/\\\/www.ucaldas.edu.co\\\/portal\\\/wp-content\\\/litespeed\\\/avatar\\\/09ea5085e600095a7a811142c6944527.jpg?ver=1777497608\",\"contentUrl\":\"https:\\\/\\\/www.ucaldas.edu.co\\\/portal\\\/wp-content\\\/litespeed\\\/avatar\\\/09ea5085e600095a7a811142c6944527.jpg?ver=1777497608\",\"caption\":\"ofiprensa\"},\"url\":\"https:\\\/\\\/www.ucaldas.edu.co\\\/portal\\\/author\\\/ofiprensa\\\/\"}]}<\/script>\n<!-- \/ Yoast SEO plugin. -->","yoast_head_json":{"title":"U. de Caldas recibi\u00f3 a mil 50 nuevos estudiantes para este 2017-2 .","robots":{"index":"index","follow":"follow","max-snippet":"max-snippet:-1","max-image-preview":"max-image-preview:large","max-video-preview":"max-video-preview:-1"},"canonical":"https:\/\/www.ucaldas.edu.co\/portal\/u-de-caldas-recibio-a-mil-50-nuevos-estudiantes-para-este-2017-2\/","schema":{"@context":"https:\/\/schema.org","@graph":[{"@type":"Article","@id":"https:\/\/www.ucaldas.edu.co\/portal\/u-de-caldas-recibio-a-mil-50-nuevos-estudiantes-para-este-2017-2\/#article","isPartOf":{"@id":"https:\/\/www.ucaldas.edu.co\/portal\/u-de-caldas-recibio-a-mil-50-nuevos-estudiantes-para-este-2017-2\/"},"author":{"name":"ofiprensa","@id":"https:\/\/www.ucaldas.edu.co\/portal\/#\/schema\/person\/a1b482e23449158b4bc319926c074fdf"},"headline":"U. de Caldas recibi\u00f3 a mil 50 nuevos estudiantes para este 2017-2","datePublished":"2017-08-16T20:00:07+00:00","mainEntityOfPage":{"@id":"https:\/\/www.ucaldas.edu.co\/portal\/u-de-caldas-recibio-a-mil-50-nuevos-estudiantes-para-este-2017-2\/"},"wordCount":297,"publisher":{"@id":"https:\/\/www.ucaldas.edu.co\/portal\/#organization"},"image":{"@id":"https:\/\/www.ucaldas.edu.co\/portal\/u-de-caldas-recibio-a-mil-50-nuevos-estudiantes-para-este-2017-2\/#primaryimage"},"thumbnailUrl":"https:\/\/www.ucaldas.edu.co\/portal\/wp-content\/uploads\/2017\/08\/inudcc-compressor.jpg","keywords":["Universidad De Caldas","jornada","inducci\u00f3n","nuevos estudiantes","bienestar universitario"],"articleSection":["Actualidad","Universidad al D\u00eda","UCaldas Activa"],"inLanguage":"es"},{"@type":"WebPage","@id":"https:\/\/www.ucaldas.edu.co\/portal\/u-de-caldas-recibio-a-mil-50-nuevos-estudiantes-para-este-2017-2\/","url":"https:\/\/www.ucaldas.edu.co\/portal\/u-de-caldas-recibio-a-mil-50-nuevos-estudiantes-para-este-2017-2\/","name":"U. de Caldas recibi\u00f3 a mil 50 nuevos estudiantes para este 2017-2 .","isPartOf":{"@id":"https:\/\/www.ucaldas.edu.co\/portal\/#website"},"primaryImageOfPage":{"@id":"https:\/\/www.ucaldas.edu.co\/portal\/u-de-caldas-recibio-a-mil-50-nuevos-estudiantes-para-este-2017-2\/#primaryimage"},"image":{"@id":"https:\/\/www.ucaldas.edu.co\/portal\/u-de-caldas-recibio-a-mil-50-nuevos-estudiantes-para-este-2017-2\/#primaryimage"},"thumbnailUrl":"https:\/\/www.ucaldas.edu.co\/portal\/wp-content\/uploads\/2017\/08\/inudcc-compressor.jpg","datePublished":"2017-08-16T20:00:07+00:00","breadcrumb":{"@id":"https:\/\/www.ucaldas.edu.co\/portal\/u-de-caldas-recibio-a-mil-50-nuevos-estudiantes-para-este-2017-2\/#breadcrumb"},"inLanguage":"es","potentialAction":[{"@type":"ReadAction","target":["https:\/\/www.ucaldas.edu.co\/portal\/u-de-caldas-recibio-a-mil-50-nuevos-estudiantes-para-este-2017-2\/"]}]},{"@type":"ImageObject","inLanguage":"es","@id":"https:\/\/www.ucaldas.edu.co\/portal\/u-de-caldas-recibio-a-mil-50-nuevos-estudiantes-para-este-2017-2\/#primaryimage","url":"https:\/\/www.ucaldas.edu.co\/portal\/wp-content\/uploads\/2017\/08\/inudcc-compressor.jpg","contentUrl":"https:\/\/www.ucaldas.edu.co\/portal\/wp-content\/uploads\/2017\/08\/inudcc-compressor.jpg","width":700,"height":400},{"@type":"BreadcrumbList","@id":"https:\/\/www.ucaldas.edu.co\/portal\/u-de-caldas-recibio-a-mil-50-nuevos-estudiantes-para-este-2017-2\/#breadcrumb","itemListElement":[{"@type":"ListItem","position":1,"name":"Portada","item":"https:\/\/www.ucaldas.edu.co\/portal\/"},{"@type":"ListItem","position":2,"name":"U. de Caldas recibi\u00f3 a mil 50 nuevos estudiantes para este 2017-2"}]},{"@type":"WebSite","@id":"https:\/\/www.ucaldas.edu.co\/portal\/#website","url":"https:\/\/www.ucaldas.edu.co\/portal\/","name":"Universidad de Caldas","description":"","publisher":{"@id":"https:\/\/www.ucaldas.edu.co\/portal\/#organization"},"alternateName":"U. de Caldas","potentialAction":[{"@type":"SearchAction","target":{"@type":"EntryPoint","urlTemplate":"https:\/\/www.ucaldas.edu.co\/portal\/?s={search_term_string}"},"query-input":{"@type":"PropertyValueSpecification","valueRequired":true,"valueName":"search_term_string"}}],"inLanguage":"es"},{"@type":"Organization","@id":"https:\/\/www.ucaldas.edu.co\/portal\/#organization","name":"Universidad de Caldas","alternateName":"U. de Caldas","url":"https:\/\/www.ucaldas.edu.co\/portal\/","logo":{"@type":"ImageObject","inLanguage":"es","@id":"https:\/\/www.ucaldas.edu.co\/portal\/#\/schema\/logo\/image\/","url":"https:\/\/www.ucaldas.edu.co\/portal\/wp-content\/uploads\/2023\/11\/Logo_horizontal_oscuroU-2023.png","contentUrl":"https:\/\/www.ucaldas.edu.co\/portal\/wp-content\/uploads\/2023\/11\/Logo_horizontal_oscuroU-2023.png","width":263,"height":101,"caption":"Universidad de Caldas"},"image":{"@id":"https:\/\/www.ucaldas.edu.co\/portal\/#\/schema\/logo\/image\/"},"sameAs":["https:\/\/www.facebook.com\/udecaldas","https:\/\/x.com\/udecaldas","https:\/\/www.youtube.com\/universidadcaldas","https:\/\/www.instagram.com\/udecaldas\/"]},{"@type":"Person","@id":"https:\/\/www.ucaldas.edu.co\/portal\/#\/schema\/person\/a1b482e23449158b4bc319926c074fdf","name":"ofiprensa","image":{"@type":"ImageObject","inLanguage":"es","@id":"https:\/\/www.ucaldas.edu.co\/portal\/wp-content\/litespeed\/avatar\/09ea5085e600095a7a811142c6944527.jpg?ver=1777497608","url":"https:\/\/www.ucaldas.edu.co\/portal\/wp-content\/litespeed\/avatar\/09ea5085e600095a7a811142c6944527.jpg?ver=1777497608","contentUrl":"https:\/\/www.ucaldas.edu.co\/portal\/wp-content\/litespeed\/avatar\/09ea5085e600095a7a811142c6944527.jpg?ver=1777497608","caption":"ofiprensa"},"url":"https:\/\/www.ucaldas.edu.co\/portal\/author\/ofiprensa\/"}]}},"_links":{"self":[{"href":"https:\/\/www.ucaldas.edu.co\/portal\/wp-json\/wp\/v2\/posts\/37177","targetHints":{"allow":["GET"]}}],"collection":[{"href":"https:\/\/www.ucaldas.edu.co\/portal\/wp-json\/wp\/v2\/posts"}],"about":[{"href":"https:\/\/www.ucaldas.edu.co\/portal\/wp-json\/wp\/v2\/types\/post"}],"author":[{"embeddable":true,"href":"https:\/\/www.ucaldas.edu.co\/portal\/wp-json\/wp\/v2\/users\/2"}],"replies":[{"embeddable":true,"href":"https:\/\/www.ucaldas.edu.co\/portal\/wp-json\/wp\/v2\/comments?post=37177"}],"version-history":[{"count":0,"href":"https:\/\/www.ucaldas.edu.co\/portal\/wp-json\/wp\/v2\/posts\/37177\/revisions"}],"wp:featuredmedia":[{"embeddable":true,"href":"https:\/\/www.ucaldas.edu.co\/portal\/wp-json\/wp\/v2\/media\/37178"}],"wp:attachment":[{"href":"https:\/\/www.ucaldas.edu.co\/portal\/wp-json\/wp\/v2\/media?parent=37177"}],"wp:term":[{"taxonomy":"category","embeddable":true,"href":"https:\/\/www.ucaldas.edu.co\/portal\/wp-json\/wp\/v2\/categories?post=37177"},{"taxonomy":"post_tag","embeddable":true,"href":"https:\/\/www.ucaldas.edu.co\/portal\/wp-json\/wp\/v2\/tags?post=37177"}],"curies":[{"name":"wp","href":"https:\/\/api.w.org\/{rel}","templated":true}]}}