{"id":37145,"date":"2017-08-15T21:01:39","date_gmt":"2017-08-15T21:01:39","guid":{"rendered":"https:\/\/www.ucaldas.edu.co\/portal\/?p=37145"},"modified":"2017-08-15T21:02:01","modified_gmt":"2017-08-15T21:02:01","slug":"articulo-de-docente-u-de-caldas-fue-publicado-en-revista-norteamericana-medical-hypothesis","status":"publish","type":"post","link":"https:\/\/www.ucaldas.edu.co\/portal\/articulo-de-docente-u-de-caldas-fue-publicado-en-revista-norteamericana-medical-hypothesis\/","title":{"rendered":"Art\u00edculo de docente U. de Caldas fue publicado en revista norteamericana Medical Hypothesis"},"content":{"rendered":"<p style=\"text-align: center;\">CARLOS AUGUSTO GONZ\u00c1LEZ CORREA HA FORMULADO UNA HIP\u00d3TESIS M\u00c9DICA<\/p>\n<p style=\"text-align: center;\"><strong>Art\u00edculo de docente U. de Caldas fue publicado en revista norteamericana Medical Hypothesis<\/strong><\/p>\n<p style=\"text-align: right;\">15\/08\/2017<\/p>\n<p><img loading=\"lazy\" decoding=\"async\" class=\"size-medium wp-image-37146 aligncenter\" src=\"https:\/\/www.ucaldas.edu.co\/portal\/wp-content\/uploads\/2017\/08\/carlosa-compressor-300x170.jpg\" alt=\"\" width=\"300\" height=\"170\" srcset=\"https:\/\/www.ucaldas.edu.co\/portal\/wp-content\/uploads\/2017\/08\/carlosa-compressor-300x170.jpg 300w, https:\/\/www.ucaldas.edu.co\/portal\/wp-content\/uploads\/2017\/08\/carlosa-compressor.jpg 700w\" sizes=\"auto, (max-width: 300px) 100vw, 300px\" \/><\/p>\n<p>Como fruto de su desarrollo intelectual, tanto en la parte experimental como en los avances te\u00f3ricos logrados en el Doctorado en Ciencias Biom\u00e9dicas de la Universidad de Caldas, el docente <strong>Carlos Augusto Gonz\u00e1lez Correa ha formulado una hip\u00f3tesis m\u00e9dica<\/strong>, cuya <strong>sustentaci\u00f3n cient\u00edfica<\/strong> <strong>ha sido plasmada<\/strong> en un extenso art\u00edculo aceptado y ya publicado por la <strong>revista norteamericana Medical Hypothesis. <\/strong><\/p>\n<p><!--more--><\/p>\n<p>Esta publicaci\u00f3n figura en el cuartil 2 (Q2) de la clasificaci\u00f3n de SCIMAGO (\u00e1rea de temas miscel\u00e1neos de medicina) y el t\u00edtulo del art\u00edculo es <em>The colon revisited or the key to wellness, health and disease<\/em>. Traducci\u00f3n: <em>El colon revisitado o la clave para el bienestar, la salud y la enfermedad<\/em>).<\/p>\n<p>&nbsp;<\/p>\n<p>Como puede verse, este <strong>logro es un producto neto del Doctorado en Red en Ciencias Biom\u00e9dicas de la Ecorregi\u00f3n Cafetera de Colombia <\/strong>y en concepto del autor principal del art\u00edculo, la hip\u00f3tesis formulada va en direcci\u00f3n de lo que bien podr\u00eda considerarse como una verdadera revoluci\u00f3n cient\u00edfica.<\/p>\n<p>&nbsp;<\/p>\n<p><a href=\"https:\/\/www.ucaldas.edu.co\/portal\/wp-content\/uploads\/2017\/08\/PhDCBM_170808_Comunicado-sobre-articulo-Med-Hyp.pdf\">Conozca m\u00e1s detalles de la hip\u00f3tesis formulada por Carlos Augusto Gonz\u00e1lez Correa<\/a><\/p>\n<p>&nbsp;<\/p>\n<p><strong>Informes:<\/strong>\u00a0Oficina de Comunicaciones y Prensa U. de Caldas, tel\u00e9fono 878 15 00 extensi\u00f3n 12 167.<\/p>\n<p><strong>Redacci\u00f3n:<\/strong> Margarita Laverde<\/p>\n<p>&nbsp;<\/p>\n","protected":false},"excerpt":{"rendered":"<p>CARLOS AUGUSTO GONZ\u00c1LEZ CORREA HA FORMULADO UNA HIP\u00d3TESIS M\u00c9DICA Art\u00edculo de docente U. de Caldas fue publicado en revista norteamericana Medical Hypothesis 15\/08\/2017 Como fruto de su desarrollo intelectual, tanto en la parte experimental como en los avances te\u00f3ricos logrados en el Doctorado en Ciencias Biom\u00e9dicas de la Universidad de Caldas, el docente Carlos Augusto [&hellip;]<\/p>\n","protected":false},"author":2,"featured_media":37146,"comment_status":"closed","ping_status":"open","sticky":false,"template":"","format":"standard","meta":{"footnotes":""},"categories":[48,53,614,617],"tags":[944,73,88,449,785],"class_list":["post-37145","post","type-post","status-publish","format-standard","has-post-thumbnail","hentry","category-actualidad","category-universidad-al-dia","category-ucaldas-internacional","category-ucaldas-colaborativa","tag-doctorado-en-ciencias-biomedicas","tag-proyeccion","tag-medicina","tag-publicacion","tag-articulo"],"yoast_head":"<!-- This site is optimized with the Yoast SEO plugin v27.5 - https:\/\/yoast.com\/product\/yoast-seo-wordpress\/ -->\n<title>Art\u00edculo de docente U. de Caldas fue publicado en revista norteamericana Medical Hypothesis .<\/title>\n<meta name=\"robots\" content=\"index, follow, max-snippet:-1, max-image-preview:large, max-video-preview:-1\" \/>\n<link rel=\"canonical\" href=\"https:\/\/www.ucaldas.edu.co\/portal\/articulo-de-docente-u-de-caldas-fue-publicado-en-revista-norteamericana-medical-hypothesis\/\" \/>\n<script type=\"application\/ld+json\" class=\"yoast-schema-graph\">{\"@context\":\"https:\\\/\\\/schema.org\",\"@graph\":[{\"@type\":\"Article\",\"@id\":\"https:\\\/\\\/www.ucaldas.edu.co\\\/portal\\\/articulo-de-docente-u-de-caldas-fue-publicado-en-revista-norteamericana-medical-hypothesis\\\/#article\",\"isPartOf\":{\"@id\":\"https:\\\/\\\/www.ucaldas.edu.co\\\/portal\\\/articulo-de-docente-u-de-caldas-fue-publicado-en-revista-norteamericana-medical-hypothesis\\\/\"},\"author\":{\"name\":\"ofiprensa\",\"@id\":\"https:\\\/\\\/www.ucaldas.edu.co\\\/portal\\\/#\\\/schema\\\/person\\\/a1b482e23449158b4bc319926c074fdf\"},\"headline\":\"Art\u00edculo de docente U. de Caldas fue publicado en revista norteamericana Medical Hypothesis\",\"datePublished\":\"2017-08-15T21:01:39+00:00\",\"dateModified\":\"2017-08-15T21:02:01+00:00\",\"mainEntityOfPage\":{\"@id\":\"https:\\\/\\\/www.ucaldas.edu.co\\\/portal\\\/articulo-de-docente-u-de-caldas-fue-publicado-en-revista-norteamericana-medical-hypothesis\\\/\"},\"wordCount\":254,\"publisher\":{\"@id\":\"https:\\\/\\\/www.ucaldas.edu.co\\\/portal\\\/#organization\"},\"image\":{\"@id\":\"https:\\\/\\\/www.ucaldas.edu.co\\\/portal\\\/articulo-de-docente-u-de-caldas-fue-publicado-en-revista-norteamericana-medical-hypothesis\\\/#primaryimage\"},\"thumbnailUrl\":\"https:\\\/\\\/www.ucaldas.edu.co\\\/portal\\\/wp-content\\\/uploads\\\/2017\\\/08\\\/carlosa-compressor.jpg\",\"keywords\":[\"Doctorado en Ciencias Biom\u00e9dicas\",\"Proyecci\u00f3n\",\"medicina\",\"publicaci\u00f3n\",\"art\u00edculo\"],\"articleSection\":[\"Actualidad\",\"Universidad al D\u00eda\",\"Ucaldas Internacional\",\"UCaldas Colaborativa\"],\"inLanguage\":\"es\"},{\"@type\":\"WebPage\",\"@id\":\"https:\\\/\\\/www.ucaldas.edu.co\\\/portal\\\/articulo-de-docente-u-de-caldas-fue-publicado-en-revista-norteamericana-medical-hypothesis\\\/\",\"url\":\"https:\\\/\\\/www.ucaldas.edu.co\\\/portal\\\/articulo-de-docente-u-de-caldas-fue-publicado-en-revista-norteamericana-medical-hypothesis\\\/\",\"name\":\"Art\u00edculo de docente U. de Caldas fue publicado en revista norteamericana Medical Hypothesis .\",\"isPartOf\":{\"@id\":\"https:\\\/\\\/www.ucaldas.edu.co\\\/portal\\\/#website\"},\"primaryImageOfPage\":{\"@id\":\"https:\\\/\\\/www.ucaldas.edu.co\\\/portal\\\/articulo-de-docente-u-de-caldas-fue-publicado-en-revista-norteamericana-medical-hypothesis\\\/#primaryimage\"},\"image\":{\"@id\":\"https:\\\/\\\/www.ucaldas.edu.co\\\/portal\\\/articulo-de-docente-u-de-caldas-fue-publicado-en-revista-norteamericana-medical-hypothesis\\\/#primaryimage\"},\"thumbnailUrl\":\"https:\\\/\\\/www.ucaldas.edu.co\\\/portal\\\/wp-content\\\/uploads\\\/2017\\\/08\\\/carlosa-compressor.jpg\",\"datePublished\":\"2017-08-15T21:01:39+00:00\",\"dateModified\":\"2017-08-15T21:02:01+00:00\",\"breadcrumb\":{\"@id\":\"https:\\\/\\\/www.ucaldas.edu.co\\\/portal\\\/articulo-de-docente-u-de-caldas-fue-publicado-en-revista-norteamericana-medical-hypothesis\\\/#breadcrumb\"},\"inLanguage\":\"es\",\"potentialAction\":[{\"@type\":\"ReadAction\",\"target\":[\"https:\\\/\\\/www.ucaldas.edu.co\\\/portal\\\/articulo-de-docente-u-de-caldas-fue-publicado-en-revista-norteamericana-medical-hypothesis\\\/\"]}]},{\"@type\":\"ImageObject\",\"inLanguage\":\"es\",\"@id\":\"https:\\\/\\\/www.ucaldas.edu.co\\\/portal\\\/articulo-de-docente-u-de-caldas-fue-publicado-en-revista-norteamericana-medical-hypothesis\\\/#primaryimage\",\"url\":\"https:\\\/\\\/www.ucaldas.edu.co\\\/portal\\\/wp-content\\\/uploads\\\/2017\\\/08\\\/carlosa-compressor.jpg\",\"contentUrl\":\"https:\\\/\\\/www.ucaldas.edu.co\\\/portal\\\/wp-content\\\/uploads\\\/2017\\\/08\\\/carlosa-compressor.jpg\",\"width\":700,\"height\":397},{\"@type\":\"BreadcrumbList\",\"@id\":\"https:\\\/\\\/www.ucaldas.edu.co\\\/portal\\\/articulo-de-docente-u-de-caldas-fue-publicado-en-revista-norteamericana-medical-hypothesis\\\/#breadcrumb\",\"itemListElement\":[{\"@type\":\"ListItem\",\"position\":1,\"name\":\"Portada\",\"item\":\"https:\\\/\\\/www.ucaldas.edu.co\\\/portal\\\/\"},{\"@type\":\"ListItem\",\"position\":2,\"name\":\"Art\u00edculo de docente U. de Caldas fue publicado en revista norteamericana Medical Hypothesis\"}]},{\"@type\":\"WebSite\",\"@id\":\"https:\\\/\\\/www.ucaldas.edu.co\\\/portal\\\/#website\",\"url\":\"https:\\\/\\\/www.ucaldas.edu.co\\\/portal\\\/\",\"name\":\"Universidad de Caldas\",\"description\":\"\",\"publisher\":{\"@id\":\"https:\\\/\\\/www.ucaldas.edu.co\\\/portal\\\/#organization\"},\"alternateName\":\"U. de Caldas\",\"potentialAction\":[{\"@type\":\"SearchAction\",\"target\":{\"@type\":\"EntryPoint\",\"urlTemplate\":\"https:\\\/\\\/www.ucaldas.edu.co\\\/portal\\\/?s={search_term_string}\"},\"query-input\":{\"@type\":\"PropertyValueSpecification\",\"valueRequired\":true,\"valueName\":\"search_term_string\"}}],\"inLanguage\":\"es\"},{\"@type\":\"Organization\",\"@id\":\"https:\\\/\\\/www.ucaldas.edu.co\\\/portal\\\/#organization\",\"name\":\"Universidad de Caldas\",\"alternateName\":\"U. de Caldas\",\"url\":\"https:\\\/\\\/www.ucaldas.edu.co\\\/portal\\\/\",\"logo\":{\"@type\":\"ImageObject\",\"inLanguage\":\"es\",\"@id\":\"https:\\\/\\\/www.ucaldas.edu.co\\\/portal\\\/#\\\/schema\\\/logo\\\/image\\\/\",\"url\":\"https:\\\/\\\/www.ucaldas.edu.co\\\/portal\\\/wp-content\\\/uploads\\\/2023\\\/11\\\/Logo_horizontal_oscuroU-2023.png\",\"contentUrl\":\"https:\\\/\\\/www.ucaldas.edu.co\\\/portal\\\/wp-content\\\/uploads\\\/2023\\\/11\\\/Logo_horizontal_oscuroU-2023.png\",\"width\":263,\"height\":101,\"caption\":\"Universidad de Caldas\"},\"image\":{\"@id\":\"https:\\\/\\\/www.ucaldas.edu.co\\\/portal\\\/#\\\/schema\\\/logo\\\/image\\\/\"},\"sameAs\":[\"https:\\\/\\\/www.facebook.com\\\/udecaldas\",\"https:\\\/\\\/x.com\\\/udecaldas\",\"https:\\\/\\\/www.youtube.com\\\/universidadcaldas\",\"https:\\\/\\\/www.instagram.com\\\/udecaldas\\\/\"]},{\"@type\":\"Person\",\"@id\":\"https:\\\/\\\/www.ucaldas.edu.co\\\/portal\\\/#\\\/schema\\\/person\\\/a1b482e23449158b4bc319926c074fdf\",\"name\":\"ofiprensa\",\"image\":{\"@type\":\"ImageObject\",\"inLanguage\":\"es\",\"@id\":\"https:\\\/\\\/www.ucaldas.edu.co\\\/portal\\\/wp-content\\\/litespeed\\\/avatar\\\/09ea5085e600095a7a811142c6944527.jpg?ver=1776892805\",\"url\":\"https:\\\/\\\/www.ucaldas.edu.co\\\/portal\\\/wp-content\\\/litespeed\\\/avatar\\\/09ea5085e600095a7a811142c6944527.jpg?ver=1776892805\",\"contentUrl\":\"https:\\\/\\\/www.ucaldas.edu.co\\\/portal\\\/wp-content\\\/litespeed\\\/avatar\\\/09ea5085e600095a7a811142c6944527.jpg?ver=1776892805\",\"caption\":\"ofiprensa\"},\"url\":\"https:\\\/\\\/www.ucaldas.edu.co\\\/portal\\\/author\\\/ofiprensa\\\/\"}]}<\/script>\n<!-- \/ Yoast SEO plugin. -->","yoast_head_json":{"title":"Art\u00edculo de docente U. de Caldas fue publicado en revista norteamericana Medical Hypothesis .","robots":{"index":"index","follow":"follow","max-snippet":"max-snippet:-1","max-image-preview":"max-image-preview:large","max-video-preview":"max-video-preview:-1"},"canonical":"https:\/\/www.ucaldas.edu.co\/portal\/articulo-de-docente-u-de-caldas-fue-publicado-en-revista-norteamericana-medical-hypothesis\/","schema":{"@context":"https:\/\/schema.org","@graph":[{"@type":"Article","@id":"https:\/\/www.ucaldas.edu.co\/portal\/articulo-de-docente-u-de-caldas-fue-publicado-en-revista-norteamericana-medical-hypothesis\/#article","isPartOf":{"@id":"https:\/\/www.ucaldas.edu.co\/portal\/articulo-de-docente-u-de-caldas-fue-publicado-en-revista-norteamericana-medical-hypothesis\/"},"author":{"name":"ofiprensa","@id":"https:\/\/www.ucaldas.edu.co\/portal\/#\/schema\/person\/a1b482e23449158b4bc319926c074fdf"},"headline":"Art\u00edculo de docente U. de Caldas fue publicado en revista norteamericana Medical Hypothesis","datePublished":"2017-08-15T21:01:39+00:00","dateModified":"2017-08-15T21:02:01+00:00","mainEntityOfPage":{"@id":"https:\/\/www.ucaldas.edu.co\/portal\/articulo-de-docente-u-de-caldas-fue-publicado-en-revista-norteamericana-medical-hypothesis\/"},"wordCount":254,"publisher":{"@id":"https:\/\/www.ucaldas.edu.co\/portal\/#organization"},"image":{"@id":"https:\/\/www.ucaldas.edu.co\/portal\/articulo-de-docente-u-de-caldas-fue-publicado-en-revista-norteamericana-medical-hypothesis\/#primaryimage"},"thumbnailUrl":"https:\/\/www.ucaldas.edu.co\/portal\/wp-content\/uploads\/2017\/08\/carlosa-compressor.jpg","keywords":["Doctorado en Ciencias Biom\u00e9dicas","Proyecci\u00f3n","medicina","publicaci\u00f3n","art\u00edculo"],"articleSection":["Actualidad","Universidad al D\u00eda","Ucaldas Internacional","UCaldas Colaborativa"],"inLanguage":"es"},{"@type":"WebPage","@id":"https:\/\/www.ucaldas.edu.co\/portal\/articulo-de-docente-u-de-caldas-fue-publicado-en-revista-norteamericana-medical-hypothesis\/","url":"https:\/\/www.ucaldas.edu.co\/portal\/articulo-de-docente-u-de-caldas-fue-publicado-en-revista-norteamericana-medical-hypothesis\/","name":"Art\u00edculo de docente U. de Caldas fue publicado en revista norteamericana Medical Hypothesis .","isPartOf":{"@id":"https:\/\/www.ucaldas.edu.co\/portal\/#website"},"primaryImageOfPage":{"@id":"https:\/\/www.ucaldas.edu.co\/portal\/articulo-de-docente-u-de-caldas-fue-publicado-en-revista-norteamericana-medical-hypothesis\/#primaryimage"},"image":{"@id":"https:\/\/www.ucaldas.edu.co\/portal\/articulo-de-docente-u-de-caldas-fue-publicado-en-revista-norteamericana-medical-hypothesis\/#primaryimage"},"thumbnailUrl":"https:\/\/www.ucaldas.edu.co\/portal\/wp-content\/uploads\/2017\/08\/carlosa-compressor.jpg","datePublished":"2017-08-15T21:01:39+00:00","dateModified":"2017-08-15T21:02:01+00:00","breadcrumb":{"@id":"https:\/\/www.ucaldas.edu.co\/portal\/articulo-de-docente-u-de-caldas-fue-publicado-en-revista-norteamericana-medical-hypothesis\/#breadcrumb"},"inLanguage":"es","potentialAction":[{"@type":"ReadAction","target":["https:\/\/www.ucaldas.edu.co\/portal\/articulo-de-docente-u-de-caldas-fue-publicado-en-revista-norteamericana-medical-hypothesis\/"]}]},{"@type":"ImageObject","inLanguage":"es","@id":"https:\/\/www.ucaldas.edu.co\/portal\/articulo-de-docente-u-de-caldas-fue-publicado-en-revista-norteamericana-medical-hypothesis\/#primaryimage","url":"https:\/\/www.ucaldas.edu.co\/portal\/wp-content\/uploads\/2017\/08\/carlosa-compressor.jpg","contentUrl":"https:\/\/www.ucaldas.edu.co\/portal\/wp-content\/uploads\/2017\/08\/carlosa-compressor.jpg","width":700,"height":397},{"@type":"BreadcrumbList","@id":"https:\/\/www.ucaldas.edu.co\/portal\/articulo-de-docente-u-de-caldas-fue-publicado-en-revista-norteamericana-medical-hypothesis\/#breadcrumb","itemListElement":[{"@type":"ListItem","position":1,"name":"Portada","item":"https:\/\/www.ucaldas.edu.co\/portal\/"},{"@type":"ListItem","position":2,"name":"Art\u00edculo de docente U. de Caldas fue publicado en revista norteamericana Medical Hypothesis"}]},{"@type":"WebSite","@id":"https:\/\/www.ucaldas.edu.co\/portal\/#website","url":"https:\/\/www.ucaldas.edu.co\/portal\/","name":"Universidad de Caldas","description":"","publisher":{"@id":"https:\/\/www.ucaldas.edu.co\/portal\/#organization"},"alternateName":"U. de Caldas","potentialAction":[{"@type":"SearchAction","target":{"@type":"EntryPoint","urlTemplate":"https:\/\/www.ucaldas.edu.co\/portal\/?s={search_term_string}"},"query-input":{"@type":"PropertyValueSpecification","valueRequired":true,"valueName":"search_term_string"}}],"inLanguage":"es"},{"@type":"Organization","@id":"https:\/\/www.ucaldas.edu.co\/portal\/#organization","name":"Universidad de Caldas","alternateName":"U. de Caldas","url":"https:\/\/www.ucaldas.edu.co\/portal\/","logo":{"@type":"ImageObject","inLanguage":"es","@id":"https:\/\/www.ucaldas.edu.co\/portal\/#\/schema\/logo\/image\/","url":"https:\/\/www.ucaldas.edu.co\/portal\/wp-content\/uploads\/2023\/11\/Logo_horizontal_oscuroU-2023.png","contentUrl":"https:\/\/www.ucaldas.edu.co\/portal\/wp-content\/uploads\/2023\/11\/Logo_horizontal_oscuroU-2023.png","width":263,"height":101,"caption":"Universidad de Caldas"},"image":{"@id":"https:\/\/www.ucaldas.edu.co\/portal\/#\/schema\/logo\/image\/"},"sameAs":["https:\/\/www.facebook.com\/udecaldas","https:\/\/x.com\/udecaldas","https:\/\/www.youtube.com\/universidadcaldas","https:\/\/www.instagram.com\/udecaldas\/"]},{"@type":"Person","@id":"https:\/\/www.ucaldas.edu.co\/portal\/#\/schema\/person\/a1b482e23449158b4bc319926c074fdf","name":"ofiprensa","image":{"@type":"ImageObject","inLanguage":"es","@id":"https:\/\/www.ucaldas.edu.co\/portal\/wp-content\/litespeed\/avatar\/09ea5085e600095a7a811142c6944527.jpg?ver=1776892805","url":"https:\/\/www.ucaldas.edu.co\/portal\/wp-content\/litespeed\/avatar\/09ea5085e600095a7a811142c6944527.jpg?ver=1776892805","contentUrl":"https:\/\/www.ucaldas.edu.co\/portal\/wp-content\/litespeed\/avatar\/09ea5085e600095a7a811142c6944527.jpg?ver=1776892805","caption":"ofiprensa"},"url":"https:\/\/www.ucaldas.edu.co\/portal\/author\/ofiprensa\/"}]}},"_links":{"self":[{"href":"https:\/\/www.ucaldas.edu.co\/portal\/wp-json\/wp\/v2\/posts\/37145","targetHints":{"allow":["GET"]}}],"collection":[{"href":"https:\/\/www.ucaldas.edu.co\/portal\/wp-json\/wp\/v2\/posts"}],"about":[{"href":"https:\/\/www.ucaldas.edu.co\/portal\/wp-json\/wp\/v2\/types\/post"}],"author":[{"embeddable":true,"href":"https:\/\/www.ucaldas.edu.co\/portal\/wp-json\/wp\/v2\/users\/2"}],"replies":[{"embeddable":true,"href":"https:\/\/www.ucaldas.edu.co\/portal\/wp-json\/wp\/v2\/comments?post=37145"}],"version-history":[{"count":0,"href":"https:\/\/www.ucaldas.edu.co\/portal\/wp-json\/wp\/v2\/posts\/37145\/revisions"}],"wp:featuredmedia":[{"embeddable":true,"href":"https:\/\/www.ucaldas.edu.co\/portal\/wp-json\/wp\/v2\/media\/37146"}],"wp:attachment":[{"href":"https:\/\/www.ucaldas.edu.co\/portal\/wp-json\/wp\/v2\/media?parent=37145"}],"wp:term":[{"taxonomy":"category","embeddable":true,"href":"https:\/\/www.ucaldas.edu.co\/portal\/wp-json\/wp\/v2\/categories?post=37145"},{"taxonomy":"post_tag","embeddable":true,"href":"https:\/\/www.ucaldas.edu.co\/portal\/wp-json\/wp\/v2\/tags?post=37145"}],"curies":[{"name":"wp","href":"https:\/\/api.w.org\/{rel}","templated":true}]}}