{"id":37083,"date":"2014-03-19T19:58:44","date_gmt":"2014-03-20T00:58:44","guid":{"rendered":"https:\/\/www.ucaldas.edu.co\/portal\/?p=2393"},"modified":"2014-03-19T19:58:44","modified_gmt":"2014-03-20T00:58:44","slug":"licenciados-u-de-caldas-reflexionaron-sobre-la-labor-de-su-profesion","status":"publish","type":"post","link":"https:\/\/www.ucaldas.edu.co\/portal\/licenciados-u-de-caldas-reflexionaron-sobre-la-labor-de-su-profesion\/","title":{"rendered":"Licenciados U. de Caldas reflexionaron sobre la labor de su profesi\u00f3n"},"content":{"rendered":"<p align=\"center\"><span style=\"text-decoration: underline;\">EN JORNADA DE ACAD\u00c9MICA, ORGANIZADA POR LA UNIDAD FORMADORA DE EDUCADORES<\/span><\/p>\n<p align=\"center\"><b>Licenciados U. de Caldas reflexionaron sobre la labor de su profesi\u00f3n<\/b><\/p>\n<p align=\"center\"><img loading=\"lazy\" decoding=\"async\" class=\"alignnone size-full wp-image-2394\" alt=\"jornada_licenciado\" src=\"https:\/\/www.ucaldas.edu.co\/portal\/wp-content\/uploads\/2014\/03\/jornada_licenciado.jpg\" width=\"378\" height=\"298\" \/><\/p>\n<table class=\" alignright\" border=\"0\">\n<tbody>\n<tr>\n<td>Foto: Guillermo Sarmiento \/ Prensa U. de Caldas<\/td>\n<\/tr>\n<\/tbody>\n<\/table>\n<p align=\"center\">\n<p align=\"right\">19\/3\/2014<\/p>\n<p align=\"right\">Redacci\u00f3n: Laura S\u00e1nchez Largo<\/p>\n<p>Cuando el mundo tiene cambios y los contextos se adaptan, <b>licenciados de la Facultad de Artes y Humanidades<\/b> de la Universidad de Caldas dialogaron sobre su <b>papel, retos y misi\u00f3n como profesionales<\/b> en la Jornada de reflexi\u00f3n sobre la formaci\u00f3n de licenciados, que se realiz\u00f3 el 19 de marzo del 2014 en la Sala Carlos N\u00e1der N\u00e1der.<\/p>\n<p><!--more--><\/p>\n<p>Henry Portela Guar\u00edn, Director del Departamento de Estudios Educativos, expres\u00f3 que \u201cla jornada de reflexi\u00f3n sobre la formaci\u00f3n de los licenciados es <b>importante frente a las nuevas din\u00e1micas curriculares, pedag\u00f3gicas y did\u00e1cticas<\/b>. Adem\u00e1s de sentir la realidad del pa\u00eds, es pensar en los maestros y sus compromisos\u201d.<\/p>\n<p><b>Los retos<\/b><\/p>\n<p>Realizaron reflexiones sobre los resultados de las pruebas saber pro para <b>ubicar en el contexto de la realidad nacional<\/b>. Otro tema fue el an\u00e1lisis de las normas, los impactos y nuevos trayectos a nivel normativo, social y cultural.<\/p>\n<p>\u201cPrimero se debe analizar las <b>pol\u00edticas educativas<\/b>, el <b>papel que asumimos como formadores de maestros<\/b>, <b>qu\u00e9 asumimos<\/b> cuando queremos ser licenciados y <b>cu\u00e1l es nuestro papel<\/b>\u201d, expres\u00f3 Portela Guar\u00edn.<\/p>\n<p>Los conferencistas centrales fueron Orlando Londo\u00f1o Betancourt, Decano de la Facultad de Artes y Humanidades, y Luis Fernando Amador Pineda, profesor del Departamento de Estudios Educativos de la U. de Caldas.<\/p>\n<p><a href=\"https:\/\/www.facebook.com\/media\/set\/?set=a.658734614188407.1073742600.107054166023124&amp;type=1&amp;l=9700271e2b\">Conozca im\u00e1genes de la Jornada de reflexi\u00f3n sobre la formaci\u00f3n de licenciados.<\/a><\/p>\n<p>&nbsp;<\/p>\n<p><b>Informes:<\/b> Oficina de Prensa U. de Caldas, tel\u00e9fono 878 15 00, extensi\u00f3n 12 167.<\/p>\n<p><b>\u00a0<\/b><\/p>\n","protected":false},"excerpt":{"rendered":"<p>EN JORNADA DE ACAD\u00c9MICA, ORGANIZADA POR LA UNIDAD FORMADORA DE EDUCADORES Licenciados U. de Caldas reflexionaron sobre la labor de su profesi\u00f3n Foto: Guillermo Sarmiento \/ Prensa U. de Caldas 19\/3\/2014 Redacci\u00f3n: Laura S\u00e1nchez Largo Cuando el mundo tiene cambios y los contextos se adaptan, licenciados de la Facultad de Artes y Humanidades de la [&hellip;]<\/p>\n","protected":false},"author":2,"featured_media":0,"comment_status":"closed","ping_status":"closed","sticky":false,"template":"","format":"standard","meta":{"footnotes":""},"categories":[48,53],"tags":[1547,1548,95,1181,1186,1254],"class_list":["post-37083","post","type-post","status-publish","format-standard","hentry","category-actualidad","category-universidad-al-dia","tag-jornada-de-reflexion-sobre-la-formacion-de-licenciados","tag-licenciado","tag-universidad-de-caldas","tag-educacion","tag-impacto","tag-facultad-de-artes-y-humanidades"],"yoast_head":"<!-- This site is optimized with the Yoast SEO plugin v27.5 - https:\/\/yoast.com\/product\/yoast-seo-wordpress\/ -->\n<title>Licenciados U. de Caldas reflexionaron sobre la labor de su profesi\u00f3n .<\/title>\n<meta name=\"robots\" content=\"index, follow, max-snippet:-1, max-image-preview:large, max-video-preview:-1\" \/>\n<link rel=\"canonical\" href=\"https:\/\/www.ucaldas.edu.co\/portal\/licenciados-u-de-caldas-reflexionaron-sobre-la-labor-de-su-profesion\/\" \/>\n<script type=\"application\/ld+json\" class=\"yoast-schema-graph\">{\"@context\":\"https:\\\/\\\/schema.org\",\"@graph\":[{\"@type\":\"Article\",\"@id\":\"https:\\\/\\\/www.ucaldas.edu.co\\\/portal\\\/licenciados-u-de-caldas-reflexionaron-sobre-la-labor-de-su-profesion\\\/#article\",\"isPartOf\":{\"@id\":\"https:\\\/\\\/www.ucaldas.edu.co\\\/portal\\\/licenciados-u-de-caldas-reflexionaron-sobre-la-labor-de-su-profesion\\\/\"},\"author\":{\"name\":\"ofiprensa\",\"@id\":\"https:\\\/\\\/www.ucaldas.edu.co\\\/portal\\\/#\\\/schema\\\/person\\\/a1b482e23449158b4bc319926c074fdf\"},\"headline\":\"Licenciados U. de Caldas reflexionaron sobre la labor de su profesi\u00f3n\",\"datePublished\":\"2014-03-20T00:58:44+00:00\",\"mainEntityOfPage\":{\"@id\":\"https:\\\/\\\/www.ucaldas.edu.co\\\/portal\\\/licenciados-u-de-caldas-reflexionaron-sobre-la-labor-de-su-profesion\\\/\"},\"wordCount\":296,\"publisher\":{\"@id\":\"https:\\\/\\\/www.ucaldas.edu.co\\\/portal\\\/#organization\"},\"image\":{\"@id\":\"https:\\\/\\\/www.ucaldas.edu.co\\\/portal\\\/licenciados-u-de-caldas-reflexionaron-sobre-la-labor-de-su-profesion\\\/#primaryimage\"},\"thumbnailUrl\":\"https:\\\/\\\/www.ucaldas.edu.co\\\/portal\\\/wp-content\\\/uploads\\\/2014\\\/03\\\/jornada_licenciado.jpg\",\"keywords\":[\"Jornada de reflexi\u00f3n sobre la formaci\u00f3n de licenciados\",\"licenciado\",\"Universidad De Caldas\",\"educaci\u00f3n\",\"impacto\",\"Facultad de Artes y Humanidades\"],\"articleSection\":[\"Actualidad\",\"Universidad al D\u00eda\"],\"inLanguage\":\"es\"},{\"@type\":\"WebPage\",\"@id\":\"https:\\\/\\\/www.ucaldas.edu.co\\\/portal\\\/licenciados-u-de-caldas-reflexionaron-sobre-la-labor-de-su-profesion\\\/\",\"url\":\"https:\\\/\\\/www.ucaldas.edu.co\\\/portal\\\/licenciados-u-de-caldas-reflexionaron-sobre-la-labor-de-su-profesion\\\/\",\"name\":\"Licenciados U. de Caldas reflexionaron sobre la labor de su profesi\u00f3n .\",\"isPartOf\":{\"@id\":\"https:\\\/\\\/www.ucaldas.edu.co\\\/portal\\\/#website\"},\"primaryImageOfPage\":{\"@id\":\"https:\\\/\\\/www.ucaldas.edu.co\\\/portal\\\/licenciados-u-de-caldas-reflexionaron-sobre-la-labor-de-su-profesion\\\/#primaryimage\"},\"image\":{\"@id\":\"https:\\\/\\\/www.ucaldas.edu.co\\\/portal\\\/licenciados-u-de-caldas-reflexionaron-sobre-la-labor-de-su-profesion\\\/#primaryimage\"},\"thumbnailUrl\":\"https:\\\/\\\/www.ucaldas.edu.co\\\/portal\\\/wp-content\\\/uploads\\\/2014\\\/03\\\/jornada_licenciado.jpg\",\"datePublished\":\"2014-03-20T00:58:44+00:00\",\"breadcrumb\":{\"@id\":\"https:\\\/\\\/www.ucaldas.edu.co\\\/portal\\\/licenciados-u-de-caldas-reflexionaron-sobre-la-labor-de-su-profesion\\\/#breadcrumb\"},\"inLanguage\":\"es\",\"potentialAction\":[{\"@type\":\"ReadAction\",\"target\":[\"https:\\\/\\\/www.ucaldas.edu.co\\\/portal\\\/licenciados-u-de-caldas-reflexionaron-sobre-la-labor-de-su-profesion\\\/\"]}]},{\"@type\":\"ImageObject\",\"inLanguage\":\"es\",\"@id\":\"https:\\\/\\\/www.ucaldas.edu.co\\\/portal\\\/licenciados-u-de-caldas-reflexionaron-sobre-la-labor-de-su-profesion\\\/#primaryimage\",\"url\":\"https:\\\/\\\/www.ucaldas.edu.co\\\/portal\\\/wp-content\\\/uploads\\\/2014\\\/03\\\/jornada_licenciado.jpg\",\"contentUrl\":\"https:\\\/\\\/www.ucaldas.edu.co\\\/portal\\\/wp-content\\\/uploads\\\/2014\\\/03\\\/jornada_licenciado.jpg\"},{\"@type\":\"BreadcrumbList\",\"@id\":\"https:\\\/\\\/www.ucaldas.edu.co\\\/portal\\\/licenciados-u-de-caldas-reflexionaron-sobre-la-labor-de-su-profesion\\\/#breadcrumb\",\"itemListElement\":[{\"@type\":\"ListItem\",\"position\":1,\"name\":\"Portada\",\"item\":\"https:\\\/\\\/www.ucaldas.edu.co\\\/portal\\\/\"},{\"@type\":\"ListItem\",\"position\":2,\"name\":\"Licenciados U. de Caldas reflexionaron sobre la labor de su profesi\u00f3n\"}]},{\"@type\":\"WebSite\",\"@id\":\"https:\\\/\\\/www.ucaldas.edu.co\\\/portal\\\/#website\",\"url\":\"https:\\\/\\\/www.ucaldas.edu.co\\\/portal\\\/\",\"name\":\"Universidad de Caldas\",\"description\":\"\",\"publisher\":{\"@id\":\"https:\\\/\\\/www.ucaldas.edu.co\\\/portal\\\/#organization\"},\"alternateName\":\"U. de Caldas\",\"potentialAction\":[{\"@type\":\"SearchAction\",\"target\":{\"@type\":\"EntryPoint\",\"urlTemplate\":\"https:\\\/\\\/www.ucaldas.edu.co\\\/portal\\\/?s={search_term_string}\"},\"query-input\":{\"@type\":\"PropertyValueSpecification\",\"valueRequired\":true,\"valueName\":\"search_term_string\"}}],\"inLanguage\":\"es\"},{\"@type\":\"Organization\",\"@id\":\"https:\\\/\\\/www.ucaldas.edu.co\\\/portal\\\/#organization\",\"name\":\"Universidad de Caldas\",\"alternateName\":\"U. de Caldas\",\"url\":\"https:\\\/\\\/www.ucaldas.edu.co\\\/portal\\\/\",\"logo\":{\"@type\":\"ImageObject\",\"inLanguage\":\"es\",\"@id\":\"https:\\\/\\\/www.ucaldas.edu.co\\\/portal\\\/#\\\/schema\\\/logo\\\/image\\\/\",\"url\":\"https:\\\/\\\/www.ucaldas.edu.co\\\/portal\\\/wp-content\\\/uploads\\\/2023\\\/11\\\/Logo_horizontal_oscuroU-2023.png\",\"contentUrl\":\"https:\\\/\\\/www.ucaldas.edu.co\\\/portal\\\/wp-content\\\/uploads\\\/2023\\\/11\\\/Logo_horizontal_oscuroU-2023.png\",\"width\":263,\"height\":101,\"caption\":\"Universidad de Caldas\"},\"image\":{\"@id\":\"https:\\\/\\\/www.ucaldas.edu.co\\\/portal\\\/#\\\/schema\\\/logo\\\/image\\\/\"},\"sameAs\":[\"https:\\\/\\\/www.facebook.com\\\/udecaldas\",\"https:\\\/\\\/x.com\\\/udecaldas\",\"https:\\\/\\\/www.youtube.com\\\/universidadcaldas\",\"https:\\\/\\\/www.instagram.com\\\/udecaldas\\\/\"]},{\"@type\":\"Person\",\"@id\":\"https:\\\/\\\/www.ucaldas.edu.co\\\/portal\\\/#\\\/schema\\\/person\\\/a1b482e23449158b4bc319926c074fdf\",\"name\":\"ofiprensa\",\"image\":{\"@type\":\"ImageObject\",\"inLanguage\":\"es\",\"@id\":\"https:\\\/\\\/www.ucaldas.edu.co\\\/portal\\\/wp-content\\\/litespeed\\\/avatar\\\/09ea5085e600095a7a811142c6944527.jpg?ver=1777497608\",\"url\":\"https:\\\/\\\/www.ucaldas.edu.co\\\/portal\\\/wp-content\\\/litespeed\\\/avatar\\\/09ea5085e600095a7a811142c6944527.jpg?ver=1777497608\",\"contentUrl\":\"https:\\\/\\\/www.ucaldas.edu.co\\\/portal\\\/wp-content\\\/litespeed\\\/avatar\\\/09ea5085e600095a7a811142c6944527.jpg?ver=1777497608\",\"caption\":\"ofiprensa\"},\"url\":\"https:\\\/\\\/www.ucaldas.edu.co\\\/portal\\\/author\\\/ofiprensa\\\/\"}]}<\/script>\n<!-- \/ Yoast SEO plugin. -->","yoast_head_json":{"title":"Licenciados U. de Caldas reflexionaron sobre la labor de su profesi\u00f3n .","robots":{"index":"index","follow":"follow","max-snippet":"max-snippet:-1","max-image-preview":"max-image-preview:large","max-video-preview":"max-video-preview:-1"},"canonical":"https:\/\/www.ucaldas.edu.co\/portal\/licenciados-u-de-caldas-reflexionaron-sobre-la-labor-de-su-profesion\/","schema":{"@context":"https:\/\/schema.org","@graph":[{"@type":"Article","@id":"https:\/\/www.ucaldas.edu.co\/portal\/licenciados-u-de-caldas-reflexionaron-sobre-la-labor-de-su-profesion\/#article","isPartOf":{"@id":"https:\/\/www.ucaldas.edu.co\/portal\/licenciados-u-de-caldas-reflexionaron-sobre-la-labor-de-su-profesion\/"},"author":{"name":"ofiprensa","@id":"https:\/\/www.ucaldas.edu.co\/portal\/#\/schema\/person\/a1b482e23449158b4bc319926c074fdf"},"headline":"Licenciados U. de Caldas reflexionaron sobre la labor de su profesi\u00f3n","datePublished":"2014-03-20T00:58:44+00:00","mainEntityOfPage":{"@id":"https:\/\/www.ucaldas.edu.co\/portal\/licenciados-u-de-caldas-reflexionaron-sobre-la-labor-de-su-profesion\/"},"wordCount":296,"publisher":{"@id":"https:\/\/www.ucaldas.edu.co\/portal\/#organization"},"image":{"@id":"https:\/\/www.ucaldas.edu.co\/portal\/licenciados-u-de-caldas-reflexionaron-sobre-la-labor-de-su-profesion\/#primaryimage"},"thumbnailUrl":"https:\/\/www.ucaldas.edu.co\/portal\/wp-content\/uploads\/2014\/03\/jornada_licenciado.jpg","keywords":["Jornada de reflexi\u00f3n sobre la formaci\u00f3n de licenciados","licenciado","Universidad De Caldas","educaci\u00f3n","impacto","Facultad de Artes y Humanidades"],"articleSection":["Actualidad","Universidad al D\u00eda"],"inLanguage":"es"},{"@type":"WebPage","@id":"https:\/\/www.ucaldas.edu.co\/portal\/licenciados-u-de-caldas-reflexionaron-sobre-la-labor-de-su-profesion\/","url":"https:\/\/www.ucaldas.edu.co\/portal\/licenciados-u-de-caldas-reflexionaron-sobre-la-labor-de-su-profesion\/","name":"Licenciados U. de Caldas reflexionaron sobre la labor de su profesi\u00f3n .","isPartOf":{"@id":"https:\/\/www.ucaldas.edu.co\/portal\/#website"},"primaryImageOfPage":{"@id":"https:\/\/www.ucaldas.edu.co\/portal\/licenciados-u-de-caldas-reflexionaron-sobre-la-labor-de-su-profesion\/#primaryimage"},"image":{"@id":"https:\/\/www.ucaldas.edu.co\/portal\/licenciados-u-de-caldas-reflexionaron-sobre-la-labor-de-su-profesion\/#primaryimage"},"thumbnailUrl":"https:\/\/www.ucaldas.edu.co\/portal\/wp-content\/uploads\/2014\/03\/jornada_licenciado.jpg","datePublished":"2014-03-20T00:58:44+00:00","breadcrumb":{"@id":"https:\/\/www.ucaldas.edu.co\/portal\/licenciados-u-de-caldas-reflexionaron-sobre-la-labor-de-su-profesion\/#breadcrumb"},"inLanguage":"es","potentialAction":[{"@type":"ReadAction","target":["https:\/\/www.ucaldas.edu.co\/portal\/licenciados-u-de-caldas-reflexionaron-sobre-la-labor-de-su-profesion\/"]}]},{"@type":"ImageObject","inLanguage":"es","@id":"https:\/\/www.ucaldas.edu.co\/portal\/licenciados-u-de-caldas-reflexionaron-sobre-la-labor-de-su-profesion\/#primaryimage","url":"https:\/\/www.ucaldas.edu.co\/portal\/wp-content\/uploads\/2014\/03\/jornada_licenciado.jpg","contentUrl":"https:\/\/www.ucaldas.edu.co\/portal\/wp-content\/uploads\/2014\/03\/jornada_licenciado.jpg"},{"@type":"BreadcrumbList","@id":"https:\/\/www.ucaldas.edu.co\/portal\/licenciados-u-de-caldas-reflexionaron-sobre-la-labor-de-su-profesion\/#breadcrumb","itemListElement":[{"@type":"ListItem","position":1,"name":"Portada","item":"https:\/\/www.ucaldas.edu.co\/portal\/"},{"@type":"ListItem","position":2,"name":"Licenciados U. de Caldas reflexionaron sobre la labor de su profesi\u00f3n"}]},{"@type":"WebSite","@id":"https:\/\/www.ucaldas.edu.co\/portal\/#website","url":"https:\/\/www.ucaldas.edu.co\/portal\/","name":"Universidad de Caldas","description":"","publisher":{"@id":"https:\/\/www.ucaldas.edu.co\/portal\/#organization"},"alternateName":"U. de Caldas","potentialAction":[{"@type":"SearchAction","target":{"@type":"EntryPoint","urlTemplate":"https:\/\/www.ucaldas.edu.co\/portal\/?s={search_term_string}"},"query-input":{"@type":"PropertyValueSpecification","valueRequired":true,"valueName":"search_term_string"}}],"inLanguage":"es"},{"@type":"Organization","@id":"https:\/\/www.ucaldas.edu.co\/portal\/#organization","name":"Universidad de Caldas","alternateName":"U. de Caldas","url":"https:\/\/www.ucaldas.edu.co\/portal\/","logo":{"@type":"ImageObject","inLanguage":"es","@id":"https:\/\/www.ucaldas.edu.co\/portal\/#\/schema\/logo\/image\/","url":"https:\/\/www.ucaldas.edu.co\/portal\/wp-content\/uploads\/2023\/11\/Logo_horizontal_oscuroU-2023.png","contentUrl":"https:\/\/www.ucaldas.edu.co\/portal\/wp-content\/uploads\/2023\/11\/Logo_horizontal_oscuroU-2023.png","width":263,"height":101,"caption":"Universidad de Caldas"},"image":{"@id":"https:\/\/www.ucaldas.edu.co\/portal\/#\/schema\/logo\/image\/"},"sameAs":["https:\/\/www.facebook.com\/udecaldas","https:\/\/x.com\/udecaldas","https:\/\/www.youtube.com\/universidadcaldas","https:\/\/www.instagram.com\/udecaldas\/"]},{"@type":"Person","@id":"https:\/\/www.ucaldas.edu.co\/portal\/#\/schema\/person\/a1b482e23449158b4bc319926c074fdf","name":"ofiprensa","image":{"@type":"ImageObject","inLanguage":"es","@id":"https:\/\/www.ucaldas.edu.co\/portal\/wp-content\/litespeed\/avatar\/09ea5085e600095a7a811142c6944527.jpg?ver=1777497608","url":"https:\/\/www.ucaldas.edu.co\/portal\/wp-content\/litespeed\/avatar\/09ea5085e600095a7a811142c6944527.jpg?ver=1777497608","contentUrl":"https:\/\/www.ucaldas.edu.co\/portal\/wp-content\/litespeed\/avatar\/09ea5085e600095a7a811142c6944527.jpg?ver=1777497608","caption":"ofiprensa"},"url":"https:\/\/www.ucaldas.edu.co\/portal\/author\/ofiprensa\/"}]}},"_links":{"self":[{"href":"https:\/\/www.ucaldas.edu.co\/portal\/wp-json\/wp\/v2\/posts\/37083","targetHints":{"allow":["GET"]}}],"collection":[{"href":"https:\/\/www.ucaldas.edu.co\/portal\/wp-json\/wp\/v2\/posts"}],"about":[{"href":"https:\/\/www.ucaldas.edu.co\/portal\/wp-json\/wp\/v2\/types\/post"}],"author":[{"embeddable":true,"href":"https:\/\/www.ucaldas.edu.co\/portal\/wp-json\/wp\/v2\/users\/2"}],"replies":[{"embeddable":true,"href":"https:\/\/www.ucaldas.edu.co\/portal\/wp-json\/wp\/v2\/comments?post=37083"}],"version-history":[{"count":0,"href":"https:\/\/www.ucaldas.edu.co\/portal\/wp-json\/wp\/v2\/posts\/37083\/revisions"}],"wp:attachment":[{"href":"https:\/\/www.ucaldas.edu.co\/portal\/wp-json\/wp\/v2\/media?parent=37083"}],"wp:term":[{"taxonomy":"category","embeddable":true,"href":"https:\/\/www.ucaldas.edu.co\/portal\/wp-json\/wp\/v2\/categories?post=37083"},{"taxonomy":"post_tag","embeddable":true,"href":"https:\/\/www.ucaldas.edu.co\/portal\/wp-json\/wp\/v2\/tags?post=37083"}],"curies":[{"name":"wp","href":"https:\/\/api.w.org\/{rel}","templated":true}]}}