{"id":36696,"date":"2017-08-03T14:57:28","date_gmt":"2017-08-03T19:57:28","guid":{"rendered":"https:\/\/www.ucaldas.edu.co\/portal\/?p=36696"},"modified":"2017-08-04T06:06:49","modified_gmt":"2017-08-04T06:06:49","slug":"u-de-caldas-cuenta-con-una-ruta-de-conocimiento-hacia-la-bioeconomia-regional-caldas-expedicion-siglo-xxi","status":"publish","type":"post","link":"https:\/\/www.ucaldas.edu.co\/portal\/u-de-caldas-cuenta-con-una-ruta-de-conocimiento-hacia-la-bioeconomia-regional-caldas-expedicion-siglo-xxi\/","title":{"rendered":"U. de Caldas cuenta con una ruta de conocimiento hacia la bioeconom\u00eda regional: Caldas Expedici\u00f3n Siglo XXI"},"content":{"rendered":"<p style=\"text-align: center;\">PARA TRANSFERIR A TODOS LOS PROGRAMAS Y FACULTADES ESTE MODELO<\/p>\n<p style=\"text-align: center;\"><strong>U. de Caldas cuenta con una ruta de conocimiento hacia la bioeconom\u00eda regional: Caldas Expedici\u00f3n Siglo XXI<\/strong><\/p>\n<p style=\"text-align: right;\">3\/08\/2017<\/p>\n<p><img loading=\"lazy\" decoding=\"async\" class=\"alignnone size-full wp-image-36697 aligncenter\" src=\"https:\/\/www.ucaldas.edu.co\/portal\/wp-content\/uploads\/2017\/08\/expe-compressor.jpg\" alt=\"\" width=\"358\" height=\"282\" \/><\/p>\n<p>El <strong>compromiso de las instituciones universitarias en la construcci\u00f3n de paz<\/strong> en los territorios y las nuevas maneras de observar la transmisi\u00f3n y apropiaci\u00f3n de conocimientos en la contemporaneidad, es <strong>tarea inaplazable<\/strong> para lograr avances cient\u00edficos y sociales y emprender nuevas expediciones por la ruta de conocimiento.<\/p>\n<p><!--more--><\/p>\n<p>Por ello la Universidad de Caldas <strong>lidera la iniciativa denominada Caldas Expedici\u00f3n Siglo XXI,<\/strong> una ruta de conocimiento hacia la bioeconom\u00eda regional.<\/p>\n<p>&nbsp;<\/p>\n<p>Adriana G\u00f3mez \u00c1lzate, <strong>docente del Departamento de Dise\u00f1o Visual de la Instituci\u00f3n caldense, explic\u00f3<\/strong>: \u201cnuestro <strong>prop\u00f3sito es transferir a todos los programas y facultades este modelo<\/strong>, para encontrar esas acciones que la Universidad desarrolla en el territorio, pero con un objetivo: encontrarnos nuevamente a trav\u00e9s de un conocimiento integral\u201d.<\/p>\n<p>&nbsp;<\/p>\n<p><strong>Trabajo conjunto<\/strong><\/p>\n<p>G\u00f3mez \u00c1lzate destac\u00f3 que <strong>se intenta que cada departamento, programa, grupo y semillero pueda trabajar de manera conjunta.<\/strong> \u201cVamos a iniciar con expediciones para potenciar muchos de los trabajaos de producci\u00f3n que hay en la regi\u00f3n. La idea es como conocernos un poco m\u00e1s, por lo que comenzaremos consolidando informaci\u00f3n b\u00e1sica con la cual podamos trabajar y poder facilitar a los estudiantes e investigadores\u201d, dijo<\/p>\n<p>&nbsp;<\/p>\n<p>\u201cEsta estrategia se denomina as\u00ed porque <strong>queremos recuperar la visi\u00f3n de Francisco Jos\u00e9 de Caldas y Tenorio<\/strong><\/p>\n<p>(1768 \u2013 1816), el astr\u00f3nomo, dibujante, geodesta, ge\u00f3grafo, cor\u00f3grafo, publicista y bot\u00e1nico\u201d, enfatiz\u00f3.<\/p>\n<p>&nbsp;<\/p>\n<p>La <strong>docente del Departamento de Dise\u00f1o Visual destac\u00f3 que se busca integrar los conocimientos<\/strong> para que realmente la regi\u00f3n tenga una posibilidad de apropiarlos, pero sobre todo tambi\u00e9n reconocer ese conocimiento que la gente y la sabidur\u00eda popular ha desarrollado en este tiempo.<\/p>\n<p>&nbsp;<\/p>\n<p><strong>Caldas Expedici\u00f3n Siglo XXI es una apuesta de las vicerrector\u00edas de Proyecci\u00f3n Universitaria y de Investigaciones y Posgrados<\/strong> de la U. de Caldas.<\/p>\n<p>&nbsp;<\/p>\n<p><strong>Informes:<\/strong>\u00a0Oficina de Comunicaciones y Prensa U. de Caldas, tel\u00e9fono 878 15 00 extensi\u00f3n 12 167.<\/p>\n<p><strong>Redacci\u00f3n:<\/strong> Margarita Laverde<\/p>\n<p>&nbsp;<\/p>\n","protected":false},"excerpt":{"rendered":"<p>PARA TRANSFERIR A TODOS LOS PROGRAMAS Y FACULTADES ESTE MODELO U. de Caldas cuenta con una ruta de conocimiento hacia la bioeconom\u00eda regional: Caldas Expedici\u00f3n Siglo XXI 3\/08\/2017 El compromiso de las instituciones universitarias en la construcci\u00f3n de paz en los territorios y las nuevas maneras de observar la transmisi\u00f3n y apropiaci\u00f3n de conocimientos en [&hellip;]<\/p>\n","protected":false},"author":2,"featured_media":36701,"comment_status":"closed","ping_status":"closed","sticky":false,"template":"","format":"standard","meta":{"footnotes":""},"categories":[48,53,617,624],"tags":[1060,73,191,1058,1059],"class_list":["post-36696","post","type-post","status-publish","format-standard","has-post-thumbnail","hentry","category-actualidad","category-universidad-al-dia","category-ucaldas-colaborativa","category-ucaldas-activa","tag-conocimiento","tag-proyeccion","tag-investigacion","tag-apropiacion","tag-caldas-expedicion-siglo-xxi"],"yoast_head":"<!-- This site is optimized with the Yoast SEO plugin v27.5 - https:\/\/yoast.com\/product\/yoast-seo-wordpress\/ -->\n<title>U. de Caldas cuenta con una ruta de conocimiento hacia la bioeconom\u00eda regional: Caldas Expedici\u00f3n Siglo XXI .<\/title>\n<meta name=\"robots\" content=\"index, follow, max-snippet:-1, max-image-preview:large, max-video-preview:-1\" \/>\n<link rel=\"canonical\" href=\"https:\/\/www.ucaldas.edu.co\/portal\/u-de-caldas-cuenta-con-una-ruta-de-conocimiento-hacia-la-bioeconomia-regional-caldas-expedicion-siglo-xxi\/\" \/>\n<script type=\"application\/ld+json\" class=\"yoast-schema-graph\">{\"@context\":\"https:\\\/\\\/schema.org\",\"@graph\":[{\"@type\":\"Article\",\"@id\":\"https:\\\/\\\/www.ucaldas.edu.co\\\/portal\\\/u-de-caldas-cuenta-con-una-ruta-de-conocimiento-hacia-la-bioeconomia-regional-caldas-expedicion-siglo-xxi\\\/#article\",\"isPartOf\":{\"@id\":\"https:\\\/\\\/www.ucaldas.edu.co\\\/portal\\\/u-de-caldas-cuenta-con-una-ruta-de-conocimiento-hacia-la-bioeconomia-regional-caldas-expedicion-siglo-xxi\\\/\"},\"author\":{\"name\":\"ofiprensa\",\"@id\":\"https:\\\/\\\/www.ucaldas.edu.co\\\/portal\\\/#\\\/schema\\\/person\\\/a1b482e23449158b4bc319926c074fdf\"},\"headline\":\"U. de Caldas cuenta con una ruta de conocimiento hacia la bioeconom\u00eda regional: Caldas Expedici\u00f3n Siglo XXI\",\"datePublished\":\"2017-08-03T19:57:28+00:00\",\"dateModified\":\"2017-08-04T06:06:49+00:00\",\"mainEntityOfPage\":{\"@id\":\"https:\\\/\\\/www.ucaldas.edu.co\\\/portal\\\/u-de-caldas-cuenta-con-una-ruta-de-conocimiento-hacia-la-bioeconomia-regional-caldas-expedicion-siglo-xxi\\\/\"},\"wordCount\":379,\"publisher\":{\"@id\":\"https:\\\/\\\/www.ucaldas.edu.co\\\/portal\\\/#organization\"},\"image\":{\"@id\":\"https:\\\/\\\/www.ucaldas.edu.co\\\/portal\\\/u-de-caldas-cuenta-con-una-ruta-de-conocimiento-hacia-la-bioeconomia-regional-caldas-expedicion-siglo-xxi\\\/#primaryimage\"},\"thumbnailUrl\":\"https:\\\/\\\/www.ucaldas.edu.co\\\/portal\\\/wp-content\\\/uploads\\\/2017\\\/08\\\/expe-compressor-1.jpg\",\"keywords\":[\"conocimiento\",\"Proyecci\u00f3n\",\"investigaci\u00f3n\",\"apropiaci\u00f3n\",\"Caldas Expedici\u00f3n Siglo XXI\"],\"articleSection\":[\"Actualidad\",\"Universidad al D\u00eda\",\"UCaldas Colaborativa\",\"UCaldas Activa\"],\"inLanguage\":\"es\"},{\"@type\":\"WebPage\",\"@id\":\"https:\\\/\\\/www.ucaldas.edu.co\\\/portal\\\/u-de-caldas-cuenta-con-una-ruta-de-conocimiento-hacia-la-bioeconomia-regional-caldas-expedicion-siglo-xxi\\\/\",\"url\":\"https:\\\/\\\/www.ucaldas.edu.co\\\/portal\\\/u-de-caldas-cuenta-con-una-ruta-de-conocimiento-hacia-la-bioeconomia-regional-caldas-expedicion-siglo-xxi\\\/\",\"name\":\"U. de Caldas cuenta con una ruta de conocimiento hacia la bioeconom\u00eda regional: Caldas Expedici\u00f3n Siglo XXI .\",\"isPartOf\":{\"@id\":\"https:\\\/\\\/www.ucaldas.edu.co\\\/portal\\\/#website\"},\"primaryImageOfPage\":{\"@id\":\"https:\\\/\\\/www.ucaldas.edu.co\\\/portal\\\/u-de-caldas-cuenta-con-una-ruta-de-conocimiento-hacia-la-bioeconomia-regional-caldas-expedicion-siglo-xxi\\\/#primaryimage\"},\"image\":{\"@id\":\"https:\\\/\\\/www.ucaldas.edu.co\\\/portal\\\/u-de-caldas-cuenta-con-una-ruta-de-conocimiento-hacia-la-bioeconomia-regional-caldas-expedicion-siglo-xxi\\\/#primaryimage\"},\"thumbnailUrl\":\"https:\\\/\\\/www.ucaldas.edu.co\\\/portal\\\/wp-content\\\/uploads\\\/2017\\\/08\\\/expe-compressor-1.jpg\",\"datePublished\":\"2017-08-03T19:57:28+00:00\",\"dateModified\":\"2017-08-04T06:06:49+00:00\",\"breadcrumb\":{\"@id\":\"https:\\\/\\\/www.ucaldas.edu.co\\\/portal\\\/u-de-caldas-cuenta-con-una-ruta-de-conocimiento-hacia-la-bioeconomia-regional-caldas-expedicion-siglo-xxi\\\/#breadcrumb\"},\"inLanguage\":\"es\",\"potentialAction\":[{\"@type\":\"ReadAction\",\"target\":[\"https:\\\/\\\/www.ucaldas.edu.co\\\/portal\\\/u-de-caldas-cuenta-con-una-ruta-de-conocimiento-hacia-la-bioeconomia-regional-caldas-expedicion-siglo-xxi\\\/\"]}]},{\"@type\":\"ImageObject\",\"inLanguage\":\"es\",\"@id\":\"https:\\\/\\\/www.ucaldas.edu.co\\\/portal\\\/u-de-caldas-cuenta-con-una-ruta-de-conocimiento-hacia-la-bioeconomia-regional-caldas-expedicion-siglo-xxi\\\/#primaryimage\",\"url\":\"https:\\\/\\\/www.ucaldas.edu.co\\\/portal\\\/wp-content\\\/uploads\\\/2017\\\/08\\\/expe-compressor-1.jpg\",\"contentUrl\":\"https:\\\/\\\/www.ucaldas.edu.co\\\/portal\\\/wp-content\\\/uploads\\\/2017\\\/08\\\/expe-compressor-1.jpg\",\"width\":358,\"height\":282},{\"@type\":\"BreadcrumbList\",\"@id\":\"https:\\\/\\\/www.ucaldas.edu.co\\\/portal\\\/u-de-caldas-cuenta-con-una-ruta-de-conocimiento-hacia-la-bioeconomia-regional-caldas-expedicion-siglo-xxi\\\/#breadcrumb\",\"itemListElement\":[{\"@type\":\"ListItem\",\"position\":1,\"name\":\"Portada\",\"item\":\"https:\\\/\\\/www.ucaldas.edu.co\\\/portal\\\/\"},{\"@type\":\"ListItem\",\"position\":2,\"name\":\"U. de Caldas cuenta con una ruta de conocimiento hacia la bioeconom\u00eda regional: Caldas Expedici\u00f3n Siglo XXI\"}]},{\"@type\":\"WebSite\",\"@id\":\"https:\\\/\\\/www.ucaldas.edu.co\\\/portal\\\/#website\",\"url\":\"https:\\\/\\\/www.ucaldas.edu.co\\\/portal\\\/\",\"name\":\"Universidad de Caldas\",\"description\":\"\",\"publisher\":{\"@id\":\"https:\\\/\\\/www.ucaldas.edu.co\\\/portal\\\/#organization\"},\"alternateName\":\"U. de Caldas\",\"potentialAction\":[{\"@type\":\"SearchAction\",\"target\":{\"@type\":\"EntryPoint\",\"urlTemplate\":\"https:\\\/\\\/www.ucaldas.edu.co\\\/portal\\\/?s={search_term_string}\"},\"query-input\":{\"@type\":\"PropertyValueSpecification\",\"valueRequired\":true,\"valueName\":\"search_term_string\"}}],\"inLanguage\":\"es\"},{\"@type\":\"Organization\",\"@id\":\"https:\\\/\\\/www.ucaldas.edu.co\\\/portal\\\/#organization\",\"name\":\"Universidad de Caldas\",\"alternateName\":\"U. de Caldas\",\"url\":\"https:\\\/\\\/www.ucaldas.edu.co\\\/portal\\\/\",\"logo\":{\"@type\":\"ImageObject\",\"inLanguage\":\"es\",\"@id\":\"https:\\\/\\\/www.ucaldas.edu.co\\\/portal\\\/#\\\/schema\\\/logo\\\/image\\\/\",\"url\":\"https:\\\/\\\/www.ucaldas.edu.co\\\/portal\\\/wp-content\\\/uploads\\\/2023\\\/11\\\/Logo_horizontal_oscuroU-2023.png\",\"contentUrl\":\"https:\\\/\\\/www.ucaldas.edu.co\\\/portal\\\/wp-content\\\/uploads\\\/2023\\\/11\\\/Logo_horizontal_oscuroU-2023.png\",\"width\":263,\"height\":101,\"caption\":\"Universidad de Caldas\"},\"image\":{\"@id\":\"https:\\\/\\\/www.ucaldas.edu.co\\\/portal\\\/#\\\/schema\\\/logo\\\/image\\\/\"},\"sameAs\":[\"https:\\\/\\\/www.facebook.com\\\/udecaldas\",\"https:\\\/\\\/x.com\\\/udecaldas\",\"https:\\\/\\\/www.youtube.com\\\/universidadcaldas\",\"https:\\\/\\\/www.instagram.com\\\/udecaldas\\\/\"]},{\"@type\":\"Person\",\"@id\":\"https:\\\/\\\/www.ucaldas.edu.co\\\/portal\\\/#\\\/schema\\\/person\\\/a1b482e23449158b4bc319926c074fdf\",\"name\":\"ofiprensa\",\"image\":{\"@type\":\"ImageObject\",\"inLanguage\":\"es\",\"@id\":\"https:\\\/\\\/www.ucaldas.edu.co\\\/portal\\\/wp-content\\\/litespeed\\\/avatar\\\/09ea5085e600095a7a811142c6944527.jpg?ver=1777497608\",\"url\":\"https:\\\/\\\/www.ucaldas.edu.co\\\/portal\\\/wp-content\\\/litespeed\\\/avatar\\\/09ea5085e600095a7a811142c6944527.jpg?ver=1777497608\",\"contentUrl\":\"https:\\\/\\\/www.ucaldas.edu.co\\\/portal\\\/wp-content\\\/litespeed\\\/avatar\\\/09ea5085e600095a7a811142c6944527.jpg?ver=1777497608\",\"caption\":\"ofiprensa\"},\"url\":\"https:\\\/\\\/www.ucaldas.edu.co\\\/portal\\\/author\\\/ofiprensa\\\/\"}]}<\/script>\n<!-- \/ Yoast SEO plugin. -->","yoast_head_json":{"title":"U. de Caldas cuenta con una ruta de conocimiento hacia la bioeconom\u00eda regional: Caldas Expedici\u00f3n Siglo XXI .","robots":{"index":"index","follow":"follow","max-snippet":"max-snippet:-1","max-image-preview":"max-image-preview:large","max-video-preview":"max-video-preview:-1"},"canonical":"https:\/\/www.ucaldas.edu.co\/portal\/u-de-caldas-cuenta-con-una-ruta-de-conocimiento-hacia-la-bioeconomia-regional-caldas-expedicion-siglo-xxi\/","schema":{"@context":"https:\/\/schema.org","@graph":[{"@type":"Article","@id":"https:\/\/www.ucaldas.edu.co\/portal\/u-de-caldas-cuenta-con-una-ruta-de-conocimiento-hacia-la-bioeconomia-regional-caldas-expedicion-siglo-xxi\/#article","isPartOf":{"@id":"https:\/\/www.ucaldas.edu.co\/portal\/u-de-caldas-cuenta-con-una-ruta-de-conocimiento-hacia-la-bioeconomia-regional-caldas-expedicion-siglo-xxi\/"},"author":{"name":"ofiprensa","@id":"https:\/\/www.ucaldas.edu.co\/portal\/#\/schema\/person\/a1b482e23449158b4bc319926c074fdf"},"headline":"U. de Caldas cuenta con una ruta de conocimiento hacia la bioeconom\u00eda regional: Caldas Expedici\u00f3n Siglo XXI","datePublished":"2017-08-03T19:57:28+00:00","dateModified":"2017-08-04T06:06:49+00:00","mainEntityOfPage":{"@id":"https:\/\/www.ucaldas.edu.co\/portal\/u-de-caldas-cuenta-con-una-ruta-de-conocimiento-hacia-la-bioeconomia-regional-caldas-expedicion-siglo-xxi\/"},"wordCount":379,"publisher":{"@id":"https:\/\/www.ucaldas.edu.co\/portal\/#organization"},"image":{"@id":"https:\/\/www.ucaldas.edu.co\/portal\/u-de-caldas-cuenta-con-una-ruta-de-conocimiento-hacia-la-bioeconomia-regional-caldas-expedicion-siglo-xxi\/#primaryimage"},"thumbnailUrl":"https:\/\/www.ucaldas.edu.co\/portal\/wp-content\/uploads\/2017\/08\/expe-compressor-1.jpg","keywords":["conocimiento","Proyecci\u00f3n","investigaci\u00f3n","apropiaci\u00f3n","Caldas Expedici\u00f3n Siglo XXI"],"articleSection":["Actualidad","Universidad al D\u00eda","UCaldas Colaborativa","UCaldas Activa"],"inLanguage":"es"},{"@type":"WebPage","@id":"https:\/\/www.ucaldas.edu.co\/portal\/u-de-caldas-cuenta-con-una-ruta-de-conocimiento-hacia-la-bioeconomia-regional-caldas-expedicion-siglo-xxi\/","url":"https:\/\/www.ucaldas.edu.co\/portal\/u-de-caldas-cuenta-con-una-ruta-de-conocimiento-hacia-la-bioeconomia-regional-caldas-expedicion-siglo-xxi\/","name":"U. de Caldas cuenta con una ruta de conocimiento hacia la bioeconom\u00eda regional: Caldas Expedici\u00f3n Siglo XXI .","isPartOf":{"@id":"https:\/\/www.ucaldas.edu.co\/portal\/#website"},"primaryImageOfPage":{"@id":"https:\/\/www.ucaldas.edu.co\/portal\/u-de-caldas-cuenta-con-una-ruta-de-conocimiento-hacia-la-bioeconomia-regional-caldas-expedicion-siglo-xxi\/#primaryimage"},"image":{"@id":"https:\/\/www.ucaldas.edu.co\/portal\/u-de-caldas-cuenta-con-una-ruta-de-conocimiento-hacia-la-bioeconomia-regional-caldas-expedicion-siglo-xxi\/#primaryimage"},"thumbnailUrl":"https:\/\/www.ucaldas.edu.co\/portal\/wp-content\/uploads\/2017\/08\/expe-compressor-1.jpg","datePublished":"2017-08-03T19:57:28+00:00","dateModified":"2017-08-04T06:06:49+00:00","breadcrumb":{"@id":"https:\/\/www.ucaldas.edu.co\/portal\/u-de-caldas-cuenta-con-una-ruta-de-conocimiento-hacia-la-bioeconomia-regional-caldas-expedicion-siglo-xxi\/#breadcrumb"},"inLanguage":"es","potentialAction":[{"@type":"ReadAction","target":["https:\/\/www.ucaldas.edu.co\/portal\/u-de-caldas-cuenta-con-una-ruta-de-conocimiento-hacia-la-bioeconomia-regional-caldas-expedicion-siglo-xxi\/"]}]},{"@type":"ImageObject","inLanguage":"es","@id":"https:\/\/www.ucaldas.edu.co\/portal\/u-de-caldas-cuenta-con-una-ruta-de-conocimiento-hacia-la-bioeconomia-regional-caldas-expedicion-siglo-xxi\/#primaryimage","url":"https:\/\/www.ucaldas.edu.co\/portal\/wp-content\/uploads\/2017\/08\/expe-compressor-1.jpg","contentUrl":"https:\/\/www.ucaldas.edu.co\/portal\/wp-content\/uploads\/2017\/08\/expe-compressor-1.jpg","width":358,"height":282},{"@type":"BreadcrumbList","@id":"https:\/\/www.ucaldas.edu.co\/portal\/u-de-caldas-cuenta-con-una-ruta-de-conocimiento-hacia-la-bioeconomia-regional-caldas-expedicion-siglo-xxi\/#breadcrumb","itemListElement":[{"@type":"ListItem","position":1,"name":"Portada","item":"https:\/\/www.ucaldas.edu.co\/portal\/"},{"@type":"ListItem","position":2,"name":"U. de Caldas cuenta con una ruta de conocimiento hacia la bioeconom\u00eda regional: Caldas Expedici\u00f3n Siglo XXI"}]},{"@type":"WebSite","@id":"https:\/\/www.ucaldas.edu.co\/portal\/#website","url":"https:\/\/www.ucaldas.edu.co\/portal\/","name":"Universidad de Caldas","description":"","publisher":{"@id":"https:\/\/www.ucaldas.edu.co\/portal\/#organization"},"alternateName":"U. de Caldas","potentialAction":[{"@type":"SearchAction","target":{"@type":"EntryPoint","urlTemplate":"https:\/\/www.ucaldas.edu.co\/portal\/?s={search_term_string}"},"query-input":{"@type":"PropertyValueSpecification","valueRequired":true,"valueName":"search_term_string"}}],"inLanguage":"es"},{"@type":"Organization","@id":"https:\/\/www.ucaldas.edu.co\/portal\/#organization","name":"Universidad de Caldas","alternateName":"U. de Caldas","url":"https:\/\/www.ucaldas.edu.co\/portal\/","logo":{"@type":"ImageObject","inLanguage":"es","@id":"https:\/\/www.ucaldas.edu.co\/portal\/#\/schema\/logo\/image\/","url":"https:\/\/www.ucaldas.edu.co\/portal\/wp-content\/uploads\/2023\/11\/Logo_horizontal_oscuroU-2023.png","contentUrl":"https:\/\/www.ucaldas.edu.co\/portal\/wp-content\/uploads\/2023\/11\/Logo_horizontal_oscuroU-2023.png","width":263,"height":101,"caption":"Universidad de Caldas"},"image":{"@id":"https:\/\/www.ucaldas.edu.co\/portal\/#\/schema\/logo\/image\/"},"sameAs":["https:\/\/www.facebook.com\/udecaldas","https:\/\/x.com\/udecaldas","https:\/\/www.youtube.com\/universidadcaldas","https:\/\/www.instagram.com\/udecaldas\/"]},{"@type":"Person","@id":"https:\/\/www.ucaldas.edu.co\/portal\/#\/schema\/person\/a1b482e23449158b4bc319926c074fdf","name":"ofiprensa","image":{"@type":"ImageObject","inLanguage":"es","@id":"https:\/\/www.ucaldas.edu.co\/portal\/wp-content\/litespeed\/avatar\/09ea5085e600095a7a811142c6944527.jpg?ver=1777497608","url":"https:\/\/www.ucaldas.edu.co\/portal\/wp-content\/litespeed\/avatar\/09ea5085e600095a7a811142c6944527.jpg?ver=1777497608","contentUrl":"https:\/\/www.ucaldas.edu.co\/portal\/wp-content\/litespeed\/avatar\/09ea5085e600095a7a811142c6944527.jpg?ver=1777497608","caption":"ofiprensa"},"url":"https:\/\/www.ucaldas.edu.co\/portal\/author\/ofiprensa\/"}]}},"_links":{"self":[{"href":"https:\/\/www.ucaldas.edu.co\/portal\/wp-json\/wp\/v2\/posts\/36696","targetHints":{"allow":["GET"]}}],"collection":[{"href":"https:\/\/www.ucaldas.edu.co\/portal\/wp-json\/wp\/v2\/posts"}],"about":[{"href":"https:\/\/www.ucaldas.edu.co\/portal\/wp-json\/wp\/v2\/types\/post"}],"author":[{"embeddable":true,"href":"https:\/\/www.ucaldas.edu.co\/portal\/wp-json\/wp\/v2\/users\/2"}],"replies":[{"embeddable":true,"href":"https:\/\/www.ucaldas.edu.co\/portal\/wp-json\/wp\/v2\/comments?post=36696"}],"version-history":[{"count":0,"href":"https:\/\/www.ucaldas.edu.co\/portal\/wp-json\/wp\/v2\/posts\/36696\/revisions"}],"wp:featuredmedia":[{"embeddable":true,"href":"https:\/\/www.ucaldas.edu.co\/portal\/wp-json\/wp\/v2\/media\/36701"}],"wp:attachment":[{"href":"https:\/\/www.ucaldas.edu.co\/portal\/wp-json\/wp\/v2\/media?parent=36696"}],"wp:term":[{"taxonomy":"category","embeddable":true,"href":"https:\/\/www.ucaldas.edu.co\/portal\/wp-json\/wp\/v2\/categories?post=36696"},{"taxonomy":"post_tag","embeddable":true,"href":"https:\/\/www.ucaldas.edu.co\/portal\/wp-json\/wp\/v2\/tags?post=36696"}],"curies":[{"name":"wp","href":"https:\/\/api.w.org\/{rel}","templated":true}]}}