{"id":36647,"date":"2017-08-02T15:00:22","date_gmt":"2017-08-02T20:00:22","guid":{"rendered":"https:\/\/www.ucaldas.edu.co\/portal\/?p=36647"},"modified":"2017-08-04T09:25:50","modified_gmt":"2017-08-04T09:25:50","slug":"feria-del-libro-de-manizales-se-llevara-a-cabo-del-29-de-septiembre-al-4-de-octubre-del-2017","status":"publish","type":"post","link":"https:\/\/www.ucaldas.edu.co\/portal\/feria-del-libro-de-manizales-se-llevara-a-cabo-del-29-de-septiembre-al-4-de-octubre-del-2017\/","title":{"rendered":"Feria del Libro de Manizales se llevar\u00e1 a cabo del 29 de septiembre al 4 de octubre del 2017"},"content":{"rendered":"<p style=\"text-align: center;\">LEMA DE LA FERIA ES <em>LEER A COLOMBIA<\/em><\/p>\n<p style=\"text-align: center;\"><strong>Feria del Libro de Manizales se llevar\u00e1 a cabo del 29 de septiembre al 4 de octubre del 2017<\/strong><\/p>\n<p style=\"text-align: right;\">2\/08\/2017<\/p>\n<p><img loading=\"lazy\" decoding=\"async\" class=\"alignnone size-full wp-image-36648 aligncenter\" src=\"https:\/\/www.ucaldas.edu.co\/portal\/wp-content\/uploads\/2017\/08\/flibro-compressor.jpg\" alt=\"\" width=\"358\" height=\"282\" \/><\/p>\n<p>La <strong>Feria del Libro de Manizales se llevar\u00e1 a cabo del 29 de septiembre al 4 de octubre del 2017.<\/strong> Colombia, ser\u00e1 el pa\u00eds invitado y el <strong>Centro Cultural Universitario Rogelio Salmona de la Universidad de Caldas, el lugar escogido para realizar la octava edici\u00f3n que espera contar con 35 mil visitantes.<\/strong><\/p>\n<p><!--more--><\/p>\n<p>El lema de la feria es <em>Leer a Colombia<\/em> y <strong>buscar\u00e1 una vez m\u00e1s cautivar a grandes y peque\u00f1os para que se enamoren de los libros con diferentes actividades<\/strong> pensadas desde la cultura y la literatura del pa\u00eds.<\/p>\n<p>&nbsp;<\/p>\n<p>\u201c<strong>Para la\u00a0 Universidad de Caldas es fundamental pensar la Feria del Libro de Manizales como un espacio de encuentro de saberes y arte<\/strong>, nuestro inter\u00e9s como instituci\u00f3n es reconocer en los libros, la escritura y la literatura una gran posibilidad de ver el mundo\u201d <strong>expres\u00f3<\/strong> Felipe C\u00e9sar Londo\u00f1o L\u00f3pez, <strong>Rector de la Universidad de Caldas.<\/strong><\/p>\n<p>&nbsp;<\/p>\n<p><strong>Escenario de la octava versi\u00f3n<\/strong><\/p>\n<p>El <strong>Centro Cultural Universitario Rogelio Salmona servir\u00e1 de escenario para llevar a cabo este importante evento de ciudad. <\/strong><\/p>\n<p>&nbsp;<\/p>\n<p>Este a\u00f1o los invitados son escritores colombianos que estar\u00e1n en Conversatorios y conferencias y as\u00ed mismo participar\u00e1n en las diferentes actividades programadas para una semana llena de literatura y arte. Entre los invitados est\u00e1n Jorge Franco, Irene Vasco, Pilar Lozano, Carolina Andujar, Ana Sofia Henao, Triunfo Arciniegas y Julio C\u00e9sar Gonz\u00e1lez (Matador).<\/p>\n<p>&nbsp;<\/p>\n<p>La <strong>Feria tambi\u00e9n tendr\u00e1 35 expositores entre librer\u00edas y editoriales <\/strong>que estar\u00e1n presentes durante la octava versi\u00f3n de uno de los eventos culturales m\u00e1s importantes de Manizales.<\/p>\n<p>&nbsp;<\/p>\n<p><strong>Actividades<\/strong><\/p>\n<p><strong>Entre las actividades que tendr\u00e1 este a\u00f1o la Feria del Libro de Manizales est\u00e1 el Picnic Electr\u00f3nico<\/strong>, donde la literatura ser\u00e1 el ingrediente principal, un evento innovador que combina la gastronom\u00eda, la diversi\u00f3n y la m\u00fasica.<\/p>\n<p>&nbsp;<\/p>\n<p><strong>La Exposici\u00f3n Gabo Viajero de la Biblioteca Nacional de Colombia<\/strong>, una exposici\u00f3n que cuenta la vida de Gabriel Garc\u00eda M\u00e1rquez haciendo un recorrido por los viajes m\u00e1s importantes de su vida y lo que cada uno de ellos signific\u00f3 en su proceso period\u00edstico, pol\u00edtico y literario.<\/p>\n<p>&nbsp;<\/p>\n<p>Adem\u00e1s, este a\u00f1o,\u00a0 la <strong>Feria contar\u00e1 con una bebeteca en la que se realizar\u00e1n\u00a0 actividades de promoci\u00f3n para desarrollar y estimular los h\u00e1bitos de lectura en los m\u00e1s peque\u00f1os. <\/strong>Ser\u00e1 un espacio diferenciado para vincular a los beb\u00e9s y a los padres con la literatura.<\/p>\n<p>&nbsp;<\/p>\n<p><strong>Informes: <\/strong>con Ver\u00f3nica Osorio C\u00e1rdenas, Jefe de Prensa Feria del Libro de Manizales, celular 313 570 29 39.<\/p>\n<p><strong>Redacci\u00f3n:<\/strong> Margarita Laverde<\/p>\n<p>&nbsp;<\/p>\n","protected":false},"excerpt":{"rendered":"<p>LEMA DE LA FERIA ES LEER A COLOMBIA Feria del Libro de Manizales se llevar\u00e1 a cabo del 29 de septiembre al 4 de octubre del 2017 2\/08\/2017 La Feria del Libro de Manizales se llevar\u00e1 a cabo del 29 de septiembre al 4 de octubre del 2017. Colombia, ser\u00e1 el pa\u00eds invitado y el [&hellip;]<\/p>\n","protected":false},"author":2,"featured_media":36857,"comment_status":"closed","ping_status":"closed","sticky":false,"template":"","format":"standard","meta":{"footnotes":""},"categories":[48,53,624,664],"tags":[63,68,73,99,717],"class_list":["post-36647","post","type-post","status-publish","format-standard","has-post-thumbnail","hentry","category-actualidad","category-universidad-al-dia","category-ucaldas-activa","category-ucaldas-cultural","tag-participe","tag-invitado","tag-proyeccion","tag-cultural","tag-feria-del-libro"],"yoast_head":"<!-- This site is optimized with the Yoast SEO plugin v27.5 - https:\/\/yoast.com\/product\/yoast-seo-wordpress\/ -->\n<title>Feria del Libro de Manizales se llevar\u00e1 a cabo del 29 de septiembre al 4 de octubre del 2017 .<\/title>\n<meta name=\"robots\" content=\"index, follow, max-snippet:-1, max-image-preview:large, max-video-preview:-1\" \/>\n<link rel=\"canonical\" href=\"https:\/\/www.ucaldas.edu.co\/portal\/feria-del-libro-de-manizales-se-llevara-a-cabo-del-29-de-septiembre-al-4-de-octubre-del-2017\/\" \/>\n<script type=\"application\/ld+json\" class=\"yoast-schema-graph\">{\"@context\":\"https:\\\/\\\/schema.org\",\"@graph\":[{\"@type\":\"Article\",\"@id\":\"https:\\\/\\\/www.ucaldas.edu.co\\\/portal\\\/feria-del-libro-de-manizales-se-llevara-a-cabo-del-29-de-septiembre-al-4-de-octubre-del-2017\\\/#article\",\"isPartOf\":{\"@id\":\"https:\\\/\\\/www.ucaldas.edu.co\\\/portal\\\/feria-del-libro-de-manizales-se-llevara-a-cabo-del-29-de-septiembre-al-4-de-octubre-del-2017\\\/\"},\"author\":{\"name\":\"ofiprensa\",\"@id\":\"https:\\\/\\\/www.ucaldas.edu.co\\\/portal\\\/#\\\/schema\\\/person\\\/a1b482e23449158b4bc319926c074fdf\"},\"headline\":\"Feria del Libro de Manizales se llevar\u00e1 a cabo del 29 de septiembre al 4 de octubre del 2017\",\"datePublished\":\"2017-08-02T20:00:22+00:00\",\"dateModified\":\"2017-08-04T09:25:50+00:00\",\"mainEntityOfPage\":{\"@id\":\"https:\\\/\\\/www.ucaldas.edu.co\\\/portal\\\/feria-del-libro-de-manizales-se-llevara-a-cabo-del-29-de-septiembre-al-4-de-octubre-del-2017\\\/\"},\"wordCount\":481,\"publisher\":{\"@id\":\"https:\\\/\\\/www.ucaldas.edu.co\\\/portal\\\/#organization\"},\"image\":{\"@id\":\"https:\\\/\\\/www.ucaldas.edu.co\\\/portal\\\/feria-del-libro-de-manizales-se-llevara-a-cabo-del-29-de-septiembre-al-4-de-octubre-del-2017\\\/#primaryimage\"},\"thumbnailUrl\":\"https:\\\/\\\/www.ucaldas.edu.co\\\/portal\\\/wp-content\\\/uploads\\\/2017\\\/08\\\/flibro-compressor-1.jpg\",\"keywords\":[\"Participe\",\"invitado\",\"Proyecci\u00f3n\",\"Cultural\",\"Feria del Libro\"],\"articleSection\":[\"Actualidad\",\"Universidad al D\u00eda\",\"UCaldas Activa\",\"UCaldas Cultural\"],\"inLanguage\":\"es\"},{\"@type\":\"WebPage\",\"@id\":\"https:\\\/\\\/www.ucaldas.edu.co\\\/portal\\\/feria-del-libro-de-manizales-se-llevara-a-cabo-del-29-de-septiembre-al-4-de-octubre-del-2017\\\/\",\"url\":\"https:\\\/\\\/www.ucaldas.edu.co\\\/portal\\\/feria-del-libro-de-manizales-se-llevara-a-cabo-del-29-de-septiembre-al-4-de-octubre-del-2017\\\/\",\"name\":\"Feria del Libro de Manizales se llevar\u00e1 a cabo del 29 de septiembre al 4 de octubre del 2017 .\",\"isPartOf\":{\"@id\":\"https:\\\/\\\/www.ucaldas.edu.co\\\/portal\\\/#website\"},\"primaryImageOfPage\":{\"@id\":\"https:\\\/\\\/www.ucaldas.edu.co\\\/portal\\\/feria-del-libro-de-manizales-se-llevara-a-cabo-del-29-de-septiembre-al-4-de-octubre-del-2017\\\/#primaryimage\"},\"image\":{\"@id\":\"https:\\\/\\\/www.ucaldas.edu.co\\\/portal\\\/feria-del-libro-de-manizales-se-llevara-a-cabo-del-29-de-septiembre-al-4-de-octubre-del-2017\\\/#primaryimage\"},\"thumbnailUrl\":\"https:\\\/\\\/www.ucaldas.edu.co\\\/portal\\\/wp-content\\\/uploads\\\/2017\\\/08\\\/flibro-compressor-1.jpg\",\"datePublished\":\"2017-08-02T20:00:22+00:00\",\"dateModified\":\"2017-08-04T09:25:50+00:00\",\"breadcrumb\":{\"@id\":\"https:\\\/\\\/www.ucaldas.edu.co\\\/portal\\\/feria-del-libro-de-manizales-se-llevara-a-cabo-del-29-de-septiembre-al-4-de-octubre-del-2017\\\/#breadcrumb\"},\"inLanguage\":\"es\",\"potentialAction\":[{\"@type\":\"ReadAction\",\"target\":[\"https:\\\/\\\/www.ucaldas.edu.co\\\/portal\\\/feria-del-libro-de-manizales-se-llevara-a-cabo-del-29-de-septiembre-al-4-de-octubre-del-2017\\\/\"]}]},{\"@type\":\"ImageObject\",\"inLanguage\":\"es\",\"@id\":\"https:\\\/\\\/www.ucaldas.edu.co\\\/portal\\\/feria-del-libro-de-manizales-se-llevara-a-cabo-del-29-de-septiembre-al-4-de-octubre-del-2017\\\/#primaryimage\",\"url\":\"https:\\\/\\\/www.ucaldas.edu.co\\\/portal\\\/wp-content\\\/uploads\\\/2017\\\/08\\\/flibro-compressor-1.jpg\",\"contentUrl\":\"https:\\\/\\\/www.ucaldas.edu.co\\\/portal\\\/wp-content\\\/uploads\\\/2017\\\/08\\\/flibro-compressor-1.jpg\",\"width\":358,\"height\":282},{\"@type\":\"BreadcrumbList\",\"@id\":\"https:\\\/\\\/www.ucaldas.edu.co\\\/portal\\\/feria-del-libro-de-manizales-se-llevara-a-cabo-del-29-de-septiembre-al-4-de-octubre-del-2017\\\/#breadcrumb\",\"itemListElement\":[{\"@type\":\"ListItem\",\"position\":1,\"name\":\"Portada\",\"item\":\"https:\\\/\\\/www.ucaldas.edu.co\\\/portal\\\/\"},{\"@type\":\"ListItem\",\"position\":2,\"name\":\"Feria del Libro de Manizales se llevar\u00e1 a cabo del 29 de septiembre al 4 de octubre del 2017\"}]},{\"@type\":\"WebSite\",\"@id\":\"https:\\\/\\\/www.ucaldas.edu.co\\\/portal\\\/#website\",\"url\":\"https:\\\/\\\/www.ucaldas.edu.co\\\/portal\\\/\",\"name\":\"Universidad de Caldas\",\"description\":\"\",\"publisher\":{\"@id\":\"https:\\\/\\\/www.ucaldas.edu.co\\\/portal\\\/#organization\"},\"alternateName\":\"U. de Caldas\",\"potentialAction\":[{\"@type\":\"SearchAction\",\"target\":{\"@type\":\"EntryPoint\",\"urlTemplate\":\"https:\\\/\\\/www.ucaldas.edu.co\\\/portal\\\/?s={search_term_string}\"},\"query-input\":{\"@type\":\"PropertyValueSpecification\",\"valueRequired\":true,\"valueName\":\"search_term_string\"}}],\"inLanguage\":\"es\"},{\"@type\":\"Organization\",\"@id\":\"https:\\\/\\\/www.ucaldas.edu.co\\\/portal\\\/#organization\",\"name\":\"Universidad de Caldas\",\"alternateName\":\"U. de Caldas\",\"url\":\"https:\\\/\\\/www.ucaldas.edu.co\\\/portal\\\/\",\"logo\":{\"@type\":\"ImageObject\",\"inLanguage\":\"es\",\"@id\":\"https:\\\/\\\/www.ucaldas.edu.co\\\/portal\\\/#\\\/schema\\\/logo\\\/image\\\/\",\"url\":\"https:\\\/\\\/www.ucaldas.edu.co\\\/portal\\\/wp-content\\\/uploads\\\/2023\\\/11\\\/Logo_horizontal_oscuroU-2023.png\",\"contentUrl\":\"https:\\\/\\\/www.ucaldas.edu.co\\\/portal\\\/wp-content\\\/uploads\\\/2023\\\/11\\\/Logo_horizontal_oscuroU-2023.png\",\"width\":263,\"height\":101,\"caption\":\"Universidad de Caldas\"},\"image\":{\"@id\":\"https:\\\/\\\/www.ucaldas.edu.co\\\/portal\\\/#\\\/schema\\\/logo\\\/image\\\/\"},\"sameAs\":[\"https:\\\/\\\/www.facebook.com\\\/udecaldas\",\"https:\\\/\\\/x.com\\\/udecaldas\",\"https:\\\/\\\/www.youtube.com\\\/universidadcaldas\",\"https:\\\/\\\/www.instagram.com\\\/udecaldas\\\/\"]},{\"@type\":\"Person\",\"@id\":\"https:\\\/\\\/www.ucaldas.edu.co\\\/portal\\\/#\\\/schema\\\/person\\\/a1b482e23449158b4bc319926c074fdf\",\"name\":\"ofiprensa\",\"image\":{\"@type\":\"ImageObject\",\"inLanguage\":\"es\",\"@id\":\"https:\\\/\\\/www.ucaldas.edu.co\\\/portal\\\/wp-content\\\/litespeed\\\/avatar\\\/09ea5085e600095a7a811142c6944527.jpg?ver=1777497608\",\"url\":\"https:\\\/\\\/www.ucaldas.edu.co\\\/portal\\\/wp-content\\\/litespeed\\\/avatar\\\/09ea5085e600095a7a811142c6944527.jpg?ver=1777497608\",\"contentUrl\":\"https:\\\/\\\/www.ucaldas.edu.co\\\/portal\\\/wp-content\\\/litespeed\\\/avatar\\\/09ea5085e600095a7a811142c6944527.jpg?ver=1777497608\",\"caption\":\"ofiprensa\"},\"url\":\"https:\\\/\\\/www.ucaldas.edu.co\\\/portal\\\/author\\\/ofiprensa\\\/\"}]}<\/script>\n<!-- \/ Yoast SEO plugin. -->","yoast_head_json":{"title":"Feria del Libro de Manizales se llevar\u00e1 a cabo del 29 de septiembre al 4 de octubre del 2017 .","robots":{"index":"index","follow":"follow","max-snippet":"max-snippet:-1","max-image-preview":"max-image-preview:large","max-video-preview":"max-video-preview:-1"},"canonical":"https:\/\/www.ucaldas.edu.co\/portal\/feria-del-libro-de-manizales-se-llevara-a-cabo-del-29-de-septiembre-al-4-de-octubre-del-2017\/","schema":{"@context":"https:\/\/schema.org","@graph":[{"@type":"Article","@id":"https:\/\/www.ucaldas.edu.co\/portal\/feria-del-libro-de-manizales-se-llevara-a-cabo-del-29-de-septiembre-al-4-de-octubre-del-2017\/#article","isPartOf":{"@id":"https:\/\/www.ucaldas.edu.co\/portal\/feria-del-libro-de-manizales-se-llevara-a-cabo-del-29-de-septiembre-al-4-de-octubre-del-2017\/"},"author":{"name":"ofiprensa","@id":"https:\/\/www.ucaldas.edu.co\/portal\/#\/schema\/person\/a1b482e23449158b4bc319926c074fdf"},"headline":"Feria del Libro de Manizales se llevar\u00e1 a cabo del 29 de septiembre al 4 de octubre del 2017","datePublished":"2017-08-02T20:00:22+00:00","dateModified":"2017-08-04T09:25:50+00:00","mainEntityOfPage":{"@id":"https:\/\/www.ucaldas.edu.co\/portal\/feria-del-libro-de-manizales-se-llevara-a-cabo-del-29-de-septiembre-al-4-de-octubre-del-2017\/"},"wordCount":481,"publisher":{"@id":"https:\/\/www.ucaldas.edu.co\/portal\/#organization"},"image":{"@id":"https:\/\/www.ucaldas.edu.co\/portal\/feria-del-libro-de-manizales-se-llevara-a-cabo-del-29-de-septiembre-al-4-de-octubre-del-2017\/#primaryimage"},"thumbnailUrl":"https:\/\/www.ucaldas.edu.co\/portal\/wp-content\/uploads\/2017\/08\/flibro-compressor-1.jpg","keywords":["Participe","invitado","Proyecci\u00f3n","Cultural","Feria del Libro"],"articleSection":["Actualidad","Universidad al D\u00eda","UCaldas Activa","UCaldas Cultural"],"inLanguage":"es"},{"@type":"WebPage","@id":"https:\/\/www.ucaldas.edu.co\/portal\/feria-del-libro-de-manizales-se-llevara-a-cabo-del-29-de-septiembre-al-4-de-octubre-del-2017\/","url":"https:\/\/www.ucaldas.edu.co\/portal\/feria-del-libro-de-manizales-se-llevara-a-cabo-del-29-de-septiembre-al-4-de-octubre-del-2017\/","name":"Feria del Libro de Manizales se llevar\u00e1 a cabo del 29 de septiembre al 4 de octubre del 2017 .","isPartOf":{"@id":"https:\/\/www.ucaldas.edu.co\/portal\/#website"},"primaryImageOfPage":{"@id":"https:\/\/www.ucaldas.edu.co\/portal\/feria-del-libro-de-manizales-se-llevara-a-cabo-del-29-de-septiembre-al-4-de-octubre-del-2017\/#primaryimage"},"image":{"@id":"https:\/\/www.ucaldas.edu.co\/portal\/feria-del-libro-de-manizales-se-llevara-a-cabo-del-29-de-septiembre-al-4-de-octubre-del-2017\/#primaryimage"},"thumbnailUrl":"https:\/\/www.ucaldas.edu.co\/portal\/wp-content\/uploads\/2017\/08\/flibro-compressor-1.jpg","datePublished":"2017-08-02T20:00:22+00:00","dateModified":"2017-08-04T09:25:50+00:00","breadcrumb":{"@id":"https:\/\/www.ucaldas.edu.co\/portal\/feria-del-libro-de-manizales-se-llevara-a-cabo-del-29-de-septiembre-al-4-de-octubre-del-2017\/#breadcrumb"},"inLanguage":"es","potentialAction":[{"@type":"ReadAction","target":["https:\/\/www.ucaldas.edu.co\/portal\/feria-del-libro-de-manizales-se-llevara-a-cabo-del-29-de-septiembre-al-4-de-octubre-del-2017\/"]}]},{"@type":"ImageObject","inLanguage":"es","@id":"https:\/\/www.ucaldas.edu.co\/portal\/feria-del-libro-de-manizales-se-llevara-a-cabo-del-29-de-septiembre-al-4-de-octubre-del-2017\/#primaryimage","url":"https:\/\/www.ucaldas.edu.co\/portal\/wp-content\/uploads\/2017\/08\/flibro-compressor-1.jpg","contentUrl":"https:\/\/www.ucaldas.edu.co\/portal\/wp-content\/uploads\/2017\/08\/flibro-compressor-1.jpg","width":358,"height":282},{"@type":"BreadcrumbList","@id":"https:\/\/www.ucaldas.edu.co\/portal\/feria-del-libro-de-manizales-se-llevara-a-cabo-del-29-de-septiembre-al-4-de-octubre-del-2017\/#breadcrumb","itemListElement":[{"@type":"ListItem","position":1,"name":"Portada","item":"https:\/\/www.ucaldas.edu.co\/portal\/"},{"@type":"ListItem","position":2,"name":"Feria del Libro de Manizales se llevar\u00e1 a cabo del 29 de septiembre al 4 de octubre del 2017"}]},{"@type":"WebSite","@id":"https:\/\/www.ucaldas.edu.co\/portal\/#website","url":"https:\/\/www.ucaldas.edu.co\/portal\/","name":"Universidad de Caldas","description":"","publisher":{"@id":"https:\/\/www.ucaldas.edu.co\/portal\/#organization"},"alternateName":"U. de Caldas","potentialAction":[{"@type":"SearchAction","target":{"@type":"EntryPoint","urlTemplate":"https:\/\/www.ucaldas.edu.co\/portal\/?s={search_term_string}"},"query-input":{"@type":"PropertyValueSpecification","valueRequired":true,"valueName":"search_term_string"}}],"inLanguage":"es"},{"@type":"Organization","@id":"https:\/\/www.ucaldas.edu.co\/portal\/#organization","name":"Universidad de Caldas","alternateName":"U. de Caldas","url":"https:\/\/www.ucaldas.edu.co\/portal\/","logo":{"@type":"ImageObject","inLanguage":"es","@id":"https:\/\/www.ucaldas.edu.co\/portal\/#\/schema\/logo\/image\/","url":"https:\/\/www.ucaldas.edu.co\/portal\/wp-content\/uploads\/2023\/11\/Logo_horizontal_oscuroU-2023.png","contentUrl":"https:\/\/www.ucaldas.edu.co\/portal\/wp-content\/uploads\/2023\/11\/Logo_horizontal_oscuroU-2023.png","width":263,"height":101,"caption":"Universidad de Caldas"},"image":{"@id":"https:\/\/www.ucaldas.edu.co\/portal\/#\/schema\/logo\/image\/"},"sameAs":["https:\/\/www.facebook.com\/udecaldas","https:\/\/x.com\/udecaldas","https:\/\/www.youtube.com\/universidadcaldas","https:\/\/www.instagram.com\/udecaldas\/"]},{"@type":"Person","@id":"https:\/\/www.ucaldas.edu.co\/portal\/#\/schema\/person\/a1b482e23449158b4bc319926c074fdf","name":"ofiprensa","image":{"@type":"ImageObject","inLanguage":"es","@id":"https:\/\/www.ucaldas.edu.co\/portal\/wp-content\/litespeed\/avatar\/09ea5085e600095a7a811142c6944527.jpg?ver=1777497608","url":"https:\/\/www.ucaldas.edu.co\/portal\/wp-content\/litespeed\/avatar\/09ea5085e600095a7a811142c6944527.jpg?ver=1777497608","contentUrl":"https:\/\/www.ucaldas.edu.co\/portal\/wp-content\/litespeed\/avatar\/09ea5085e600095a7a811142c6944527.jpg?ver=1777497608","caption":"ofiprensa"},"url":"https:\/\/www.ucaldas.edu.co\/portal\/author\/ofiprensa\/"}]}},"_links":{"self":[{"href":"https:\/\/www.ucaldas.edu.co\/portal\/wp-json\/wp\/v2\/posts\/36647","targetHints":{"allow":["GET"]}}],"collection":[{"href":"https:\/\/www.ucaldas.edu.co\/portal\/wp-json\/wp\/v2\/posts"}],"about":[{"href":"https:\/\/www.ucaldas.edu.co\/portal\/wp-json\/wp\/v2\/types\/post"}],"author":[{"embeddable":true,"href":"https:\/\/www.ucaldas.edu.co\/portal\/wp-json\/wp\/v2\/users\/2"}],"replies":[{"embeddable":true,"href":"https:\/\/www.ucaldas.edu.co\/portal\/wp-json\/wp\/v2\/comments?post=36647"}],"version-history":[{"count":0,"href":"https:\/\/www.ucaldas.edu.co\/portal\/wp-json\/wp\/v2\/posts\/36647\/revisions"}],"wp:featuredmedia":[{"embeddable":true,"href":"https:\/\/www.ucaldas.edu.co\/portal\/wp-json\/wp\/v2\/media\/36857"}],"wp:attachment":[{"href":"https:\/\/www.ucaldas.edu.co\/portal\/wp-json\/wp\/v2\/media?parent=36647"}],"wp:term":[{"taxonomy":"category","embeddable":true,"href":"https:\/\/www.ucaldas.edu.co\/portal\/wp-json\/wp\/v2\/categories?post=36647"},{"taxonomy":"post_tag","embeddable":true,"href":"https:\/\/www.ucaldas.edu.co\/portal\/wp-json\/wp\/v2\/tags?post=36647"}],"curies":[{"name":"wp","href":"https:\/\/api.w.org\/{rel}","templated":true}]}}