{"id":36155,"date":"2017-06-18T11:43:53","date_gmt":"2017-06-18T16:43:53","guid":{"rendered":"https:\/\/www.ucaldas.edu.co\/portal\/?p=36155"},"modified":"2017-06-18T11:43:53","modified_gmt":"2017-06-18T16:43:53","slug":"aplausos-para-manizales-y-la-u-de-caldas-en-clausura-de-isea-2017","status":"publish","type":"post","link":"https:\/\/www.ucaldas.edu.co\/portal\/aplausos-para-manizales-y-la-u-de-caldas-en-clausura-de-isea-2017\/","title":{"rendered":"Aplausos para Manizales y la U. de Caldas en clausura de ISEA 2017"},"content":{"rendered":"<p>Bolet\u00edn de prensa #15<\/p>\n<p><em>17 de junio de 2017 <\/em><\/p>\n<p style=\"text-align: center;\"><strong>Aplausos para Manizales y la U. de Caldas en clausura de ISEA 2017<\/strong><\/p>\n<p style=\"text-align: center;\"><strong>\u00a0<img loading=\"lazy\" decoding=\"async\" class=\"alignnone size-full wp-image-36156\" src=\"https:\/\/www.ucaldas.edu.co\/portal\/wp-content\/uploads\/2017\/06\/Clausura-ISEA-45.jpg\" alt=\"Clausura ISEA (45)\" width=\"374\" height=\"292\" \/><\/strong><\/p>\n<p>Aplausos y felicitaciones por la gesti\u00f3n y el trabajo de todo el equipo que <strong>hizo posible la realizaci\u00f3n de ISEA 2017 en el 16 Festival Internacional de la Imagen<\/strong>, fueron las constantes durante el acto de clausura del simposio de arte electr\u00f3nico m\u00e1s importante del mundo que durante una semana sacudi\u00f3 a Manizales.<\/p>\n<p><!--more--><\/p>\n<p>La velada comenz\u00f3 con un balance resumido del evento, <strong>a cargo del Rector de la Universidad de Caldas, Felipe C\u00e9sar Londo\u00f1o y su equipo de trabajo<\/strong>, quienes adem\u00e1s de las cifras de asistentes y conferencias realizadas, destacaron sobretodo el intercambio cultural y de conocimiento que buscaba la colaboraci\u00f3n interdisciplinaria y la construcci\u00f3n de paz desde el arte y la tecnolog\u00eda.<\/p>\n<p>\u00abTuvimos cerca de <strong>1.500 participantes, en m\u00e1s de 400 actividades <\/strong>que llenaron todas las salas. Quedamos muy satisfechos porque no solo tuvimos muchos eventos sino que tambi\u00e9n para la Universidad represent\u00f3 el que estableci\u00e9ramos nuevas alianzas para <strong>fortalecer nuestros programas acad\u00e9micos en todas las \u00e1reas, porque vinieron bi\u00f3logos, soci\u00f3logos, dise\u00f1adores<\/strong>, etc, y entonces muy contentos por establecer alianzas que seguramente van a dar sus frutos m\u00e1s adelante\u00bb, indic\u00f3 el Rector.<\/p>\n<p>Se realizaron <strong>111 actividades acad\u00e9micas, 154 actividades art\u00edsticas, 88 conversaciones de artistas y presentaciones institucionales, y 20 talleres de trabajo<\/strong>, entre otras, para un estimado de 9.700 asistentes y otros miles que visitaron exposiciones y presentaciones.<\/p>\n<p>\u00abMe gust\u00f3 la gracia y la generosidad de todas las personas que viven en esta ciudad.<strong> Me encant\u00f3 el hecho de que todos acogieron el simposio, estamos muy felices de estar ac\u00e1<\/strong>, vimos grandes presentaciones en el teatro y en los talleres y paneles, y por su puesto las hermosas obras de arte\u00bb, coment\u00f3 <strong>Sue Gollifer, artista del Reino Unido y Directora de <\/strong><a href=\"http:\/\/www.isea-web.org\/\"><strong><em>ISEA International<\/em><\/strong><\/a>.<\/p>\n<p>Posteriormente, la Universidad de Caldas le entreg\u00f3 un reconocimiento <strong>al profesor argentino y miembro de la junta de ISEA Internacional, Ricardo Dal Farra<\/strong>, por todo su apoyo para que Manizales se convirtiera en la sede del simposio, todo un hito ya que este evento nunca se hab\u00eda realizado en un pa\u00eds de Iberoam\u00e9rica.<\/p>\n<p>\u00abLa verdad estoy muy contento. Hace muchos a\u00f1os que vengo y colaboro con el Festival, y ahora ayudando a que venga ISEA. Disfruto mucho cuando vengo a Manizales y <strong>todo el esfuerzo que se hace para que todo salga bien, como trabaja toda la gente<\/strong> y en especial el cari\u00f1o que le tengo a Felipe y a su equipo, as\u00ed que estoy muy agradecido\u00bb, afirm\u00f3 el artista y acad\u00e9mico.<\/p>\n<p>Por \u00faltimo y como muestra de apoyo y de <strong>desear los mejores \u00e9xitos para ISEA 2018 en Durban (Sur\u00e1frica), el Rector Felipe C\u00e9sar Londo\u00f1o L\u00f3pez<\/strong> entreg\u00f3 una r\u00e9plica de una escultura precolombina del Centro de Museos de la instituci\u00f3n, al grupo de delegados que recibir\u00e1n este encuentro de las artes digitales entre el 23 y 30 de junio del pr\u00f3ximo a\u00f1o.<\/p>\n<p>\u00abQuer\u00edamos escoger algo muy representativo de nuestra cultura y ancestros, para que, como siempre ha sido costumbre en los ISEA, <strong>se llevaran ese poder para realizar el evento 2018<\/strong>. Una entrega simb\u00f3lica de las banderas para que el otro pa\u00eds contin\u00fae desarrollando este simposio, que en su recorrido por el mundo va dejando una estela de debate y conocimiento\u00bb, expres\u00f3 Londo\u00f1o L\u00f3pez.<\/p>\n<p><strong>Experiencias audiovisuales<\/strong><\/p>\n<p><img loading=\"lazy\" decoding=\"async\" class=\"alignnone size-full wp-image-36157\" src=\"https:\/\/www.ucaldas.edu.co\/portal\/wp-content\/uploads\/2017\/06\/Paisajes-sonoros-viernes-124.jpg\" alt=\"Paisajes sonoros viernes (124)\" width=\"516\" height=\"263\" \/><\/p>\n<p>Tras la clausura, se dio v\u00eda a libre a los <strong><em>Paisajes Sonoros<\/em><\/strong>, que empezaron con <strong><em>WanderingScapes \u2013 un performance audiovisual<\/em><\/strong>, de Karla Brunet (Brasil) y Enrique Franco Lizarazo (Colombia), que consiste en mostrar viajes por diferentes paisajes, entre ellos por tierra, en el mar, en la nieve, etc, acompa\u00f1ados de gran diversidad de sonidos propios de cada lugar.<\/p>\n<p>Luego fue el turno para<em> <strong>ONE ONE<\/strong><\/em><strong>, de Daniel Belton (Nueva Zelanda)<\/strong>, quien comenz\u00f3 su presentaci\u00f3n con un \u00abbuenas noches\u00bb para los asistentes y agradeciendo a todo el equipo del Festival Internacional de la Imagen por el apoyo, adem\u00e1s de resaltar la belleza de Manizales.<\/p>\n<p>Ubicado a un lado del escenario con un micr\u00f3fono, Belton acompa\u00f1aba las im\u00e1genes de grandes piedras formadas por figuras geom\u00e9tricas y de una bailarina que iban apareciendo en la pantalla, con sonidos de diversos elementos met\u00e1licos, creando particulares sonidos y una experiencia visual \u00fanica.<\/p>\n<p>De la tranquilidad de esta obra se pas\u00f3 al ritmo fren\u00e9tico de <strong><em>Zwo\u0308lftonform<\/em>, del alem\u00e1n Andreas Lutz<\/strong>, quien ubicado en el centro del escenario con su computador, mov\u00eda la cabeza al ritmo de su m\u00fasica electr\u00f3nica, mientras aparec\u00edan detr\u00e1s una gran cantidad de l\u00edneas blancas horizontales, verticales y diagonales, m\u00e1s tarde otras circulares que semejaban un remolino.<\/p>\n<p>Cerr\u00f3 la noche el colectivo colombiano <strong>CICLUX con su presentaci\u00f3n <em>Ruido, live cinema with live soundtrack<\/em>.<\/strong> Se trata de una propuesta de cine en vivo con 18 personas movi\u00e9ndose, improvisando y construyendo una pel\u00edcula ladrillo por ladrillo. Se destaca por el uso de aparatos visuales de tecnolog\u00eda an\u00e1loga como proyectores hechos a mano, fotos viejas, nuevas tecnolog\u00edas y mucho \u00abruido\u00bb, para <strong>contar la historia de Medell\u00edn, con varios mensajes relacionados con la contaminaci\u00f3n ambiental<\/strong> y auditiva que vive la ciudad y sus consecuencias en el comportamiento y salud de sus habitantes.<\/p>\n<p>Fue de las obras m\u00e1s ovacionadas de la noche, por la coordinaci\u00f3n en el escenario de los artistas y a la vez por todo el trabajo previo que implic\u00f3 su realizaci\u00f3n.<\/p>\n<p><strong>Oportunidades de negocio<\/strong><\/p>\n<p><img loading=\"lazy\" decoding=\"async\" class=\"alignnone size-full wp-image-36159\" src=\"https:\/\/www.ucaldas.edu.co\/portal\/wp-content\/uploads\/2017\/06\/19250520_1447524285309432_4072592501282872408_o.jpg\" alt=\"19250520_1447524285309432_4072592501282872408_o\" width=\"502\" height=\"289\" \/><\/p>\n<p>El viernes 16 de junio tambi\u00e9n se dio inicio al <strong>4\u00ba Mercado de Dise\u00f1o: Arte Electr\u00f3nico y Tecnolog\u00eda, en el CCU Rogelio Salmona de la Universidad de Caldas<\/strong>, realizado por el Grupo de Emprendimiento Cultural del Ministerio de Cultura y el Festival Internacional de la Imagen.<\/p>\n<p>Se trat\u00f3 de un escenario de ecosistemas culturales y creativos para la generaci\u00f3n de oportunidades de negocio e intercambio entre colectivos, emprendedores y empresarios, con charlas detonantes y luego con trabajo con junto en mesas de <em>networking<\/em> (trabajo en redes).<\/p>\n<p>\u00abEl mercado de dise\u00f1o tiene mucho valor para nuestras iniciativas, pues nos permite conectarnos con personas del mismo sector\u00bb, coment\u00f3 Alejandra Robledo, participante del Festival.<\/p>\n<p><strong>\u00a0<\/strong><\/p>\n<p><strong><a href=\"https:\/\/www.facebook.com\/107054166023124\/photos\/?tab=album&amp;album_id=1448475728547621\" target=\"_blank\">GALER\u00cdA: Clausura de ISEA 2017<\/a><\/strong><\/p>\n<p>&nbsp;<\/p>\n<p><strong>Redacci\u00f3n: <\/strong>Mauricio D\u00edaz G\u00f3mez.<\/p>\n<p><strong>M\u00e1s informaci\u00f3n<\/strong><\/p>\n<p><a href=\"http:\/\/www.festivaldelaimagen.com\">www.festivaldelaimagen.com<\/a><br \/>\n<a href=\"http:\/\/www.isea2017.info\">www.isea2017.info<\/a><\/p>\n<p>&nbsp;<\/p>\n<p><strong>Redes sociales:<\/strong><\/p>\n<p>Facebook:\u00a0 <a href=\"https:\/\/www.facebook.com\/isea2017\/\">@ISEA2017<\/a>\u00a0\u00a0\u00a0 <a href=\"https:\/\/www.facebook.com\/festivalimagen\/\">@Festivalimagen<\/a> Twitter:\u00a0\u00a0\u00a0\u00a0\u00a0\u00a0\u00a0 <a href=\"https:\/\/twitter.com\/isea2017\">@ISEA2017<\/a>\u00a0\u00a0\u00a0 <a href=\"https:\/\/twitter.com\/imagenfest\">@ImagenFest<\/a><\/p>\n<p>Instagram:\u00a0 <a href=\"https:\/\/www.instagram.com\/isea2017\/\">@ISEA2017<\/a>\u00a0\u00a0\u00a0 <a href=\"https:\/\/www.instagram.com\/imagenfest\/\">@ImagenFest<\/a><\/p>\n<p><strong>\u00a0<\/strong><\/p>\n<p><strong>Contacto:<\/strong><\/p>\n<p>Para informaci\u00f3n de prensa por favor p\u00f3ngase en contacto por prensa@ucaldas.edu.co o al celular + (57) 3187880088 en Manizales.<\/p>\n","protected":false},"excerpt":{"rendered":"<p>Bolet\u00edn de prensa #15 17 de junio de 2017 Aplausos para Manizales y la U. de Caldas en clausura de ISEA 2017 \u00a0 Aplausos y felicitaciones por la gesti\u00f3n y el trabajo de todo el equipo que hizo posible la realizaci\u00f3n de ISEA 2017 en el 16 Festival Internacional de la Imagen, fueron las constantes [&hellip;]<\/p>\n","protected":false},"author":2,"featured_media":0,"comment_status":"closed","ping_status":"closed","sticky":false,"template":"","format":"standard","meta":{"footnotes":""},"categories":[48,53,614,624,664],"tags":[640,948,949,950,951,952,953,954],"class_list":["post-36155","post","type-post","status-publish","format-standard","hentry","category-actualidad","category-universidad-al-dia","category-ucaldas-internacional","category-ucaldas-activa","category-ucaldas-cultural","tag-isea-2017","tag-16-festival-internacional-de-la-imagen","tag-felipe-cesar-londono","tag-isea-2018","tag-isea-international","tag-paisajes-sonoros","tag-rector-de-la-universidad-de-caldas","tag-ricardo-dal-farra"],"yoast_head":"<!-- This site is optimized with the Yoast SEO plugin v27.5 - https:\/\/yoast.com\/product\/yoast-seo-wordpress\/ -->\n<title>Aplausos para Manizales y la U. de Caldas en clausura de ISEA 2017 .<\/title>\n<meta name=\"robots\" content=\"index, follow, max-snippet:-1, max-image-preview:large, max-video-preview:-1\" \/>\n<link rel=\"canonical\" href=\"https:\/\/www.ucaldas.edu.co\/portal\/aplausos-para-manizales-y-la-u-de-caldas-en-clausura-de-isea-2017\/\" \/>\n<script type=\"application\/ld+json\" class=\"yoast-schema-graph\">{\"@context\":\"https:\\\/\\\/schema.org\",\"@graph\":[{\"@type\":\"Article\",\"@id\":\"https:\\\/\\\/www.ucaldas.edu.co\\\/portal\\\/aplausos-para-manizales-y-la-u-de-caldas-en-clausura-de-isea-2017\\\/#article\",\"isPartOf\":{\"@id\":\"https:\\\/\\\/www.ucaldas.edu.co\\\/portal\\\/aplausos-para-manizales-y-la-u-de-caldas-en-clausura-de-isea-2017\\\/\"},\"author\":{\"name\":\"ofiprensa\",\"@id\":\"https:\\\/\\\/www.ucaldas.edu.co\\\/portal\\\/#\\\/schema\\\/person\\\/a1b482e23449158b4bc319926c074fdf\"},\"headline\":\"Aplausos para Manizales y la U. de Caldas en clausura de ISEA 2017\",\"datePublished\":\"2017-06-18T16:43:53+00:00\",\"mainEntityOfPage\":{\"@id\":\"https:\\\/\\\/www.ucaldas.edu.co\\\/portal\\\/aplausos-para-manizales-y-la-u-de-caldas-en-clausura-de-isea-2017\\\/\"},\"wordCount\":1119,\"publisher\":{\"@id\":\"https:\\\/\\\/www.ucaldas.edu.co\\\/portal\\\/#organization\"},\"image\":{\"@id\":\"https:\\\/\\\/www.ucaldas.edu.co\\\/portal\\\/aplausos-para-manizales-y-la-u-de-caldas-en-clausura-de-isea-2017\\\/#primaryimage\"},\"thumbnailUrl\":\"https:\\\/\\\/www.ucaldas.edu.co\\\/portal\\\/wp-content\\\/uploads\\\/2017\\\/06\\\/Clausura-ISEA-45.jpg\",\"keywords\":[\"ISEA 2017\",\"16 Festival Internacional de la Imagen\",\"Felipe C\u00e9sar Londo\u00f1o\",\"ISEA 2018\",\"ISEA International\",\"Paisajes sonoros\",\"Rector de la Universidad de Caldas\",\"Ricardo Dal Farra\"],\"articleSection\":[\"Actualidad\",\"Universidad al D\u00eda\",\"Ucaldas Internacional\",\"UCaldas Activa\",\"UCaldas Cultural\"],\"inLanguage\":\"es\"},{\"@type\":\"WebPage\",\"@id\":\"https:\\\/\\\/www.ucaldas.edu.co\\\/portal\\\/aplausos-para-manizales-y-la-u-de-caldas-en-clausura-de-isea-2017\\\/\",\"url\":\"https:\\\/\\\/www.ucaldas.edu.co\\\/portal\\\/aplausos-para-manizales-y-la-u-de-caldas-en-clausura-de-isea-2017\\\/\",\"name\":\"Aplausos para Manizales y la U. de Caldas en clausura de ISEA 2017 .\",\"isPartOf\":{\"@id\":\"https:\\\/\\\/www.ucaldas.edu.co\\\/portal\\\/#website\"},\"primaryImageOfPage\":{\"@id\":\"https:\\\/\\\/www.ucaldas.edu.co\\\/portal\\\/aplausos-para-manizales-y-la-u-de-caldas-en-clausura-de-isea-2017\\\/#primaryimage\"},\"image\":{\"@id\":\"https:\\\/\\\/www.ucaldas.edu.co\\\/portal\\\/aplausos-para-manizales-y-la-u-de-caldas-en-clausura-de-isea-2017\\\/#primaryimage\"},\"thumbnailUrl\":\"https:\\\/\\\/www.ucaldas.edu.co\\\/portal\\\/wp-content\\\/uploads\\\/2017\\\/06\\\/Clausura-ISEA-45.jpg\",\"datePublished\":\"2017-06-18T16:43:53+00:00\",\"breadcrumb\":{\"@id\":\"https:\\\/\\\/www.ucaldas.edu.co\\\/portal\\\/aplausos-para-manizales-y-la-u-de-caldas-en-clausura-de-isea-2017\\\/#breadcrumb\"},\"inLanguage\":\"es\",\"potentialAction\":[{\"@type\":\"ReadAction\",\"target\":[\"https:\\\/\\\/www.ucaldas.edu.co\\\/portal\\\/aplausos-para-manizales-y-la-u-de-caldas-en-clausura-de-isea-2017\\\/\"]}]},{\"@type\":\"ImageObject\",\"inLanguage\":\"es\",\"@id\":\"https:\\\/\\\/www.ucaldas.edu.co\\\/portal\\\/aplausos-para-manizales-y-la-u-de-caldas-en-clausura-de-isea-2017\\\/#primaryimage\",\"url\":\"https:\\\/\\\/www.ucaldas.edu.co\\\/portal\\\/wp-content\\\/uploads\\\/2017\\\/06\\\/Clausura-ISEA-45.jpg\",\"contentUrl\":\"https:\\\/\\\/www.ucaldas.edu.co\\\/portal\\\/wp-content\\\/uploads\\\/2017\\\/06\\\/Clausura-ISEA-45.jpg\"},{\"@type\":\"BreadcrumbList\",\"@id\":\"https:\\\/\\\/www.ucaldas.edu.co\\\/portal\\\/aplausos-para-manizales-y-la-u-de-caldas-en-clausura-de-isea-2017\\\/#breadcrumb\",\"itemListElement\":[{\"@type\":\"ListItem\",\"position\":1,\"name\":\"Portada\",\"item\":\"https:\\\/\\\/www.ucaldas.edu.co\\\/portal\\\/\"},{\"@type\":\"ListItem\",\"position\":2,\"name\":\"Aplausos para Manizales y la U. de Caldas en clausura de ISEA 2017\"}]},{\"@type\":\"WebSite\",\"@id\":\"https:\\\/\\\/www.ucaldas.edu.co\\\/portal\\\/#website\",\"url\":\"https:\\\/\\\/www.ucaldas.edu.co\\\/portal\\\/\",\"name\":\"Universidad de Caldas\",\"description\":\"\",\"publisher\":{\"@id\":\"https:\\\/\\\/www.ucaldas.edu.co\\\/portal\\\/#organization\"},\"alternateName\":\"U. de Caldas\",\"potentialAction\":[{\"@type\":\"SearchAction\",\"target\":{\"@type\":\"EntryPoint\",\"urlTemplate\":\"https:\\\/\\\/www.ucaldas.edu.co\\\/portal\\\/?s={search_term_string}\"},\"query-input\":{\"@type\":\"PropertyValueSpecification\",\"valueRequired\":true,\"valueName\":\"search_term_string\"}}],\"inLanguage\":\"es\"},{\"@type\":\"Organization\",\"@id\":\"https:\\\/\\\/www.ucaldas.edu.co\\\/portal\\\/#organization\",\"name\":\"Universidad de Caldas\",\"alternateName\":\"U. de Caldas\",\"url\":\"https:\\\/\\\/www.ucaldas.edu.co\\\/portal\\\/\",\"logo\":{\"@type\":\"ImageObject\",\"inLanguage\":\"es\",\"@id\":\"https:\\\/\\\/www.ucaldas.edu.co\\\/portal\\\/#\\\/schema\\\/logo\\\/image\\\/\",\"url\":\"https:\\\/\\\/www.ucaldas.edu.co\\\/portal\\\/wp-content\\\/uploads\\\/2023\\\/11\\\/Logo_horizontal_oscuroU-2023.png\",\"contentUrl\":\"https:\\\/\\\/www.ucaldas.edu.co\\\/portal\\\/wp-content\\\/uploads\\\/2023\\\/11\\\/Logo_horizontal_oscuroU-2023.png\",\"width\":263,\"height\":101,\"caption\":\"Universidad de Caldas\"},\"image\":{\"@id\":\"https:\\\/\\\/www.ucaldas.edu.co\\\/portal\\\/#\\\/schema\\\/logo\\\/image\\\/\"},\"sameAs\":[\"https:\\\/\\\/www.facebook.com\\\/udecaldas\",\"https:\\\/\\\/x.com\\\/udecaldas\",\"https:\\\/\\\/www.youtube.com\\\/universidadcaldas\",\"https:\\\/\\\/www.instagram.com\\\/udecaldas\\\/\"]},{\"@type\":\"Person\",\"@id\":\"https:\\\/\\\/www.ucaldas.edu.co\\\/portal\\\/#\\\/schema\\\/person\\\/a1b482e23449158b4bc319926c074fdf\",\"name\":\"ofiprensa\",\"image\":{\"@type\":\"ImageObject\",\"inLanguage\":\"es\",\"@id\":\"https:\\\/\\\/www.ucaldas.edu.co\\\/portal\\\/wp-content\\\/litespeed\\\/avatar\\\/09ea5085e600095a7a811142c6944527.jpg?ver=1777497608\",\"url\":\"https:\\\/\\\/www.ucaldas.edu.co\\\/portal\\\/wp-content\\\/litespeed\\\/avatar\\\/09ea5085e600095a7a811142c6944527.jpg?ver=1777497608\",\"contentUrl\":\"https:\\\/\\\/www.ucaldas.edu.co\\\/portal\\\/wp-content\\\/litespeed\\\/avatar\\\/09ea5085e600095a7a811142c6944527.jpg?ver=1777497608\",\"caption\":\"ofiprensa\"},\"url\":\"https:\\\/\\\/www.ucaldas.edu.co\\\/portal\\\/author\\\/ofiprensa\\\/\"}]}<\/script>\n<!-- \/ Yoast SEO plugin. -->","yoast_head_json":{"title":"Aplausos para Manizales y la U. de Caldas en clausura de ISEA 2017 .","robots":{"index":"index","follow":"follow","max-snippet":"max-snippet:-1","max-image-preview":"max-image-preview:large","max-video-preview":"max-video-preview:-1"},"canonical":"https:\/\/www.ucaldas.edu.co\/portal\/aplausos-para-manizales-y-la-u-de-caldas-en-clausura-de-isea-2017\/","schema":{"@context":"https:\/\/schema.org","@graph":[{"@type":"Article","@id":"https:\/\/www.ucaldas.edu.co\/portal\/aplausos-para-manizales-y-la-u-de-caldas-en-clausura-de-isea-2017\/#article","isPartOf":{"@id":"https:\/\/www.ucaldas.edu.co\/portal\/aplausos-para-manizales-y-la-u-de-caldas-en-clausura-de-isea-2017\/"},"author":{"name":"ofiprensa","@id":"https:\/\/www.ucaldas.edu.co\/portal\/#\/schema\/person\/a1b482e23449158b4bc319926c074fdf"},"headline":"Aplausos para Manizales y la U. de Caldas en clausura de ISEA 2017","datePublished":"2017-06-18T16:43:53+00:00","mainEntityOfPage":{"@id":"https:\/\/www.ucaldas.edu.co\/portal\/aplausos-para-manizales-y-la-u-de-caldas-en-clausura-de-isea-2017\/"},"wordCount":1119,"publisher":{"@id":"https:\/\/www.ucaldas.edu.co\/portal\/#organization"},"image":{"@id":"https:\/\/www.ucaldas.edu.co\/portal\/aplausos-para-manizales-y-la-u-de-caldas-en-clausura-de-isea-2017\/#primaryimage"},"thumbnailUrl":"https:\/\/www.ucaldas.edu.co\/portal\/wp-content\/uploads\/2017\/06\/Clausura-ISEA-45.jpg","keywords":["ISEA 2017","16 Festival Internacional de la Imagen","Felipe C\u00e9sar Londo\u00f1o","ISEA 2018","ISEA International","Paisajes sonoros","Rector de la Universidad de Caldas","Ricardo Dal Farra"],"articleSection":["Actualidad","Universidad al D\u00eda","Ucaldas Internacional","UCaldas Activa","UCaldas Cultural"],"inLanguage":"es"},{"@type":"WebPage","@id":"https:\/\/www.ucaldas.edu.co\/portal\/aplausos-para-manizales-y-la-u-de-caldas-en-clausura-de-isea-2017\/","url":"https:\/\/www.ucaldas.edu.co\/portal\/aplausos-para-manizales-y-la-u-de-caldas-en-clausura-de-isea-2017\/","name":"Aplausos para Manizales y la U. de Caldas en clausura de ISEA 2017 .","isPartOf":{"@id":"https:\/\/www.ucaldas.edu.co\/portal\/#website"},"primaryImageOfPage":{"@id":"https:\/\/www.ucaldas.edu.co\/portal\/aplausos-para-manizales-y-la-u-de-caldas-en-clausura-de-isea-2017\/#primaryimage"},"image":{"@id":"https:\/\/www.ucaldas.edu.co\/portal\/aplausos-para-manizales-y-la-u-de-caldas-en-clausura-de-isea-2017\/#primaryimage"},"thumbnailUrl":"https:\/\/www.ucaldas.edu.co\/portal\/wp-content\/uploads\/2017\/06\/Clausura-ISEA-45.jpg","datePublished":"2017-06-18T16:43:53+00:00","breadcrumb":{"@id":"https:\/\/www.ucaldas.edu.co\/portal\/aplausos-para-manizales-y-la-u-de-caldas-en-clausura-de-isea-2017\/#breadcrumb"},"inLanguage":"es","potentialAction":[{"@type":"ReadAction","target":["https:\/\/www.ucaldas.edu.co\/portal\/aplausos-para-manizales-y-la-u-de-caldas-en-clausura-de-isea-2017\/"]}]},{"@type":"ImageObject","inLanguage":"es","@id":"https:\/\/www.ucaldas.edu.co\/portal\/aplausos-para-manizales-y-la-u-de-caldas-en-clausura-de-isea-2017\/#primaryimage","url":"https:\/\/www.ucaldas.edu.co\/portal\/wp-content\/uploads\/2017\/06\/Clausura-ISEA-45.jpg","contentUrl":"https:\/\/www.ucaldas.edu.co\/portal\/wp-content\/uploads\/2017\/06\/Clausura-ISEA-45.jpg"},{"@type":"BreadcrumbList","@id":"https:\/\/www.ucaldas.edu.co\/portal\/aplausos-para-manizales-y-la-u-de-caldas-en-clausura-de-isea-2017\/#breadcrumb","itemListElement":[{"@type":"ListItem","position":1,"name":"Portada","item":"https:\/\/www.ucaldas.edu.co\/portal\/"},{"@type":"ListItem","position":2,"name":"Aplausos para Manizales y la U. de Caldas en clausura de ISEA 2017"}]},{"@type":"WebSite","@id":"https:\/\/www.ucaldas.edu.co\/portal\/#website","url":"https:\/\/www.ucaldas.edu.co\/portal\/","name":"Universidad de Caldas","description":"","publisher":{"@id":"https:\/\/www.ucaldas.edu.co\/portal\/#organization"},"alternateName":"U. de Caldas","potentialAction":[{"@type":"SearchAction","target":{"@type":"EntryPoint","urlTemplate":"https:\/\/www.ucaldas.edu.co\/portal\/?s={search_term_string}"},"query-input":{"@type":"PropertyValueSpecification","valueRequired":true,"valueName":"search_term_string"}}],"inLanguage":"es"},{"@type":"Organization","@id":"https:\/\/www.ucaldas.edu.co\/portal\/#organization","name":"Universidad de Caldas","alternateName":"U. de Caldas","url":"https:\/\/www.ucaldas.edu.co\/portal\/","logo":{"@type":"ImageObject","inLanguage":"es","@id":"https:\/\/www.ucaldas.edu.co\/portal\/#\/schema\/logo\/image\/","url":"https:\/\/www.ucaldas.edu.co\/portal\/wp-content\/uploads\/2023\/11\/Logo_horizontal_oscuroU-2023.png","contentUrl":"https:\/\/www.ucaldas.edu.co\/portal\/wp-content\/uploads\/2023\/11\/Logo_horizontal_oscuroU-2023.png","width":263,"height":101,"caption":"Universidad de Caldas"},"image":{"@id":"https:\/\/www.ucaldas.edu.co\/portal\/#\/schema\/logo\/image\/"},"sameAs":["https:\/\/www.facebook.com\/udecaldas","https:\/\/x.com\/udecaldas","https:\/\/www.youtube.com\/universidadcaldas","https:\/\/www.instagram.com\/udecaldas\/"]},{"@type":"Person","@id":"https:\/\/www.ucaldas.edu.co\/portal\/#\/schema\/person\/a1b482e23449158b4bc319926c074fdf","name":"ofiprensa","image":{"@type":"ImageObject","inLanguage":"es","@id":"https:\/\/www.ucaldas.edu.co\/portal\/wp-content\/litespeed\/avatar\/09ea5085e600095a7a811142c6944527.jpg?ver=1777497608","url":"https:\/\/www.ucaldas.edu.co\/portal\/wp-content\/litespeed\/avatar\/09ea5085e600095a7a811142c6944527.jpg?ver=1777497608","contentUrl":"https:\/\/www.ucaldas.edu.co\/portal\/wp-content\/litespeed\/avatar\/09ea5085e600095a7a811142c6944527.jpg?ver=1777497608","caption":"ofiprensa"},"url":"https:\/\/www.ucaldas.edu.co\/portal\/author\/ofiprensa\/"}]}},"_links":{"self":[{"href":"https:\/\/www.ucaldas.edu.co\/portal\/wp-json\/wp\/v2\/posts\/36155","targetHints":{"allow":["GET"]}}],"collection":[{"href":"https:\/\/www.ucaldas.edu.co\/portal\/wp-json\/wp\/v2\/posts"}],"about":[{"href":"https:\/\/www.ucaldas.edu.co\/portal\/wp-json\/wp\/v2\/types\/post"}],"author":[{"embeddable":true,"href":"https:\/\/www.ucaldas.edu.co\/portal\/wp-json\/wp\/v2\/users\/2"}],"replies":[{"embeddable":true,"href":"https:\/\/www.ucaldas.edu.co\/portal\/wp-json\/wp\/v2\/comments?post=36155"}],"version-history":[{"count":0,"href":"https:\/\/www.ucaldas.edu.co\/portal\/wp-json\/wp\/v2\/posts\/36155\/revisions"}],"wp:attachment":[{"href":"https:\/\/www.ucaldas.edu.co\/portal\/wp-json\/wp\/v2\/media?parent=36155"}],"wp:term":[{"taxonomy":"category","embeddable":true,"href":"https:\/\/www.ucaldas.edu.co\/portal\/wp-json\/wp\/v2\/categories?post=36155"},{"taxonomy":"post_tag","embeddable":true,"href":"https:\/\/www.ucaldas.edu.co\/portal\/wp-json\/wp\/v2\/tags?post=36155"}],"curies":[{"name":"wp","href":"https:\/\/api.w.org\/{rel}","templated":true}]}}