{"id":36136,"date":"2017-06-16T11:16:38","date_gmt":"2017-06-16T16:16:38","guid":{"rendered":"https:\/\/www.ucaldas.edu.co\/portal\/?p=36136"},"modified":"2017-06-16T11:16:38","modified_gmt":"2017-06-16T16:16:38","slug":"programese-con-la-8a-temporada-internacional-de-jazz-universitario","status":"publish","type":"post","link":"https:\/\/www.ucaldas.edu.co\/portal\/programese-con-la-8a-temporada-internacional-de-jazz-universitario\/","title":{"rendered":"Progr\u00e1mese con la 8\u00aa Temporada Internacional de Jazz Universitario"},"content":{"rendered":"<p style=\"text-align: center;\">A PARTIR DEL LUNES 19 DE JUNIO DEL 2017<\/p>\n<p style=\"text-align: center;\"><strong>Progr\u00e1mese con la 8\u00aa Temporada Internacional de Jazz Universitario<\/strong><\/p>\n<p style=\"text-align: right;\">16\/06\/2017<\/p>\n<p><img loading=\"lazy\" decoding=\"async\" class=\"alignnone size-full wp-image-36137 aligncenter\" src=\"https:\/\/www.ucaldas.edu.co\/portal\/wp-content\/uploads\/2017\/06\/w.jpg\" alt=\"w\" width=\"358\" height=\"283\" \/><\/p>\n<p>A <strong>partir del lunes 19 de junio del 2017 Manizales se viste de Jazz<\/strong>. Dos agrupaciones norteamericanas y tres nacionales se presentar\u00e1n en la 8\u00aa Temporada Internacional de Jazz Universitario del Centro Colombo Americano de Manizales.<\/p>\n<p><!--more--><\/p>\n<p><strong>Ser\u00e1n cuatro noches para disfrutar diferentes interpretaciones del Jazz,<\/strong> desde los cl\u00e1sicos hasta las nuevas creaciones y fusiones que el g\u00e9nero permite. El lugar de encuentro ser\u00e1 Auditorio de la Universidad Nacional sede Manizales los d\u00edas 21, 22, 23 y 24 de junio del 2017.<\/p>\n<p>&nbsp;<\/p>\n<p>Esta <strong>Temporada es organizada por el Colombo Americano de Manizales y la Universidad de Caldas,<\/strong> cuenta con el apoyo de la Embajada de los Estados Unidos, El Banco de la Rep\u00fablica, el Colombo Americano de Medell\u00edn y la Universidad Nacional sede Manizales.<\/p>\n<p>&nbsp;<\/p>\n<p><strong>Jazz Camp 2017<\/strong><\/p>\n<p>El <strong>Jazz Camp 2017 es un proyecto de intercambio cultural que realiza el Centro Colombo Americano de Manizales<\/strong>, del 19 al 23 de junio del 2017.<\/p>\n<p>&nbsp;<\/p>\n<p>Este <strong>espacio propone la realizaci\u00f3n de talleres te\u00f3rico-pr\u00e1cticos bajo la orientaci\u00f3n de las reconocidas agrupaciones de Jazz norteamericanas<\/strong>, dirigidos a los estudiantes de Pregrado en M\u00fasica de la Universidad de Caldas, a los j\u00f3venes de las diferentes bandas del departamento y a m\u00fasicos interesados en el Jazz.<\/p>\n<p>&nbsp;<\/p>\n<p>En este espacio los <strong>asistentes tienen la oportunidad de aprender sobre las t\u00e9cnicas para interpretar e improvisar este g\u00e9nero<\/strong>, de esta manera los j\u00f3venes m\u00fasicos enriquecen sus experiencias al compartir con artistas de talla mundial.<\/p>\n<p>&nbsp;<\/p>\n<p><strong>Programaci\u00f3n de la 8\u00aa Temporada Internacional de Jazz Universitario:<\/strong><\/p>\n<p><strong>\u00a0<\/strong><\/p>\n<p><strong>Mi\u00e9rcoles, 21 de junio a las 7:00 p.m.<\/strong><\/p>\n<p>Concierto de Apertura<\/p>\n<p>Big Band del Departamento de M\u00fasica de la Universidad de Caldas.<\/p>\n<p>&nbsp;<\/p>\n<p><strong>Jueves, 22 de junio a las 7:00 pm<\/strong><\/p>\n<p>Juan Felipe Calder\u00f3n Ensamble de Jazz.<\/p>\n<p>&nbsp;<\/p>\n<p><strong>Viernes, 23 de junio a las 7:00 pm<\/strong><\/p>\n<p>Jazz Quartet of Belmont University.<\/p>\n<p>&nbsp;<\/p>\n<p><strong>S\u00e1bado, 24 de junio a las 5:00 pm<\/strong><\/p>\n<p>Tiempo Quinteto de Jazz, Universidad de Caldas.<\/p>\n<p>Eastern Kentucky University (EKU) Jazz Combo.<\/p>\n<p>&nbsp;<\/p>\n<p><strong>Boleter\u00eda: <\/strong><\/p>\n<p>Entrada Gratuita con Boleta.<\/p>\n<p>La boleter\u00eda estar\u00e1 disponible a partir del martes 20 de junio del 2017 en las instalaciones del Centro Colombo Americano y en la Oficina de Divulgaci\u00f3n Cultural de la Universidad Nacional.<\/p>\n<p>&nbsp;<\/p>\n<p><strong>Informes:<\/strong> en el tel\u00e9fono 881 15 25 extensi\u00f3n 101 o en el correo electr\u00f3nico cultural@colombomanizales.com<\/p>\n<p><strong>Redacci\u00f3n: <\/strong>Centro Colombo Americano de Manizales.<\/p>\n<p><strong>Adaptaci\u00f3n:<\/strong> Margarita Laverde<\/p>\n<p>&nbsp;<\/p>\n","protected":false},"excerpt":{"rendered":"<p>A PARTIR DEL LUNES 19 DE JUNIO DEL 2017 Progr\u00e1mese con la 8\u00aa Temporada Internacional de Jazz Universitario 16\/06\/2017 A partir del lunes 19 de junio del 2017 Manizales se viste de Jazz. Dos agrupaciones norteamericanas y tres nacionales se presentar\u00e1n en la 8\u00aa Temporada Internacional de Jazz Universitario del Centro Colombo Americano de Manizales.<\/p>\n","protected":false},"author":2,"featured_media":0,"comment_status":"closed","ping_status":"closed","sticky":false,"template":"","format":"standard","meta":{"footnotes":""},"categories":[48,53,664],"tags":[63,468,945],"class_list":["post-36136","post","type-post","status-publish","format-standard","hentry","category-actualidad","category-universidad-al-dia","category-ucaldas-cultural","tag-participe","tag-temporada","tag-jazz"],"yoast_head":"<!-- This site is optimized with the Yoast SEO plugin v27.5 - https:\/\/yoast.com\/product\/yoast-seo-wordpress\/ -->\n<title>Progr\u00e1mese con la 8\u00aa Temporada Internacional de Jazz Universitario .<\/title>\n<meta name=\"robots\" content=\"index, follow, max-snippet:-1, max-image-preview:large, max-video-preview:-1\" \/>\n<link rel=\"canonical\" href=\"https:\/\/www.ucaldas.edu.co\/portal\/programese-con-la-8a-temporada-internacional-de-jazz-universitario\/\" \/>\n<script type=\"application\/ld+json\" class=\"yoast-schema-graph\">{\"@context\":\"https:\\\/\\\/schema.org\",\"@graph\":[{\"@type\":\"Article\",\"@id\":\"https:\\\/\\\/www.ucaldas.edu.co\\\/portal\\\/programese-con-la-8a-temporada-internacional-de-jazz-universitario\\\/#article\",\"isPartOf\":{\"@id\":\"https:\\\/\\\/www.ucaldas.edu.co\\\/portal\\\/programese-con-la-8a-temporada-internacional-de-jazz-universitario\\\/\"},\"author\":{\"name\":\"ofiprensa\",\"@id\":\"https:\\\/\\\/www.ucaldas.edu.co\\\/portal\\\/#\\\/schema\\\/person\\\/a1b482e23449158b4bc319926c074fdf\"},\"headline\":\"Progr\u00e1mese con la 8\u00aa Temporada Internacional de Jazz Universitario\",\"datePublished\":\"2017-06-16T16:16:38+00:00\",\"mainEntityOfPage\":{\"@id\":\"https:\\\/\\\/www.ucaldas.edu.co\\\/portal\\\/programese-con-la-8a-temporada-internacional-de-jazz-universitario\\\/\"},\"wordCount\":415,\"publisher\":{\"@id\":\"https:\\\/\\\/www.ucaldas.edu.co\\\/portal\\\/#organization\"},\"image\":{\"@id\":\"https:\\\/\\\/www.ucaldas.edu.co\\\/portal\\\/programese-con-la-8a-temporada-internacional-de-jazz-universitario\\\/#primaryimage\"},\"thumbnailUrl\":\"https:\\\/\\\/www.ucaldas.edu.co\\\/portal\\\/wp-content\\\/uploads\\\/2017\\\/06\\\/w.jpg\",\"keywords\":[\"Participe\",\"temporada\",\"jazz\"],\"articleSection\":[\"Actualidad\",\"Universidad al D\u00eda\",\"UCaldas Cultural\"],\"inLanguage\":\"es\"},{\"@type\":\"WebPage\",\"@id\":\"https:\\\/\\\/www.ucaldas.edu.co\\\/portal\\\/programese-con-la-8a-temporada-internacional-de-jazz-universitario\\\/\",\"url\":\"https:\\\/\\\/www.ucaldas.edu.co\\\/portal\\\/programese-con-la-8a-temporada-internacional-de-jazz-universitario\\\/\",\"name\":\"Progr\u00e1mese con la 8\u00aa Temporada Internacional de Jazz Universitario .\",\"isPartOf\":{\"@id\":\"https:\\\/\\\/www.ucaldas.edu.co\\\/portal\\\/#website\"},\"primaryImageOfPage\":{\"@id\":\"https:\\\/\\\/www.ucaldas.edu.co\\\/portal\\\/programese-con-la-8a-temporada-internacional-de-jazz-universitario\\\/#primaryimage\"},\"image\":{\"@id\":\"https:\\\/\\\/www.ucaldas.edu.co\\\/portal\\\/programese-con-la-8a-temporada-internacional-de-jazz-universitario\\\/#primaryimage\"},\"thumbnailUrl\":\"https:\\\/\\\/www.ucaldas.edu.co\\\/portal\\\/wp-content\\\/uploads\\\/2017\\\/06\\\/w.jpg\",\"datePublished\":\"2017-06-16T16:16:38+00:00\",\"breadcrumb\":{\"@id\":\"https:\\\/\\\/www.ucaldas.edu.co\\\/portal\\\/programese-con-la-8a-temporada-internacional-de-jazz-universitario\\\/#breadcrumb\"},\"inLanguage\":\"es\",\"potentialAction\":[{\"@type\":\"ReadAction\",\"target\":[\"https:\\\/\\\/www.ucaldas.edu.co\\\/portal\\\/programese-con-la-8a-temporada-internacional-de-jazz-universitario\\\/\"]}]},{\"@type\":\"ImageObject\",\"inLanguage\":\"es\",\"@id\":\"https:\\\/\\\/www.ucaldas.edu.co\\\/portal\\\/programese-con-la-8a-temporada-internacional-de-jazz-universitario\\\/#primaryimage\",\"url\":\"https:\\\/\\\/www.ucaldas.edu.co\\\/portal\\\/wp-content\\\/uploads\\\/2017\\\/06\\\/w.jpg\",\"contentUrl\":\"https:\\\/\\\/www.ucaldas.edu.co\\\/portal\\\/wp-content\\\/uploads\\\/2017\\\/06\\\/w.jpg\"},{\"@type\":\"BreadcrumbList\",\"@id\":\"https:\\\/\\\/www.ucaldas.edu.co\\\/portal\\\/programese-con-la-8a-temporada-internacional-de-jazz-universitario\\\/#breadcrumb\",\"itemListElement\":[{\"@type\":\"ListItem\",\"position\":1,\"name\":\"Portada\",\"item\":\"https:\\\/\\\/www.ucaldas.edu.co\\\/portal\\\/\"},{\"@type\":\"ListItem\",\"position\":2,\"name\":\"Progr\u00e1mese con la 8\u00aa Temporada Internacional de Jazz Universitario\"}]},{\"@type\":\"WebSite\",\"@id\":\"https:\\\/\\\/www.ucaldas.edu.co\\\/portal\\\/#website\",\"url\":\"https:\\\/\\\/www.ucaldas.edu.co\\\/portal\\\/\",\"name\":\"Universidad de Caldas\",\"description\":\"\",\"publisher\":{\"@id\":\"https:\\\/\\\/www.ucaldas.edu.co\\\/portal\\\/#organization\"},\"alternateName\":\"U. de Caldas\",\"potentialAction\":[{\"@type\":\"SearchAction\",\"target\":{\"@type\":\"EntryPoint\",\"urlTemplate\":\"https:\\\/\\\/www.ucaldas.edu.co\\\/portal\\\/?s={search_term_string}\"},\"query-input\":{\"@type\":\"PropertyValueSpecification\",\"valueRequired\":true,\"valueName\":\"search_term_string\"}}],\"inLanguage\":\"es\"},{\"@type\":\"Organization\",\"@id\":\"https:\\\/\\\/www.ucaldas.edu.co\\\/portal\\\/#organization\",\"name\":\"Universidad de Caldas\",\"alternateName\":\"U. de Caldas\",\"url\":\"https:\\\/\\\/www.ucaldas.edu.co\\\/portal\\\/\",\"logo\":{\"@type\":\"ImageObject\",\"inLanguage\":\"es\",\"@id\":\"https:\\\/\\\/www.ucaldas.edu.co\\\/portal\\\/#\\\/schema\\\/logo\\\/image\\\/\",\"url\":\"https:\\\/\\\/www.ucaldas.edu.co\\\/portal\\\/wp-content\\\/uploads\\\/2023\\\/11\\\/Logo_horizontal_oscuroU-2023.png\",\"contentUrl\":\"https:\\\/\\\/www.ucaldas.edu.co\\\/portal\\\/wp-content\\\/uploads\\\/2023\\\/11\\\/Logo_horizontal_oscuroU-2023.png\",\"width\":263,\"height\":101,\"caption\":\"Universidad de Caldas\"},\"image\":{\"@id\":\"https:\\\/\\\/www.ucaldas.edu.co\\\/portal\\\/#\\\/schema\\\/logo\\\/image\\\/\"},\"sameAs\":[\"https:\\\/\\\/www.facebook.com\\\/udecaldas\",\"https:\\\/\\\/x.com\\\/udecaldas\",\"https:\\\/\\\/www.youtube.com\\\/universidadcaldas\",\"https:\\\/\\\/www.instagram.com\\\/udecaldas\\\/\"]},{\"@type\":\"Person\",\"@id\":\"https:\\\/\\\/www.ucaldas.edu.co\\\/portal\\\/#\\\/schema\\\/person\\\/a1b482e23449158b4bc319926c074fdf\",\"name\":\"ofiprensa\",\"image\":{\"@type\":\"ImageObject\",\"inLanguage\":\"es\",\"@id\":\"https:\\\/\\\/www.ucaldas.edu.co\\\/portal\\\/wp-content\\\/litespeed\\\/avatar\\\/09ea5085e600095a7a811142c6944527.jpg?ver=1777497608\",\"url\":\"https:\\\/\\\/www.ucaldas.edu.co\\\/portal\\\/wp-content\\\/litespeed\\\/avatar\\\/09ea5085e600095a7a811142c6944527.jpg?ver=1777497608\",\"contentUrl\":\"https:\\\/\\\/www.ucaldas.edu.co\\\/portal\\\/wp-content\\\/litespeed\\\/avatar\\\/09ea5085e600095a7a811142c6944527.jpg?ver=1777497608\",\"caption\":\"ofiprensa\"},\"url\":\"https:\\\/\\\/www.ucaldas.edu.co\\\/portal\\\/author\\\/ofiprensa\\\/\"}]}<\/script>\n<!-- \/ Yoast SEO plugin. -->","yoast_head_json":{"title":"Progr\u00e1mese con la 8\u00aa Temporada Internacional de Jazz Universitario .","robots":{"index":"index","follow":"follow","max-snippet":"max-snippet:-1","max-image-preview":"max-image-preview:large","max-video-preview":"max-video-preview:-1"},"canonical":"https:\/\/www.ucaldas.edu.co\/portal\/programese-con-la-8a-temporada-internacional-de-jazz-universitario\/","schema":{"@context":"https:\/\/schema.org","@graph":[{"@type":"Article","@id":"https:\/\/www.ucaldas.edu.co\/portal\/programese-con-la-8a-temporada-internacional-de-jazz-universitario\/#article","isPartOf":{"@id":"https:\/\/www.ucaldas.edu.co\/portal\/programese-con-la-8a-temporada-internacional-de-jazz-universitario\/"},"author":{"name":"ofiprensa","@id":"https:\/\/www.ucaldas.edu.co\/portal\/#\/schema\/person\/a1b482e23449158b4bc319926c074fdf"},"headline":"Progr\u00e1mese con la 8\u00aa Temporada Internacional de Jazz Universitario","datePublished":"2017-06-16T16:16:38+00:00","mainEntityOfPage":{"@id":"https:\/\/www.ucaldas.edu.co\/portal\/programese-con-la-8a-temporada-internacional-de-jazz-universitario\/"},"wordCount":415,"publisher":{"@id":"https:\/\/www.ucaldas.edu.co\/portal\/#organization"},"image":{"@id":"https:\/\/www.ucaldas.edu.co\/portal\/programese-con-la-8a-temporada-internacional-de-jazz-universitario\/#primaryimage"},"thumbnailUrl":"https:\/\/www.ucaldas.edu.co\/portal\/wp-content\/uploads\/2017\/06\/w.jpg","keywords":["Participe","temporada","jazz"],"articleSection":["Actualidad","Universidad al D\u00eda","UCaldas Cultural"],"inLanguage":"es"},{"@type":"WebPage","@id":"https:\/\/www.ucaldas.edu.co\/portal\/programese-con-la-8a-temporada-internacional-de-jazz-universitario\/","url":"https:\/\/www.ucaldas.edu.co\/portal\/programese-con-la-8a-temporada-internacional-de-jazz-universitario\/","name":"Progr\u00e1mese con la 8\u00aa Temporada Internacional de Jazz Universitario .","isPartOf":{"@id":"https:\/\/www.ucaldas.edu.co\/portal\/#website"},"primaryImageOfPage":{"@id":"https:\/\/www.ucaldas.edu.co\/portal\/programese-con-la-8a-temporada-internacional-de-jazz-universitario\/#primaryimage"},"image":{"@id":"https:\/\/www.ucaldas.edu.co\/portal\/programese-con-la-8a-temporada-internacional-de-jazz-universitario\/#primaryimage"},"thumbnailUrl":"https:\/\/www.ucaldas.edu.co\/portal\/wp-content\/uploads\/2017\/06\/w.jpg","datePublished":"2017-06-16T16:16:38+00:00","breadcrumb":{"@id":"https:\/\/www.ucaldas.edu.co\/portal\/programese-con-la-8a-temporada-internacional-de-jazz-universitario\/#breadcrumb"},"inLanguage":"es","potentialAction":[{"@type":"ReadAction","target":["https:\/\/www.ucaldas.edu.co\/portal\/programese-con-la-8a-temporada-internacional-de-jazz-universitario\/"]}]},{"@type":"ImageObject","inLanguage":"es","@id":"https:\/\/www.ucaldas.edu.co\/portal\/programese-con-la-8a-temporada-internacional-de-jazz-universitario\/#primaryimage","url":"https:\/\/www.ucaldas.edu.co\/portal\/wp-content\/uploads\/2017\/06\/w.jpg","contentUrl":"https:\/\/www.ucaldas.edu.co\/portal\/wp-content\/uploads\/2017\/06\/w.jpg"},{"@type":"BreadcrumbList","@id":"https:\/\/www.ucaldas.edu.co\/portal\/programese-con-la-8a-temporada-internacional-de-jazz-universitario\/#breadcrumb","itemListElement":[{"@type":"ListItem","position":1,"name":"Portada","item":"https:\/\/www.ucaldas.edu.co\/portal\/"},{"@type":"ListItem","position":2,"name":"Progr\u00e1mese con la 8\u00aa Temporada Internacional de Jazz Universitario"}]},{"@type":"WebSite","@id":"https:\/\/www.ucaldas.edu.co\/portal\/#website","url":"https:\/\/www.ucaldas.edu.co\/portal\/","name":"Universidad de Caldas","description":"","publisher":{"@id":"https:\/\/www.ucaldas.edu.co\/portal\/#organization"},"alternateName":"U. de Caldas","potentialAction":[{"@type":"SearchAction","target":{"@type":"EntryPoint","urlTemplate":"https:\/\/www.ucaldas.edu.co\/portal\/?s={search_term_string}"},"query-input":{"@type":"PropertyValueSpecification","valueRequired":true,"valueName":"search_term_string"}}],"inLanguage":"es"},{"@type":"Organization","@id":"https:\/\/www.ucaldas.edu.co\/portal\/#organization","name":"Universidad de Caldas","alternateName":"U. de Caldas","url":"https:\/\/www.ucaldas.edu.co\/portal\/","logo":{"@type":"ImageObject","inLanguage":"es","@id":"https:\/\/www.ucaldas.edu.co\/portal\/#\/schema\/logo\/image\/","url":"https:\/\/www.ucaldas.edu.co\/portal\/wp-content\/uploads\/2023\/11\/Logo_horizontal_oscuroU-2023.png","contentUrl":"https:\/\/www.ucaldas.edu.co\/portal\/wp-content\/uploads\/2023\/11\/Logo_horizontal_oscuroU-2023.png","width":263,"height":101,"caption":"Universidad de Caldas"},"image":{"@id":"https:\/\/www.ucaldas.edu.co\/portal\/#\/schema\/logo\/image\/"},"sameAs":["https:\/\/www.facebook.com\/udecaldas","https:\/\/x.com\/udecaldas","https:\/\/www.youtube.com\/universidadcaldas","https:\/\/www.instagram.com\/udecaldas\/"]},{"@type":"Person","@id":"https:\/\/www.ucaldas.edu.co\/portal\/#\/schema\/person\/a1b482e23449158b4bc319926c074fdf","name":"ofiprensa","image":{"@type":"ImageObject","inLanguage":"es","@id":"https:\/\/www.ucaldas.edu.co\/portal\/wp-content\/litespeed\/avatar\/09ea5085e600095a7a811142c6944527.jpg?ver=1777497608","url":"https:\/\/www.ucaldas.edu.co\/portal\/wp-content\/litespeed\/avatar\/09ea5085e600095a7a811142c6944527.jpg?ver=1777497608","contentUrl":"https:\/\/www.ucaldas.edu.co\/portal\/wp-content\/litespeed\/avatar\/09ea5085e600095a7a811142c6944527.jpg?ver=1777497608","caption":"ofiprensa"},"url":"https:\/\/www.ucaldas.edu.co\/portal\/author\/ofiprensa\/"}]}},"_links":{"self":[{"href":"https:\/\/www.ucaldas.edu.co\/portal\/wp-json\/wp\/v2\/posts\/36136","targetHints":{"allow":["GET"]}}],"collection":[{"href":"https:\/\/www.ucaldas.edu.co\/portal\/wp-json\/wp\/v2\/posts"}],"about":[{"href":"https:\/\/www.ucaldas.edu.co\/portal\/wp-json\/wp\/v2\/types\/post"}],"author":[{"embeddable":true,"href":"https:\/\/www.ucaldas.edu.co\/portal\/wp-json\/wp\/v2\/users\/2"}],"replies":[{"embeddable":true,"href":"https:\/\/www.ucaldas.edu.co\/portal\/wp-json\/wp\/v2\/comments?post=36136"}],"version-history":[{"count":0,"href":"https:\/\/www.ucaldas.edu.co\/portal\/wp-json\/wp\/v2\/posts\/36136\/revisions"}],"wp:attachment":[{"href":"https:\/\/www.ucaldas.edu.co\/portal\/wp-json\/wp\/v2\/media?parent=36136"}],"wp:term":[{"taxonomy":"category","embeddable":true,"href":"https:\/\/www.ucaldas.edu.co\/portal\/wp-json\/wp\/v2\/categories?post=36136"},{"taxonomy":"post_tag","embeddable":true,"href":"https:\/\/www.ucaldas.edu.co\/portal\/wp-json\/wp\/v2\/tags?post=36136"}],"curies":[{"name":"wp","href":"https:\/\/api.w.org\/{rel}","templated":true}]}}