{"id":36102,"date":"2017-06-15T10:57:35","date_gmt":"2017-06-15T15:57:35","guid":{"rendered":"https:\/\/www.ucaldas.edu.co\/portal\/?p=36102"},"modified":"2017-06-15T10:57:35","modified_gmt":"2017-06-15T15:57:35","slug":"paisajes-sonoros-de-isea-2017-deleitaron-a-los-asistentes-al-teatro-los-fundadores","status":"publish","type":"post","link":"https:\/\/www.ucaldas.edu.co\/portal\/paisajes-sonoros-de-isea-2017-deleitaron-a-los-asistentes-al-teatro-los-fundadores\/","title":{"rendered":"Paisajes Sonoros de ISEA 2017 deleitaron a los asistentes al Teatro Los Fundadores"},"content":{"rendered":"<p>&nbsp;<\/p>\n<p>Bolet\u00edn de prensa #13<\/p>\n<p><em>15 de junio de 2017 <\/em><\/p>\n<p>&nbsp;<\/p>\n<p><strong>\u00a0<\/strong><\/p>\n<p style=\"text-align: center;\"><strong>Paisajes Sonoros de ISEA 2017 deleitaron a los asistentes al Teatro Los Fundadores<\/strong><\/p>\n<p><strong>\u00a0<\/strong><\/p>\n<p><img loading=\"lazy\" decoding=\"async\" class=\"alignnone size-full wp-image-36103 aligncenter\" src=\"https:\/\/www.ucaldas.edu.co\/portal\/wp-content\/uploads\/2017\/06\/Alex-Augier.jpg\" alt=\"Alex Augier\" width=\"358\" height=\"238\" \/><\/p>\n<p>Luces, colores, formas geom\u00e9tricas proyectadas, sonidos fuertes y r\u00e1pidos que brotan de dispositivos electr\u00f3nicos, pero tambi\u00e9n otros m\u00e1s pausados y melodiosos de una guitarra, y hasta aquellos met\u00e1licos de una campana.<\/p>\n<p><!--more--><\/p>\n<p>As\u00ed se podr\u00eda describir la experiencia que vivieron anoche los asistentes a los Paisajes Sonoros del 16 Festival Internacional de la Imagen &#8211; ISEA 2017, evento que se realiz\u00f3 en el Teatro Los Fundadores desde las 7:00 p.m.<\/p>\n<p>&nbsp;<\/p>\n<p>La presentaci\u00f3n _<em>nybble<\/em>_, del artista franc\u00e9s Alex Augier, se encarg\u00f3 de abrir la noche. Encerrado en medio de una estructura triangular trasl\u00facida, y acompa\u00f1ado de sus equipos de audio y proyectores, comenz\u00f3 su espect\u00e1culo audiovisual en el que se pudieron observar tri\u00e1ngulos, l\u00edneas rectas verticales y horizontales, destellos de luz naranja, c\u00edrculos y formas ovaladas que acompa\u00f1aban la m\u00fasica.<\/p>\n<p>&nbsp;<\/p>\n<p>A continuaci\u00f3n fue el turno para Zen-Borg, del artista Mart\u00edn V\u00e9lez, que mezcl\u00f3 sonidos de una campana, otros electr\u00f3nicos y su propia voz, que complementaban las coloridas formas circulares que aparec\u00edan proyectadas a sus espaldas. Luego se puso unos sensores en su pecho y aparecieron l\u00edneas verdes como del ritmo card\u00edaco.<\/p>\n<p>&nbsp;<\/p>\n<p>Por \u00faltimo, Daniel Forero y Atempor\u00e1nea, realizaron un homenaje al Maestro manizale\u00f1o Guillermo Rend\u00f3n en sus 55 a\u00f1os de vida como compositor, interpretando varias de sus piezas de guitarra, derrochando sentimiento y mostrando una impresionante destreza con el instrumento, provocando el merecido aplauso de los asistentes.<\/p>\n<p>&nbsp;<\/p>\n<p><strong>Reconocimiento<\/strong><\/p>\n<p>El soci\u00f3logo franc\u00e9s Michel Wieviorka, uno de los m\u00e1s destacados invitados de ISEA 2017, recibi\u00f3 ayer en el Teatro 8 de Junio el Doctorado Honoris Causa en Ciencias Sociales de la Universidad de Caldas, como reconocimiento a su trayectoria intelectual.<\/p>\n<p><img loading=\"lazy\" decoding=\"async\" class=\"alignnone size-full wp-image-36104 aligncenter\" src=\"https:\/\/www.ucaldas.edu.co\/portal\/wp-content\/uploads\/2017\/06\/Michel-Wieviorka.jpg\" alt=\"Michel Wieviorka\" width=\"358\" height=\"238\" \/><\/p>\n<p>Tras recibir esta distinci\u00f3n, el acad\u00e9mico dict\u00f3 una charla llamada <em>Nuevos l\u00edmites de democracia<\/em>, en la que expuso varios retos que en la actualidad tiene este sistema pol\u00edtico.<\/p>\n<p>&nbsp;<\/p>\n<p>\u201cUn primer reto es la relaci\u00f3n entre la democracia y el desempleo (\u2026) Si la democracia no es capaz de tener una econom\u00eda m\u00e1s eficaz, de permitir a todos un empleo, acceso a la educaci\u00f3n por los ni\u00f1os, a la salud, etc, hay un problema\u201d.<\/p>\n<p>&nbsp;<\/p>\n<p>Mencion\u00f3 tambi\u00e9n la falta de participaci\u00f3n de la gente en las votaciones e incluso anot\u00f3 que en lugar de beneficiar la discusi\u00f3n e intercambio de ideas, las redes sociales e internet est\u00e1n llenos de discursos de odio, que obstaculizan la democracia.<\/p>\n<p>&nbsp;<\/p>\n<p>Respecto a la paz y la forma de resolver pac\u00edficamente los conflictos, uno de los temas de ISEA 2017, Wieviorka coment\u00f3:<\/p>\n<p>&nbsp;<\/p>\n<p>\u201cLa paz no puede ser la ausencia de conflicto, la paz es la transformaci\u00f3n, el pasaje del conflicto armado y la violencia, al conflicto institucionalizado, a la posibilidad de discutir, de debate, entonces la paz para m\u00ed es cuando las diferencias, las tensiones, las dificultades se pueden negociar\u201d.<\/p>\n<p>&nbsp;<\/p>\n<p><strong>Progr\u00e1mese<\/strong><\/p>\n<p>Este jueves 15 de junio, adem\u00e1s de las conferencias centrales, se destaca la realizaci\u00f3n de la asamblea general de ISEA Internacional, organizaci\u00f3n sin fines de lucro fundada en 1990 en los Pa\u00edses Bajos, que escogi\u00f3 a Manizales y a la Universidad de Caldas como sede y anfitriona de este simposio de arte electr\u00f3nico, que se realiza desde 1988.<\/p>\n<p>&nbsp;<\/p>\n<p><strong>Otras actividades<\/strong><\/p>\n<p><strong>2:30 p.m: <\/strong>Puentes sonorous. Sala de M\u00fasica Campus Central U. de Caldas.<\/p>\n<p>&nbsp;<\/p>\n<p><strong>3:00 p.m:<\/strong> Media Art. Demostraci\u00f3n de Video: <em>Adressaparken &#8211; Un espacio de juego multiuso<\/em>, en el Sal\u00f3n Olimpia del Teatro Los Fundadores.<\/p>\n<p>&nbsp;<\/p>\n<p><strong>4:15 p.m:<\/strong> Charlas con los artistas y expositores de ISEA 2017, quienes en 10 minutos hablan un poco sobre su trabajo. Lugar: sala Carlos N\u00e1der, Campus Central de la Universidad de Caldas.<\/p>\n<p>&nbsp;<\/p>\n<p><strong>7:00 p.m:<\/strong> Paisajes sonoros: <em>Data.Nature.Anagenesis<\/em>, Hyungjoong Kim.<\/p>\n<p>&nbsp;<\/p>\n<p>7:30 p.m: <em>Sound Dialogues. <\/em>Gustavo Alcaraz, Marc Aug\u00e9, Deyvis Betancourth, Yovanny Betancur, Gonzalo Biffarella, Piedad Constanza Botero, Daniel Casta\u00f1eda, Julio Catalano, Sonia Gili, Juanita Madrid, Daniel Osorio, Daniel Ram\u00edrez, Cristian Camilo Valencia.<\/p>\n<p>&nbsp;<\/p>\n<p>8:10 p.m: <em>Part of history<\/em> (m\u00fasica electroac\u00fastica de Latinoam\u00e9rica). Ricardo Dal Farra<\/p>\n<p>&nbsp;<\/p>\n<p>8:45 p.m: <em>Leviathan. <\/em>Alejandro Brianza, Emilio Ocelotl, Jessica Rodriguez.<\/p>\n<p>&nbsp;<\/p>\n<p>9:15 p.m: Performance <em>Bodyscape. <\/em>Luca Forcucci<\/p>\n<p>&nbsp;<\/p>\n<p><strong>El dato<\/strong><\/p>\n<p>Hasta el domingo 18 de junio tendr\u00e1n entrada libre las exposiciones de ISEA 2017 en el CCU Rogelio Salmona de la Universidad de Caldas, con el horario de 1:00 p.m. a 7:00 p.m. El ingreso es por la Facultad de Ciencias Agropecuarias, que queda bajando del estadio Palogrande hacia el barrio F\u00e1tima.<\/p>\n<p>&nbsp;<\/p>\n<p><strong>\u00a0<\/strong><\/p>\n<p><strong>Redacci\u00f3n: <\/strong>Mauricio D\u00edaz G\u00f3mez.<\/p>\n<p><strong>M\u00e1s informaci\u00f3n<\/strong><\/p>\n<p><a href=\"http:\/\/www.festivaldelaimagen.com\">www.festivaldelaimagen.com<\/a><br \/>\n<a href=\"http:\/\/www.isea2017.info\">www.isea2017.info<\/a><\/p>\n<p>&nbsp;<\/p>\n<p><strong>Redes sociales:<\/strong><\/p>\n<p>Facebook:\u00a0 <a href=\"https:\/\/www.facebook.com\/isea2017\/\">@ISEA2017<\/a>\u00a0\u00a0\u00a0 <a href=\"https:\/\/www.facebook.com\/festivalimagen\/\">@Festivalimagen<\/a> Twitter:\u00a0\u00a0\u00a0\u00a0\u00a0\u00a0\u00a0 <a href=\"https:\/\/twitter.com\/isea2017\">@ISEA2017<\/a>\u00a0\u00a0\u00a0 <a href=\"https:\/\/twitter.com\/imagenfest\">@ImagenFest<\/a><\/p>\n<p>Instagram:\u00a0 <a href=\"https:\/\/www.instagram.com\/isea2017\/\">@ISEA2017<\/a>\u00a0\u00a0\u00a0 <a href=\"https:\/\/www.instagram.com\/imagenfest\/\">@ImagenFest<\/a><\/p>\n<p><strong>\u00a0<\/strong><\/p>\n<p><strong>Contacto:<\/strong><\/p>\n<p>Para informaci\u00f3n de prensa por favor p\u00f3ngase en contacto por prensa@ucaldas.edu.co o al celular + (57) 3187880088 en Manizales.<\/p>\n<p><strong>\u00a0<\/strong><\/p>\n<p><strong>Kit de prensa: <\/strong>Acceda a material de prensa de ISEA2017 y el 16o Festival Internacional de la Imagen en este <a href=\"https:\/\/drive.google.com\/open?id=0B5pPTDm9rRZ4dW9GSU5vdjNFMzA\">enlace<\/a><\/p>\n<p>&nbsp;<\/p>\n","protected":false},"excerpt":{"rendered":"<p>&nbsp; Bolet\u00edn de prensa #13 15 de junio de 2017 &nbsp; \u00a0 Paisajes Sonoros de ISEA 2017 deleitaron a los asistentes al Teatro Los Fundadores \u00a0 Luces, colores, formas geom\u00e9tricas proyectadas, sonidos fuertes y r\u00e1pidos que brotan de dispositivos electr\u00f3nicos, pero tambi\u00e9n otros m\u00e1s pausados y melodiosos de una guitarra, y hasta aquellos met\u00e1licos de [&hellip;]<\/p>\n","protected":false},"author":2,"featured_media":0,"comment_status":"closed","ping_status":"closed","sticky":false,"template":"","format":"standard","meta":{"footnotes":""},"categories":[48,53,624,664],"tags":[],"class_list":["post-36102","post","type-post","status-publish","format-standard","hentry","category-actualidad","category-universidad-al-dia","category-ucaldas-activa","category-ucaldas-cultural"],"yoast_head":"<!-- This site is optimized with the Yoast SEO plugin v27.5 - https:\/\/yoast.com\/product\/yoast-seo-wordpress\/ -->\n<title>Paisajes Sonoros de ISEA 2017 deleitaron a los asistentes al Teatro Los Fundadores .<\/title>\n<meta name=\"robots\" content=\"index, follow, max-snippet:-1, max-image-preview:large, max-video-preview:-1\" \/>\n<link rel=\"canonical\" href=\"https:\/\/www.ucaldas.edu.co\/portal\/paisajes-sonoros-de-isea-2017-deleitaron-a-los-asistentes-al-teatro-los-fundadores\/\" \/>\n<script type=\"application\/ld+json\" class=\"yoast-schema-graph\">{\"@context\":\"https:\\\/\\\/schema.org\",\"@graph\":[{\"@type\":\"Article\",\"@id\":\"https:\\\/\\\/www.ucaldas.edu.co\\\/portal\\\/paisajes-sonoros-de-isea-2017-deleitaron-a-los-asistentes-al-teatro-los-fundadores\\\/#article\",\"isPartOf\":{\"@id\":\"https:\\\/\\\/www.ucaldas.edu.co\\\/portal\\\/paisajes-sonoros-de-isea-2017-deleitaron-a-los-asistentes-al-teatro-los-fundadores\\\/\"},\"author\":{\"name\":\"ofiprensa\",\"@id\":\"https:\\\/\\\/www.ucaldas.edu.co\\\/portal\\\/#\\\/schema\\\/person\\\/a1b482e23449158b4bc319926c074fdf\"},\"headline\":\"Paisajes Sonoros de ISEA 2017 deleitaron a los asistentes al Teatro Los Fundadores\",\"datePublished\":\"2017-06-15T15:57:35+00:00\",\"mainEntityOfPage\":{\"@id\":\"https:\\\/\\\/www.ucaldas.edu.co\\\/portal\\\/paisajes-sonoros-de-isea-2017-deleitaron-a-los-asistentes-al-teatro-los-fundadores\\\/\"},\"wordCount\":872,\"publisher\":{\"@id\":\"https:\\\/\\\/www.ucaldas.edu.co\\\/portal\\\/#organization\"},\"image\":{\"@id\":\"https:\\\/\\\/www.ucaldas.edu.co\\\/portal\\\/paisajes-sonoros-de-isea-2017-deleitaron-a-los-asistentes-al-teatro-los-fundadores\\\/#primaryimage\"},\"thumbnailUrl\":\"https:\\\/\\\/www.ucaldas.edu.co\\\/portal\\\/wp-content\\\/uploads\\\/2017\\\/06\\\/Alex-Augier.jpg\",\"articleSection\":[\"Actualidad\",\"Universidad al D\u00eda\",\"UCaldas Activa\",\"UCaldas Cultural\"],\"inLanguage\":\"es\"},{\"@type\":\"WebPage\",\"@id\":\"https:\\\/\\\/www.ucaldas.edu.co\\\/portal\\\/paisajes-sonoros-de-isea-2017-deleitaron-a-los-asistentes-al-teatro-los-fundadores\\\/\",\"url\":\"https:\\\/\\\/www.ucaldas.edu.co\\\/portal\\\/paisajes-sonoros-de-isea-2017-deleitaron-a-los-asistentes-al-teatro-los-fundadores\\\/\",\"name\":\"Paisajes Sonoros de ISEA 2017 deleitaron a los asistentes al Teatro Los Fundadores .\",\"isPartOf\":{\"@id\":\"https:\\\/\\\/www.ucaldas.edu.co\\\/portal\\\/#website\"},\"primaryImageOfPage\":{\"@id\":\"https:\\\/\\\/www.ucaldas.edu.co\\\/portal\\\/paisajes-sonoros-de-isea-2017-deleitaron-a-los-asistentes-al-teatro-los-fundadores\\\/#primaryimage\"},\"image\":{\"@id\":\"https:\\\/\\\/www.ucaldas.edu.co\\\/portal\\\/paisajes-sonoros-de-isea-2017-deleitaron-a-los-asistentes-al-teatro-los-fundadores\\\/#primaryimage\"},\"thumbnailUrl\":\"https:\\\/\\\/www.ucaldas.edu.co\\\/portal\\\/wp-content\\\/uploads\\\/2017\\\/06\\\/Alex-Augier.jpg\",\"datePublished\":\"2017-06-15T15:57:35+00:00\",\"breadcrumb\":{\"@id\":\"https:\\\/\\\/www.ucaldas.edu.co\\\/portal\\\/paisajes-sonoros-de-isea-2017-deleitaron-a-los-asistentes-al-teatro-los-fundadores\\\/#breadcrumb\"},\"inLanguage\":\"es\",\"potentialAction\":[{\"@type\":\"ReadAction\",\"target\":[\"https:\\\/\\\/www.ucaldas.edu.co\\\/portal\\\/paisajes-sonoros-de-isea-2017-deleitaron-a-los-asistentes-al-teatro-los-fundadores\\\/\"]}]},{\"@type\":\"ImageObject\",\"inLanguage\":\"es\",\"@id\":\"https:\\\/\\\/www.ucaldas.edu.co\\\/portal\\\/paisajes-sonoros-de-isea-2017-deleitaron-a-los-asistentes-al-teatro-los-fundadores\\\/#primaryimage\",\"url\":\"https:\\\/\\\/www.ucaldas.edu.co\\\/portal\\\/wp-content\\\/uploads\\\/2017\\\/06\\\/Alex-Augier.jpg\",\"contentUrl\":\"https:\\\/\\\/www.ucaldas.edu.co\\\/portal\\\/wp-content\\\/uploads\\\/2017\\\/06\\\/Alex-Augier.jpg\"},{\"@type\":\"BreadcrumbList\",\"@id\":\"https:\\\/\\\/www.ucaldas.edu.co\\\/portal\\\/paisajes-sonoros-de-isea-2017-deleitaron-a-los-asistentes-al-teatro-los-fundadores\\\/#breadcrumb\",\"itemListElement\":[{\"@type\":\"ListItem\",\"position\":1,\"name\":\"Portada\",\"item\":\"https:\\\/\\\/www.ucaldas.edu.co\\\/portal\\\/\"},{\"@type\":\"ListItem\",\"position\":2,\"name\":\"Paisajes Sonoros de ISEA 2017 deleitaron a los asistentes al Teatro Los Fundadores\"}]},{\"@type\":\"WebSite\",\"@id\":\"https:\\\/\\\/www.ucaldas.edu.co\\\/portal\\\/#website\",\"url\":\"https:\\\/\\\/www.ucaldas.edu.co\\\/portal\\\/\",\"name\":\"Universidad de Caldas\",\"description\":\"\",\"publisher\":{\"@id\":\"https:\\\/\\\/www.ucaldas.edu.co\\\/portal\\\/#organization\"},\"alternateName\":\"U. de Caldas\",\"potentialAction\":[{\"@type\":\"SearchAction\",\"target\":{\"@type\":\"EntryPoint\",\"urlTemplate\":\"https:\\\/\\\/www.ucaldas.edu.co\\\/portal\\\/?s={search_term_string}\"},\"query-input\":{\"@type\":\"PropertyValueSpecification\",\"valueRequired\":true,\"valueName\":\"search_term_string\"}}],\"inLanguage\":\"es\"},{\"@type\":\"Organization\",\"@id\":\"https:\\\/\\\/www.ucaldas.edu.co\\\/portal\\\/#organization\",\"name\":\"Universidad de Caldas\",\"alternateName\":\"U. de Caldas\",\"url\":\"https:\\\/\\\/www.ucaldas.edu.co\\\/portal\\\/\",\"logo\":{\"@type\":\"ImageObject\",\"inLanguage\":\"es\",\"@id\":\"https:\\\/\\\/www.ucaldas.edu.co\\\/portal\\\/#\\\/schema\\\/logo\\\/image\\\/\",\"url\":\"https:\\\/\\\/www.ucaldas.edu.co\\\/portal\\\/wp-content\\\/uploads\\\/2023\\\/11\\\/Logo_horizontal_oscuroU-2023.png\",\"contentUrl\":\"https:\\\/\\\/www.ucaldas.edu.co\\\/portal\\\/wp-content\\\/uploads\\\/2023\\\/11\\\/Logo_horizontal_oscuroU-2023.png\",\"width\":263,\"height\":101,\"caption\":\"Universidad de Caldas\"},\"image\":{\"@id\":\"https:\\\/\\\/www.ucaldas.edu.co\\\/portal\\\/#\\\/schema\\\/logo\\\/image\\\/\"},\"sameAs\":[\"https:\\\/\\\/www.facebook.com\\\/udecaldas\",\"https:\\\/\\\/x.com\\\/udecaldas\",\"https:\\\/\\\/www.youtube.com\\\/universidadcaldas\",\"https:\\\/\\\/www.instagram.com\\\/udecaldas\\\/\"]},{\"@type\":\"Person\",\"@id\":\"https:\\\/\\\/www.ucaldas.edu.co\\\/portal\\\/#\\\/schema\\\/person\\\/a1b482e23449158b4bc319926c074fdf\",\"name\":\"ofiprensa\",\"image\":{\"@type\":\"ImageObject\",\"inLanguage\":\"es\",\"@id\":\"https:\\\/\\\/www.ucaldas.edu.co\\\/portal\\\/wp-content\\\/litespeed\\\/avatar\\\/09ea5085e600095a7a811142c6944527.jpg?ver=1777497608\",\"url\":\"https:\\\/\\\/www.ucaldas.edu.co\\\/portal\\\/wp-content\\\/litespeed\\\/avatar\\\/09ea5085e600095a7a811142c6944527.jpg?ver=1777497608\",\"contentUrl\":\"https:\\\/\\\/www.ucaldas.edu.co\\\/portal\\\/wp-content\\\/litespeed\\\/avatar\\\/09ea5085e600095a7a811142c6944527.jpg?ver=1777497608\",\"caption\":\"ofiprensa\"},\"url\":\"https:\\\/\\\/www.ucaldas.edu.co\\\/portal\\\/author\\\/ofiprensa\\\/\"}]}<\/script>\n<!-- \/ Yoast SEO plugin. -->","yoast_head_json":{"title":"Paisajes Sonoros de ISEA 2017 deleitaron a los asistentes al Teatro Los Fundadores .","robots":{"index":"index","follow":"follow","max-snippet":"max-snippet:-1","max-image-preview":"max-image-preview:large","max-video-preview":"max-video-preview:-1"},"canonical":"https:\/\/www.ucaldas.edu.co\/portal\/paisajes-sonoros-de-isea-2017-deleitaron-a-los-asistentes-al-teatro-los-fundadores\/","schema":{"@context":"https:\/\/schema.org","@graph":[{"@type":"Article","@id":"https:\/\/www.ucaldas.edu.co\/portal\/paisajes-sonoros-de-isea-2017-deleitaron-a-los-asistentes-al-teatro-los-fundadores\/#article","isPartOf":{"@id":"https:\/\/www.ucaldas.edu.co\/portal\/paisajes-sonoros-de-isea-2017-deleitaron-a-los-asistentes-al-teatro-los-fundadores\/"},"author":{"name":"ofiprensa","@id":"https:\/\/www.ucaldas.edu.co\/portal\/#\/schema\/person\/a1b482e23449158b4bc319926c074fdf"},"headline":"Paisajes Sonoros de ISEA 2017 deleitaron a los asistentes al Teatro Los Fundadores","datePublished":"2017-06-15T15:57:35+00:00","mainEntityOfPage":{"@id":"https:\/\/www.ucaldas.edu.co\/portal\/paisajes-sonoros-de-isea-2017-deleitaron-a-los-asistentes-al-teatro-los-fundadores\/"},"wordCount":872,"publisher":{"@id":"https:\/\/www.ucaldas.edu.co\/portal\/#organization"},"image":{"@id":"https:\/\/www.ucaldas.edu.co\/portal\/paisajes-sonoros-de-isea-2017-deleitaron-a-los-asistentes-al-teatro-los-fundadores\/#primaryimage"},"thumbnailUrl":"https:\/\/www.ucaldas.edu.co\/portal\/wp-content\/uploads\/2017\/06\/Alex-Augier.jpg","articleSection":["Actualidad","Universidad al D\u00eda","UCaldas Activa","UCaldas Cultural"],"inLanguage":"es"},{"@type":"WebPage","@id":"https:\/\/www.ucaldas.edu.co\/portal\/paisajes-sonoros-de-isea-2017-deleitaron-a-los-asistentes-al-teatro-los-fundadores\/","url":"https:\/\/www.ucaldas.edu.co\/portal\/paisajes-sonoros-de-isea-2017-deleitaron-a-los-asistentes-al-teatro-los-fundadores\/","name":"Paisajes Sonoros de ISEA 2017 deleitaron a los asistentes al Teatro Los Fundadores .","isPartOf":{"@id":"https:\/\/www.ucaldas.edu.co\/portal\/#website"},"primaryImageOfPage":{"@id":"https:\/\/www.ucaldas.edu.co\/portal\/paisajes-sonoros-de-isea-2017-deleitaron-a-los-asistentes-al-teatro-los-fundadores\/#primaryimage"},"image":{"@id":"https:\/\/www.ucaldas.edu.co\/portal\/paisajes-sonoros-de-isea-2017-deleitaron-a-los-asistentes-al-teatro-los-fundadores\/#primaryimage"},"thumbnailUrl":"https:\/\/www.ucaldas.edu.co\/portal\/wp-content\/uploads\/2017\/06\/Alex-Augier.jpg","datePublished":"2017-06-15T15:57:35+00:00","breadcrumb":{"@id":"https:\/\/www.ucaldas.edu.co\/portal\/paisajes-sonoros-de-isea-2017-deleitaron-a-los-asistentes-al-teatro-los-fundadores\/#breadcrumb"},"inLanguage":"es","potentialAction":[{"@type":"ReadAction","target":["https:\/\/www.ucaldas.edu.co\/portal\/paisajes-sonoros-de-isea-2017-deleitaron-a-los-asistentes-al-teatro-los-fundadores\/"]}]},{"@type":"ImageObject","inLanguage":"es","@id":"https:\/\/www.ucaldas.edu.co\/portal\/paisajes-sonoros-de-isea-2017-deleitaron-a-los-asistentes-al-teatro-los-fundadores\/#primaryimage","url":"https:\/\/www.ucaldas.edu.co\/portal\/wp-content\/uploads\/2017\/06\/Alex-Augier.jpg","contentUrl":"https:\/\/www.ucaldas.edu.co\/portal\/wp-content\/uploads\/2017\/06\/Alex-Augier.jpg"},{"@type":"BreadcrumbList","@id":"https:\/\/www.ucaldas.edu.co\/portal\/paisajes-sonoros-de-isea-2017-deleitaron-a-los-asistentes-al-teatro-los-fundadores\/#breadcrumb","itemListElement":[{"@type":"ListItem","position":1,"name":"Portada","item":"https:\/\/www.ucaldas.edu.co\/portal\/"},{"@type":"ListItem","position":2,"name":"Paisajes Sonoros de ISEA 2017 deleitaron a los asistentes al Teatro Los Fundadores"}]},{"@type":"WebSite","@id":"https:\/\/www.ucaldas.edu.co\/portal\/#website","url":"https:\/\/www.ucaldas.edu.co\/portal\/","name":"Universidad de Caldas","description":"","publisher":{"@id":"https:\/\/www.ucaldas.edu.co\/portal\/#organization"},"alternateName":"U. de Caldas","potentialAction":[{"@type":"SearchAction","target":{"@type":"EntryPoint","urlTemplate":"https:\/\/www.ucaldas.edu.co\/portal\/?s={search_term_string}"},"query-input":{"@type":"PropertyValueSpecification","valueRequired":true,"valueName":"search_term_string"}}],"inLanguage":"es"},{"@type":"Organization","@id":"https:\/\/www.ucaldas.edu.co\/portal\/#organization","name":"Universidad de Caldas","alternateName":"U. de Caldas","url":"https:\/\/www.ucaldas.edu.co\/portal\/","logo":{"@type":"ImageObject","inLanguage":"es","@id":"https:\/\/www.ucaldas.edu.co\/portal\/#\/schema\/logo\/image\/","url":"https:\/\/www.ucaldas.edu.co\/portal\/wp-content\/uploads\/2023\/11\/Logo_horizontal_oscuroU-2023.png","contentUrl":"https:\/\/www.ucaldas.edu.co\/portal\/wp-content\/uploads\/2023\/11\/Logo_horizontal_oscuroU-2023.png","width":263,"height":101,"caption":"Universidad de Caldas"},"image":{"@id":"https:\/\/www.ucaldas.edu.co\/portal\/#\/schema\/logo\/image\/"},"sameAs":["https:\/\/www.facebook.com\/udecaldas","https:\/\/x.com\/udecaldas","https:\/\/www.youtube.com\/universidadcaldas","https:\/\/www.instagram.com\/udecaldas\/"]},{"@type":"Person","@id":"https:\/\/www.ucaldas.edu.co\/portal\/#\/schema\/person\/a1b482e23449158b4bc319926c074fdf","name":"ofiprensa","image":{"@type":"ImageObject","inLanguage":"es","@id":"https:\/\/www.ucaldas.edu.co\/portal\/wp-content\/litespeed\/avatar\/09ea5085e600095a7a811142c6944527.jpg?ver=1777497608","url":"https:\/\/www.ucaldas.edu.co\/portal\/wp-content\/litespeed\/avatar\/09ea5085e600095a7a811142c6944527.jpg?ver=1777497608","contentUrl":"https:\/\/www.ucaldas.edu.co\/portal\/wp-content\/litespeed\/avatar\/09ea5085e600095a7a811142c6944527.jpg?ver=1777497608","caption":"ofiprensa"},"url":"https:\/\/www.ucaldas.edu.co\/portal\/author\/ofiprensa\/"}]}},"_links":{"self":[{"href":"https:\/\/www.ucaldas.edu.co\/portal\/wp-json\/wp\/v2\/posts\/36102","targetHints":{"allow":["GET"]}}],"collection":[{"href":"https:\/\/www.ucaldas.edu.co\/portal\/wp-json\/wp\/v2\/posts"}],"about":[{"href":"https:\/\/www.ucaldas.edu.co\/portal\/wp-json\/wp\/v2\/types\/post"}],"author":[{"embeddable":true,"href":"https:\/\/www.ucaldas.edu.co\/portal\/wp-json\/wp\/v2\/users\/2"}],"replies":[{"embeddable":true,"href":"https:\/\/www.ucaldas.edu.co\/portal\/wp-json\/wp\/v2\/comments?post=36102"}],"version-history":[{"count":0,"href":"https:\/\/www.ucaldas.edu.co\/portal\/wp-json\/wp\/v2\/posts\/36102\/revisions"}],"wp:attachment":[{"href":"https:\/\/www.ucaldas.edu.co\/portal\/wp-json\/wp\/v2\/media?parent=36102"}],"wp:term":[{"taxonomy":"category","embeddable":true,"href":"https:\/\/www.ucaldas.edu.co\/portal\/wp-json\/wp\/v2\/categories?post=36102"},{"taxonomy":"post_tag","embeddable":true,"href":"https:\/\/www.ucaldas.edu.co\/portal\/wp-json\/wp\/v2\/tags?post=36102"}],"curies":[{"name":"wp","href":"https:\/\/api.w.org\/{rel}","templated":true}]}}