{"id":36088,"date":"2017-06-14T08:05:41","date_gmt":"2017-06-14T13:05:41","guid":{"rendered":"https:\/\/www.ucaldas.edu.co\/portal\/?p=36088"},"modified":"2017-06-14T08:05:41","modified_gmt":"2017-06-14T13:05:41","slug":"centro-cultural-universitario-rogelio-salmona-protagonista-del-tercer-dia-de-isea-2017","status":"publish","type":"post","link":"https:\/\/www.ucaldas.edu.co\/portal\/centro-cultural-universitario-rogelio-salmona-protagonista-del-tercer-dia-de-isea-2017\/","title":{"rendered":"Centro Cultural Universitario Rogelio Salmona, protagonista del tercer d\u00eda de ISEA 2017"},"content":{"rendered":"<p>&nbsp;<\/p>\n<p>Bolet\u00edn de prensa #12<\/p>\n<p><em>14 de junio de 2017 <\/em><\/p>\n<p>&nbsp;<\/p>\n<p><strong>\u00a0<\/strong><\/p>\n<p style=\"text-align: center;\"><strong>Centro Cultural Universitario Rogelio Salmona, protagonista del tercer d\u00eda de ISEA 2017<\/strong><\/p>\n<p><strong>\u00a0<\/strong><\/p>\n<p><img loading=\"lazy\" decoding=\"async\" class=\"size-full wp-image-36089 aligncenter\" src=\"https:\/\/www.ucaldas.edu.co\/portal\/wp-content\/uploads\/2017\/06\/Instalaciones-Centro-Rogelio-Salmona-4.jpg\" alt=\"Instalaciones Centro Rogelio Salmona (4)\" width=\"358\" height=\"238\" \/><\/p>\n<p>Desde las 2:00 p.m. de ayer, el Centro Cultural Universitario (CCU) Rogelio Salmona de la U. de Caldas abri\u00f3 sus puertas al p\u00fablico del 16 Festival Internacional de la Imagen &#8211; ISEA 2017, y en su c\u00e1lido interior lleno de l\u00edneas geom\u00e9tricas alberga cerca de 40 instalaciones de artistas digitales y electr\u00f3nicos de varios pa\u00edses del mundo.<\/p>\n<p><!--more--><\/p>\n<p>Entre hoy 14 de junio y hasta el pr\u00f3ximo domingo, la entrada es libre a la exposici\u00f3n en el horario de 1:00 p.m. a 7:00 p.m., y all\u00ed todos los manizale\u00f1os y visitantes podr\u00e1n interactuar con obras de arte que no se parecen a las convencionales como pinturas y esculturas, sino que van m\u00e1s all\u00e1 y utilizan pantallas, cables, luces, tabletas,\u00a0 proyectores, sensores, robots, etc.<\/p>\n<p>Walter Casta\u00f1eda Marulanda, docente del Departamento de Dise\u00f1o Visual de la U. de Caldas, y coordinador de las exhibiciones de ISEA2017, indic\u00f3 que las obras est\u00e1n distribuidas por distintas caracter\u00edsticas como las que se pueden tocar y percibir, hasta otras que son inmersivas porque la personas ingresa a un espacio cerrado y observa un video, animaci\u00f3n, etc.<\/p>\n<p>\u00abTambi\u00e9n se encuentra en el primer piso el pabell\u00f3n dedicado a Francia por el a\u00f1o Colombia Francia 2017, y son cuatro obras de tama\u00f1o grande de artistas prestigiosos y completamente inmersivas en las que los visitantes van tener una experiencia incre\u00edble\u00bb, expres\u00f3.<\/p>\n<p>El acad\u00e9mico agreg\u00f3 que el \u00e9nfasis de ISEA y del Festival Internacional de la Imagen es el arte electr\u00f3nico, y que las obras exhibidas re\u00fanen varias disciplinas como arquitectura, dise\u00f1o, ingenier\u00eda, electr\u00f3nica, etc, por lo que se cruzan los saberes y los conocimientos espec\u00edficos, para abrir nuevas perspectivas con propuestas innovadoras.<\/p>\n<p><img loading=\"lazy\" decoding=\"async\" class=\"alignnone size-full wp-image-36093\" src=\"https:\/\/www.ucaldas.edu.co\/portal\/wp-content\/uploads\/2017\/06\/IMG_7425-copia-1.jpg\" alt=\"IMG_7425 - copia\" width=\"550\" height=\"366\" \/><\/p>\n<p><strong>Nuevo espacio<\/strong><\/p>\n<p>Durante el acto de inauguraci\u00f3n de la muestra que se realiz\u00f3 ayer a las 9:00 p.m., el Rector de la Universidad de Caldas Felipe C\u00e9sar Londo\u00f1o L\u00f3pez, indic\u00f3 que este evento da cuenta de la potencialidad que tiene el CCU de volverse un espacio para m\u00faltiples ocupaciones como centro de conocimiento y de ciencia.<\/p>\n<p>\u00abEn estas exposiciones estamos observando como cient\u00edficos con artistas est\u00e1n pensando los temas que tienen que ver con el medio ambiente, con los recursos h\u00eddricos, al tierra, con las culturas, todo ello muy enfocado en esta gran tem\u00e1tica de biocreaci\u00f3n y paz que nos hemos propuesto para ISEA y para el Festival de la Imagen\u00bb, se\u00f1al\u00f3.<\/p>\n<p>Ricardo Dal Farra, profesor de m\u00fasica y media-art en el Departamento de M\u00fasica de la Universidad Concordia (Canad\u00e1) y miembro de la junta de ISEA Internacional, destac\u00f3 la calidad de las obras e invit\u00f3 a todos a que visiten el CCU.<\/p>\n<p>\u00abTener un espacio como este en Manizales es excepcional (\u2026) y adem\u00e1s la oportunidad de tener ISEA en Manizales y esta exposici\u00f3n aqu\u00ed, es para no perd\u00e9rsela. Tanto para los que le interesa el arte electr\u00f3nico como para aquellos que no lo conocen y ser\u00eda interesante que vean de qu\u00e9 se trata e incluso con los chicos, que se entusiasman m\u00e1s con esto que los grandes\u00bb, afirm\u00f3.<\/p>\n<p><img loading=\"lazy\" decoding=\"async\" class=\"alignnone size-full wp-image-36094\" src=\"https:\/\/www.ucaldas.edu.co\/portal\/wp-content\/uploads\/2017\/06\/IMG_7460-copia.jpg\" alt=\"IMG_7460 - copia\" width=\"500\" height=\"333\" \/><\/p>\n<p><strong>Progr\u00e1mese<\/strong><\/p>\n<p>Este mi\u00e9rcoles 14 de junio tiene las siguientes conferencias centrales en el Teatro Fundadores:<\/p>\n<p><strong>9:00 a.m:<\/strong> <em>The Art of Imaging Music \u2013 Music Recording in Acoustic Spaces and in Virtual Acoustics\u00a0 <\/em>(El Arte de poner en im\u00e1genes la M\u00fasica &#8211; Grabaci\u00f3n de M\u00fasica en Espacios Ac\u00fasticos y Ac\u00fastica Virtual), de Martha de Francisco (Colombia), profesora asociada de grabaci\u00f3n de sonido en la Universidad McGill (Canad\u00e1), que lleva 30 a\u00f1os como productora e ingeniera de m\u00fasica cl\u00e1sica.<\/p>\n<p><strong>9:40 a.m:<\/strong> <em>From Wetware Art to Greenness Studies<\/em> de Jens Hauser (Alemania), curador de arte y estudioso de los medios de comunicaci\u00f3n centrado en las interacciones entre arte y tecnolog\u00eda.<\/p>\n<p><strong>10:20 a.m:<\/strong> <em>The Future is Extracted<\/em> (El futuro es extra\u00eddo), de Bronac Ferran (Reino Unido), escritora, curadora e investigadora con sede en Londres, que fue Directora de Artes Interdisciplinarias en el Arts Council England.<\/p>\n<p>&nbsp;<\/p>\n<p><strong>Otras actividades<\/strong><\/p>\n<p><strong>11:15 a.m: <\/strong>Mesa redonda sobre Proyectos Rurales ANT (Arte Naturaleza Tecnolog\u00eda) en Latinoam\u00e9rica, en la sala Fundadores.<\/p>\n<p><strong>2:30 p.m: <\/strong>Puentes sonoros (Dark Path #6, Harmonic Cicada, K\u00f6rper, Lioso landscape, Loophole, Me R\u00edo, Une rencontre, As If I didn\u2019t). Sala de M\u00fasica Campus Central U. de Caldas.<\/p>\n<p><strong>2:30 p.m: <\/strong>Paisajes reactivos de Hicham Berrada, artista franco-marroqu\u00ed especializado en arte contempor\u00e1neo e instalaciones.\u00a0 Experimenta con los reactivos, (sustancias que producen una reacci\u00f3n qu\u00edmica en el momento en que interact\u00faan con otra), para crear arte. Lugar: sal\u00f3n C202 del Campus Central de la U. de Caldas.<\/p>\n<p><strong>5:00 p.m: <\/strong><em>Nuevos l\u00edmites de la democracia<\/em>, conferencia de Michel Wieviorka (Francia), soci\u00f3logo, destacado por su trabajo sobre la violencia, el terrorismo, el racismo, los movimientos sociales y la teor\u00eda del cambio social. Actualmente es profesor en la Escuela de Estudios Avanzados en Ciencias Sociales de Par\u00eds. Lugar: Teatro 8 de Junio Campus Central de la U. de Caldas.<\/p>\n<p><strong>\u00a0<\/strong><strong>5:30 p.m:<\/strong> <em>Artes y Humanidades: la Universidad p\u00fablica en la valorizaci\u00f3n de los Saberes \u00abin\u00fatiles\u00bb<\/em>, conferencia de Marco Maria Gazzano (Italia), profesor Ph.D de Cine, Fotograf\u00eda y Televisi\u00f3n en la Universidad de Roma Tre. Lugar: Teatro 8 de Junio Campus Central de la U. de Caldas.<\/p>\n<p><strong>7:00 p.m:<\/strong> Paisajes sonorous. <em>Zen-Borg<\/em>, Mart\u00edn V\u00e9lez; <em>_nybble_<\/em>, Alex Augier (Francia);<\/p>\n<p><em>Homenaje al Maestro Guillermo Rend\u00f3n en sus 55 a\u00f1os de compositor<\/em>, Atempor\u00e1nea y Daniel Forero; <em>On XCurrencies<\/em>. <em>A performance project<\/em>, Klaus Spiess y Lucie Strecker).<\/p>\n<p>&nbsp;<\/p>\n<p><strong>El dato<\/strong><\/p>\n<p>Otras exposiciones abiertas: sala \u00d3scar Naranjo del Museo de Arte de Caldas, en Bellas Artes (pinacoteca, rotonda y galp\u00f3n), Alianza Francesa y el Centro de Museos de la U. de Caldas.<\/p>\n<p>&nbsp;<\/p>\n<p><strong>\u00a0<\/strong><\/p>\n<p><strong>Redacci\u00f3n: <\/strong>Mauricio D\u00edaz G\u00f3mez.<\/p>\n<p><strong>M\u00e1s informaci\u00f3n<\/strong><\/p>\n<p><a href=\"http:\/\/www.festivaldelaimagen.com\">www.festivaldelaimagen.com<\/a><br \/>\n<a href=\"http:\/\/www.isea2017.info\">www.isea2017.info<\/a><\/p>\n<p>&nbsp;<\/p>\n<p><strong>Redes sociales:<\/strong><\/p>\n<p>Facebook:\u00a0 <a href=\"https:\/\/www.facebook.com\/isea2017\/\">@ISEA2017<\/a>\u00a0\u00a0\u00a0 <a href=\"https:\/\/www.facebook.com\/festivalimagen\/\">@Festivalimagen<\/a> Twitter:\u00a0\u00a0\u00a0\u00a0\u00a0\u00a0\u00a0 <a href=\"https:\/\/twitter.com\/isea2017\">@ISEA2017<\/a>\u00a0\u00a0\u00a0 <a href=\"https:\/\/twitter.com\/imagenfest\">@ImagenFest<\/a><\/p>\n<p>Instagram:\u00a0 <a href=\"https:\/\/www.instagram.com\/isea2017\/\">@ISEA2017<\/a>\u00a0\u00a0\u00a0 <a href=\"https:\/\/www.instagram.com\/imagenfest\/\">@ImagenFest<\/a><\/p>\n<p><strong>\u00a0<\/strong><\/p>\n<p><strong>Contacto:<\/strong><\/p>\n<p>Para informaci\u00f3n de prensa por favor p\u00f3ngase en contacto por prensa@ucaldas.edu.co o al celular + (57) 3187880088 en Manizales.<\/p>\n<p><strong>\u00a0<\/strong><\/p>\n<p><strong>Kit de prensa: <\/strong>Acceda a material de prensa de ISEA2017 y el 16o Festival Internacional de la Imagen en este <a href=\"https:\/\/drive.google.com\/open?id=0B5pPTDm9rRZ4dW9GSU5vdjNFMzA\">enlace<\/a><\/p>\n<p>&nbsp;<\/p>\n","protected":false},"excerpt":{"rendered":"<p>&nbsp; Bolet\u00edn de prensa #12 14 de junio de 2017 &nbsp; \u00a0 Centro Cultural Universitario Rogelio Salmona, protagonista del tercer d\u00eda de ISEA 2017 \u00a0 Desde las 2:00 p.m. de ayer, el Centro Cultural Universitario (CCU) Rogelio Salmona de la U. de Caldas abri\u00f3 sus puertas al p\u00fablico del 16 Festival Internacional de la Imagen [&hellip;]<\/p>\n","protected":false},"author":2,"featured_media":0,"comment_status":"closed","ping_status":"closed","sticky":false,"template":"","format":"standard","meta":{"footnotes":""},"categories":[48,53,624,664],"tags":[],"class_list":["post-36088","post","type-post","status-publish","format-standard","hentry","category-actualidad","category-universidad-al-dia","category-ucaldas-activa","category-ucaldas-cultural"],"yoast_head":"<!-- This site is optimized with the Yoast SEO plugin v27.5 - https:\/\/yoast.com\/product\/yoast-seo-wordpress\/ -->\n<title>Centro Cultural Universitario Rogelio Salmona, protagonista del tercer d\u00eda de ISEA 2017 .<\/title>\n<meta name=\"robots\" content=\"index, follow, max-snippet:-1, max-image-preview:large, max-video-preview:-1\" \/>\n<link rel=\"canonical\" href=\"https:\/\/www.ucaldas.edu.co\/portal\/centro-cultural-universitario-rogelio-salmona-protagonista-del-tercer-dia-de-isea-2017\/\" \/>\n<script type=\"application\/ld+json\" class=\"yoast-schema-graph\">{\"@context\":\"https:\\\/\\\/schema.org\",\"@graph\":[{\"@type\":\"Article\",\"@id\":\"https:\\\/\\\/www.ucaldas.edu.co\\\/portal\\\/centro-cultural-universitario-rogelio-salmona-protagonista-del-tercer-dia-de-isea-2017\\\/#article\",\"isPartOf\":{\"@id\":\"https:\\\/\\\/www.ucaldas.edu.co\\\/portal\\\/centro-cultural-universitario-rogelio-salmona-protagonista-del-tercer-dia-de-isea-2017\\\/\"},\"author\":{\"name\":\"ofiprensa\",\"@id\":\"https:\\\/\\\/www.ucaldas.edu.co\\\/portal\\\/#\\\/schema\\\/person\\\/a1b482e23449158b4bc319926c074fdf\"},\"headline\":\"Centro Cultural Universitario Rogelio Salmona, protagonista del tercer d\u00eda de ISEA 2017\",\"datePublished\":\"2017-06-14T13:05:41+00:00\",\"mainEntityOfPage\":{\"@id\":\"https:\\\/\\\/www.ucaldas.edu.co\\\/portal\\\/centro-cultural-universitario-rogelio-salmona-protagonista-del-tercer-dia-de-isea-2017\\\/\"},\"wordCount\":1087,\"publisher\":{\"@id\":\"https:\\\/\\\/www.ucaldas.edu.co\\\/portal\\\/#organization\"},\"image\":{\"@id\":\"https:\\\/\\\/www.ucaldas.edu.co\\\/portal\\\/centro-cultural-universitario-rogelio-salmona-protagonista-del-tercer-dia-de-isea-2017\\\/#primaryimage\"},\"thumbnailUrl\":\"https:\\\/\\\/www.ucaldas.edu.co\\\/portal\\\/wp-content\\\/uploads\\\/2017\\\/06\\\/Instalaciones-Centro-Rogelio-Salmona-4.jpg\",\"articleSection\":[\"Actualidad\",\"Universidad al D\u00eda\",\"UCaldas Activa\",\"UCaldas Cultural\"],\"inLanguage\":\"es\"},{\"@type\":\"WebPage\",\"@id\":\"https:\\\/\\\/www.ucaldas.edu.co\\\/portal\\\/centro-cultural-universitario-rogelio-salmona-protagonista-del-tercer-dia-de-isea-2017\\\/\",\"url\":\"https:\\\/\\\/www.ucaldas.edu.co\\\/portal\\\/centro-cultural-universitario-rogelio-salmona-protagonista-del-tercer-dia-de-isea-2017\\\/\",\"name\":\"Centro Cultural Universitario Rogelio Salmona, protagonista del tercer d\u00eda de ISEA 2017 .\",\"isPartOf\":{\"@id\":\"https:\\\/\\\/www.ucaldas.edu.co\\\/portal\\\/#website\"},\"primaryImageOfPage\":{\"@id\":\"https:\\\/\\\/www.ucaldas.edu.co\\\/portal\\\/centro-cultural-universitario-rogelio-salmona-protagonista-del-tercer-dia-de-isea-2017\\\/#primaryimage\"},\"image\":{\"@id\":\"https:\\\/\\\/www.ucaldas.edu.co\\\/portal\\\/centro-cultural-universitario-rogelio-salmona-protagonista-del-tercer-dia-de-isea-2017\\\/#primaryimage\"},\"thumbnailUrl\":\"https:\\\/\\\/www.ucaldas.edu.co\\\/portal\\\/wp-content\\\/uploads\\\/2017\\\/06\\\/Instalaciones-Centro-Rogelio-Salmona-4.jpg\",\"datePublished\":\"2017-06-14T13:05:41+00:00\",\"breadcrumb\":{\"@id\":\"https:\\\/\\\/www.ucaldas.edu.co\\\/portal\\\/centro-cultural-universitario-rogelio-salmona-protagonista-del-tercer-dia-de-isea-2017\\\/#breadcrumb\"},\"inLanguage\":\"es\",\"potentialAction\":[{\"@type\":\"ReadAction\",\"target\":[\"https:\\\/\\\/www.ucaldas.edu.co\\\/portal\\\/centro-cultural-universitario-rogelio-salmona-protagonista-del-tercer-dia-de-isea-2017\\\/\"]}]},{\"@type\":\"ImageObject\",\"inLanguage\":\"es\",\"@id\":\"https:\\\/\\\/www.ucaldas.edu.co\\\/portal\\\/centro-cultural-universitario-rogelio-salmona-protagonista-del-tercer-dia-de-isea-2017\\\/#primaryimage\",\"url\":\"https:\\\/\\\/www.ucaldas.edu.co\\\/portal\\\/wp-content\\\/uploads\\\/2017\\\/06\\\/Instalaciones-Centro-Rogelio-Salmona-4.jpg\",\"contentUrl\":\"https:\\\/\\\/www.ucaldas.edu.co\\\/portal\\\/wp-content\\\/uploads\\\/2017\\\/06\\\/Instalaciones-Centro-Rogelio-Salmona-4.jpg\"},{\"@type\":\"BreadcrumbList\",\"@id\":\"https:\\\/\\\/www.ucaldas.edu.co\\\/portal\\\/centro-cultural-universitario-rogelio-salmona-protagonista-del-tercer-dia-de-isea-2017\\\/#breadcrumb\",\"itemListElement\":[{\"@type\":\"ListItem\",\"position\":1,\"name\":\"Portada\",\"item\":\"https:\\\/\\\/www.ucaldas.edu.co\\\/portal\\\/\"},{\"@type\":\"ListItem\",\"position\":2,\"name\":\"Centro Cultural Universitario Rogelio Salmona, protagonista del tercer d\u00eda de ISEA 2017\"}]},{\"@type\":\"WebSite\",\"@id\":\"https:\\\/\\\/www.ucaldas.edu.co\\\/portal\\\/#website\",\"url\":\"https:\\\/\\\/www.ucaldas.edu.co\\\/portal\\\/\",\"name\":\"Universidad de Caldas\",\"description\":\"\",\"publisher\":{\"@id\":\"https:\\\/\\\/www.ucaldas.edu.co\\\/portal\\\/#organization\"},\"alternateName\":\"U. de Caldas\",\"potentialAction\":[{\"@type\":\"SearchAction\",\"target\":{\"@type\":\"EntryPoint\",\"urlTemplate\":\"https:\\\/\\\/www.ucaldas.edu.co\\\/portal\\\/?s={search_term_string}\"},\"query-input\":{\"@type\":\"PropertyValueSpecification\",\"valueRequired\":true,\"valueName\":\"search_term_string\"}}],\"inLanguage\":\"es\"},{\"@type\":\"Organization\",\"@id\":\"https:\\\/\\\/www.ucaldas.edu.co\\\/portal\\\/#organization\",\"name\":\"Universidad de Caldas\",\"alternateName\":\"U. de Caldas\",\"url\":\"https:\\\/\\\/www.ucaldas.edu.co\\\/portal\\\/\",\"logo\":{\"@type\":\"ImageObject\",\"inLanguage\":\"es\",\"@id\":\"https:\\\/\\\/www.ucaldas.edu.co\\\/portal\\\/#\\\/schema\\\/logo\\\/image\\\/\",\"url\":\"https:\\\/\\\/www.ucaldas.edu.co\\\/portal\\\/wp-content\\\/uploads\\\/2023\\\/11\\\/Logo_horizontal_oscuroU-2023.png\",\"contentUrl\":\"https:\\\/\\\/www.ucaldas.edu.co\\\/portal\\\/wp-content\\\/uploads\\\/2023\\\/11\\\/Logo_horizontal_oscuroU-2023.png\",\"width\":263,\"height\":101,\"caption\":\"Universidad de Caldas\"},\"image\":{\"@id\":\"https:\\\/\\\/www.ucaldas.edu.co\\\/portal\\\/#\\\/schema\\\/logo\\\/image\\\/\"},\"sameAs\":[\"https:\\\/\\\/www.facebook.com\\\/udecaldas\",\"https:\\\/\\\/x.com\\\/udecaldas\",\"https:\\\/\\\/www.youtube.com\\\/universidadcaldas\",\"https:\\\/\\\/www.instagram.com\\\/udecaldas\\\/\"]},{\"@type\":\"Person\",\"@id\":\"https:\\\/\\\/www.ucaldas.edu.co\\\/portal\\\/#\\\/schema\\\/person\\\/a1b482e23449158b4bc319926c074fdf\",\"name\":\"ofiprensa\",\"image\":{\"@type\":\"ImageObject\",\"inLanguage\":\"es\",\"@id\":\"https:\\\/\\\/www.ucaldas.edu.co\\\/portal\\\/wp-content\\\/litespeed\\\/avatar\\\/09ea5085e600095a7a811142c6944527.jpg?ver=1777497608\",\"url\":\"https:\\\/\\\/www.ucaldas.edu.co\\\/portal\\\/wp-content\\\/litespeed\\\/avatar\\\/09ea5085e600095a7a811142c6944527.jpg?ver=1777497608\",\"contentUrl\":\"https:\\\/\\\/www.ucaldas.edu.co\\\/portal\\\/wp-content\\\/litespeed\\\/avatar\\\/09ea5085e600095a7a811142c6944527.jpg?ver=1777497608\",\"caption\":\"ofiprensa\"},\"url\":\"https:\\\/\\\/www.ucaldas.edu.co\\\/portal\\\/author\\\/ofiprensa\\\/\"}]}<\/script>\n<!-- \/ Yoast SEO plugin. -->","yoast_head_json":{"title":"Centro Cultural Universitario Rogelio Salmona, protagonista del tercer d\u00eda de ISEA 2017 .","robots":{"index":"index","follow":"follow","max-snippet":"max-snippet:-1","max-image-preview":"max-image-preview:large","max-video-preview":"max-video-preview:-1"},"canonical":"https:\/\/www.ucaldas.edu.co\/portal\/centro-cultural-universitario-rogelio-salmona-protagonista-del-tercer-dia-de-isea-2017\/","schema":{"@context":"https:\/\/schema.org","@graph":[{"@type":"Article","@id":"https:\/\/www.ucaldas.edu.co\/portal\/centro-cultural-universitario-rogelio-salmona-protagonista-del-tercer-dia-de-isea-2017\/#article","isPartOf":{"@id":"https:\/\/www.ucaldas.edu.co\/portal\/centro-cultural-universitario-rogelio-salmona-protagonista-del-tercer-dia-de-isea-2017\/"},"author":{"name":"ofiprensa","@id":"https:\/\/www.ucaldas.edu.co\/portal\/#\/schema\/person\/a1b482e23449158b4bc319926c074fdf"},"headline":"Centro Cultural Universitario Rogelio Salmona, protagonista del tercer d\u00eda de ISEA 2017","datePublished":"2017-06-14T13:05:41+00:00","mainEntityOfPage":{"@id":"https:\/\/www.ucaldas.edu.co\/portal\/centro-cultural-universitario-rogelio-salmona-protagonista-del-tercer-dia-de-isea-2017\/"},"wordCount":1087,"publisher":{"@id":"https:\/\/www.ucaldas.edu.co\/portal\/#organization"},"image":{"@id":"https:\/\/www.ucaldas.edu.co\/portal\/centro-cultural-universitario-rogelio-salmona-protagonista-del-tercer-dia-de-isea-2017\/#primaryimage"},"thumbnailUrl":"https:\/\/www.ucaldas.edu.co\/portal\/wp-content\/uploads\/2017\/06\/Instalaciones-Centro-Rogelio-Salmona-4.jpg","articleSection":["Actualidad","Universidad al D\u00eda","UCaldas Activa","UCaldas Cultural"],"inLanguage":"es"},{"@type":"WebPage","@id":"https:\/\/www.ucaldas.edu.co\/portal\/centro-cultural-universitario-rogelio-salmona-protagonista-del-tercer-dia-de-isea-2017\/","url":"https:\/\/www.ucaldas.edu.co\/portal\/centro-cultural-universitario-rogelio-salmona-protagonista-del-tercer-dia-de-isea-2017\/","name":"Centro Cultural Universitario Rogelio Salmona, protagonista del tercer d\u00eda de ISEA 2017 .","isPartOf":{"@id":"https:\/\/www.ucaldas.edu.co\/portal\/#website"},"primaryImageOfPage":{"@id":"https:\/\/www.ucaldas.edu.co\/portal\/centro-cultural-universitario-rogelio-salmona-protagonista-del-tercer-dia-de-isea-2017\/#primaryimage"},"image":{"@id":"https:\/\/www.ucaldas.edu.co\/portal\/centro-cultural-universitario-rogelio-salmona-protagonista-del-tercer-dia-de-isea-2017\/#primaryimage"},"thumbnailUrl":"https:\/\/www.ucaldas.edu.co\/portal\/wp-content\/uploads\/2017\/06\/Instalaciones-Centro-Rogelio-Salmona-4.jpg","datePublished":"2017-06-14T13:05:41+00:00","breadcrumb":{"@id":"https:\/\/www.ucaldas.edu.co\/portal\/centro-cultural-universitario-rogelio-salmona-protagonista-del-tercer-dia-de-isea-2017\/#breadcrumb"},"inLanguage":"es","potentialAction":[{"@type":"ReadAction","target":["https:\/\/www.ucaldas.edu.co\/portal\/centro-cultural-universitario-rogelio-salmona-protagonista-del-tercer-dia-de-isea-2017\/"]}]},{"@type":"ImageObject","inLanguage":"es","@id":"https:\/\/www.ucaldas.edu.co\/portal\/centro-cultural-universitario-rogelio-salmona-protagonista-del-tercer-dia-de-isea-2017\/#primaryimage","url":"https:\/\/www.ucaldas.edu.co\/portal\/wp-content\/uploads\/2017\/06\/Instalaciones-Centro-Rogelio-Salmona-4.jpg","contentUrl":"https:\/\/www.ucaldas.edu.co\/portal\/wp-content\/uploads\/2017\/06\/Instalaciones-Centro-Rogelio-Salmona-4.jpg"},{"@type":"BreadcrumbList","@id":"https:\/\/www.ucaldas.edu.co\/portal\/centro-cultural-universitario-rogelio-salmona-protagonista-del-tercer-dia-de-isea-2017\/#breadcrumb","itemListElement":[{"@type":"ListItem","position":1,"name":"Portada","item":"https:\/\/www.ucaldas.edu.co\/portal\/"},{"@type":"ListItem","position":2,"name":"Centro Cultural Universitario Rogelio Salmona, protagonista del tercer d\u00eda de ISEA 2017"}]},{"@type":"WebSite","@id":"https:\/\/www.ucaldas.edu.co\/portal\/#website","url":"https:\/\/www.ucaldas.edu.co\/portal\/","name":"Universidad de Caldas","description":"","publisher":{"@id":"https:\/\/www.ucaldas.edu.co\/portal\/#organization"},"alternateName":"U. de Caldas","potentialAction":[{"@type":"SearchAction","target":{"@type":"EntryPoint","urlTemplate":"https:\/\/www.ucaldas.edu.co\/portal\/?s={search_term_string}"},"query-input":{"@type":"PropertyValueSpecification","valueRequired":true,"valueName":"search_term_string"}}],"inLanguage":"es"},{"@type":"Organization","@id":"https:\/\/www.ucaldas.edu.co\/portal\/#organization","name":"Universidad de Caldas","alternateName":"U. de Caldas","url":"https:\/\/www.ucaldas.edu.co\/portal\/","logo":{"@type":"ImageObject","inLanguage":"es","@id":"https:\/\/www.ucaldas.edu.co\/portal\/#\/schema\/logo\/image\/","url":"https:\/\/www.ucaldas.edu.co\/portal\/wp-content\/uploads\/2023\/11\/Logo_horizontal_oscuroU-2023.png","contentUrl":"https:\/\/www.ucaldas.edu.co\/portal\/wp-content\/uploads\/2023\/11\/Logo_horizontal_oscuroU-2023.png","width":263,"height":101,"caption":"Universidad de Caldas"},"image":{"@id":"https:\/\/www.ucaldas.edu.co\/portal\/#\/schema\/logo\/image\/"},"sameAs":["https:\/\/www.facebook.com\/udecaldas","https:\/\/x.com\/udecaldas","https:\/\/www.youtube.com\/universidadcaldas","https:\/\/www.instagram.com\/udecaldas\/"]},{"@type":"Person","@id":"https:\/\/www.ucaldas.edu.co\/portal\/#\/schema\/person\/a1b482e23449158b4bc319926c074fdf","name":"ofiprensa","image":{"@type":"ImageObject","inLanguage":"es","@id":"https:\/\/www.ucaldas.edu.co\/portal\/wp-content\/litespeed\/avatar\/09ea5085e600095a7a811142c6944527.jpg?ver=1777497608","url":"https:\/\/www.ucaldas.edu.co\/portal\/wp-content\/litespeed\/avatar\/09ea5085e600095a7a811142c6944527.jpg?ver=1777497608","contentUrl":"https:\/\/www.ucaldas.edu.co\/portal\/wp-content\/litespeed\/avatar\/09ea5085e600095a7a811142c6944527.jpg?ver=1777497608","caption":"ofiprensa"},"url":"https:\/\/www.ucaldas.edu.co\/portal\/author\/ofiprensa\/"}]}},"_links":{"self":[{"href":"https:\/\/www.ucaldas.edu.co\/portal\/wp-json\/wp\/v2\/posts\/36088","targetHints":{"allow":["GET"]}}],"collection":[{"href":"https:\/\/www.ucaldas.edu.co\/portal\/wp-json\/wp\/v2\/posts"}],"about":[{"href":"https:\/\/www.ucaldas.edu.co\/portal\/wp-json\/wp\/v2\/types\/post"}],"author":[{"embeddable":true,"href":"https:\/\/www.ucaldas.edu.co\/portal\/wp-json\/wp\/v2\/users\/2"}],"replies":[{"embeddable":true,"href":"https:\/\/www.ucaldas.edu.co\/portal\/wp-json\/wp\/v2\/comments?post=36088"}],"version-history":[{"count":0,"href":"https:\/\/www.ucaldas.edu.co\/portal\/wp-json\/wp\/v2\/posts\/36088\/revisions"}],"wp:attachment":[{"href":"https:\/\/www.ucaldas.edu.co\/portal\/wp-json\/wp\/v2\/media?parent=36088"}],"wp:term":[{"taxonomy":"category","embeddable":true,"href":"https:\/\/www.ucaldas.edu.co\/portal\/wp-json\/wp\/v2\/categories?post=36088"},{"taxonomy":"post_tag","embeddable":true,"href":"https:\/\/www.ucaldas.edu.co\/portal\/wp-json\/wp\/v2\/tags?post=36088"}],"curies":[{"name":"wp","href":"https:\/\/api.w.org\/{rel}","templated":true}]}}