{"id":36061,"date":"2017-06-12T16:42:05","date_gmt":"2017-06-12T21:42:05","guid":{"rendered":"https:\/\/www.ucaldas.edu.co\/portal\/?p=36061"},"modified":"2017-06-12T16:42:05","modified_gmt":"2017-06-12T21:42:05","slug":"u-de-caldas-reflexiono-sobre-nueva-agenda-urbana-mundial-y-los-retos-del-habitar","status":"publish","type":"post","link":"https:\/\/www.ucaldas.edu.co\/portal\/u-de-caldas-reflexiono-sobre-nueva-agenda-urbana-mundial-y-los-retos-del-habitar\/","title":{"rendered":"U. de Caldas reflexion\u00f3 sobre nueva agenda urbana mundial y los retos del habitar"},"content":{"rendered":"<p style=\"text-align: center;\">EN CONFERENCIA DEL CICLO MEMORIA, ESPACIO Y SOCIEDAD<\/p>\n<p style=\"text-align: center;\"><strong>U. de Caldas reflexion\u00f3 sobre nueva agenda urbana mundial y los retos del habitar<\/strong><\/p>\n<p style=\"text-align: right;\">12\/06\/2017<\/p>\n<p><img loading=\"lazy\" decoding=\"async\" class=\"alignnone size-full wp-image-36062 aligncenter\" src=\"https:\/\/www.ucaldas.edu.co\/portal\/wp-content\/uploads\/2017\/06\/mem.jpg\" alt=\"mem\" width=\"358\" height=\"286\" \/><\/p>\n<p><em>La nueva agenda urbana mundial y los retos del habitar <\/em>fue el t\u00edtulo de la <strong>tercera Conferencia del Ciclo Memoria, Espacio y Sociedad de la Universidad de Caldas<\/strong>, que tuvo lugar el pasado 9 de junio del 2017. El encuentro fue una <strong>invitaci\u00f3n del Instituto de Investigaciones en Ciencias Sociales y Humanas<\/strong> (ICSH<strong>) y el Doctorado en Estudios Territoriales <\/strong>de la U. de Caldas.<\/p>\n<p><!--more--><\/p>\n<p>Alberto Torres Tobar, <strong>docente investigador de la U. Nacional de Colombia sede Bogot\u00e1<\/strong>, orient\u00f3 la sesi\u00f3n y expres\u00f3: \u201c<strong>disert\u00e9 sobre lo que fue el encuentro H\u00e1bitat III que produjo un documento que denominado <em>La nueva agenda mundial<\/em><\/strong> y que plantea una serie de directrices para el ordenamiento urbano durante los pr\u00f3ximos 20 a\u00f1os\u201d.<\/p>\n<p>&nbsp;<\/p>\n<p>\u201c<strong>Es un documento de invenciones pero no tiene recursos ni elementos claros de materializaci\u00f3n y le transfiere las responsabilidades a los gobiernos locales y nacionales<\/strong>, entonces lo que trat\u00e9 de mirar fue el contraste de cu\u00e1les son los elementos que plantea esa agenda con relaci\u00f3n a las din\u00e1micas de las ciudades en el mundo y c\u00f3mo aplica esa nueva agenda urbana mundial al caso colombiano\u201d, explic\u00f3.<\/p>\n<p>&nbsp;<\/p>\n<p>El <strong>invitado enfatiz\u00f3 que las contradicciones del documento van en contrav\u00eda de las din\u00e1micas que suceden en los territorios<\/strong>: ciudades que no se han consolidado, que est\u00e1n en proceso de configuraci\u00f3n y que tienen una gran cantidad de conflictos territoriales, entre otros.<\/p>\n<p>&nbsp;<\/p>\n<p>\u201cEn el caso\u00a0 colombiano cuando estamos hablando de avanzar hacia la construcci\u00f3n de la paz, entonces es un concepto importante de discutir all\u00ed, porque no aparece incluido dentro esa perspectiva y es lo que tiene que ver con paz territorial y derecho a la ciudad\u201d, agreg\u00f3.<\/p>\n<p>&nbsp;<\/p>\n<p><a href=\"https:\/\/www.facebook.com\/media\/set\/?set=a.1439157666146094.1073745473.107054166023124&amp;type=1&amp;l=f74e41d0c9\">Conozca im\u00e1genes de la Tercera Conferencia del Ciclo Memoria, Espacio y Sociedad<\/a><\/p>\n<p>&nbsp;<\/p>\n<p><strong>Informes: <\/strong>ICSH U. de Caldas, tel\u00e9fono 878 15 00 extensi\u00f3n 18 028.<\/p>\n<p><strong>Redacci\u00f3n:<\/strong> Margarita Laverde<\/p>\n<p>&nbsp;<\/p>\n","protected":false},"excerpt":{"rendered":"<p>EN CONFERENCIA DEL CICLO MEMORIA, ESPACIO Y SOCIEDAD U. de Caldas reflexion\u00f3 sobre nueva agenda urbana mundial y los retos del habitar 12\/06\/2017 La nueva agenda urbana mundial y los retos del habitar fue el t\u00edtulo de la tercera Conferencia del Ciclo Memoria, Espacio y Sociedad de la Universidad de Caldas, que tuvo lugar el [&hellip;]<\/p>\n","protected":false},"author":2,"featured_media":0,"comment_status":"closed","ping_status":"closed","sticky":false,"template":"","format":"standard","meta":{"footnotes":""},"categories":[48,53,624],"tags":[175,428,55,68,125],"class_list":["post-36061","post","type-post","status-publish","format-standard","hentry","category-actualidad","category-universidad-al-dia","category-ucaldas-activa","tag-espacio-y-sociedad","tag-ciclo-memoria","tag-academia","tag-invitado","tag-conferencia"],"yoast_head":"<!-- This site is optimized with the Yoast SEO plugin v27.4 - https:\/\/yoast.com\/product\/yoast-seo-wordpress\/ -->\n<title>U. de Caldas reflexion\u00f3 sobre nueva agenda urbana mundial y los retos del habitar .<\/title>\n<meta name=\"robots\" content=\"index, follow, max-snippet:-1, max-image-preview:large, max-video-preview:-1\" \/>\n<link rel=\"canonical\" href=\"https:\/\/www.ucaldas.edu.co\/portal\/u-de-caldas-reflexiono-sobre-nueva-agenda-urbana-mundial-y-los-retos-del-habitar\/\" \/>\n<script type=\"application\/ld+json\" class=\"yoast-schema-graph\">{\"@context\":\"https:\\\/\\\/schema.org\",\"@graph\":[{\"@type\":\"Article\",\"@id\":\"https:\\\/\\\/www.ucaldas.edu.co\\\/portal\\\/u-de-caldas-reflexiono-sobre-nueva-agenda-urbana-mundial-y-los-retos-del-habitar\\\/#article\",\"isPartOf\":{\"@id\":\"https:\\\/\\\/www.ucaldas.edu.co\\\/portal\\\/u-de-caldas-reflexiono-sobre-nueva-agenda-urbana-mundial-y-los-retos-del-habitar\\\/\"},\"author\":{\"name\":\"ofiprensa\",\"@id\":\"https:\\\/\\\/www.ucaldas.edu.co\\\/portal\\\/#\\\/schema\\\/person\\\/a1b482e23449158b4bc319926c074fdf\"},\"headline\":\"U. de Caldas reflexion\u00f3 sobre nueva agenda urbana mundial y los retos del habitar\",\"datePublished\":\"2017-06-12T21:42:05+00:00\",\"mainEntityOfPage\":{\"@id\":\"https:\\\/\\\/www.ucaldas.edu.co\\\/portal\\\/u-de-caldas-reflexiono-sobre-nueva-agenda-urbana-mundial-y-los-retos-del-habitar\\\/\"},\"wordCount\":352,\"publisher\":{\"@id\":\"https:\\\/\\\/www.ucaldas.edu.co\\\/portal\\\/#organization\"},\"image\":{\"@id\":\"https:\\\/\\\/www.ucaldas.edu.co\\\/portal\\\/u-de-caldas-reflexiono-sobre-nueva-agenda-urbana-mundial-y-los-retos-del-habitar\\\/#primaryimage\"},\"thumbnailUrl\":\"https:\\\/\\\/www.ucaldas.edu.co\\\/portal\\\/wp-content\\\/uploads\\\/2017\\\/06\\\/mem.jpg\",\"keywords\":[\"Espacio y Sociedad\",\"Ciclo Memoria\",\"academia\",\"invitado\",\"conferencia\"],\"articleSection\":[\"Actualidad\",\"Universidad al D\u00eda\",\"UCaldas Activa\"],\"inLanguage\":\"es\"},{\"@type\":\"WebPage\",\"@id\":\"https:\\\/\\\/www.ucaldas.edu.co\\\/portal\\\/u-de-caldas-reflexiono-sobre-nueva-agenda-urbana-mundial-y-los-retos-del-habitar\\\/\",\"url\":\"https:\\\/\\\/www.ucaldas.edu.co\\\/portal\\\/u-de-caldas-reflexiono-sobre-nueva-agenda-urbana-mundial-y-los-retos-del-habitar\\\/\",\"name\":\"U. de Caldas reflexion\u00f3 sobre nueva agenda urbana mundial y los retos del habitar .\",\"isPartOf\":{\"@id\":\"https:\\\/\\\/www.ucaldas.edu.co\\\/portal\\\/#website\"},\"primaryImageOfPage\":{\"@id\":\"https:\\\/\\\/www.ucaldas.edu.co\\\/portal\\\/u-de-caldas-reflexiono-sobre-nueva-agenda-urbana-mundial-y-los-retos-del-habitar\\\/#primaryimage\"},\"image\":{\"@id\":\"https:\\\/\\\/www.ucaldas.edu.co\\\/portal\\\/u-de-caldas-reflexiono-sobre-nueva-agenda-urbana-mundial-y-los-retos-del-habitar\\\/#primaryimage\"},\"thumbnailUrl\":\"https:\\\/\\\/www.ucaldas.edu.co\\\/portal\\\/wp-content\\\/uploads\\\/2017\\\/06\\\/mem.jpg\",\"datePublished\":\"2017-06-12T21:42:05+00:00\",\"breadcrumb\":{\"@id\":\"https:\\\/\\\/www.ucaldas.edu.co\\\/portal\\\/u-de-caldas-reflexiono-sobre-nueva-agenda-urbana-mundial-y-los-retos-del-habitar\\\/#breadcrumb\"},\"inLanguage\":\"es\",\"potentialAction\":[{\"@type\":\"ReadAction\",\"target\":[\"https:\\\/\\\/www.ucaldas.edu.co\\\/portal\\\/u-de-caldas-reflexiono-sobre-nueva-agenda-urbana-mundial-y-los-retos-del-habitar\\\/\"]}]},{\"@type\":\"ImageObject\",\"inLanguage\":\"es\",\"@id\":\"https:\\\/\\\/www.ucaldas.edu.co\\\/portal\\\/u-de-caldas-reflexiono-sobre-nueva-agenda-urbana-mundial-y-los-retos-del-habitar\\\/#primaryimage\",\"url\":\"https:\\\/\\\/www.ucaldas.edu.co\\\/portal\\\/wp-content\\\/uploads\\\/2017\\\/06\\\/mem.jpg\",\"contentUrl\":\"https:\\\/\\\/www.ucaldas.edu.co\\\/portal\\\/wp-content\\\/uploads\\\/2017\\\/06\\\/mem.jpg\"},{\"@type\":\"BreadcrumbList\",\"@id\":\"https:\\\/\\\/www.ucaldas.edu.co\\\/portal\\\/u-de-caldas-reflexiono-sobre-nueva-agenda-urbana-mundial-y-los-retos-del-habitar\\\/#breadcrumb\",\"itemListElement\":[{\"@type\":\"ListItem\",\"position\":1,\"name\":\"Portada\",\"item\":\"https:\\\/\\\/www.ucaldas.edu.co\\\/portal\\\/\"},{\"@type\":\"ListItem\",\"position\":2,\"name\":\"U. de Caldas reflexion\u00f3 sobre nueva agenda urbana mundial y los retos del habitar\"}]},{\"@type\":\"WebSite\",\"@id\":\"https:\\\/\\\/www.ucaldas.edu.co\\\/portal\\\/#website\",\"url\":\"https:\\\/\\\/www.ucaldas.edu.co\\\/portal\\\/\",\"name\":\"Universidad de Caldas\",\"description\":\"\",\"publisher\":{\"@id\":\"https:\\\/\\\/www.ucaldas.edu.co\\\/portal\\\/#organization\"},\"alternateName\":\"U. de Caldas\",\"potentialAction\":[{\"@type\":\"SearchAction\",\"target\":{\"@type\":\"EntryPoint\",\"urlTemplate\":\"https:\\\/\\\/www.ucaldas.edu.co\\\/portal\\\/?s={search_term_string}\"},\"query-input\":{\"@type\":\"PropertyValueSpecification\",\"valueRequired\":true,\"valueName\":\"search_term_string\"}}],\"inLanguage\":\"es\"},{\"@type\":\"Organization\",\"@id\":\"https:\\\/\\\/www.ucaldas.edu.co\\\/portal\\\/#organization\",\"name\":\"Universidad de Caldas\",\"alternateName\":\"U. de Caldas\",\"url\":\"https:\\\/\\\/www.ucaldas.edu.co\\\/portal\\\/\",\"logo\":{\"@type\":\"ImageObject\",\"inLanguage\":\"es\",\"@id\":\"https:\\\/\\\/www.ucaldas.edu.co\\\/portal\\\/#\\\/schema\\\/logo\\\/image\\\/\",\"url\":\"https:\\\/\\\/www.ucaldas.edu.co\\\/portal\\\/wp-content\\\/uploads\\\/2023\\\/11\\\/Logo_horizontal_oscuroU-2023.png\",\"contentUrl\":\"https:\\\/\\\/www.ucaldas.edu.co\\\/portal\\\/wp-content\\\/uploads\\\/2023\\\/11\\\/Logo_horizontal_oscuroU-2023.png\",\"width\":263,\"height\":101,\"caption\":\"Universidad de Caldas\"},\"image\":{\"@id\":\"https:\\\/\\\/www.ucaldas.edu.co\\\/portal\\\/#\\\/schema\\\/logo\\\/image\\\/\"},\"sameAs\":[\"https:\\\/\\\/www.facebook.com\\\/udecaldas\",\"https:\\\/\\\/x.com\\\/udecaldas\",\"https:\\\/\\\/www.youtube.com\\\/universidadcaldas\",\"https:\\\/\\\/www.instagram.com\\\/udecaldas\\\/\"]},{\"@type\":\"Person\",\"@id\":\"https:\\\/\\\/www.ucaldas.edu.co\\\/portal\\\/#\\\/schema\\\/person\\\/a1b482e23449158b4bc319926c074fdf\",\"name\":\"ofiprensa\",\"image\":{\"@type\":\"ImageObject\",\"inLanguage\":\"es\",\"@id\":\"https:\\\/\\\/www.ucaldas.edu.co\\\/portal\\\/wp-content\\\/litespeed\\\/avatar\\\/09ea5085e600095a7a811142c6944527.jpg?ver=1776892805\",\"url\":\"https:\\\/\\\/www.ucaldas.edu.co\\\/portal\\\/wp-content\\\/litespeed\\\/avatar\\\/09ea5085e600095a7a811142c6944527.jpg?ver=1776892805\",\"contentUrl\":\"https:\\\/\\\/www.ucaldas.edu.co\\\/portal\\\/wp-content\\\/litespeed\\\/avatar\\\/09ea5085e600095a7a811142c6944527.jpg?ver=1776892805\",\"caption\":\"ofiprensa\"},\"url\":\"https:\\\/\\\/www.ucaldas.edu.co\\\/portal\\\/author\\\/ofiprensa\\\/\"}]}<\/script>\n<!-- \/ Yoast SEO plugin. -->","yoast_head_json":{"title":"U. de Caldas reflexion\u00f3 sobre nueva agenda urbana mundial y los retos del habitar .","robots":{"index":"index","follow":"follow","max-snippet":"max-snippet:-1","max-image-preview":"max-image-preview:large","max-video-preview":"max-video-preview:-1"},"canonical":"https:\/\/www.ucaldas.edu.co\/portal\/u-de-caldas-reflexiono-sobre-nueva-agenda-urbana-mundial-y-los-retos-del-habitar\/","schema":{"@context":"https:\/\/schema.org","@graph":[{"@type":"Article","@id":"https:\/\/www.ucaldas.edu.co\/portal\/u-de-caldas-reflexiono-sobre-nueva-agenda-urbana-mundial-y-los-retos-del-habitar\/#article","isPartOf":{"@id":"https:\/\/www.ucaldas.edu.co\/portal\/u-de-caldas-reflexiono-sobre-nueva-agenda-urbana-mundial-y-los-retos-del-habitar\/"},"author":{"name":"ofiprensa","@id":"https:\/\/www.ucaldas.edu.co\/portal\/#\/schema\/person\/a1b482e23449158b4bc319926c074fdf"},"headline":"U. de Caldas reflexion\u00f3 sobre nueva agenda urbana mundial y los retos del habitar","datePublished":"2017-06-12T21:42:05+00:00","mainEntityOfPage":{"@id":"https:\/\/www.ucaldas.edu.co\/portal\/u-de-caldas-reflexiono-sobre-nueva-agenda-urbana-mundial-y-los-retos-del-habitar\/"},"wordCount":352,"publisher":{"@id":"https:\/\/www.ucaldas.edu.co\/portal\/#organization"},"image":{"@id":"https:\/\/www.ucaldas.edu.co\/portal\/u-de-caldas-reflexiono-sobre-nueva-agenda-urbana-mundial-y-los-retos-del-habitar\/#primaryimage"},"thumbnailUrl":"https:\/\/www.ucaldas.edu.co\/portal\/wp-content\/uploads\/2017\/06\/mem.jpg","keywords":["Espacio y Sociedad","Ciclo Memoria","academia","invitado","conferencia"],"articleSection":["Actualidad","Universidad al D\u00eda","UCaldas Activa"],"inLanguage":"es"},{"@type":"WebPage","@id":"https:\/\/www.ucaldas.edu.co\/portal\/u-de-caldas-reflexiono-sobre-nueva-agenda-urbana-mundial-y-los-retos-del-habitar\/","url":"https:\/\/www.ucaldas.edu.co\/portal\/u-de-caldas-reflexiono-sobre-nueva-agenda-urbana-mundial-y-los-retos-del-habitar\/","name":"U. de Caldas reflexion\u00f3 sobre nueva agenda urbana mundial y los retos del habitar .","isPartOf":{"@id":"https:\/\/www.ucaldas.edu.co\/portal\/#website"},"primaryImageOfPage":{"@id":"https:\/\/www.ucaldas.edu.co\/portal\/u-de-caldas-reflexiono-sobre-nueva-agenda-urbana-mundial-y-los-retos-del-habitar\/#primaryimage"},"image":{"@id":"https:\/\/www.ucaldas.edu.co\/portal\/u-de-caldas-reflexiono-sobre-nueva-agenda-urbana-mundial-y-los-retos-del-habitar\/#primaryimage"},"thumbnailUrl":"https:\/\/www.ucaldas.edu.co\/portal\/wp-content\/uploads\/2017\/06\/mem.jpg","datePublished":"2017-06-12T21:42:05+00:00","breadcrumb":{"@id":"https:\/\/www.ucaldas.edu.co\/portal\/u-de-caldas-reflexiono-sobre-nueva-agenda-urbana-mundial-y-los-retos-del-habitar\/#breadcrumb"},"inLanguage":"es","potentialAction":[{"@type":"ReadAction","target":["https:\/\/www.ucaldas.edu.co\/portal\/u-de-caldas-reflexiono-sobre-nueva-agenda-urbana-mundial-y-los-retos-del-habitar\/"]}]},{"@type":"ImageObject","inLanguage":"es","@id":"https:\/\/www.ucaldas.edu.co\/portal\/u-de-caldas-reflexiono-sobre-nueva-agenda-urbana-mundial-y-los-retos-del-habitar\/#primaryimage","url":"https:\/\/www.ucaldas.edu.co\/portal\/wp-content\/uploads\/2017\/06\/mem.jpg","contentUrl":"https:\/\/www.ucaldas.edu.co\/portal\/wp-content\/uploads\/2017\/06\/mem.jpg"},{"@type":"BreadcrumbList","@id":"https:\/\/www.ucaldas.edu.co\/portal\/u-de-caldas-reflexiono-sobre-nueva-agenda-urbana-mundial-y-los-retos-del-habitar\/#breadcrumb","itemListElement":[{"@type":"ListItem","position":1,"name":"Portada","item":"https:\/\/www.ucaldas.edu.co\/portal\/"},{"@type":"ListItem","position":2,"name":"U. de Caldas reflexion\u00f3 sobre nueva agenda urbana mundial y los retos del habitar"}]},{"@type":"WebSite","@id":"https:\/\/www.ucaldas.edu.co\/portal\/#website","url":"https:\/\/www.ucaldas.edu.co\/portal\/","name":"Universidad de Caldas","description":"","publisher":{"@id":"https:\/\/www.ucaldas.edu.co\/portal\/#organization"},"alternateName":"U. de Caldas","potentialAction":[{"@type":"SearchAction","target":{"@type":"EntryPoint","urlTemplate":"https:\/\/www.ucaldas.edu.co\/portal\/?s={search_term_string}"},"query-input":{"@type":"PropertyValueSpecification","valueRequired":true,"valueName":"search_term_string"}}],"inLanguage":"es"},{"@type":"Organization","@id":"https:\/\/www.ucaldas.edu.co\/portal\/#organization","name":"Universidad de Caldas","alternateName":"U. de Caldas","url":"https:\/\/www.ucaldas.edu.co\/portal\/","logo":{"@type":"ImageObject","inLanguage":"es","@id":"https:\/\/www.ucaldas.edu.co\/portal\/#\/schema\/logo\/image\/","url":"https:\/\/www.ucaldas.edu.co\/portal\/wp-content\/uploads\/2023\/11\/Logo_horizontal_oscuroU-2023.png","contentUrl":"https:\/\/www.ucaldas.edu.co\/portal\/wp-content\/uploads\/2023\/11\/Logo_horizontal_oscuroU-2023.png","width":263,"height":101,"caption":"Universidad de Caldas"},"image":{"@id":"https:\/\/www.ucaldas.edu.co\/portal\/#\/schema\/logo\/image\/"},"sameAs":["https:\/\/www.facebook.com\/udecaldas","https:\/\/x.com\/udecaldas","https:\/\/www.youtube.com\/universidadcaldas","https:\/\/www.instagram.com\/udecaldas\/"]},{"@type":"Person","@id":"https:\/\/www.ucaldas.edu.co\/portal\/#\/schema\/person\/a1b482e23449158b4bc319926c074fdf","name":"ofiprensa","image":{"@type":"ImageObject","inLanguage":"es","@id":"https:\/\/www.ucaldas.edu.co\/portal\/wp-content\/litespeed\/avatar\/09ea5085e600095a7a811142c6944527.jpg?ver=1776892805","url":"https:\/\/www.ucaldas.edu.co\/portal\/wp-content\/litespeed\/avatar\/09ea5085e600095a7a811142c6944527.jpg?ver=1776892805","contentUrl":"https:\/\/www.ucaldas.edu.co\/portal\/wp-content\/litespeed\/avatar\/09ea5085e600095a7a811142c6944527.jpg?ver=1776892805","caption":"ofiprensa"},"url":"https:\/\/www.ucaldas.edu.co\/portal\/author\/ofiprensa\/"}]}},"_links":{"self":[{"href":"https:\/\/www.ucaldas.edu.co\/portal\/wp-json\/wp\/v2\/posts\/36061","targetHints":{"allow":["GET"]}}],"collection":[{"href":"https:\/\/www.ucaldas.edu.co\/portal\/wp-json\/wp\/v2\/posts"}],"about":[{"href":"https:\/\/www.ucaldas.edu.co\/portal\/wp-json\/wp\/v2\/types\/post"}],"author":[{"embeddable":true,"href":"https:\/\/www.ucaldas.edu.co\/portal\/wp-json\/wp\/v2\/users\/2"}],"replies":[{"embeddable":true,"href":"https:\/\/www.ucaldas.edu.co\/portal\/wp-json\/wp\/v2\/comments?post=36061"}],"version-history":[{"count":0,"href":"https:\/\/www.ucaldas.edu.co\/portal\/wp-json\/wp\/v2\/posts\/36061\/revisions"}],"wp:attachment":[{"href":"https:\/\/www.ucaldas.edu.co\/portal\/wp-json\/wp\/v2\/media?parent=36061"}],"wp:term":[{"taxonomy":"category","embeddable":true,"href":"https:\/\/www.ucaldas.edu.co\/portal\/wp-json\/wp\/v2\/categories?post=36061"},{"taxonomy":"post_tag","embeddable":true,"href":"https:\/\/www.ucaldas.edu.co\/portal\/wp-json\/wp\/v2\/tags?post=36061"}],"curies":[{"name":"wp","href":"https:\/\/api.w.org\/{rel}","templated":true}]}}