{"id":36052,"date":"2017-06-12T09:25:20","date_gmt":"2017-06-12T14:25:20","guid":{"rendered":"https:\/\/www.ucaldas.edu.co\/portal\/?p=36052"},"modified":"2017-06-12T09:25:20","modified_gmt":"2017-06-12T14:25:20","slug":"3er-picnic-electronico-y-celebracion-de-los-50-anos-de-la-revista-leonardo-actividades-del-primer-dia-de-isea-2017","status":"publish","type":"post","link":"https:\/\/www.ucaldas.edu.co\/portal\/3er-picnic-electronico-y-celebracion-de-los-50-anos-de-la-revista-leonardo-actividades-del-primer-dia-de-isea-2017\/","title":{"rendered":"3er Picnic Electr\u00f3nico y celebraci\u00f3n de los 50 a\u00f1os de la Revista Leonardo, actividades del primer d\u00eda de ISEA 2017"},"content":{"rendered":"<p style=\"text-align: center;\"><strong>3er Picnic Electr\u00f3nico y celebraci\u00f3n de los 50 a\u00f1os de la Revista Leonardo, actividades del primer d\u00eda de ISEA 2017<\/strong><\/p>\n<p><strong>\u00a0<img loading=\"lazy\" decoding=\"async\" class=\"alignnone size-full wp-image-36053 aligncenter\" src=\"https:\/\/www.ucaldas.edu.co\/portal\/wp-content\/uploads\/2017\/06\/Roger-Malina.jpg\" alt=\"Roger Malina\" width=\"358\" height=\"283\" \/><\/strong><\/p>\n<p>El 16.\u00ba Festival Internacional de la Imagen de la Universidad de Caldas &#8211; ISEA 2017, inici\u00f3 sus\u00a0actividades el domingo 11 de junio con el 3er Picnic Electr\u00f3nico en el Recinto del Pensamiento.\u00a0El evento central fue la conmemoraci\u00f3n de los 50 a\u00f1os de la <a href=\"https:\/\/www.leonardo.info\/\">Revista Leonardo<\/a>, fundada en\u00a0Par\u00eds en 1968 por el artista cin\u00e9tico e ingeniero aeron\u00e1utico Frank Malina, y que se convirti\u00f3\u00a0en una publicaci\u00f3n emblem\u00e1tica y referente en la investigaci\u00f3n sobre artes, ciencia y\u00a0tecnolog\u00eda.<\/p>\n<p><!--more--><\/p>\n<p>Felipe C\u00e9sar Londo\u00f1o, Rector de la Universidad de Caldas y Director de ISEA 2017, expres\u00f3 su alegr\u00eda por ser anfitri\u00f3n de la primera parte de la celebraci\u00f3n de los 50 a\u00f1os de Leonardo, en\u00a0medio del Recinto del Pensamiento, un espacio lleno de biodiversidad.<\/p>\n<p>&nbsp;<\/p>\n<p>\u00abEs una alegr\u00eda tenerlos a todos ustedes ac\u00e1 con nosotros y nos llena de orgullo. Hoy es el inicio\u00a0de un futuro promisorio en torno a ISEA 2017, esa reuni\u00f3n mundial de mentes pensantes, de\u00a0redes, y de comunidades ligado a este pensamiento del arte, la ciencia y la tecnolog\u00eda\u00bb, anot\u00f3.\u00a0<a href=\"http:\/\/malina.diatrope.com\/\">Roger Malina<\/a>, editor ejecutivo de la publicaci\u00f3n, estudi\u00f3 f\u00edsica en el Instituto de Tecnolog\u00eda de\u00a0Massachusetts (MIT) y tiene un Ph.D. en Astronom\u00eda de la Universidad de Berkeley. En su\u00a0intervenci\u00f3n agradeci\u00f3 la oportunidad de celebrar este hito en Manizales, ciudad a la que\u00a0considera ejemplo ante el mundo en la defensa de la biodiversidad.<\/p>\n<p>&nbsp;<\/p>\n<p>\u00abEl mundo desarrollado con la ciencia y la tecnolog\u00eda no pudieron hacer la paz o arreglar los\u00a0problemas de salud y bienestar para todo el mundo. En los a\u00f1os que viene hay que hacerlo de\u00a0otra manera y es importante que los artistas, los dise\u00f1adores, los cient\u00edficos, los ingenieros,\u00a0inventen nuevas maneras para poder cambiar nuestra cultura (\u2026) En estos 50 a\u00f1os hemos\u00a0hecho visible a los artistas y dise\u00f1adores que han trabajado sobre estos problemas\u00bb, expres\u00f3.<\/p>\n<p>&nbsp;<\/p>\n<p><strong>Cruz de sonido<\/strong><\/p>\n<p>La jornada de ayer se cerr\u00f3 en el pabell\u00f3n de guadua del Recinto del Pensamiento con la\u00a0presentaci\u00f3n del franc\u00e9s Franck Vigroux y su performance audiovisual <em><a href=\"https:\/\/www.facebook.com\/festivalimagen\/posts\/1476774079044895\">Croix<\/a><\/em>, uno de los\u00a0artistas que Francia trae a ISEA 2017, como pa\u00eds invitado de honor.<\/p>\n<p>&nbsp;<\/p>\n<p>\u00abEs un concierto de m\u00fasica electr\u00f3nica que mezcla m\u00fasica abstracta con diferentes tipos de\u00a0sonido y que tiende hacia el g\u00e9nero del rock. Todo esto est\u00e1 apoyado de un visual generativo,\u00a0creaci\u00f3n del artista franc\u00e9s Antoine Schmitt. El resultado es una cruz que explota entre los<\/p>\n<p>p\u00edxeles y que vuelve siempre a su lugar, siguiendo el ritmo del sonido\u00bb, coment\u00f3 a los\u00a0periodistas del a\u00f1o Colombia-Francia 2017.<\/p>\n<p>&nbsp;<\/p>\n<p>Una de las asistentes, Maryluz Ochoa Bedoya, se\u00f1al\u00f3 que la pareci\u00f3 una propuesta novedosa e\u00a0interesante, por \u00abla mezcla de sonidos que hace y como va creando unos intervalos que se van\u00a0yendo de menor a mayor contundencia\u00bb.<\/p>\n<p>&nbsp;<\/p>\n<p>Agreg\u00f3 que le parece maravilloso que ISEA 2017 se realice en Colombia \u00abporque abre muchas\u00a0posibilidades a todos los artistas locales, vende la ciudad, vende el pa\u00eds, y es una oportunidad\u00a0para que nos demos a conocer de otras formas afuera. Me parece fabuloso que haya sido ac\u00e1\u00bb,\u00a0indic\u00f3 esta artista de Medell\u00edn, miembro del colectivo Ciclos.<\/p>\n<p>&nbsp;<\/p>\n<p><strong>El dato<\/strong><\/p>\n<p>Desde hoy lunes estar\u00e1n disponibles diversas exposiciones en lugares como C.C.C. Teatro Los\u00a0Fundadores, Centro Colombo Americano, Alianza Francesa, y el Centro de Museos y el Palacio\u00a0de Bellas Artes de la Universidad de Caldas. Consulte la programaci\u00f3n completa de talleres e\u00a0instalaciones en <a href=\"http:\/\/festivaldelaimagen.com\/programacion\/\">http:\/\/festivaldelaimagen.com\/programacion\/<\/a><\/p>\n<p>&nbsp;<\/p>\n<p>&nbsp;<\/p>\n<p><strong>M\u00e1s informaci\u00f3n<\/strong><\/p>\n<p><strong>\u00a0<\/strong><\/p>\n<p><a href=\"www.festivaldelaimagen.com\">www.festivaldelaimagen.com<\/a><\/p>\n<p><a href=\"www.isea2017.info\">www.isea2017.info<\/a><\/p>\n<p>&nbsp;<\/p>\n<p><strong>Redes sociales:<\/strong><\/p>\n<p>Facebook: @ISEA2017 @Festivalimagen<\/p>\n<p>Twitter: @ISEA2017 @ImagenFest<\/p>\n<p>Instagram: @ISEA2017 @ImagenFest<\/p>\n<p>&nbsp;<\/p>\n<p><strong>Contacto:<\/strong><\/p>\n<p>Para informaci\u00f3n de prensa por favor p\u00f3ngase en contacto con nosotros a trav\u00e9s del correo<\/p>\n<p>prensa@ucaldas.edu.co o al celular + (57) 3187880088 en Manizales.<\/p>\n<p>&nbsp;<\/p>\n<p><strong>Kit de prensa<\/strong><\/p>\n<p>Acceda a material de prensa de ISEA2017 y el 16o Festival Internacional de la Imagen en este<\/p>\n<p><a href=\"https:\/\/drive.google.com\/drive\/folders\/0B5pPTDm9rRZ4dW9GSU5vdjNFMzA\">enlace<\/a><\/p>\n","protected":false},"excerpt":{"rendered":"<p>3er Picnic Electr\u00f3nico y celebraci\u00f3n de los 50 a\u00f1os de la Revista Leonardo, actividades del primer d\u00eda de ISEA 2017 \u00a0 El 16.\u00ba Festival Internacional de la Imagen de la Universidad de Caldas &#8211; ISEA 2017, inici\u00f3 sus\u00a0actividades el domingo 11 de junio con el 3er Picnic Electr\u00f3nico en el Recinto del Pensamiento.\u00a0El evento central [&hellip;]<\/p>\n","protected":false},"author":2,"featured_media":0,"comment_status":"closed","ping_status":"closed","sticky":false,"template":"","format":"standard","meta":{"footnotes":""},"categories":[48,53,624,664],"tags":[],"class_list":["post-36052","post","type-post","status-publish","format-standard","hentry","category-actualidad","category-universidad-al-dia","category-ucaldas-activa","category-ucaldas-cultural"],"yoast_head":"<!-- This site is optimized with the Yoast SEO plugin v27.5 - https:\/\/yoast.com\/product\/yoast-seo-wordpress\/ -->\n<title>3er Picnic Electr\u00f3nico y celebraci\u00f3n de los 50 a\u00f1os de la Revista Leonardo, actividades del primer d\u00eda de ISEA 2017 .<\/title>\n<meta name=\"robots\" content=\"index, follow, max-snippet:-1, max-image-preview:large, max-video-preview:-1\" \/>\n<link rel=\"canonical\" href=\"https:\/\/www.ucaldas.edu.co\/portal\/3er-picnic-electronico-y-celebracion-de-los-50-anos-de-la-revista-leonardo-actividades-del-primer-dia-de-isea-2017\/\" \/>\n<script type=\"application\/ld+json\" class=\"yoast-schema-graph\">{\"@context\":\"https:\\\/\\\/schema.org\",\"@graph\":[{\"@type\":\"Article\",\"@id\":\"https:\\\/\\\/www.ucaldas.edu.co\\\/portal\\\/3er-picnic-electronico-y-celebracion-de-los-50-anos-de-la-revista-leonardo-actividades-del-primer-dia-de-isea-2017\\\/#article\",\"isPartOf\":{\"@id\":\"https:\\\/\\\/www.ucaldas.edu.co\\\/portal\\\/3er-picnic-electronico-y-celebracion-de-los-50-anos-de-la-revista-leonardo-actividades-del-primer-dia-de-isea-2017\\\/\"},\"author\":{\"name\":\"ofiprensa\",\"@id\":\"https:\\\/\\\/www.ucaldas.edu.co\\\/portal\\\/#\\\/schema\\\/person\\\/a1b482e23449158b4bc319926c074fdf\"},\"headline\":\"3er Picnic Electr\u00f3nico y celebraci\u00f3n de los 50 a\u00f1os de la Revista Leonardo, actividades del primer d\u00eda de ISEA 2017\",\"datePublished\":\"2017-06-12T14:25:20+00:00\",\"mainEntityOfPage\":{\"@id\":\"https:\\\/\\\/www.ucaldas.edu.co\\\/portal\\\/3er-picnic-electronico-y-celebracion-de-los-50-anos-de-la-revista-leonardo-actividades-del-primer-dia-de-isea-2017\\\/\"},\"wordCount\":726,\"publisher\":{\"@id\":\"https:\\\/\\\/www.ucaldas.edu.co\\\/portal\\\/#organization\"},\"image\":{\"@id\":\"https:\\\/\\\/www.ucaldas.edu.co\\\/portal\\\/3er-picnic-electronico-y-celebracion-de-los-50-anos-de-la-revista-leonardo-actividades-del-primer-dia-de-isea-2017\\\/#primaryimage\"},\"thumbnailUrl\":\"https:\\\/\\\/www.ucaldas.edu.co\\\/portal\\\/wp-content\\\/uploads\\\/2017\\\/06\\\/Roger-Malina.jpg\",\"articleSection\":[\"Actualidad\",\"Universidad al D\u00eda\",\"UCaldas Activa\",\"UCaldas Cultural\"],\"inLanguage\":\"es\"},{\"@type\":\"WebPage\",\"@id\":\"https:\\\/\\\/www.ucaldas.edu.co\\\/portal\\\/3er-picnic-electronico-y-celebracion-de-los-50-anos-de-la-revista-leonardo-actividades-del-primer-dia-de-isea-2017\\\/\",\"url\":\"https:\\\/\\\/www.ucaldas.edu.co\\\/portal\\\/3er-picnic-electronico-y-celebracion-de-los-50-anos-de-la-revista-leonardo-actividades-del-primer-dia-de-isea-2017\\\/\",\"name\":\"3er Picnic Electr\u00f3nico y celebraci\u00f3n de los 50 a\u00f1os de la Revista Leonardo, actividades del primer d\u00eda de ISEA 2017 .\",\"isPartOf\":{\"@id\":\"https:\\\/\\\/www.ucaldas.edu.co\\\/portal\\\/#website\"},\"primaryImageOfPage\":{\"@id\":\"https:\\\/\\\/www.ucaldas.edu.co\\\/portal\\\/3er-picnic-electronico-y-celebracion-de-los-50-anos-de-la-revista-leonardo-actividades-del-primer-dia-de-isea-2017\\\/#primaryimage\"},\"image\":{\"@id\":\"https:\\\/\\\/www.ucaldas.edu.co\\\/portal\\\/3er-picnic-electronico-y-celebracion-de-los-50-anos-de-la-revista-leonardo-actividades-del-primer-dia-de-isea-2017\\\/#primaryimage\"},\"thumbnailUrl\":\"https:\\\/\\\/www.ucaldas.edu.co\\\/portal\\\/wp-content\\\/uploads\\\/2017\\\/06\\\/Roger-Malina.jpg\",\"datePublished\":\"2017-06-12T14:25:20+00:00\",\"breadcrumb\":{\"@id\":\"https:\\\/\\\/www.ucaldas.edu.co\\\/portal\\\/3er-picnic-electronico-y-celebracion-de-los-50-anos-de-la-revista-leonardo-actividades-del-primer-dia-de-isea-2017\\\/#breadcrumb\"},\"inLanguage\":\"es\",\"potentialAction\":[{\"@type\":\"ReadAction\",\"target\":[\"https:\\\/\\\/www.ucaldas.edu.co\\\/portal\\\/3er-picnic-electronico-y-celebracion-de-los-50-anos-de-la-revista-leonardo-actividades-del-primer-dia-de-isea-2017\\\/\"]}]},{\"@type\":\"ImageObject\",\"inLanguage\":\"es\",\"@id\":\"https:\\\/\\\/www.ucaldas.edu.co\\\/portal\\\/3er-picnic-electronico-y-celebracion-de-los-50-anos-de-la-revista-leonardo-actividades-del-primer-dia-de-isea-2017\\\/#primaryimage\",\"url\":\"https:\\\/\\\/www.ucaldas.edu.co\\\/portal\\\/wp-content\\\/uploads\\\/2017\\\/06\\\/Roger-Malina.jpg\",\"contentUrl\":\"https:\\\/\\\/www.ucaldas.edu.co\\\/portal\\\/wp-content\\\/uploads\\\/2017\\\/06\\\/Roger-Malina.jpg\"},{\"@type\":\"BreadcrumbList\",\"@id\":\"https:\\\/\\\/www.ucaldas.edu.co\\\/portal\\\/3er-picnic-electronico-y-celebracion-de-los-50-anos-de-la-revista-leonardo-actividades-del-primer-dia-de-isea-2017\\\/#breadcrumb\",\"itemListElement\":[{\"@type\":\"ListItem\",\"position\":1,\"name\":\"Portada\",\"item\":\"https:\\\/\\\/www.ucaldas.edu.co\\\/portal\\\/\"},{\"@type\":\"ListItem\",\"position\":2,\"name\":\"3er Picnic Electr\u00f3nico y celebraci\u00f3n de los 50 a\u00f1os de la Revista Leonardo, actividades del primer d\u00eda de ISEA 2017\"}]},{\"@type\":\"WebSite\",\"@id\":\"https:\\\/\\\/www.ucaldas.edu.co\\\/portal\\\/#website\",\"url\":\"https:\\\/\\\/www.ucaldas.edu.co\\\/portal\\\/\",\"name\":\"Universidad de Caldas\",\"description\":\"\",\"publisher\":{\"@id\":\"https:\\\/\\\/www.ucaldas.edu.co\\\/portal\\\/#organization\"},\"alternateName\":\"U. de Caldas\",\"potentialAction\":[{\"@type\":\"SearchAction\",\"target\":{\"@type\":\"EntryPoint\",\"urlTemplate\":\"https:\\\/\\\/www.ucaldas.edu.co\\\/portal\\\/?s={search_term_string}\"},\"query-input\":{\"@type\":\"PropertyValueSpecification\",\"valueRequired\":true,\"valueName\":\"search_term_string\"}}],\"inLanguage\":\"es\"},{\"@type\":\"Organization\",\"@id\":\"https:\\\/\\\/www.ucaldas.edu.co\\\/portal\\\/#organization\",\"name\":\"Universidad de Caldas\",\"alternateName\":\"U. de Caldas\",\"url\":\"https:\\\/\\\/www.ucaldas.edu.co\\\/portal\\\/\",\"logo\":{\"@type\":\"ImageObject\",\"inLanguage\":\"es\",\"@id\":\"https:\\\/\\\/www.ucaldas.edu.co\\\/portal\\\/#\\\/schema\\\/logo\\\/image\\\/\",\"url\":\"https:\\\/\\\/www.ucaldas.edu.co\\\/portal\\\/wp-content\\\/uploads\\\/2023\\\/11\\\/Logo_horizontal_oscuroU-2023.png\",\"contentUrl\":\"https:\\\/\\\/www.ucaldas.edu.co\\\/portal\\\/wp-content\\\/uploads\\\/2023\\\/11\\\/Logo_horizontal_oscuroU-2023.png\",\"width\":263,\"height\":101,\"caption\":\"Universidad de Caldas\"},\"image\":{\"@id\":\"https:\\\/\\\/www.ucaldas.edu.co\\\/portal\\\/#\\\/schema\\\/logo\\\/image\\\/\"},\"sameAs\":[\"https:\\\/\\\/www.facebook.com\\\/udecaldas\",\"https:\\\/\\\/x.com\\\/udecaldas\",\"https:\\\/\\\/www.youtube.com\\\/universidadcaldas\",\"https:\\\/\\\/www.instagram.com\\\/udecaldas\\\/\"]},{\"@type\":\"Person\",\"@id\":\"https:\\\/\\\/www.ucaldas.edu.co\\\/portal\\\/#\\\/schema\\\/person\\\/a1b482e23449158b4bc319926c074fdf\",\"name\":\"ofiprensa\",\"image\":{\"@type\":\"ImageObject\",\"inLanguage\":\"es\",\"@id\":\"https:\\\/\\\/www.ucaldas.edu.co\\\/portal\\\/wp-content\\\/litespeed\\\/avatar\\\/09ea5085e600095a7a811142c6944527.jpg?ver=1777497608\",\"url\":\"https:\\\/\\\/www.ucaldas.edu.co\\\/portal\\\/wp-content\\\/litespeed\\\/avatar\\\/09ea5085e600095a7a811142c6944527.jpg?ver=1777497608\",\"contentUrl\":\"https:\\\/\\\/www.ucaldas.edu.co\\\/portal\\\/wp-content\\\/litespeed\\\/avatar\\\/09ea5085e600095a7a811142c6944527.jpg?ver=1777497608\",\"caption\":\"ofiprensa\"},\"url\":\"https:\\\/\\\/www.ucaldas.edu.co\\\/portal\\\/author\\\/ofiprensa\\\/\"}]}<\/script>\n<!-- \/ Yoast SEO plugin. -->","yoast_head_json":{"title":"3er Picnic Electr\u00f3nico y celebraci\u00f3n de los 50 a\u00f1os de la Revista Leonardo, actividades del primer d\u00eda de ISEA 2017 .","robots":{"index":"index","follow":"follow","max-snippet":"max-snippet:-1","max-image-preview":"max-image-preview:large","max-video-preview":"max-video-preview:-1"},"canonical":"https:\/\/www.ucaldas.edu.co\/portal\/3er-picnic-electronico-y-celebracion-de-los-50-anos-de-la-revista-leonardo-actividades-del-primer-dia-de-isea-2017\/","schema":{"@context":"https:\/\/schema.org","@graph":[{"@type":"Article","@id":"https:\/\/www.ucaldas.edu.co\/portal\/3er-picnic-electronico-y-celebracion-de-los-50-anos-de-la-revista-leonardo-actividades-del-primer-dia-de-isea-2017\/#article","isPartOf":{"@id":"https:\/\/www.ucaldas.edu.co\/portal\/3er-picnic-electronico-y-celebracion-de-los-50-anos-de-la-revista-leonardo-actividades-del-primer-dia-de-isea-2017\/"},"author":{"name":"ofiprensa","@id":"https:\/\/www.ucaldas.edu.co\/portal\/#\/schema\/person\/a1b482e23449158b4bc319926c074fdf"},"headline":"3er Picnic Electr\u00f3nico y celebraci\u00f3n de los 50 a\u00f1os de la Revista Leonardo, actividades del primer d\u00eda de ISEA 2017","datePublished":"2017-06-12T14:25:20+00:00","mainEntityOfPage":{"@id":"https:\/\/www.ucaldas.edu.co\/portal\/3er-picnic-electronico-y-celebracion-de-los-50-anos-de-la-revista-leonardo-actividades-del-primer-dia-de-isea-2017\/"},"wordCount":726,"publisher":{"@id":"https:\/\/www.ucaldas.edu.co\/portal\/#organization"},"image":{"@id":"https:\/\/www.ucaldas.edu.co\/portal\/3er-picnic-electronico-y-celebracion-de-los-50-anos-de-la-revista-leonardo-actividades-del-primer-dia-de-isea-2017\/#primaryimage"},"thumbnailUrl":"https:\/\/www.ucaldas.edu.co\/portal\/wp-content\/uploads\/2017\/06\/Roger-Malina.jpg","articleSection":["Actualidad","Universidad al D\u00eda","UCaldas Activa","UCaldas Cultural"],"inLanguage":"es"},{"@type":"WebPage","@id":"https:\/\/www.ucaldas.edu.co\/portal\/3er-picnic-electronico-y-celebracion-de-los-50-anos-de-la-revista-leonardo-actividades-del-primer-dia-de-isea-2017\/","url":"https:\/\/www.ucaldas.edu.co\/portal\/3er-picnic-electronico-y-celebracion-de-los-50-anos-de-la-revista-leonardo-actividades-del-primer-dia-de-isea-2017\/","name":"3er Picnic Electr\u00f3nico y celebraci\u00f3n de los 50 a\u00f1os de la Revista Leonardo, actividades del primer d\u00eda de ISEA 2017 .","isPartOf":{"@id":"https:\/\/www.ucaldas.edu.co\/portal\/#website"},"primaryImageOfPage":{"@id":"https:\/\/www.ucaldas.edu.co\/portal\/3er-picnic-electronico-y-celebracion-de-los-50-anos-de-la-revista-leonardo-actividades-del-primer-dia-de-isea-2017\/#primaryimage"},"image":{"@id":"https:\/\/www.ucaldas.edu.co\/portal\/3er-picnic-electronico-y-celebracion-de-los-50-anos-de-la-revista-leonardo-actividades-del-primer-dia-de-isea-2017\/#primaryimage"},"thumbnailUrl":"https:\/\/www.ucaldas.edu.co\/portal\/wp-content\/uploads\/2017\/06\/Roger-Malina.jpg","datePublished":"2017-06-12T14:25:20+00:00","breadcrumb":{"@id":"https:\/\/www.ucaldas.edu.co\/portal\/3er-picnic-electronico-y-celebracion-de-los-50-anos-de-la-revista-leonardo-actividades-del-primer-dia-de-isea-2017\/#breadcrumb"},"inLanguage":"es","potentialAction":[{"@type":"ReadAction","target":["https:\/\/www.ucaldas.edu.co\/portal\/3er-picnic-electronico-y-celebracion-de-los-50-anos-de-la-revista-leonardo-actividades-del-primer-dia-de-isea-2017\/"]}]},{"@type":"ImageObject","inLanguage":"es","@id":"https:\/\/www.ucaldas.edu.co\/portal\/3er-picnic-electronico-y-celebracion-de-los-50-anos-de-la-revista-leonardo-actividades-del-primer-dia-de-isea-2017\/#primaryimage","url":"https:\/\/www.ucaldas.edu.co\/portal\/wp-content\/uploads\/2017\/06\/Roger-Malina.jpg","contentUrl":"https:\/\/www.ucaldas.edu.co\/portal\/wp-content\/uploads\/2017\/06\/Roger-Malina.jpg"},{"@type":"BreadcrumbList","@id":"https:\/\/www.ucaldas.edu.co\/portal\/3er-picnic-electronico-y-celebracion-de-los-50-anos-de-la-revista-leonardo-actividades-del-primer-dia-de-isea-2017\/#breadcrumb","itemListElement":[{"@type":"ListItem","position":1,"name":"Portada","item":"https:\/\/www.ucaldas.edu.co\/portal\/"},{"@type":"ListItem","position":2,"name":"3er Picnic Electr\u00f3nico y celebraci\u00f3n de los 50 a\u00f1os de la Revista Leonardo, actividades del primer d\u00eda de ISEA 2017"}]},{"@type":"WebSite","@id":"https:\/\/www.ucaldas.edu.co\/portal\/#website","url":"https:\/\/www.ucaldas.edu.co\/portal\/","name":"Universidad de Caldas","description":"","publisher":{"@id":"https:\/\/www.ucaldas.edu.co\/portal\/#organization"},"alternateName":"U. de Caldas","potentialAction":[{"@type":"SearchAction","target":{"@type":"EntryPoint","urlTemplate":"https:\/\/www.ucaldas.edu.co\/portal\/?s={search_term_string}"},"query-input":{"@type":"PropertyValueSpecification","valueRequired":true,"valueName":"search_term_string"}}],"inLanguage":"es"},{"@type":"Organization","@id":"https:\/\/www.ucaldas.edu.co\/portal\/#organization","name":"Universidad de Caldas","alternateName":"U. de Caldas","url":"https:\/\/www.ucaldas.edu.co\/portal\/","logo":{"@type":"ImageObject","inLanguage":"es","@id":"https:\/\/www.ucaldas.edu.co\/portal\/#\/schema\/logo\/image\/","url":"https:\/\/www.ucaldas.edu.co\/portal\/wp-content\/uploads\/2023\/11\/Logo_horizontal_oscuroU-2023.png","contentUrl":"https:\/\/www.ucaldas.edu.co\/portal\/wp-content\/uploads\/2023\/11\/Logo_horizontal_oscuroU-2023.png","width":263,"height":101,"caption":"Universidad de Caldas"},"image":{"@id":"https:\/\/www.ucaldas.edu.co\/portal\/#\/schema\/logo\/image\/"},"sameAs":["https:\/\/www.facebook.com\/udecaldas","https:\/\/x.com\/udecaldas","https:\/\/www.youtube.com\/universidadcaldas","https:\/\/www.instagram.com\/udecaldas\/"]},{"@type":"Person","@id":"https:\/\/www.ucaldas.edu.co\/portal\/#\/schema\/person\/a1b482e23449158b4bc319926c074fdf","name":"ofiprensa","image":{"@type":"ImageObject","inLanguage":"es","@id":"https:\/\/www.ucaldas.edu.co\/portal\/wp-content\/litespeed\/avatar\/09ea5085e600095a7a811142c6944527.jpg?ver=1777497608","url":"https:\/\/www.ucaldas.edu.co\/portal\/wp-content\/litespeed\/avatar\/09ea5085e600095a7a811142c6944527.jpg?ver=1777497608","contentUrl":"https:\/\/www.ucaldas.edu.co\/portal\/wp-content\/litespeed\/avatar\/09ea5085e600095a7a811142c6944527.jpg?ver=1777497608","caption":"ofiprensa"},"url":"https:\/\/www.ucaldas.edu.co\/portal\/author\/ofiprensa\/"}]}},"_links":{"self":[{"href":"https:\/\/www.ucaldas.edu.co\/portal\/wp-json\/wp\/v2\/posts\/36052","targetHints":{"allow":["GET"]}}],"collection":[{"href":"https:\/\/www.ucaldas.edu.co\/portal\/wp-json\/wp\/v2\/posts"}],"about":[{"href":"https:\/\/www.ucaldas.edu.co\/portal\/wp-json\/wp\/v2\/types\/post"}],"author":[{"embeddable":true,"href":"https:\/\/www.ucaldas.edu.co\/portal\/wp-json\/wp\/v2\/users\/2"}],"replies":[{"embeddable":true,"href":"https:\/\/www.ucaldas.edu.co\/portal\/wp-json\/wp\/v2\/comments?post=36052"}],"version-history":[{"count":0,"href":"https:\/\/www.ucaldas.edu.co\/portal\/wp-json\/wp\/v2\/posts\/36052\/revisions"}],"wp:attachment":[{"href":"https:\/\/www.ucaldas.edu.co\/portal\/wp-json\/wp\/v2\/media?parent=36052"}],"wp:term":[{"taxonomy":"category","embeddable":true,"href":"https:\/\/www.ucaldas.edu.co\/portal\/wp-json\/wp\/v2\/categories?post=36052"},{"taxonomy":"post_tag","embeddable":true,"href":"https:\/\/www.ucaldas.edu.co\/portal\/wp-json\/wp\/v2\/tags?post=36052"}],"curies":[{"name":"wp","href":"https:\/\/api.w.org\/{rel}","templated":true}]}}