{"id":35883,"date":"2017-05-30T11:35:12","date_gmt":"2017-05-30T16:35:12","guid":{"rendered":"https:\/\/www.ucaldas.edu.co\/portal\/?p=35883"},"modified":"2017-05-30T11:35:12","modified_gmt":"2017-05-30T16:35:12","slug":"artes-plasticas-u-de-caldas-convoca-al-salon-universitario-zona-de-encuentro","status":"publish","type":"post","link":"https:\/\/www.ucaldas.edu.co\/portal\/artes-plasticas-u-de-caldas-convoca-al-salon-universitario-zona-de-encuentro\/","title":{"rendered":"Artes Pl\u00e1sticas U. de Caldas convoca al Sal\u00f3n Universitario Zona de Encuentro"},"content":{"rendered":"<p style=\"text-align: center;\">CONVOCATORIA ESTAR\u00c1 ABIERTA HASTA LAS 11:59 P.M. DEL 30 DE JUNIO DEL 2017<\/p>\n<p style=\"text-align: center;\"><strong>Artes Pl\u00e1sticas U. de Caldas convoca al Sal\u00f3n Universitario Zona de Encuentro <\/strong><\/p>\n<p style=\"text-align: right;\">30\/05\/2017<\/p>\n<p><img loading=\"lazy\" decoding=\"async\" class=\"alignnone size-full wp-image-35884 aligncenter\" src=\"https:\/\/www.ucaldas.edu.co\/portal\/wp-content\/uploads\/2017\/05\/salon.jpg\" alt=\"salon\" width=\"358\" height=\"283\" \/><\/p>\n<p>El <strong>Programa de Artes Pl\u00e1sticas de la Universidad de Caldas convoca<\/strong> al <strong>Sal\u00f3n Universitario Zona de Encuentro<\/strong>, que tendr\u00e1 lugar en Manizales del 28 al 31 de agosto del 2017.<\/p>\n<p><!--more--><\/p>\n<p>La <strong>Convocatoria de Artes pl\u00e1sticas procura incentivar la visualizaci\u00f3n de su ejercicio art\u00edstico estudiantil y ampliar la oferta cultural, estimulando la circulaci\u00f3n del arte y la formaci\u00f3n de nuevos p\u00fablicos<\/strong>. La \u00a0convocatoria est\u00e1 dirigida a estudiantes universitarios del pa\u00eds, del campo del arte y afines, se acogen obras concluidas, obras en proceso y proyectos que aborden interpretaciones o reflexiones respecto al concepto <em>En primera persona<\/em>.<\/p>\n<p>&nbsp;<\/p>\n<p>Este es el eje de creaci\u00f3n y cohesi\u00f3n del Sal\u00f3n Universitario Zona de encuentro. La <strong>convocatoria estar\u00e1 abierta hasta las 11:59 p.m. del 30 de junio del 2017.<\/strong><\/p>\n<p>&nbsp;<\/p>\n<p><a href=\"https:\/\/www.ucaldas.edu.co\/portal\/wp-content\/uploads\/2017\/05\/BASES-DE-PARTICIPACI%C3%93N-SALON-UNIVERSITARIO-ZONA-DE-ENCUENTRO-2017.pdf\">Conozca aqu\u00ed los detalles de la convocatoria del Sal\u00f3n Universitario Zona de Encuentro<\/a><\/p>\n<p>&nbsp;<\/p>\n<p><strong>Informes: <\/strong>en el correo electr\u00f3nico zonadeencuentromanizales@gmail.com<\/p>\n<p><strong>Redacci\u00f3n:<\/strong> Margarita Laverde<\/p>\n<p>&nbsp;<\/p>\n","protected":false},"excerpt":{"rendered":"<p>CONVOCATORIA ESTAR\u00c1 ABIERTA HASTA LAS 11:59 P.M. DEL 30 DE JUNIO DEL 2017 Artes Pl\u00e1sticas U. de Caldas convoca al Sal\u00f3n Universitario Zona de Encuentro 30\/05\/2017 El Programa de Artes Pl\u00e1sticas de la Universidad de Caldas convoca al Sal\u00f3n Universitario Zona de Encuentro, que tendr\u00e1 lugar en Manizales del 28 al 31 de agosto del [&hellip;]<\/p>\n","protected":false},"author":2,"featured_media":0,"comment_status":"closed","ping_status":"closed","sticky":false,"template":"","format":"standard","meta":{"footnotes":""},"categories":[48,53,624,664],"tags":[63,87,141,188,900],"class_list":["post-35883","post","type-post","status-publish","format-standard","hentry","category-actualidad","category-universidad-al-dia","category-ucaldas-activa","category-ucaldas-cultural","tag-participe","tag-estudiante","tag-convocatoria","tag-artes","tag-zona-de-encuentro"],"yoast_head":"<!-- This site is optimized with the Yoast SEO plugin v27.5 - https:\/\/yoast.com\/product\/yoast-seo-wordpress\/ -->\n<title>Artes Pl\u00e1sticas U. de Caldas convoca al Sal\u00f3n Universitario Zona de Encuentro .<\/title>\n<meta name=\"robots\" content=\"index, follow, max-snippet:-1, max-image-preview:large, max-video-preview:-1\" \/>\n<link rel=\"canonical\" href=\"https:\/\/www.ucaldas.edu.co\/portal\/artes-plasticas-u-de-caldas-convoca-al-salon-universitario-zona-de-encuentro\/\" \/>\n<script type=\"application\/ld+json\" class=\"yoast-schema-graph\">{\"@context\":\"https:\\\/\\\/schema.org\",\"@graph\":[{\"@type\":\"Article\",\"@id\":\"https:\\\/\\\/www.ucaldas.edu.co\\\/portal\\\/artes-plasticas-u-de-caldas-convoca-al-salon-universitario-zona-de-encuentro\\\/#article\",\"isPartOf\":{\"@id\":\"https:\\\/\\\/www.ucaldas.edu.co\\\/portal\\\/artes-plasticas-u-de-caldas-convoca-al-salon-universitario-zona-de-encuentro\\\/\"},\"author\":{\"name\":\"ofiprensa\",\"@id\":\"https:\\\/\\\/www.ucaldas.edu.co\\\/portal\\\/#\\\/schema\\\/person\\\/a1b482e23449158b4bc319926c074fdf\"},\"headline\":\"Artes Pl\u00e1sticas U. de Caldas convoca al Sal\u00f3n Universitario Zona de Encuentro\",\"datePublished\":\"2017-05-30T16:35:12+00:00\",\"mainEntityOfPage\":{\"@id\":\"https:\\\/\\\/www.ucaldas.edu.co\\\/portal\\\/artes-plasticas-u-de-caldas-convoca-al-salon-universitario-zona-de-encuentro\\\/\"},\"wordCount\":200,\"publisher\":{\"@id\":\"https:\\\/\\\/www.ucaldas.edu.co\\\/portal\\\/#organization\"},\"image\":{\"@id\":\"https:\\\/\\\/www.ucaldas.edu.co\\\/portal\\\/artes-plasticas-u-de-caldas-convoca-al-salon-universitario-zona-de-encuentro\\\/#primaryimage\"},\"thumbnailUrl\":\"https:\\\/\\\/www.ucaldas.edu.co\\\/portal\\\/wp-content\\\/uploads\\\/2017\\\/05\\\/salon.jpg\",\"keywords\":[\"Participe\",\"Estudiante\",\"Convocatoria\",\"artes\",\"zona de encuentro\"],\"articleSection\":[\"Actualidad\",\"Universidad al D\u00eda\",\"UCaldas Activa\",\"UCaldas Cultural\"],\"inLanguage\":\"es\"},{\"@type\":\"WebPage\",\"@id\":\"https:\\\/\\\/www.ucaldas.edu.co\\\/portal\\\/artes-plasticas-u-de-caldas-convoca-al-salon-universitario-zona-de-encuentro\\\/\",\"url\":\"https:\\\/\\\/www.ucaldas.edu.co\\\/portal\\\/artes-plasticas-u-de-caldas-convoca-al-salon-universitario-zona-de-encuentro\\\/\",\"name\":\"Artes Pl\u00e1sticas U. de Caldas convoca al Sal\u00f3n Universitario Zona de Encuentro .\",\"isPartOf\":{\"@id\":\"https:\\\/\\\/www.ucaldas.edu.co\\\/portal\\\/#website\"},\"primaryImageOfPage\":{\"@id\":\"https:\\\/\\\/www.ucaldas.edu.co\\\/portal\\\/artes-plasticas-u-de-caldas-convoca-al-salon-universitario-zona-de-encuentro\\\/#primaryimage\"},\"image\":{\"@id\":\"https:\\\/\\\/www.ucaldas.edu.co\\\/portal\\\/artes-plasticas-u-de-caldas-convoca-al-salon-universitario-zona-de-encuentro\\\/#primaryimage\"},\"thumbnailUrl\":\"https:\\\/\\\/www.ucaldas.edu.co\\\/portal\\\/wp-content\\\/uploads\\\/2017\\\/05\\\/salon.jpg\",\"datePublished\":\"2017-05-30T16:35:12+00:00\",\"breadcrumb\":{\"@id\":\"https:\\\/\\\/www.ucaldas.edu.co\\\/portal\\\/artes-plasticas-u-de-caldas-convoca-al-salon-universitario-zona-de-encuentro\\\/#breadcrumb\"},\"inLanguage\":\"es\",\"potentialAction\":[{\"@type\":\"ReadAction\",\"target\":[\"https:\\\/\\\/www.ucaldas.edu.co\\\/portal\\\/artes-plasticas-u-de-caldas-convoca-al-salon-universitario-zona-de-encuentro\\\/\"]}]},{\"@type\":\"ImageObject\",\"inLanguage\":\"es\",\"@id\":\"https:\\\/\\\/www.ucaldas.edu.co\\\/portal\\\/artes-plasticas-u-de-caldas-convoca-al-salon-universitario-zona-de-encuentro\\\/#primaryimage\",\"url\":\"https:\\\/\\\/www.ucaldas.edu.co\\\/portal\\\/wp-content\\\/uploads\\\/2017\\\/05\\\/salon.jpg\",\"contentUrl\":\"https:\\\/\\\/www.ucaldas.edu.co\\\/portal\\\/wp-content\\\/uploads\\\/2017\\\/05\\\/salon.jpg\"},{\"@type\":\"BreadcrumbList\",\"@id\":\"https:\\\/\\\/www.ucaldas.edu.co\\\/portal\\\/artes-plasticas-u-de-caldas-convoca-al-salon-universitario-zona-de-encuentro\\\/#breadcrumb\",\"itemListElement\":[{\"@type\":\"ListItem\",\"position\":1,\"name\":\"Portada\",\"item\":\"https:\\\/\\\/www.ucaldas.edu.co\\\/portal\\\/\"},{\"@type\":\"ListItem\",\"position\":2,\"name\":\"Artes Pl\u00e1sticas U. de Caldas convoca al Sal\u00f3n Universitario Zona de Encuentro\"}]},{\"@type\":\"WebSite\",\"@id\":\"https:\\\/\\\/www.ucaldas.edu.co\\\/portal\\\/#website\",\"url\":\"https:\\\/\\\/www.ucaldas.edu.co\\\/portal\\\/\",\"name\":\"Universidad de Caldas\",\"description\":\"\",\"publisher\":{\"@id\":\"https:\\\/\\\/www.ucaldas.edu.co\\\/portal\\\/#organization\"},\"alternateName\":\"U. de Caldas\",\"potentialAction\":[{\"@type\":\"SearchAction\",\"target\":{\"@type\":\"EntryPoint\",\"urlTemplate\":\"https:\\\/\\\/www.ucaldas.edu.co\\\/portal\\\/?s={search_term_string}\"},\"query-input\":{\"@type\":\"PropertyValueSpecification\",\"valueRequired\":true,\"valueName\":\"search_term_string\"}}],\"inLanguage\":\"es\"},{\"@type\":\"Organization\",\"@id\":\"https:\\\/\\\/www.ucaldas.edu.co\\\/portal\\\/#organization\",\"name\":\"Universidad de Caldas\",\"alternateName\":\"U. de Caldas\",\"url\":\"https:\\\/\\\/www.ucaldas.edu.co\\\/portal\\\/\",\"logo\":{\"@type\":\"ImageObject\",\"inLanguage\":\"es\",\"@id\":\"https:\\\/\\\/www.ucaldas.edu.co\\\/portal\\\/#\\\/schema\\\/logo\\\/image\\\/\",\"url\":\"https:\\\/\\\/www.ucaldas.edu.co\\\/portal\\\/wp-content\\\/uploads\\\/2023\\\/11\\\/Logo_horizontal_oscuroU-2023.png\",\"contentUrl\":\"https:\\\/\\\/www.ucaldas.edu.co\\\/portal\\\/wp-content\\\/uploads\\\/2023\\\/11\\\/Logo_horizontal_oscuroU-2023.png\",\"width\":263,\"height\":101,\"caption\":\"Universidad de Caldas\"},\"image\":{\"@id\":\"https:\\\/\\\/www.ucaldas.edu.co\\\/portal\\\/#\\\/schema\\\/logo\\\/image\\\/\"},\"sameAs\":[\"https:\\\/\\\/www.facebook.com\\\/udecaldas\",\"https:\\\/\\\/x.com\\\/udecaldas\",\"https:\\\/\\\/www.youtube.com\\\/universidadcaldas\",\"https:\\\/\\\/www.instagram.com\\\/udecaldas\\\/\"]},{\"@type\":\"Person\",\"@id\":\"https:\\\/\\\/www.ucaldas.edu.co\\\/portal\\\/#\\\/schema\\\/person\\\/a1b482e23449158b4bc319926c074fdf\",\"name\":\"ofiprensa\",\"image\":{\"@type\":\"ImageObject\",\"inLanguage\":\"es\",\"@id\":\"https:\\\/\\\/www.ucaldas.edu.co\\\/portal\\\/wp-content\\\/litespeed\\\/avatar\\\/09ea5085e600095a7a811142c6944527.jpg?ver=1777497608\",\"url\":\"https:\\\/\\\/www.ucaldas.edu.co\\\/portal\\\/wp-content\\\/litespeed\\\/avatar\\\/09ea5085e600095a7a811142c6944527.jpg?ver=1777497608\",\"contentUrl\":\"https:\\\/\\\/www.ucaldas.edu.co\\\/portal\\\/wp-content\\\/litespeed\\\/avatar\\\/09ea5085e600095a7a811142c6944527.jpg?ver=1777497608\",\"caption\":\"ofiprensa\"},\"url\":\"https:\\\/\\\/www.ucaldas.edu.co\\\/portal\\\/author\\\/ofiprensa\\\/\"}]}<\/script>\n<!-- \/ Yoast SEO plugin. -->","yoast_head_json":{"title":"Artes Pl\u00e1sticas U. de Caldas convoca al Sal\u00f3n Universitario Zona de Encuentro .","robots":{"index":"index","follow":"follow","max-snippet":"max-snippet:-1","max-image-preview":"max-image-preview:large","max-video-preview":"max-video-preview:-1"},"canonical":"https:\/\/www.ucaldas.edu.co\/portal\/artes-plasticas-u-de-caldas-convoca-al-salon-universitario-zona-de-encuentro\/","schema":{"@context":"https:\/\/schema.org","@graph":[{"@type":"Article","@id":"https:\/\/www.ucaldas.edu.co\/portal\/artes-plasticas-u-de-caldas-convoca-al-salon-universitario-zona-de-encuentro\/#article","isPartOf":{"@id":"https:\/\/www.ucaldas.edu.co\/portal\/artes-plasticas-u-de-caldas-convoca-al-salon-universitario-zona-de-encuentro\/"},"author":{"name":"ofiprensa","@id":"https:\/\/www.ucaldas.edu.co\/portal\/#\/schema\/person\/a1b482e23449158b4bc319926c074fdf"},"headline":"Artes Pl\u00e1sticas U. de Caldas convoca al Sal\u00f3n Universitario Zona de Encuentro","datePublished":"2017-05-30T16:35:12+00:00","mainEntityOfPage":{"@id":"https:\/\/www.ucaldas.edu.co\/portal\/artes-plasticas-u-de-caldas-convoca-al-salon-universitario-zona-de-encuentro\/"},"wordCount":200,"publisher":{"@id":"https:\/\/www.ucaldas.edu.co\/portal\/#organization"},"image":{"@id":"https:\/\/www.ucaldas.edu.co\/portal\/artes-plasticas-u-de-caldas-convoca-al-salon-universitario-zona-de-encuentro\/#primaryimage"},"thumbnailUrl":"https:\/\/www.ucaldas.edu.co\/portal\/wp-content\/uploads\/2017\/05\/salon.jpg","keywords":["Participe","Estudiante","Convocatoria","artes","zona de encuentro"],"articleSection":["Actualidad","Universidad al D\u00eda","UCaldas Activa","UCaldas Cultural"],"inLanguage":"es"},{"@type":"WebPage","@id":"https:\/\/www.ucaldas.edu.co\/portal\/artes-plasticas-u-de-caldas-convoca-al-salon-universitario-zona-de-encuentro\/","url":"https:\/\/www.ucaldas.edu.co\/portal\/artes-plasticas-u-de-caldas-convoca-al-salon-universitario-zona-de-encuentro\/","name":"Artes Pl\u00e1sticas U. de Caldas convoca al Sal\u00f3n Universitario Zona de Encuentro .","isPartOf":{"@id":"https:\/\/www.ucaldas.edu.co\/portal\/#website"},"primaryImageOfPage":{"@id":"https:\/\/www.ucaldas.edu.co\/portal\/artes-plasticas-u-de-caldas-convoca-al-salon-universitario-zona-de-encuentro\/#primaryimage"},"image":{"@id":"https:\/\/www.ucaldas.edu.co\/portal\/artes-plasticas-u-de-caldas-convoca-al-salon-universitario-zona-de-encuentro\/#primaryimage"},"thumbnailUrl":"https:\/\/www.ucaldas.edu.co\/portal\/wp-content\/uploads\/2017\/05\/salon.jpg","datePublished":"2017-05-30T16:35:12+00:00","breadcrumb":{"@id":"https:\/\/www.ucaldas.edu.co\/portal\/artes-plasticas-u-de-caldas-convoca-al-salon-universitario-zona-de-encuentro\/#breadcrumb"},"inLanguage":"es","potentialAction":[{"@type":"ReadAction","target":["https:\/\/www.ucaldas.edu.co\/portal\/artes-plasticas-u-de-caldas-convoca-al-salon-universitario-zona-de-encuentro\/"]}]},{"@type":"ImageObject","inLanguage":"es","@id":"https:\/\/www.ucaldas.edu.co\/portal\/artes-plasticas-u-de-caldas-convoca-al-salon-universitario-zona-de-encuentro\/#primaryimage","url":"https:\/\/www.ucaldas.edu.co\/portal\/wp-content\/uploads\/2017\/05\/salon.jpg","contentUrl":"https:\/\/www.ucaldas.edu.co\/portal\/wp-content\/uploads\/2017\/05\/salon.jpg"},{"@type":"BreadcrumbList","@id":"https:\/\/www.ucaldas.edu.co\/portal\/artes-plasticas-u-de-caldas-convoca-al-salon-universitario-zona-de-encuentro\/#breadcrumb","itemListElement":[{"@type":"ListItem","position":1,"name":"Portada","item":"https:\/\/www.ucaldas.edu.co\/portal\/"},{"@type":"ListItem","position":2,"name":"Artes Pl\u00e1sticas U. de Caldas convoca al Sal\u00f3n Universitario Zona de Encuentro"}]},{"@type":"WebSite","@id":"https:\/\/www.ucaldas.edu.co\/portal\/#website","url":"https:\/\/www.ucaldas.edu.co\/portal\/","name":"Universidad de Caldas","description":"","publisher":{"@id":"https:\/\/www.ucaldas.edu.co\/portal\/#organization"},"alternateName":"U. de Caldas","potentialAction":[{"@type":"SearchAction","target":{"@type":"EntryPoint","urlTemplate":"https:\/\/www.ucaldas.edu.co\/portal\/?s={search_term_string}"},"query-input":{"@type":"PropertyValueSpecification","valueRequired":true,"valueName":"search_term_string"}}],"inLanguage":"es"},{"@type":"Organization","@id":"https:\/\/www.ucaldas.edu.co\/portal\/#organization","name":"Universidad de Caldas","alternateName":"U. de Caldas","url":"https:\/\/www.ucaldas.edu.co\/portal\/","logo":{"@type":"ImageObject","inLanguage":"es","@id":"https:\/\/www.ucaldas.edu.co\/portal\/#\/schema\/logo\/image\/","url":"https:\/\/www.ucaldas.edu.co\/portal\/wp-content\/uploads\/2023\/11\/Logo_horizontal_oscuroU-2023.png","contentUrl":"https:\/\/www.ucaldas.edu.co\/portal\/wp-content\/uploads\/2023\/11\/Logo_horizontal_oscuroU-2023.png","width":263,"height":101,"caption":"Universidad de Caldas"},"image":{"@id":"https:\/\/www.ucaldas.edu.co\/portal\/#\/schema\/logo\/image\/"},"sameAs":["https:\/\/www.facebook.com\/udecaldas","https:\/\/x.com\/udecaldas","https:\/\/www.youtube.com\/universidadcaldas","https:\/\/www.instagram.com\/udecaldas\/"]},{"@type":"Person","@id":"https:\/\/www.ucaldas.edu.co\/portal\/#\/schema\/person\/a1b482e23449158b4bc319926c074fdf","name":"ofiprensa","image":{"@type":"ImageObject","inLanguage":"es","@id":"https:\/\/www.ucaldas.edu.co\/portal\/wp-content\/litespeed\/avatar\/09ea5085e600095a7a811142c6944527.jpg?ver=1777497608","url":"https:\/\/www.ucaldas.edu.co\/portal\/wp-content\/litespeed\/avatar\/09ea5085e600095a7a811142c6944527.jpg?ver=1777497608","contentUrl":"https:\/\/www.ucaldas.edu.co\/portal\/wp-content\/litespeed\/avatar\/09ea5085e600095a7a811142c6944527.jpg?ver=1777497608","caption":"ofiprensa"},"url":"https:\/\/www.ucaldas.edu.co\/portal\/author\/ofiprensa\/"}]}},"_links":{"self":[{"href":"https:\/\/www.ucaldas.edu.co\/portal\/wp-json\/wp\/v2\/posts\/35883","targetHints":{"allow":["GET"]}}],"collection":[{"href":"https:\/\/www.ucaldas.edu.co\/portal\/wp-json\/wp\/v2\/posts"}],"about":[{"href":"https:\/\/www.ucaldas.edu.co\/portal\/wp-json\/wp\/v2\/types\/post"}],"author":[{"embeddable":true,"href":"https:\/\/www.ucaldas.edu.co\/portal\/wp-json\/wp\/v2\/users\/2"}],"replies":[{"embeddable":true,"href":"https:\/\/www.ucaldas.edu.co\/portal\/wp-json\/wp\/v2\/comments?post=35883"}],"version-history":[{"count":0,"href":"https:\/\/www.ucaldas.edu.co\/portal\/wp-json\/wp\/v2\/posts\/35883\/revisions"}],"wp:attachment":[{"href":"https:\/\/www.ucaldas.edu.co\/portal\/wp-json\/wp\/v2\/media?parent=35883"}],"wp:term":[{"taxonomy":"category","embeddable":true,"href":"https:\/\/www.ucaldas.edu.co\/portal\/wp-json\/wp\/v2\/categories?post=35883"},{"taxonomy":"post_tag","embeddable":true,"href":"https:\/\/www.ucaldas.edu.co\/portal\/wp-json\/wp\/v2\/tags?post=35883"}],"curies":[{"name":"wp","href":"https:\/\/api.w.org\/{rel}","templated":true}]}}