{"id":35879,"date":"2017-05-30T11:19:03","date_gmt":"2017-05-30T16:19:03","guid":{"rendered":"https:\/\/www.ucaldas.edu.co\/portal\/?p=35879"},"modified":"2017-05-30T11:19:03","modified_gmt":"2017-05-30T16:19:03","slug":"u-de-caldas-realizo-jornadas-academicas-de-la-instalacion-del-instituto-colombiano-de-derecho-corporativo","status":"publish","type":"post","link":"https:\/\/www.ucaldas.edu.co\/portal\/u-de-caldas-realizo-jornadas-academicas-de-la-instalacion-del-instituto-colombiano-de-derecho-corporativo\/","title":{"rendered":"U. de Caldas realiz\u00f3 jornadas acad\u00e9micas de la Instalaci\u00f3n del Instituto Colombiano de Derecho Corporativo"},"content":{"rendered":"<p style=\"text-align: center;\">INVITACI\u00d3N DEL PROGRAMA DE DERECHO<\/p>\n<p style=\"text-align: center;\"><strong style=\"line-height: 1.5;\">U. de Caldas realiz\u00f3 jornadas acad\u00e9micas de la Instalaci\u00f3n del Instituto Colombiano de Derecho Corporativo<\/strong><\/p>\n<p style=\"text-align: right;\">30\/05\/2017<\/p>\n<p><img loading=\"lazy\" decoding=\"async\" class=\"alignnone size-full wp-image-35880 aligncenter\" src=\"https:\/\/www.ucaldas.edu.co\/portal\/wp-content\/uploads\/2017\/05\/jon.jpg\" alt=\"jon\" width=\"358\" height=\"284\" \/><\/p>\n<p>En la <strong>Facultad de Ciencias Jur\u00eddicas y Sociales<\/strong> de la Universidad de Caldas <strong>se llevaron a cabo<\/strong> el pasado 26 de mayo del 2017 las <strong>jornadas acad\u00e9micas<\/strong> de la <strong>Instalaci\u00f3n del Instituto Colombiano de Derecho Corporativo<\/strong>.<\/p>\n<p><!--more--><\/p>\n<p>Juan Felipe Guti\u00e9rrez \u00c1lvarez, <strong>Presidente del Instituto Colombiano de Derecho Corporativo, destac\u00f3<\/strong>: \u201ceste fue el evento inaugural del Instituto. <strong>Somos cuatro los egresados de esta Universidad quienes lo fundamos y estamos regal\u00e1ndole a la Instituci\u00f3n esta primera jornada<\/strong>, que se denomin\u00f3 impacto de las nuevas legislaciones\u201d.<\/p>\n<p>&nbsp;<\/p>\n<p>\u201cEl <strong>Instituto se fund\u00f3 para el fortalecimiento del sector empresarial de nuestro pa\u00eds<\/strong> y\u00a0 <strong>buscamos<\/strong>, a trav\u00e9s de capacitaciones y foros, entre otros eventos, \u00a0que las <strong>entidades o las empresas conozcan las nuevas tendencias del derecho <\/strong>y c\u00f3mo se est\u00e1 moviendo este mundo que puedan aplicarlo y se puedan fortalecerse como se debe\u201d, agreg\u00f3.<\/p>\n<p>&nbsp;<\/p>\n<p>Por otra parte, Beatriz Zuluaga Villegas, <strong>Directora del Programa de Derecho de la U. de Caldas, explic\u00f3 que el evento acompa\u00f1\u00f3 a un grupo de egresados<\/strong> que crearon el Instituto Colombiano de Derecho Corporativo como una innovaci\u00f3n a una forma diferente a de la ense\u00f1anza y el ejercicio de la profesi\u00f3n del derecho-<\/p>\n<p>&nbsp;<\/p>\n<p>\u201c<strong>Realizamos la estrategia <em>Egresado regresa a la facultad,<\/em> con el fin de establecer v\u00ednculos entre los egresados y los actuales estudiantes<\/strong>, para compartir sus experiencias en el ejercicio profesional\u201d, dijo.<\/p>\n<p>&nbsp;<\/p>\n<p><a href=\"https:\/\/www.facebook.com\/media\/set\/?set=a.1424634094265118.1073745452.107054166023124&amp;type=1&amp;l=53822353f2\">Conozca im\u00e1genes de las Jornadas acad\u00e9micas de la Instalaci\u00f3n del Instituto Colombiano de Derecho Corporativo<\/a><\/p>\n<p>&nbsp;<\/p>\n<p><strong>Informes: <\/strong>Programa de Derecho U. de Caldas, tel\u00e9fono 886 27 20 extensi\u00f3n 21 120.<\/p>\n<p><strong>Redacci\u00f3n:<\/strong> Margarita Laverde<\/p>\n<p>&nbsp;<\/p>\n","protected":false},"excerpt":{"rendered":"<p>INVITACI\u00d3N DEL PROGRAMA DE DERECHO U. de Caldas realiz\u00f3 jornadas acad\u00e9micas de la Instalaci\u00f3n del Instituto Colombiano de Derecho Corporativo 30\/05\/2017 En la Facultad de Ciencias Jur\u00eddicas y Sociales de la Universidad de Caldas se llevaron a cabo el pasado 26 de mayo del 2017 las jornadas acad\u00e9micas de la Instalaci\u00f3n del Instituto Colombiano de [&hellip;]<\/p>\n","protected":false},"author":2,"featured_media":0,"comment_status":"closed","ping_status":"closed","sticky":false,"template":"","format":"standard","meta":{"footnotes":""},"categories":[48,53,624],"tags":[149,777,868],"class_list":["post-35879","post","type-post","status-publish","format-standard","hentry","category-actualidad","category-universidad-al-dia","category-ucaldas-activa","tag-derecho","tag-jornadas","tag-instituto-colombiano-de-derecho-corporativo"],"yoast_head":"<!-- This site is optimized with the Yoast SEO plugin v27.5 - https:\/\/yoast.com\/product\/yoast-seo-wordpress\/ -->\n<title>U. de Caldas realiz\u00f3 jornadas acad\u00e9micas de la Instalaci\u00f3n del Instituto Colombiano de Derecho Corporativo .<\/title>\n<meta name=\"robots\" content=\"index, follow, max-snippet:-1, max-image-preview:large, max-video-preview:-1\" \/>\n<link rel=\"canonical\" href=\"https:\/\/www.ucaldas.edu.co\/portal\/u-de-caldas-realizo-jornadas-academicas-de-la-instalacion-del-instituto-colombiano-de-derecho-corporativo\/\" \/>\n<script type=\"application\/ld+json\" class=\"yoast-schema-graph\">{\"@context\":\"https:\\\/\\\/schema.org\",\"@graph\":[{\"@type\":\"Article\",\"@id\":\"https:\\\/\\\/www.ucaldas.edu.co\\\/portal\\\/u-de-caldas-realizo-jornadas-academicas-de-la-instalacion-del-instituto-colombiano-de-derecho-corporativo\\\/#article\",\"isPartOf\":{\"@id\":\"https:\\\/\\\/www.ucaldas.edu.co\\\/portal\\\/u-de-caldas-realizo-jornadas-academicas-de-la-instalacion-del-instituto-colombiano-de-derecho-corporativo\\\/\"},\"author\":{\"name\":\"ofiprensa\",\"@id\":\"https:\\\/\\\/www.ucaldas.edu.co\\\/portal\\\/#\\\/schema\\\/person\\\/a1b482e23449158b4bc319926c074fdf\"},\"headline\":\"U. de Caldas realiz\u00f3 jornadas acad\u00e9micas de la Instalaci\u00f3n del Instituto Colombiano de Derecho Corporativo\",\"datePublished\":\"2017-05-30T16:19:03+00:00\",\"mainEntityOfPage\":{\"@id\":\"https:\\\/\\\/www.ucaldas.edu.co\\\/portal\\\/u-de-caldas-realizo-jornadas-academicas-de-la-instalacion-del-instituto-colombiano-de-derecho-corporativo\\\/\"},\"wordCount\":309,\"publisher\":{\"@id\":\"https:\\\/\\\/www.ucaldas.edu.co\\\/portal\\\/#organization\"},\"image\":{\"@id\":\"https:\\\/\\\/www.ucaldas.edu.co\\\/portal\\\/u-de-caldas-realizo-jornadas-academicas-de-la-instalacion-del-instituto-colombiano-de-derecho-corporativo\\\/#primaryimage\"},\"thumbnailUrl\":\"https:\\\/\\\/www.ucaldas.edu.co\\\/portal\\\/wp-content\\\/uploads\\\/2017\\\/05\\\/jon.jpg\",\"keywords\":[\"derecho\",\"jornadas\",\"Instituto Colombiano de Derecho Corporativo\"],\"articleSection\":[\"Actualidad\",\"Universidad al D\u00eda\",\"UCaldas Activa\"],\"inLanguage\":\"es\"},{\"@type\":\"WebPage\",\"@id\":\"https:\\\/\\\/www.ucaldas.edu.co\\\/portal\\\/u-de-caldas-realizo-jornadas-academicas-de-la-instalacion-del-instituto-colombiano-de-derecho-corporativo\\\/\",\"url\":\"https:\\\/\\\/www.ucaldas.edu.co\\\/portal\\\/u-de-caldas-realizo-jornadas-academicas-de-la-instalacion-del-instituto-colombiano-de-derecho-corporativo\\\/\",\"name\":\"U. de Caldas realiz\u00f3 jornadas acad\u00e9micas de la Instalaci\u00f3n del Instituto Colombiano de Derecho Corporativo .\",\"isPartOf\":{\"@id\":\"https:\\\/\\\/www.ucaldas.edu.co\\\/portal\\\/#website\"},\"primaryImageOfPage\":{\"@id\":\"https:\\\/\\\/www.ucaldas.edu.co\\\/portal\\\/u-de-caldas-realizo-jornadas-academicas-de-la-instalacion-del-instituto-colombiano-de-derecho-corporativo\\\/#primaryimage\"},\"image\":{\"@id\":\"https:\\\/\\\/www.ucaldas.edu.co\\\/portal\\\/u-de-caldas-realizo-jornadas-academicas-de-la-instalacion-del-instituto-colombiano-de-derecho-corporativo\\\/#primaryimage\"},\"thumbnailUrl\":\"https:\\\/\\\/www.ucaldas.edu.co\\\/portal\\\/wp-content\\\/uploads\\\/2017\\\/05\\\/jon.jpg\",\"datePublished\":\"2017-05-30T16:19:03+00:00\",\"breadcrumb\":{\"@id\":\"https:\\\/\\\/www.ucaldas.edu.co\\\/portal\\\/u-de-caldas-realizo-jornadas-academicas-de-la-instalacion-del-instituto-colombiano-de-derecho-corporativo\\\/#breadcrumb\"},\"inLanguage\":\"es\",\"potentialAction\":[{\"@type\":\"ReadAction\",\"target\":[\"https:\\\/\\\/www.ucaldas.edu.co\\\/portal\\\/u-de-caldas-realizo-jornadas-academicas-de-la-instalacion-del-instituto-colombiano-de-derecho-corporativo\\\/\"]}]},{\"@type\":\"ImageObject\",\"inLanguage\":\"es\",\"@id\":\"https:\\\/\\\/www.ucaldas.edu.co\\\/portal\\\/u-de-caldas-realizo-jornadas-academicas-de-la-instalacion-del-instituto-colombiano-de-derecho-corporativo\\\/#primaryimage\",\"url\":\"https:\\\/\\\/www.ucaldas.edu.co\\\/portal\\\/wp-content\\\/uploads\\\/2017\\\/05\\\/jon.jpg\",\"contentUrl\":\"https:\\\/\\\/www.ucaldas.edu.co\\\/portal\\\/wp-content\\\/uploads\\\/2017\\\/05\\\/jon.jpg\"},{\"@type\":\"BreadcrumbList\",\"@id\":\"https:\\\/\\\/www.ucaldas.edu.co\\\/portal\\\/u-de-caldas-realizo-jornadas-academicas-de-la-instalacion-del-instituto-colombiano-de-derecho-corporativo\\\/#breadcrumb\",\"itemListElement\":[{\"@type\":\"ListItem\",\"position\":1,\"name\":\"Portada\",\"item\":\"https:\\\/\\\/www.ucaldas.edu.co\\\/portal\\\/\"},{\"@type\":\"ListItem\",\"position\":2,\"name\":\"U. de Caldas realiz\u00f3 jornadas acad\u00e9micas de la Instalaci\u00f3n del Instituto Colombiano de Derecho Corporativo\"}]},{\"@type\":\"WebSite\",\"@id\":\"https:\\\/\\\/www.ucaldas.edu.co\\\/portal\\\/#website\",\"url\":\"https:\\\/\\\/www.ucaldas.edu.co\\\/portal\\\/\",\"name\":\"Universidad de Caldas\",\"description\":\"\",\"publisher\":{\"@id\":\"https:\\\/\\\/www.ucaldas.edu.co\\\/portal\\\/#organization\"},\"alternateName\":\"U. de Caldas\",\"potentialAction\":[{\"@type\":\"SearchAction\",\"target\":{\"@type\":\"EntryPoint\",\"urlTemplate\":\"https:\\\/\\\/www.ucaldas.edu.co\\\/portal\\\/?s={search_term_string}\"},\"query-input\":{\"@type\":\"PropertyValueSpecification\",\"valueRequired\":true,\"valueName\":\"search_term_string\"}}],\"inLanguage\":\"es\"},{\"@type\":\"Organization\",\"@id\":\"https:\\\/\\\/www.ucaldas.edu.co\\\/portal\\\/#organization\",\"name\":\"Universidad de Caldas\",\"alternateName\":\"U. de Caldas\",\"url\":\"https:\\\/\\\/www.ucaldas.edu.co\\\/portal\\\/\",\"logo\":{\"@type\":\"ImageObject\",\"inLanguage\":\"es\",\"@id\":\"https:\\\/\\\/www.ucaldas.edu.co\\\/portal\\\/#\\\/schema\\\/logo\\\/image\\\/\",\"url\":\"https:\\\/\\\/www.ucaldas.edu.co\\\/portal\\\/wp-content\\\/uploads\\\/2023\\\/11\\\/Logo_horizontal_oscuroU-2023.png\",\"contentUrl\":\"https:\\\/\\\/www.ucaldas.edu.co\\\/portal\\\/wp-content\\\/uploads\\\/2023\\\/11\\\/Logo_horizontal_oscuroU-2023.png\",\"width\":263,\"height\":101,\"caption\":\"Universidad de Caldas\"},\"image\":{\"@id\":\"https:\\\/\\\/www.ucaldas.edu.co\\\/portal\\\/#\\\/schema\\\/logo\\\/image\\\/\"},\"sameAs\":[\"https:\\\/\\\/www.facebook.com\\\/udecaldas\",\"https:\\\/\\\/x.com\\\/udecaldas\",\"https:\\\/\\\/www.youtube.com\\\/universidadcaldas\",\"https:\\\/\\\/www.instagram.com\\\/udecaldas\\\/\"]},{\"@type\":\"Person\",\"@id\":\"https:\\\/\\\/www.ucaldas.edu.co\\\/portal\\\/#\\\/schema\\\/person\\\/a1b482e23449158b4bc319926c074fdf\",\"name\":\"ofiprensa\",\"image\":{\"@type\":\"ImageObject\",\"inLanguage\":\"es\",\"@id\":\"https:\\\/\\\/www.ucaldas.edu.co\\\/portal\\\/wp-content\\\/litespeed\\\/avatar\\\/09ea5085e600095a7a811142c6944527.jpg?ver=1777497608\",\"url\":\"https:\\\/\\\/www.ucaldas.edu.co\\\/portal\\\/wp-content\\\/litespeed\\\/avatar\\\/09ea5085e600095a7a811142c6944527.jpg?ver=1777497608\",\"contentUrl\":\"https:\\\/\\\/www.ucaldas.edu.co\\\/portal\\\/wp-content\\\/litespeed\\\/avatar\\\/09ea5085e600095a7a811142c6944527.jpg?ver=1777497608\",\"caption\":\"ofiprensa\"},\"url\":\"https:\\\/\\\/www.ucaldas.edu.co\\\/portal\\\/author\\\/ofiprensa\\\/\"}]}<\/script>\n<!-- \/ Yoast SEO plugin. -->","yoast_head_json":{"title":"U. de Caldas realiz\u00f3 jornadas acad\u00e9micas de la Instalaci\u00f3n del Instituto Colombiano de Derecho Corporativo .","robots":{"index":"index","follow":"follow","max-snippet":"max-snippet:-1","max-image-preview":"max-image-preview:large","max-video-preview":"max-video-preview:-1"},"canonical":"https:\/\/www.ucaldas.edu.co\/portal\/u-de-caldas-realizo-jornadas-academicas-de-la-instalacion-del-instituto-colombiano-de-derecho-corporativo\/","schema":{"@context":"https:\/\/schema.org","@graph":[{"@type":"Article","@id":"https:\/\/www.ucaldas.edu.co\/portal\/u-de-caldas-realizo-jornadas-academicas-de-la-instalacion-del-instituto-colombiano-de-derecho-corporativo\/#article","isPartOf":{"@id":"https:\/\/www.ucaldas.edu.co\/portal\/u-de-caldas-realizo-jornadas-academicas-de-la-instalacion-del-instituto-colombiano-de-derecho-corporativo\/"},"author":{"name":"ofiprensa","@id":"https:\/\/www.ucaldas.edu.co\/portal\/#\/schema\/person\/a1b482e23449158b4bc319926c074fdf"},"headline":"U. de Caldas realiz\u00f3 jornadas acad\u00e9micas de la Instalaci\u00f3n del Instituto Colombiano de Derecho Corporativo","datePublished":"2017-05-30T16:19:03+00:00","mainEntityOfPage":{"@id":"https:\/\/www.ucaldas.edu.co\/portal\/u-de-caldas-realizo-jornadas-academicas-de-la-instalacion-del-instituto-colombiano-de-derecho-corporativo\/"},"wordCount":309,"publisher":{"@id":"https:\/\/www.ucaldas.edu.co\/portal\/#organization"},"image":{"@id":"https:\/\/www.ucaldas.edu.co\/portal\/u-de-caldas-realizo-jornadas-academicas-de-la-instalacion-del-instituto-colombiano-de-derecho-corporativo\/#primaryimage"},"thumbnailUrl":"https:\/\/www.ucaldas.edu.co\/portal\/wp-content\/uploads\/2017\/05\/jon.jpg","keywords":["derecho","jornadas","Instituto Colombiano de Derecho Corporativo"],"articleSection":["Actualidad","Universidad al D\u00eda","UCaldas Activa"],"inLanguage":"es"},{"@type":"WebPage","@id":"https:\/\/www.ucaldas.edu.co\/portal\/u-de-caldas-realizo-jornadas-academicas-de-la-instalacion-del-instituto-colombiano-de-derecho-corporativo\/","url":"https:\/\/www.ucaldas.edu.co\/portal\/u-de-caldas-realizo-jornadas-academicas-de-la-instalacion-del-instituto-colombiano-de-derecho-corporativo\/","name":"U. de Caldas realiz\u00f3 jornadas acad\u00e9micas de la Instalaci\u00f3n del Instituto Colombiano de Derecho Corporativo .","isPartOf":{"@id":"https:\/\/www.ucaldas.edu.co\/portal\/#website"},"primaryImageOfPage":{"@id":"https:\/\/www.ucaldas.edu.co\/portal\/u-de-caldas-realizo-jornadas-academicas-de-la-instalacion-del-instituto-colombiano-de-derecho-corporativo\/#primaryimage"},"image":{"@id":"https:\/\/www.ucaldas.edu.co\/portal\/u-de-caldas-realizo-jornadas-academicas-de-la-instalacion-del-instituto-colombiano-de-derecho-corporativo\/#primaryimage"},"thumbnailUrl":"https:\/\/www.ucaldas.edu.co\/portal\/wp-content\/uploads\/2017\/05\/jon.jpg","datePublished":"2017-05-30T16:19:03+00:00","breadcrumb":{"@id":"https:\/\/www.ucaldas.edu.co\/portal\/u-de-caldas-realizo-jornadas-academicas-de-la-instalacion-del-instituto-colombiano-de-derecho-corporativo\/#breadcrumb"},"inLanguage":"es","potentialAction":[{"@type":"ReadAction","target":["https:\/\/www.ucaldas.edu.co\/portal\/u-de-caldas-realizo-jornadas-academicas-de-la-instalacion-del-instituto-colombiano-de-derecho-corporativo\/"]}]},{"@type":"ImageObject","inLanguage":"es","@id":"https:\/\/www.ucaldas.edu.co\/portal\/u-de-caldas-realizo-jornadas-academicas-de-la-instalacion-del-instituto-colombiano-de-derecho-corporativo\/#primaryimage","url":"https:\/\/www.ucaldas.edu.co\/portal\/wp-content\/uploads\/2017\/05\/jon.jpg","contentUrl":"https:\/\/www.ucaldas.edu.co\/portal\/wp-content\/uploads\/2017\/05\/jon.jpg"},{"@type":"BreadcrumbList","@id":"https:\/\/www.ucaldas.edu.co\/portal\/u-de-caldas-realizo-jornadas-academicas-de-la-instalacion-del-instituto-colombiano-de-derecho-corporativo\/#breadcrumb","itemListElement":[{"@type":"ListItem","position":1,"name":"Portada","item":"https:\/\/www.ucaldas.edu.co\/portal\/"},{"@type":"ListItem","position":2,"name":"U. de Caldas realiz\u00f3 jornadas acad\u00e9micas de la Instalaci\u00f3n del Instituto Colombiano de Derecho Corporativo"}]},{"@type":"WebSite","@id":"https:\/\/www.ucaldas.edu.co\/portal\/#website","url":"https:\/\/www.ucaldas.edu.co\/portal\/","name":"Universidad de Caldas","description":"","publisher":{"@id":"https:\/\/www.ucaldas.edu.co\/portal\/#organization"},"alternateName":"U. de Caldas","potentialAction":[{"@type":"SearchAction","target":{"@type":"EntryPoint","urlTemplate":"https:\/\/www.ucaldas.edu.co\/portal\/?s={search_term_string}"},"query-input":{"@type":"PropertyValueSpecification","valueRequired":true,"valueName":"search_term_string"}}],"inLanguage":"es"},{"@type":"Organization","@id":"https:\/\/www.ucaldas.edu.co\/portal\/#organization","name":"Universidad de Caldas","alternateName":"U. de Caldas","url":"https:\/\/www.ucaldas.edu.co\/portal\/","logo":{"@type":"ImageObject","inLanguage":"es","@id":"https:\/\/www.ucaldas.edu.co\/portal\/#\/schema\/logo\/image\/","url":"https:\/\/www.ucaldas.edu.co\/portal\/wp-content\/uploads\/2023\/11\/Logo_horizontal_oscuroU-2023.png","contentUrl":"https:\/\/www.ucaldas.edu.co\/portal\/wp-content\/uploads\/2023\/11\/Logo_horizontal_oscuroU-2023.png","width":263,"height":101,"caption":"Universidad de Caldas"},"image":{"@id":"https:\/\/www.ucaldas.edu.co\/portal\/#\/schema\/logo\/image\/"},"sameAs":["https:\/\/www.facebook.com\/udecaldas","https:\/\/x.com\/udecaldas","https:\/\/www.youtube.com\/universidadcaldas","https:\/\/www.instagram.com\/udecaldas\/"]},{"@type":"Person","@id":"https:\/\/www.ucaldas.edu.co\/portal\/#\/schema\/person\/a1b482e23449158b4bc319926c074fdf","name":"ofiprensa","image":{"@type":"ImageObject","inLanguage":"es","@id":"https:\/\/www.ucaldas.edu.co\/portal\/wp-content\/litespeed\/avatar\/09ea5085e600095a7a811142c6944527.jpg?ver=1777497608","url":"https:\/\/www.ucaldas.edu.co\/portal\/wp-content\/litespeed\/avatar\/09ea5085e600095a7a811142c6944527.jpg?ver=1777497608","contentUrl":"https:\/\/www.ucaldas.edu.co\/portal\/wp-content\/litespeed\/avatar\/09ea5085e600095a7a811142c6944527.jpg?ver=1777497608","caption":"ofiprensa"},"url":"https:\/\/www.ucaldas.edu.co\/portal\/author\/ofiprensa\/"}]}},"_links":{"self":[{"href":"https:\/\/www.ucaldas.edu.co\/portal\/wp-json\/wp\/v2\/posts\/35879","targetHints":{"allow":["GET"]}}],"collection":[{"href":"https:\/\/www.ucaldas.edu.co\/portal\/wp-json\/wp\/v2\/posts"}],"about":[{"href":"https:\/\/www.ucaldas.edu.co\/portal\/wp-json\/wp\/v2\/types\/post"}],"author":[{"embeddable":true,"href":"https:\/\/www.ucaldas.edu.co\/portal\/wp-json\/wp\/v2\/users\/2"}],"replies":[{"embeddable":true,"href":"https:\/\/www.ucaldas.edu.co\/portal\/wp-json\/wp\/v2\/comments?post=35879"}],"version-history":[{"count":0,"href":"https:\/\/www.ucaldas.edu.co\/portal\/wp-json\/wp\/v2\/posts\/35879\/revisions"}],"wp:attachment":[{"href":"https:\/\/www.ucaldas.edu.co\/portal\/wp-json\/wp\/v2\/media?parent=35879"}],"wp:term":[{"taxonomy":"category","embeddable":true,"href":"https:\/\/www.ucaldas.edu.co\/portal\/wp-json\/wp\/v2\/categories?post=35879"},{"taxonomy":"post_tag","embeddable":true,"href":"https:\/\/www.ucaldas.edu.co\/portal\/wp-json\/wp\/v2\/tags?post=35879"}],"curies":[{"name":"wp","href":"https:\/\/api.w.org\/{rel}","templated":true}]}}