{"id":35811,"date":"2017-05-24T14:58:11","date_gmt":"2017-05-24T19:58:11","guid":{"rendered":"https:\/\/www.ucaldas.edu.co\/portal\/?p=35811"},"modified":"2017-05-24T14:58:11","modified_gmt":"2017-05-24T19:58:11","slug":"oficina-de-egresados-culmino-toma-de-campus-u-de-caldas","status":"publish","type":"post","link":"https:\/\/www.ucaldas.edu.co\/portal\/oficina-de-egresados-culmino-toma-de-campus-u-de-caldas\/","title":{"rendered":"Oficina de Egresados culmin\u00f3 toma de campus U. de Caldas"},"content":{"rendered":"<p style=\"text-align: center;\">EN CAMPUS CENTRAL<\/p>\n<p style=\"text-align: center;\"><strong>Oficina de Egresados culmin\u00f3 toma de campus U. de Caldas<\/strong><\/p>\n<p style=\"text-align: right;\">24\/05\/2017<\/p>\n<p><img loading=\"lazy\" decoding=\"async\" class=\"alignnone size-full wp-image-35812 aligncenter\" src=\"https:\/\/www.ucaldas.edu.co\/portal\/wp-content\/uploads\/2017\/05\/egre.jpg\" alt=\"egre\" width=\"358\" height=\"283\" \/><\/p>\n<p>La <strong>Oficina de Egresados de la Universidad de Caldas genera procesos de comunicaci\u00f3n e informaci\u00f3n de manera permanente que visibilizan el devenir de dicha dependencia<\/strong>. Por eso se realiz\u00f3 una serie de recorridos por los distintos campus de la Instituci\u00f3n. La \u00faltima toma de campus tuvo lugar el pasado 23 de mayo del 2017 en el Campus Central de la Universidad.<\/p>\n<p><!--more--><\/p>\n<p>El <strong>prop\u00f3sito fue presentar los programas y procesos que se realizan en la Oficina de manera muy sint\u00e9tica con estudiantes, docentes y administrativos,<\/strong> para dar a conocer los convenios, beneficios y formas de participar como graduado en la construcci\u00f3n permanente de la U. de Caldas.<\/p>\n<p>&nbsp;<\/p>\n<p>Yorlady Medina G\u00f3mez<strong>, Directora de la Oficina de Egresados de la U. de Caldas, explic\u00f3<\/strong>: \u201cesta es una <strong>estrategia que busca divulgar los procesos\u00a0 los proyectos que viene haciendo la Oficina<\/strong>, entendiendo que dentro de\u00a0 la Universidad tenemos muchos egresados de los diversos programas\u201d.<\/p>\n<p>&nbsp;<\/p>\n<p>\u201c<strong>Desde la Oficina entendemos que la relaci\u00f3n con el egresado no se construye cuando es, sino cuando es estudiante<\/strong>. Por eso hemos definido estrategias muy importantes para hacer ese contacto con el estudiante, como lo son las jornadas de preparaci\u00f3n para\u00a0 la vida laboral y el encuentro de paso previo al grado\u201d.<\/p>\n<p>&nbsp;<\/p>\n<p><a href=\"https:\/\/www.facebook.com\/media\/set\/?set=a.1421809064547621.1073745440.107054166023124&amp;type=1&amp;l=fc2c87b23a\">Conozca im\u00e1genes de la Toma de Campus desde la Oficina de Egresados<\/a><\/p>\n<p>&nbsp;<\/p>\n<p><strong>Informes:<\/strong> en el correo electr\u00f3nico egresados@ucaldas.edu.co<\/p>\n<p><strong>Redacci\u00f3n:<\/strong> Margarita Laverde<\/p>\n<p>&nbsp;<\/p>\n","protected":false},"excerpt":{"rendered":"<p>EN CAMPUS CENTRAL Oficina de Egresados culmin\u00f3 toma de campus U. de Caldas 24\/05\/2017 La Oficina de Egresados de la Universidad de Caldas genera procesos de comunicaci\u00f3n e informaci\u00f3n de manera permanente que visibilizan el devenir de dicha dependencia. Por eso se realiz\u00f3 una serie de recorridos por los distintos campus de la Instituci\u00f3n. La [&hellip;]<\/p>\n","protected":false},"author":2,"featured_media":0,"comment_status":"closed","ping_status":"closed","sticky":false,"template":"","format":"standard","meta":{"footnotes":"","_members_access_role":[],"_members_access_error":""},"categories":[48,53,624],"tags":[95,177,654,882,883],"class_list":["post-35811","post","type-post","status-publish","format-standard","hentry","category-actualidad","category-universidad-al-dia","category-ucaldas-activa","tag-universidad-de-caldas","tag-egresados","tag-campus","tag-servicios","tag-toma-de-campus"],"yoast_head":"<!-- This site is optimized with the Yoast SEO plugin v28.3 - https:\/\/yoast.com\/product\/yoast-seo-wordpress\/ -->\n<title>Oficina de Egresados culmin\u00f3 toma de campus U. de Caldas .<\/title>\n<meta name=\"robots\" content=\"index, follow, max-snippet:-1, max-image-preview:large, max-video-preview:-1\" \/>\n<link rel=\"canonical\" href=\"https:\/\/www.ucaldas.edu.co\/portal\/oficina-de-egresados-culmino-toma-de-campus-u-de-caldas\/\" \/>\n<script type=\"application\/ld+json\" class=\"yoast-schema-graph\">{\"@context\":\"https:\\\/\\\/schema.org\",\"@graph\":[{\"@type\":\"Article\",\"@id\":\"https:\\\/\\\/www.ucaldas.edu.co\\\/portal\\\/oficina-de-egresados-culmino-toma-de-campus-u-de-caldas\\\/#article\",\"isPartOf\":{\"@id\":\"https:\\\/\\\/www.ucaldas.edu.co\\\/portal\\\/oficina-de-egresados-culmino-toma-de-campus-u-de-caldas\\\/\"},\"author\":{\"name\":\"ofiprensa\",\"@id\":\"https:\\\/\\\/www.ucaldas.edu.co\\\/portal\\\/#\\\/schema\\\/person\\\/a1b482e23449158b4bc319926c074fdf\"},\"headline\":\"Oficina de Egresados culmin\u00f3 toma de campus U. de Caldas\",\"datePublished\":\"2017-05-24T19:58:11+00:00\",\"mainEntityOfPage\":{\"@id\":\"https:\\\/\\\/www.ucaldas.edu.co\\\/portal\\\/oficina-de-egresados-culmino-toma-de-campus-u-de-caldas\\\/\"},\"wordCount\":264,\"publisher\":{\"@id\":\"https:\\\/\\\/www.ucaldas.edu.co\\\/portal\\\/#organization\"},\"image\":{\"@id\":\"https:\\\/\\\/www.ucaldas.edu.co\\\/portal\\\/oficina-de-egresados-culmino-toma-de-campus-u-de-caldas\\\/#primaryimage\"},\"thumbnailUrl\":\"https:\\\/\\\/www.ucaldas.edu.co\\\/portal\\\/wp-content\\\/uploads\\\/2017\\\/05\\\/egre.jpg\",\"keywords\":[\"Universidad De Caldas\",\"egresados\",\"campus\",\"servicios\",\"toma de campus\"],\"articleSection\":[\"Actualidad\",\"Universidad al D\u00eda\",\"UCaldas Activa\"],\"inLanguage\":\"es\"},{\"@type\":\"WebPage\",\"@id\":\"https:\\\/\\\/www.ucaldas.edu.co\\\/portal\\\/oficina-de-egresados-culmino-toma-de-campus-u-de-caldas\\\/\",\"url\":\"https:\\\/\\\/www.ucaldas.edu.co\\\/portal\\\/oficina-de-egresados-culmino-toma-de-campus-u-de-caldas\\\/\",\"name\":\"Oficina de Egresados culmin\u00f3 toma de campus U. de Caldas .\",\"isPartOf\":{\"@id\":\"https:\\\/\\\/www.ucaldas.edu.co\\\/portal\\\/#website\"},\"primaryImageOfPage\":{\"@id\":\"https:\\\/\\\/www.ucaldas.edu.co\\\/portal\\\/oficina-de-egresados-culmino-toma-de-campus-u-de-caldas\\\/#primaryimage\"},\"image\":{\"@id\":\"https:\\\/\\\/www.ucaldas.edu.co\\\/portal\\\/oficina-de-egresados-culmino-toma-de-campus-u-de-caldas\\\/#primaryimage\"},\"thumbnailUrl\":\"https:\\\/\\\/www.ucaldas.edu.co\\\/portal\\\/wp-content\\\/uploads\\\/2017\\\/05\\\/egre.jpg\",\"datePublished\":\"2017-05-24T19:58:11+00:00\",\"breadcrumb\":{\"@id\":\"https:\\\/\\\/www.ucaldas.edu.co\\\/portal\\\/oficina-de-egresados-culmino-toma-de-campus-u-de-caldas\\\/#breadcrumb\"},\"inLanguage\":\"es\",\"potentialAction\":[{\"@type\":\"ReadAction\",\"target\":[\"https:\\\/\\\/www.ucaldas.edu.co\\\/portal\\\/oficina-de-egresados-culmino-toma-de-campus-u-de-caldas\\\/\"]}]},{\"@type\":\"ImageObject\",\"inLanguage\":\"es\",\"@id\":\"https:\\\/\\\/www.ucaldas.edu.co\\\/portal\\\/oficina-de-egresados-culmino-toma-de-campus-u-de-caldas\\\/#primaryimage\",\"url\":\"https:\\\/\\\/www.ucaldas.edu.co\\\/portal\\\/wp-content\\\/uploads\\\/2017\\\/05\\\/egre.jpg\",\"contentUrl\":\"https:\\\/\\\/www.ucaldas.edu.co\\\/portal\\\/wp-content\\\/uploads\\\/2017\\\/05\\\/egre.jpg\"},{\"@type\":\"BreadcrumbList\",\"@id\":\"https:\\\/\\\/www.ucaldas.edu.co\\\/portal\\\/oficina-de-egresados-culmino-toma-de-campus-u-de-caldas\\\/#breadcrumb\",\"itemListElement\":[{\"@type\":\"ListItem\",\"position\":1,\"name\":\"Portada\",\"item\":\"https:\\\/\\\/www.ucaldas.edu.co\\\/portal\\\/\"},{\"@type\":\"ListItem\",\"position\":2,\"name\":\"Oficina de Egresados culmin\u00f3 toma de campus U. de Caldas\"}]},{\"@type\":\"WebSite\",\"@id\":\"https:\\\/\\\/www.ucaldas.edu.co\\\/portal\\\/#website\",\"url\":\"https:\\\/\\\/www.ucaldas.edu.co\\\/portal\\\/\",\"name\":\"Universidad de Caldas\",\"description\":\"\",\"publisher\":{\"@id\":\"https:\\\/\\\/www.ucaldas.edu.co\\\/portal\\\/#organization\"},\"alternateName\":\"U. de Caldas\",\"potentialAction\":[{\"@type\":\"SearchAction\",\"target\":{\"@type\":\"EntryPoint\",\"urlTemplate\":\"https:\\\/\\\/www.ucaldas.edu.co\\\/portal\\\/?s={search_term_string}\"},\"query-input\":{\"@type\":\"PropertyValueSpecification\",\"valueRequired\":true,\"valueName\":\"search_term_string\"}}],\"inLanguage\":\"es\"},{\"@type\":\"Organization\",\"@id\":\"https:\\\/\\\/www.ucaldas.edu.co\\\/portal\\\/#organization\",\"name\":\"Universidad de Caldas\",\"alternateName\":\"U. de Caldas\",\"url\":\"https:\\\/\\\/www.ucaldas.edu.co\\\/portal\\\/\",\"logo\":{\"@type\":\"ImageObject\",\"inLanguage\":\"es\",\"@id\":\"https:\\\/\\\/www.ucaldas.edu.co\\\/portal\\\/#\\\/schema\\\/logo\\\/image\\\/\",\"url\":\"https:\\\/\\\/www.ucaldas.edu.co\\\/portal\\\/wp-content\\\/uploads\\\/2023\\\/11\\\/Logo_horizontal_oscuroU-2023.png\",\"contentUrl\":\"https:\\\/\\\/www.ucaldas.edu.co\\\/portal\\\/wp-content\\\/uploads\\\/2023\\\/11\\\/Logo_horizontal_oscuroU-2023.png\",\"width\":263,\"height\":101,\"caption\":\"Universidad de Caldas\"},\"image\":{\"@id\":\"https:\\\/\\\/www.ucaldas.edu.co\\\/portal\\\/#\\\/schema\\\/logo\\\/image\\\/\"},\"sameAs\":[\"https:\\\/\\\/www.facebook.com\\\/udecaldas\",\"https:\\\/\\\/x.com\\\/udecaldas\",\"https:\\\/\\\/www.youtube.com\\\/universidadcaldas\",\"https:\\\/\\\/www.instagram.com\\\/udecaldas\\\/\"]},{\"@type\":\"Person\",\"@id\":\"https:\\\/\\\/www.ucaldas.edu.co\\\/portal\\\/#\\\/schema\\\/person\\\/a1b482e23449158b4bc319926c074fdf\",\"name\":\"ofiprensa\",\"image\":{\"@type\":\"ImageObject\",\"inLanguage\":\"es\",\"@id\":\"https:\\\/\\\/www.ucaldas.edu.co\\\/portal\\\/wp-content\\\/litespeed\\\/avatar\\\/09ea5085e600095a7a811142c6944527.jpg?ver=1787779368\",\"url\":\"https:\\\/\\\/www.ucaldas.edu.co\\\/portal\\\/wp-content\\\/litespeed\\\/avatar\\\/09ea5085e600095a7a811142c6944527.jpg?ver=1787779368\",\"contentUrl\":\"https:\\\/\\\/www.ucaldas.edu.co\\\/portal\\\/wp-content\\\/litespeed\\\/avatar\\\/09ea5085e600095a7a811142c6944527.jpg?ver=1787779368\",\"caption\":\"ofiprensa\"},\"url\":\"https:\\\/\\\/www.ucaldas.edu.co\\\/portal\\\/author\\\/ofiprensa\\\/\"}]}<\/script>\n<!-- \/ Yoast SEO plugin. -->","yoast_head_json":{"title":"Oficina de Egresados culmin\u00f3 toma de campus U. de Caldas .","robots":{"index":"index","follow":"follow","max-snippet":"max-snippet:-1","max-image-preview":"max-image-preview:large","max-video-preview":"max-video-preview:-1"},"canonical":"https:\/\/www.ucaldas.edu.co\/portal\/oficina-de-egresados-culmino-toma-de-campus-u-de-caldas\/","schema":{"@context":"https:\/\/schema.org","@graph":[{"@type":"Article","@id":"https:\/\/www.ucaldas.edu.co\/portal\/oficina-de-egresados-culmino-toma-de-campus-u-de-caldas\/#article","isPartOf":{"@id":"https:\/\/www.ucaldas.edu.co\/portal\/oficina-de-egresados-culmino-toma-de-campus-u-de-caldas\/"},"author":{"name":"ofiprensa","@id":"https:\/\/www.ucaldas.edu.co\/portal\/#\/schema\/person\/a1b482e23449158b4bc319926c074fdf"},"headline":"Oficina de Egresados culmin\u00f3 toma de campus U. de Caldas","datePublished":"2017-05-24T19:58:11+00:00","mainEntityOfPage":{"@id":"https:\/\/www.ucaldas.edu.co\/portal\/oficina-de-egresados-culmino-toma-de-campus-u-de-caldas\/"},"wordCount":264,"publisher":{"@id":"https:\/\/www.ucaldas.edu.co\/portal\/#organization"},"image":{"@id":"https:\/\/www.ucaldas.edu.co\/portal\/oficina-de-egresados-culmino-toma-de-campus-u-de-caldas\/#primaryimage"},"thumbnailUrl":"https:\/\/www.ucaldas.edu.co\/portal\/wp-content\/uploads\/2017\/05\/egre.jpg","keywords":["Universidad De Caldas","egresados","campus","servicios","toma de campus"],"articleSection":["Actualidad","Universidad al D\u00eda","UCaldas Activa"],"inLanguage":"es"},{"@type":"WebPage","@id":"https:\/\/www.ucaldas.edu.co\/portal\/oficina-de-egresados-culmino-toma-de-campus-u-de-caldas\/","url":"https:\/\/www.ucaldas.edu.co\/portal\/oficina-de-egresados-culmino-toma-de-campus-u-de-caldas\/","name":"Oficina de Egresados culmin\u00f3 toma de campus U. de Caldas .","isPartOf":{"@id":"https:\/\/www.ucaldas.edu.co\/portal\/#website"},"primaryImageOfPage":{"@id":"https:\/\/www.ucaldas.edu.co\/portal\/oficina-de-egresados-culmino-toma-de-campus-u-de-caldas\/#primaryimage"},"image":{"@id":"https:\/\/www.ucaldas.edu.co\/portal\/oficina-de-egresados-culmino-toma-de-campus-u-de-caldas\/#primaryimage"},"thumbnailUrl":"https:\/\/www.ucaldas.edu.co\/portal\/wp-content\/uploads\/2017\/05\/egre.jpg","datePublished":"2017-05-24T19:58:11+00:00","breadcrumb":{"@id":"https:\/\/www.ucaldas.edu.co\/portal\/oficina-de-egresados-culmino-toma-de-campus-u-de-caldas\/#breadcrumb"},"inLanguage":"es","potentialAction":[{"@type":"ReadAction","target":["https:\/\/www.ucaldas.edu.co\/portal\/oficina-de-egresados-culmino-toma-de-campus-u-de-caldas\/"]}]},{"@type":"ImageObject","inLanguage":"es","@id":"https:\/\/www.ucaldas.edu.co\/portal\/oficina-de-egresados-culmino-toma-de-campus-u-de-caldas\/#primaryimage","url":"https:\/\/www.ucaldas.edu.co\/portal\/wp-content\/uploads\/2017\/05\/egre.jpg","contentUrl":"https:\/\/www.ucaldas.edu.co\/portal\/wp-content\/uploads\/2017\/05\/egre.jpg"},{"@type":"BreadcrumbList","@id":"https:\/\/www.ucaldas.edu.co\/portal\/oficina-de-egresados-culmino-toma-de-campus-u-de-caldas\/#breadcrumb","itemListElement":[{"@type":"ListItem","position":1,"name":"Portada","item":"https:\/\/www.ucaldas.edu.co\/portal\/"},{"@type":"ListItem","position":2,"name":"Oficina de Egresados culmin\u00f3 toma de campus U. de Caldas"}]},{"@type":"WebSite","@id":"https:\/\/www.ucaldas.edu.co\/portal\/#website","url":"https:\/\/www.ucaldas.edu.co\/portal\/","name":"Universidad de Caldas","description":"","publisher":{"@id":"https:\/\/www.ucaldas.edu.co\/portal\/#organization"},"alternateName":"U. de Caldas","potentialAction":[{"@type":"SearchAction","target":{"@type":"EntryPoint","urlTemplate":"https:\/\/www.ucaldas.edu.co\/portal\/?s={search_term_string}"},"query-input":{"@type":"PropertyValueSpecification","valueRequired":true,"valueName":"search_term_string"}}],"inLanguage":"es"},{"@type":"Organization","@id":"https:\/\/www.ucaldas.edu.co\/portal\/#organization","name":"Universidad de Caldas","alternateName":"U. de Caldas","url":"https:\/\/www.ucaldas.edu.co\/portal\/","logo":{"@type":"ImageObject","inLanguage":"es","@id":"https:\/\/www.ucaldas.edu.co\/portal\/#\/schema\/logo\/image\/","url":"https:\/\/www.ucaldas.edu.co\/portal\/wp-content\/uploads\/2023\/11\/Logo_horizontal_oscuroU-2023.png","contentUrl":"https:\/\/www.ucaldas.edu.co\/portal\/wp-content\/uploads\/2023\/11\/Logo_horizontal_oscuroU-2023.png","width":263,"height":101,"caption":"Universidad de Caldas"},"image":{"@id":"https:\/\/www.ucaldas.edu.co\/portal\/#\/schema\/logo\/image\/"},"sameAs":["https:\/\/www.facebook.com\/udecaldas","https:\/\/x.com\/udecaldas","https:\/\/www.youtube.com\/universidadcaldas","https:\/\/www.instagram.com\/udecaldas\/"]},{"@type":"Person","@id":"https:\/\/www.ucaldas.edu.co\/portal\/#\/schema\/person\/a1b482e23449158b4bc319926c074fdf","name":"ofiprensa","image":{"@type":"ImageObject","inLanguage":"es","@id":"https:\/\/www.ucaldas.edu.co\/portal\/wp-content\/litespeed\/avatar\/09ea5085e600095a7a811142c6944527.jpg?ver=1787779368","url":"https:\/\/www.ucaldas.edu.co\/portal\/wp-content\/litespeed\/avatar\/09ea5085e600095a7a811142c6944527.jpg?ver=1787779368","contentUrl":"https:\/\/www.ucaldas.edu.co\/portal\/wp-content\/litespeed\/avatar\/09ea5085e600095a7a811142c6944527.jpg?ver=1787779368","caption":"ofiprensa"},"url":"https:\/\/www.ucaldas.edu.co\/portal\/author\/ofiprensa\/"}]}},"_links":{"self":[{"href":"https:\/\/www.ucaldas.edu.co\/portal\/wp-json\/wp\/v2\/posts\/35811","targetHints":{"allow":["GET"]}}],"collection":[{"href":"https:\/\/www.ucaldas.edu.co\/portal\/wp-json\/wp\/v2\/posts"}],"about":[{"href":"https:\/\/www.ucaldas.edu.co\/portal\/wp-json\/wp\/v2\/types\/post"}],"author":[{"embeddable":true,"href":"https:\/\/www.ucaldas.edu.co\/portal\/wp-json\/wp\/v2\/users\/2"}],"replies":[{"embeddable":true,"href":"https:\/\/www.ucaldas.edu.co\/portal\/wp-json\/wp\/v2\/comments?post=35811"}],"version-history":[{"count":0,"href":"https:\/\/www.ucaldas.edu.co\/portal\/wp-json\/wp\/v2\/posts\/35811\/revisions"}],"wp:attachment":[{"href":"https:\/\/www.ucaldas.edu.co\/portal\/wp-json\/wp\/v2\/media?parent=35811"}],"wp:term":[{"taxonomy":"category","embeddable":true,"href":"https:\/\/www.ucaldas.edu.co\/portal\/wp-json\/wp\/v2\/categories?post=35811"},{"taxonomy":"post_tag","embeddable":true,"href":"https:\/\/www.ucaldas.edu.co\/portal\/wp-json\/wp\/v2\/tags?post=35811"}],"curies":[{"name":"wp","href":"https:\/\/api.w.org\/{rel}","templated":true}]}}