{"id":35766,"date":"2017-05-22T12:48:51","date_gmt":"2017-05-22T17:48:51","guid":{"rendered":"https:\/\/www.ucaldas.edu.co\/portal\/?p=35766"},"modified":"2017-05-22T12:48:51","modified_gmt":"2017-05-22T17:48:51","slug":"jornadas-academicas-de-la-instalacion-del-instituto-colombiano-de-derecho-corporativo-may-26","status":"publish","type":"post","link":"https:\/\/www.ucaldas.edu.co\/portal\/jornadas-academicas-de-la-instalacion-del-instituto-colombiano-de-derecho-corporativo-may-26\/","title":{"rendered":"Jornadas acad\u00e9micas de la Instalaci\u00f3n del Instituto Colombiano de Derecho Corporativo &#8211; may 26"},"content":{"rendered":"<p><strong>Jornadas acad\u00e9micas de la Instalaci\u00f3n del Instituto Colombiano de Derecho Corporativo &#8211; may 26<\/strong><\/p>\n<p><strong>Descripci\u00f3n: <\/strong>invitaci\u00f3n del Programa de Derecho de la U. de Caldas.<\/p>\n<p><strong>Fecha:<\/strong> viernes 26 de mayo del 2017.<\/p>\n<p><strong>Hora:<\/strong> desde las 8:00 a.m.<\/p>\n<p><strong>Lugar:<\/strong> Auditorio Tulio G\u00f3mez Estrada, Campus Palogrande U. de Caldas.<\/p>\n<p><a href=\"https:\/\/www.ucaldas.edu.co\/portal\/wp-content\/uploads\/2017\/05\/programjor.jpg\">Conozca la programaci\u00f3n de las Jornadas acad\u00e9micas de la Instalaci\u00f3n del Instituto Colombiano de Derecho Corporativo<\/a><\/p>\n<p><strong>Informes: <\/strong>Programa de Derecho U. de Caldas, tel\u00e9fono 886 27 20 extensi\u00f3n 21 120.<\/p>\n<p>&nbsp;<\/p>\n","protected":false},"excerpt":{"rendered":"<p>Jornadas acad\u00e9micas de la Instalaci\u00f3n del Instituto Colombiano de Derecho Corporativo &#8211; may 26 Descripci\u00f3n: invitaci\u00f3n del Programa de Derecho de la U. de Caldas. Fecha: viernes 26 de mayo del 2017. Hora: desde las 8:00 a.m. Lugar: Auditorio Tulio G\u00f3mez Estrada, Campus Palogrande U. de Caldas. Conozca la programaci\u00f3n de las Jornadas acad\u00e9micas de [&hellip;]<\/p>\n","protected":false},"author":2,"featured_media":0,"comment_status":"closed","ping_status":"closed","sticky":false,"template":"","format":"standard","meta":{"footnotes":""},"categories":[62],"tags":[149,777,868],"class_list":["post-35766","post","type-post","status-publish","format-standard","hentry","category-eventos","tag-derecho","tag-jornadas","tag-instituto-colombiano-de-derecho-corporativo"],"yoast_head":"<!-- This site is optimized with the Yoast SEO plugin v27.5 - https:\/\/yoast.com\/product\/yoast-seo-wordpress\/ -->\n<title>Jornadas acad\u00e9micas de la Instalaci\u00f3n del Instituto Colombiano de Derecho Corporativo - may 26 .<\/title>\n<meta name=\"robots\" content=\"index, follow, max-snippet:-1, max-image-preview:large, max-video-preview:-1\" \/>\n<link rel=\"canonical\" href=\"https:\/\/www.ucaldas.edu.co\/portal\/jornadas-academicas-de-la-instalacion-del-instituto-colombiano-de-derecho-corporativo-may-26\/\" \/>\n<script type=\"application\/ld+json\" class=\"yoast-schema-graph\">{\"@context\":\"https:\\\/\\\/schema.org\",\"@graph\":[{\"@type\":\"Article\",\"@id\":\"https:\\\/\\\/www.ucaldas.edu.co\\\/portal\\\/jornadas-academicas-de-la-instalacion-del-instituto-colombiano-de-derecho-corporativo-may-26\\\/#article\",\"isPartOf\":{\"@id\":\"https:\\\/\\\/www.ucaldas.edu.co\\\/portal\\\/jornadas-academicas-de-la-instalacion-del-instituto-colombiano-de-derecho-corporativo-may-26\\\/\"},\"author\":{\"name\":\"ofiprensa\",\"@id\":\"https:\\\/\\\/www.ucaldas.edu.co\\\/portal\\\/#\\\/schema\\\/person\\\/a1b482e23449158b4bc319926c074fdf\"},\"headline\":\"Jornadas acad\u00e9micas de la Instalaci\u00f3n del Instituto Colombiano de Derecho Corporativo &#8211; may 26\",\"datePublished\":\"2017-05-22T17:48:51+00:00\",\"mainEntityOfPage\":{\"@id\":\"https:\\\/\\\/www.ucaldas.edu.co\\\/portal\\\/jornadas-academicas-de-la-instalacion-del-instituto-colombiano-de-derecho-corporativo-may-26\\\/\"},\"wordCount\":95,\"publisher\":{\"@id\":\"https:\\\/\\\/www.ucaldas.edu.co\\\/portal\\\/#organization\"},\"keywords\":[\"derecho\",\"jornadas\",\"Instituto Colombiano de Derecho Corporativo\"],\"articleSection\":[\"Eventos\"],\"inLanguage\":\"es\"},{\"@type\":\"WebPage\",\"@id\":\"https:\\\/\\\/www.ucaldas.edu.co\\\/portal\\\/jornadas-academicas-de-la-instalacion-del-instituto-colombiano-de-derecho-corporativo-may-26\\\/\",\"url\":\"https:\\\/\\\/www.ucaldas.edu.co\\\/portal\\\/jornadas-academicas-de-la-instalacion-del-instituto-colombiano-de-derecho-corporativo-may-26\\\/\",\"name\":\"Jornadas acad\u00e9micas de la Instalaci\u00f3n del Instituto Colombiano de Derecho Corporativo - may 26 .\",\"isPartOf\":{\"@id\":\"https:\\\/\\\/www.ucaldas.edu.co\\\/portal\\\/#website\"},\"datePublished\":\"2017-05-22T17:48:51+00:00\",\"breadcrumb\":{\"@id\":\"https:\\\/\\\/www.ucaldas.edu.co\\\/portal\\\/jornadas-academicas-de-la-instalacion-del-instituto-colombiano-de-derecho-corporativo-may-26\\\/#breadcrumb\"},\"inLanguage\":\"es\",\"potentialAction\":[{\"@type\":\"ReadAction\",\"target\":[\"https:\\\/\\\/www.ucaldas.edu.co\\\/portal\\\/jornadas-academicas-de-la-instalacion-del-instituto-colombiano-de-derecho-corporativo-may-26\\\/\"]}]},{\"@type\":\"BreadcrumbList\",\"@id\":\"https:\\\/\\\/www.ucaldas.edu.co\\\/portal\\\/jornadas-academicas-de-la-instalacion-del-instituto-colombiano-de-derecho-corporativo-may-26\\\/#breadcrumb\",\"itemListElement\":[{\"@type\":\"ListItem\",\"position\":1,\"name\":\"Portada\",\"item\":\"https:\\\/\\\/www.ucaldas.edu.co\\\/portal\\\/\"},{\"@type\":\"ListItem\",\"position\":2,\"name\":\"Jornadas acad\u00e9micas de la Instalaci\u00f3n del Instituto Colombiano de Derecho Corporativo &#8211; may 26\"}]},{\"@type\":\"WebSite\",\"@id\":\"https:\\\/\\\/www.ucaldas.edu.co\\\/portal\\\/#website\",\"url\":\"https:\\\/\\\/www.ucaldas.edu.co\\\/portal\\\/\",\"name\":\"Universidad de Caldas\",\"description\":\"\",\"publisher\":{\"@id\":\"https:\\\/\\\/www.ucaldas.edu.co\\\/portal\\\/#organization\"},\"alternateName\":\"U. de Caldas\",\"potentialAction\":[{\"@type\":\"SearchAction\",\"target\":{\"@type\":\"EntryPoint\",\"urlTemplate\":\"https:\\\/\\\/www.ucaldas.edu.co\\\/portal\\\/?s={search_term_string}\"},\"query-input\":{\"@type\":\"PropertyValueSpecification\",\"valueRequired\":true,\"valueName\":\"search_term_string\"}}],\"inLanguage\":\"es\"},{\"@type\":\"Organization\",\"@id\":\"https:\\\/\\\/www.ucaldas.edu.co\\\/portal\\\/#organization\",\"name\":\"Universidad de Caldas\",\"alternateName\":\"U. de Caldas\",\"url\":\"https:\\\/\\\/www.ucaldas.edu.co\\\/portal\\\/\",\"logo\":{\"@type\":\"ImageObject\",\"inLanguage\":\"es\",\"@id\":\"https:\\\/\\\/www.ucaldas.edu.co\\\/portal\\\/#\\\/schema\\\/logo\\\/image\\\/\",\"url\":\"https:\\\/\\\/www.ucaldas.edu.co\\\/portal\\\/wp-content\\\/uploads\\\/2023\\\/11\\\/Logo_horizontal_oscuroU-2023.png\",\"contentUrl\":\"https:\\\/\\\/www.ucaldas.edu.co\\\/portal\\\/wp-content\\\/uploads\\\/2023\\\/11\\\/Logo_horizontal_oscuroU-2023.png\",\"width\":263,\"height\":101,\"caption\":\"Universidad de Caldas\"},\"image\":{\"@id\":\"https:\\\/\\\/www.ucaldas.edu.co\\\/portal\\\/#\\\/schema\\\/logo\\\/image\\\/\"},\"sameAs\":[\"https:\\\/\\\/www.facebook.com\\\/udecaldas\",\"https:\\\/\\\/x.com\\\/udecaldas\",\"https:\\\/\\\/www.youtube.com\\\/universidadcaldas\",\"https:\\\/\\\/www.instagram.com\\\/udecaldas\\\/\"]},{\"@type\":\"Person\",\"@id\":\"https:\\\/\\\/www.ucaldas.edu.co\\\/portal\\\/#\\\/schema\\\/person\\\/a1b482e23449158b4bc319926c074fdf\",\"name\":\"ofiprensa\",\"image\":{\"@type\":\"ImageObject\",\"inLanguage\":\"es\",\"@id\":\"https:\\\/\\\/www.ucaldas.edu.co\\\/portal\\\/wp-content\\\/litespeed\\\/avatar\\\/09ea5085e600095a7a811142c6944527.jpg?ver=1777497608\",\"url\":\"https:\\\/\\\/www.ucaldas.edu.co\\\/portal\\\/wp-content\\\/litespeed\\\/avatar\\\/09ea5085e600095a7a811142c6944527.jpg?ver=1777497608\",\"contentUrl\":\"https:\\\/\\\/www.ucaldas.edu.co\\\/portal\\\/wp-content\\\/litespeed\\\/avatar\\\/09ea5085e600095a7a811142c6944527.jpg?ver=1777497608\",\"caption\":\"ofiprensa\"},\"url\":\"https:\\\/\\\/www.ucaldas.edu.co\\\/portal\\\/author\\\/ofiprensa\\\/\"}]}<\/script>\n<!-- \/ Yoast SEO plugin. -->","yoast_head_json":{"title":"Jornadas acad\u00e9micas de la Instalaci\u00f3n del Instituto Colombiano de Derecho Corporativo - may 26 .","robots":{"index":"index","follow":"follow","max-snippet":"max-snippet:-1","max-image-preview":"max-image-preview:large","max-video-preview":"max-video-preview:-1"},"canonical":"https:\/\/www.ucaldas.edu.co\/portal\/jornadas-academicas-de-la-instalacion-del-instituto-colombiano-de-derecho-corporativo-may-26\/","schema":{"@context":"https:\/\/schema.org","@graph":[{"@type":"Article","@id":"https:\/\/www.ucaldas.edu.co\/portal\/jornadas-academicas-de-la-instalacion-del-instituto-colombiano-de-derecho-corporativo-may-26\/#article","isPartOf":{"@id":"https:\/\/www.ucaldas.edu.co\/portal\/jornadas-academicas-de-la-instalacion-del-instituto-colombiano-de-derecho-corporativo-may-26\/"},"author":{"name":"ofiprensa","@id":"https:\/\/www.ucaldas.edu.co\/portal\/#\/schema\/person\/a1b482e23449158b4bc319926c074fdf"},"headline":"Jornadas acad\u00e9micas de la Instalaci\u00f3n del Instituto Colombiano de Derecho Corporativo &#8211; may 26","datePublished":"2017-05-22T17:48:51+00:00","mainEntityOfPage":{"@id":"https:\/\/www.ucaldas.edu.co\/portal\/jornadas-academicas-de-la-instalacion-del-instituto-colombiano-de-derecho-corporativo-may-26\/"},"wordCount":95,"publisher":{"@id":"https:\/\/www.ucaldas.edu.co\/portal\/#organization"},"keywords":["derecho","jornadas","Instituto Colombiano de Derecho Corporativo"],"articleSection":["Eventos"],"inLanguage":"es"},{"@type":"WebPage","@id":"https:\/\/www.ucaldas.edu.co\/portal\/jornadas-academicas-de-la-instalacion-del-instituto-colombiano-de-derecho-corporativo-may-26\/","url":"https:\/\/www.ucaldas.edu.co\/portal\/jornadas-academicas-de-la-instalacion-del-instituto-colombiano-de-derecho-corporativo-may-26\/","name":"Jornadas acad\u00e9micas de la Instalaci\u00f3n del Instituto Colombiano de Derecho Corporativo - may 26 .","isPartOf":{"@id":"https:\/\/www.ucaldas.edu.co\/portal\/#website"},"datePublished":"2017-05-22T17:48:51+00:00","breadcrumb":{"@id":"https:\/\/www.ucaldas.edu.co\/portal\/jornadas-academicas-de-la-instalacion-del-instituto-colombiano-de-derecho-corporativo-may-26\/#breadcrumb"},"inLanguage":"es","potentialAction":[{"@type":"ReadAction","target":["https:\/\/www.ucaldas.edu.co\/portal\/jornadas-academicas-de-la-instalacion-del-instituto-colombiano-de-derecho-corporativo-may-26\/"]}]},{"@type":"BreadcrumbList","@id":"https:\/\/www.ucaldas.edu.co\/portal\/jornadas-academicas-de-la-instalacion-del-instituto-colombiano-de-derecho-corporativo-may-26\/#breadcrumb","itemListElement":[{"@type":"ListItem","position":1,"name":"Portada","item":"https:\/\/www.ucaldas.edu.co\/portal\/"},{"@type":"ListItem","position":2,"name":"Jornadas acad\u00e9micas de la Instalaci\u00f3n del Instituto Colombiano de Derecho Corporativo &#8211; may 26"}]},{"@type":"WebSite","@id":"https:\/\/www.ucaldas.edu.co\/portal\/#website","url":"https:\/\/www.ucaldas.edu.co\/portal\/","name":"Universidad de Caldas","description":"","publisher":{"@id":"https:\/\/www.ucaldas.edu.co\/portal\/#organization"},"alternateName":"U. de Caldas","potentialAction":[{"@type":"SearchAction","target":{"@type":"EntryPoint","urlTemplate":"https:\/\/www.ucaldas.edu.co\/portal\/?s={search_term_string}"},"query-input":{"@type":"PropertyValueSpecification","valueRequired":true,"valueName":"search_term_string"}}],"inLanguage":"es"},{"@type":"Organization","@id":"https:\/\/www.ucaldas.edu.co\/portal\/#organization","name":"Universidad de Caldas","alternateName":"U. de Caldas","url":"https:\/\/www.ucaldas.edu.co\/portal\/","logo":{"@type":"ImageObject","inLanguage":"es","@id":"https:\/\/www.ucaldas.edu.co\/portal\/#\/schema\/logo\/image\/","url":"https:\/\/www.ucaldas.edu.co\/portal\/wp-content\/uploads\/2023\/11\/Logo_horizontal_oscuroU-2023.png","contentUrl":"https:\/\/www.ucaldas.edu.co\/portal\/wp-content\/uploads\/2023\/11\/Logo_horizontal_oscuroU-2023.png","width":263,"height":101,"caption":"Universidad de Caldas"},"image":{"@id":"https:\/\/www.ucaldas.edu.co\/portal\/#\/schema\/logo\/image\/"},"sameAs":["https:\/\/www.facebook.com\/udecaldas","https:\/\/x.com\/udecaldas","https:\/\/www.youtube.com\/universidadcaldas","https:\/\/www.instagram.com\/udecaldas\/"]},{"@type":"Person","@id":"https:\/\/www.ucaldas.edu.co\/portal\/#\/schema\/person\/a1b482e23449158b4bc319926c074fdf","name":"ofiprensa","image":{"@type":"ImageObject","inLanguage":"es","@id":"https:\/\/www.ucaldas.edu.co\/portal\/wp-content\/litespeed\/avatar\/09ea5085e600095a7a811142c6944527.jpg?ver=1777497608","url":"https:\/\/www.ucaldas.edu.co\/portal\/wp-content\/litespeed\/avatar\/09ea5085e600095a7a811142c6944527.jpg?ver=1777497608","contentUrl":"https:\/\/www.ucaldas.edu.co\/portal\/wp-content\/litespeed\/avatar\/09ea5085e600095a7a811142c6944527.jpg?ver=1777497608","caption":"ofiprensa"},"url":"https:\/\/www.ucaldas.edu.co\/portal\/author\/ofiprensa\/"}]}},"_links":{"self":[{"href":"https:\/\/www.ucaldas.edu.co\/portal\/wp-json\/wp\/v2\/posts\/35766","targetHints":{"allow":["GET"]}}],"collection":[{"href":"https:\/\/www.ucaldas.edu.co\/portal\/wp-json\/wp\/v2\/posts"}],"about":[{"href":"https:\/\/www.ucaldas.edu.co\/portal\/wp-json\/wp\/v2\/types\/post"}],"author":[{"embeddable":true,"href":"https:\/\/www.ucaldas.edu.co\/portal\/wp-json\/wp\/v2\/users\/2"}],"replies":[{"embeddable":true,"href":"https:\/\/www.ucaldas.edu.co\/portal\/wp-json\/wp\/v2\/comments?post=35766"}],"version-history":[{"count":0,"href":"https:\/\/www.ucaldas.edu.co\/portal\/wp-json\/wp\/v2\/posts\/35766\/revisions"}],"wp:attachment":[{"href":"https:\/\/www.ucaldas.edu.co\/portal\/wp-json\/wp\/v2\/media?parent=35766"}],"wp:term":[{"taxonomy":"category","embeddable":true,"href":"https:\/\/www.ucaldas.edu.co\/portal\/wp-json\/wp\/v2\/categories?post=35766"},{"taxonomy":"post_tag","embeddable":true,"href":"https:\/\/www.ucaldas.edu.co\/portal\/wp-json\/wp\/v2\/tags?post=35766"}],"curies":[{"name":"wp","href":"https:\/\/api.w.org\/{rel}","templated":true}]}}