{"id":35648,"date":"2017-05-16T17:36:56","date_gmt":"2017-05-16T22:36:56","guid":{"rendered":"https:\/\/www.ucaldas.edu.co\/portal\/?p=35648"},"modified":"2017-05-16T17:36:56","modified_gmt":"2017-05-16T22:36:56","slug":"u-de-caldas-presento-16o-festival-internacional-de-la-imagen-isea2017-en-bogota","status":"publish","type":"post","link":"https:\/\/www.ucaldas.edu.co\/portal\/u-de-caldas-presento-16o-festival-internacional-de-la-imagen-isea2017-en-bogota\/","title":{"rendered":"U. de Caldas present\u00f3 16\u00ba Festival Internacional de la Imagen &#8211; ISEA2017 en Bogot\u00e1"},"content":{"rendered":"<p style=\"text-align: center;\"><strong>SE REALIZ\u00d3 EN LA RESIDENCIA DEL EMBAJADOR DE FRANCIA<\/strong><\/p>\n<p style=\"text-align: center;\"><strong>\u00a0U.\u00a0<\/strong><strong>de Caldas present\u00f3 16\u00ba Festival Internacional de la Imagen &#8211; ISEA2017 en Bogot\u00e1<\/strong><\/p>\n<p style=\"text-align: right;\">16\/05\/2017<\/p>\n<p style=\"text-align: center;\"><img loading=\"lazy\" decoding=\"async\" class=\"alignnone size-full wp-image-35649\" src=\"https:\/\/www.ucaldas.edu.co\/portal\/wp-content\/uploads\/2017\/05\/Lanzamiento-ISEA.jpg\" alt=\"Lanzamiento ISEA\" width=\"378\" height=\"299\" \/><\/p>\n<p>La <strong>Universidad de Caldas<\/strong> realiz\u00f3 hoy 16 de mayo en Bogot\u00e1 el <strong>lanzamiento ante medios de <a href=\"http:\/\/isea2017.isea-international.org\/\">ISEA 2017<\/a>, el simposio internacional de arte electr\u00f3nico m\u00e1s destacado del mundo<\/strong>, que este a\u00f1o tendr\u00e1 como sede a Manizales desde el pr\u00f3ximo 11 de junio, acogido por el <strong><a href=\"http:\/\/www.festivaldelaimagen.com\/es\/\">16\u00ba Festival Internacional de la Imagen<\/a><\/strong>.<\/p>\n<p><!--more--><\/p>\n<p>El evento se llev\u00f3 a cabo en la residencia del Embajador de Francia en Colombia, <strong>gracias a la vinculaci\u00f3n de este pa\u00eds europeo como invitado de honor a ISEA 2017, en el marco del a\u00f1o <a href=\"http:\/\/www.colombiafrancia2017.com\/\">Colombia-Francia<\/a>,<\/strong> programa de car\u00e1cter binacional cuyo objetivo es potenciar y diversificar las relaciones entre ambos pa\u00edses, abrir nuevos \u00e1mbitos de cooperaci\u00f3n, y visibilizar las fortalezas de cada naci\u00f3n.<\/p>\n<p>\u00abEl hecho de que esta rueda de prensa se haya hecho all\u00ed es especialmente significativo porque <strong>es ese reconocimiento de la labor que viene realizando la universidad con el objeto de internacionalizar su conocimiento<\/strong>, a trav\u00e9s de eventos especiales\u00bb, afirm\u00f3 <strong>Felipe C\u00e9sar Londo\u00f1o L\u00f3pez, Rector de la Universidad de Caldas.<\/strong><\/p>\n<p><img loading=\"lazy\" decoding=\"async\" class=\"alignnone size-full wp-image-35653 aligncenter\" src=\"https:\/\/www.ucaldas.edu.co\/portal\/wp-content\/uploads\/2017\/05\/IMG-20170516-WA0022.jpg\" alt=\"IMG-20170516-WA0022\" width=\"392\" height=\"234\" \/><\/p>\n<p>Agreg\u00f3 que es la<strong> primera vez Manizales y Colombia van a recibir un evento de estas caracter\u00edsticas,<\/strong> porque re\u00fane a una red importante de investigadores, universidades e instituciones que trabajan sobre <strong>c\u00f3mo desde la ciencia y el arte se pueden buscar soluciones a problemas vinculados con el medio ambiente, la paz<\/strong>, entre otros temas de relevancia para la sociedad.<\/p>\n<p>Uno de los invitados al lanzamiento fue <strong>Andr\u00e9s Burbano, profesor de la Facultad de Arquitectura y Dise\u00f1o de la Universidad de los Andes, director acad\u00e9mico de ISEA 2017<\/strong>, quien destac\u00f3 la importancia de los panelistas e invitados.<\/p>\n<p>\u00abCreo que vamos a recibir alrededor de unos 400 invitados internacionales, en la parte acad\u00e9mica unas 200 personas que vienen de universidades de unos 30 pa\u00edses. Se hizo una convocatoria a nivel mundial que la gente respeta mucho y que esperan para inscribirse. <strong>La calidad va a ser muy buena y el 60% del evento es de acceso libre y abierto<\/strong>\u00ab, anot\u00f3.<\/p>\n<p><img loading=\"lazy\" decoding=\"async\" class=\"alignnone size-full wp-image-35652 aligncenter\" src=\"https:\/\/www.ucaldas.edu.co\/portal\/wp-content\/uploads\/2017\/05\/2.jpg\" alt=\"2\" width=\"379\" height=\"258\" \/><\/p>\n<p>Entre los invitados de Francia, el Rector de la Universidad de Caldas destac\u00f3 la presencia de varios de ellos por su recorrido intelectual en diversos campos.<\/p>\n<p>\u00abViene por ejemplo <strong>Michel Wieviorka, un soci\u00f3logo muy reconocido en el mundo. Tambi\u00e9n Raymond Bellour<\/strong>, escritor y te\u00f3rico del cine que ha escrito muchos libros que son referencia en las escuelas audiovisuales en el mundo; gente muy destacada en el \u00e1mbito del conocimiento intelectual y de la cultura de Francia\u00bb, indic\u00f3.<\/p>\n<p>Por \u00faltimo, Londo\u00f1o L\u00f3pez invita a toda la ciudad que <strong>aproveche esta oportunidad de presenciar un evento \u00fanico en Latinoam\u00e9rica que contar\u00e1 tanto con eventos especializados<\/strong> que se van a cobrar, como muchos otros abiertos al p\u00fablico como conciertos de m\u00fasica experimental y electr\u00f3nica, cine, presentaciones audiovisuales y exposiciones.<\/p>\n<p>\u00abVan a poder ver un an\u00e1lisis mucho m\u00e1s preciso de los llamados nuevos medios. Es b\u00e1sicamente el poder que tiene una c\u00e1mara o un celular para tomar una foto en un momento determinado, el poder que tienen los drones para registrar los movimientos de las personas en una ciudad, todos esos aspectos y <strong>se van a estudiar las perspectivas de todas esas tecnolog\u00edas y como pueden mejorar o en alg\u00fan momento ser perjudiciales para la sociedad<\/strong>\u00ab.<\/p>\n<p>&nbsp;<\/p>\n<p><a href=\"https:\/\/www.facebook.com\/media\/set\/?set=a.1414895741905620.1073745414.107054166023124&amp;type=3\" target=\"_blank\"><strong>GALER\u00cdA: Im\u00e1genes del lanzamiento de Isea 2017 en Bogot\u00e1.<\/strong><\/a><\/p>\n<p><strong>Informes:<\/strong> Oficina de Comunicaciones y Prensa U. de Caldas, tel\u00e9fono 878 15 00 extensi\u00f3n 12 167.<\/p>\n<p><strong>Redacci\u00f3n:<\/strong> Mauricio D\u00edaz.<\/p>\n","protected":false},"excerpt":{"rendered":"<p>SE REALIZ\u00d3 EN LA RESIDENCIA DEL EMBAJADOR DE FRANCIA \u00a0U.\u00a0de Caldas present\u00f3 16\u00ba Festival Internacional de la Imagen &#8211; ISEA2017 en Bogot\u00e1 16\/05\/2017 La Universidad de Caldas realiz\u00f3 hoy 16 de mayo en Bogot\u00e1 el lanzamiento ante medios de ISEA 2017, el simposio internacional de arte electr\u00f3nico m\u00e1s destacado del mundo, que este a\u00f1o tendr\u00e1 [&hellip;]<\/p>\n","protected":false},"author":2,"featured_media":0,"comment_status":"closed","ping_status":"closed","sticky":false,"template":"","format":"standard","meta":{"footnotes":""},"categories":[48,53,614,664],"tags":[95,642,835,836,837,838],"class_list":["post-35648","post","type-post","status-publish","format-standard","hentry","category-actualidad","category-universidad-al-dia","category-ucaldas-internacional","category-ucaldas-cultural","tag-universidad-de-caldas","tag-tecnologia","tag-arte-electronico","tag-embajada-de-francia","tag-festival-internacional-de-la-imagen","tag-isea"],"yoast_head":"<!-- This site is optimized with the Yoast SEO plugin v27.5 - https:\/\/yoast.com\/product\/yoast-seo-wordpress\/ -->\n<title>U. de Caldas present\u00f3 16\u00ba Festival Internacional de la Imagen - ISEA2017 en Bogot\u00e1 .<\/title>\n<meta name=\"robots\" content=\"index, follow, max-snippet:-1, max-image-preview:large, max-video-preview:-1\" \/>\n<link rel=\"canonical\" href=\"https:\/\/www.ucaldas.edu.co\/portal\/u-de-caldas-presento-16o-festival-internacional-de-la-imagen-isea2017-en-bogota\/\" \/>\n<script type=\"application\/ld+json\" class=\"yoast-schema-graph\">{\"@context\":\"https:\\\/\\\/schema.org\",\"@graph\":[{\"@type\":\"Article\",\"@id\":\"https:\\\/\\\/www.ucaldas.edu.co\\\/portal\\\/u-de-caldas-presento-16o-festival-internacional-de-la-imagen-isea2017-en-bogota\\\/#article\",\"isPartOf\":{\"@id\":\"https:\\\/\\\/www.ucaldas.edu.co\\\/portal\\\/u-de-caldas-presento-16o-festival-internacional-de-la-imagen-isea2017-en-bogota\\\/\"},\"author\":{\"name\":\"ofiprensa\",\"@id\":\"https:\\\/\\\/www.ucaldas.edu.co\\\/portal\\\/#\\\/schema\\\/person\\\/a1b482e23449158b4bc319926c074fdf\"},\"headline\":\"U. de Caldas present\u00f3 16\u00ba Festival Internacional de la Imagen &#8211; ISEA2017 en Bogot\u00e1\",\"datePublished\":\"2017-05-16T22:36:56+00:00\",\"mainEntityOfPage\":{\"@id\":\"https:\\\/\\\/www.ucaldas.edu.co\\\/portal\\\/u-de-caldas-presento-16o-festival-internacional-de-la-imagen-isea2017-en-bogota\\\/\"},\"wordCount\":616,\"publisher\":{\"@id\":\"https:\\\/\\\/www.ucaldas.edu.co\\\/portal\\\/#organization\"},\"image\":{\"@id\":\"https:\\\/\\\/www.ucaldas.edu.co\\\/portal\\\/u-de-caldas-presento-16o-festival-internacional-de-la-imagen-isea2017-en-bogota\\\/#primaryimage\"},\"thumbnailUrl\":\"https:\\\/\\\/www.ucaldas.edu.co\\\/portal\\\/wp-content\\\/uploads\\\/2017\\\/05\\\/Lanzamiento-ISEA.jpg\",\"keywords\":[\"Universidad De Caldas\",\"tecnolog\u00eda\",\"arte electr\u00f3nico\",\"Embajada de Francia\",\"Festival Internacional de la Imagen\",\"ISEA\"],\"articleSection\":[\"Actualidad\",\"Universidad al D\u00eda\",\"Ucaldas Internacional\",\"UCaldas Cultural\"],\"inLanguage\":\"es\"},{\"@type\":\"WebPage\",\"@id\":\"https:\\\/\\\/www.ucaldas.edu.co\\\/portal\\\/u-de-caldas-presento-16o-festival-internacional-de-la-imagen-isea2017-en-bogota\\\/\",\"url\":\"https:\\\/\\\/www.ucaldas.edu.co\\\/portal\\\/u-de-caldas-presento-16o-festival-internacional-de-la-imagen-isea2017-en-bogota\\\/\",\"name\":\"U. de Caldas present\u00f3 16\u00ba Festival Internacional de la Imagen - ISEA2017 en Bogot\u00e1 .\",\"isPartOf\":{\"@id\":\"https:\\\/\\\/www.ucaldas.edu.co\\\/portal\\\/#website\"},\"primaryImageOfPage\":{\"@id\":\"https:\\\/\\\/www.ucaldas.edu.co\\\/portal\\\/u-de-caldas-presento-16o-festival-internacional-de-la-imagen-isea2017-en-bogota\\\/#primaryimage\"},\"image\":{\"@id\":\"https:\\\/\\\/www.ucaldas.edu.co\\\/portal\\\/u-de-caldas-presento-16o-festival-internacional-de-la-imagen-isea2017-en-bogota\\\/#primaryimage\"},\"thumbnailUrl\":\"https:\\\/\\\/www.ucaldas.edu.co\\\/portal\\\/wp-content\\\/uploads\\\/2017\\\/05\\\/Lanzamiento-ISEA.jpg\",\"datePublished\":\"2017-05-16T22:36:56+00:00\",\"breadcrumb\":{\"@id\":\"https:\\\/\\\/www.ucaldas.edu.co\\\/portal\\\/u-de-caldas-presento-16o-festival-internacional-de-la-imagen-isea2017-en-bogota\\\/#breadcrumb\"},\"inLanguage\":\"es\",\"potentialAction\":[{\"@type\":\"ReadAction\",\"target\":[\"https:\\\/\\\/www.ucaldas.edu.co\\\/portal\\\/u-de-caldas-presento-16o-festival-internacional-de-la-imagen-isea2017-en-bogota\\\/\"]}]},{\"@type\":\"ImageObject\",\"inLanguage\":\"es\",\"@id\":\"https:\\\/\\\/www.ucaldas.edu.co\\\/portal\\\/u-de-caldas-presento-16o-festival-internacional-de-la-imagen-isea2017-en-bogota\\\/#primaryimage\",\"url\":\"https:\\\/\\\/www.ucaldas.edu.co\\\/portal\\\/wp-content\\\/uploads\\\/2017\\\/05\\\/Lanzamiento-ISEA.jpg\",\"contentUrl\":\"https:\\\/\\\/www.ucaldas.edu.co\\\/portal\\\/wp-content\\\/uploads\\\/2017\\\/05\\\/Lanzamiento-ISEA.jpg\"},{\"@type\":\"BreadcrumbList\",\"@id\":\"https:\\\/\\\/www.ucaldas.edu.co\\\/portal\\\/u-de-caldas-presento-16o-festival-internacional-de-la-imagen-isea2017-en-bogota\\\/#breadcrumb\",\"itemListElement\":[{\"@type\":\"ListItem\",\"position\":1,\"name\":\"Portada\",\"item\":\"https:\\\/\\\/www.ucaldas.edu.co\\\/portal\\\/\"},{\"@type\":\"ListItem\",\"position\":2,\"name\":\"U. de Caldas present\u00f3 16\u00ba Festival Internacional de la Imagen &#8211; ISEA2017 en Bogot\u00e1\"}]},{\"@type\":\"WebSite\",\"@id\":\"https:\\\/\\\/www.ucaldas.edu.co\\\/portal\\\/#website\",\"url\":\"https:\\\/\\\/www.ucaldas.edu.co\\\/portal\\\/\",\"name\":\"Universidad de Caldas\",\"description\":\"\",\"publisher\":{\"@id\":\"https:\\\/\\\/www.ucaldas.edu.co\\\/portal\\\/#organization\"},\"alternateName\":\"U. de Caldas\",\"potentialAction\":[{\"@type\":\"SearchAction\",\"target\":{\"@type\":\"EntryPoint\",\"urlTemplate\":\"https:\\\/\\\/www.ucaldas.edu.co\\\/portal\\\/?s={search_term_string}\"},\"query-input\":{\"@type\":\"PropertyValueSpecification\",\"valueRequired\":true,\"valueName\":\"search_term_string\"}}],\"inLanguage\":\"es\"},{\"@type\":\"Organization\",\"@id\":\"https:\\\/\\\/www.ucaldas.edu.co\\\/portal\\\/#organization\",\"name\":\"Universidad de Caldas\",\"alternateName\":\"U. de Caldas\",\"url\":\"https:\\\/\\\/www.ucaldas.edu.co\\\/portal\\\/\",\"logo\":{\"@type\":\"ImageObject\",\"inLanguage\":\"es\",\"@id\":\"https:\\\/\\\/www.ucaldas.edu.co\\\/portal\\\/#\\\/schema\\\/logo\\\/image\\\/\",\"url\":\"https:\\\/\\\/www.ucaldas.edu.co\\\/portal\\\/wp-content\\\/uploads\\\/2023\\\/11\\\/Logo_horizontal_oscuroU-2023.png\",\"contentUrl\":\"https:\\\/\\\/www.ucaldas.edu.co\\\/portal\\\/wp-content\\\/uploads\\\/2023\\\/11\\\/Logo_horizontal_oscuroU-2023.png\",\"width\":263,\"height\":101,\"caption\":\"Universidad de Caldas\"},\"image\":{\"@id\":\"https:\\\/\\\/www.ucaldas.edu.co\\\/portal\\\/#\\\/schema\\\/logo\\\/image\\\/\"},\"sameAs\":[\"https:\\\/\\\/www.facebook.com\\\/udecaldas\",\"https:\\\/\\\/x.com\\\/udecaldas\",\"https:\\\/\\\/www.youtube.com\\\/universidadcaldas\",\"https:\\\/\\\/www.instagram.com\\\/udecaldas\\\/\"]},{\"@type\":\"Person\",\"@id\":\"https:\\\/\\\/www.ucaldas.edu.co\\\/portal\\\/#\\\/schema\\\/person\\\/a1b482e23449158b4bc319926c074fdf\",\"name\":\"ofiprensa\",\"image\":{\"@type\":\"ImageObject\",\"inLanguage\":\"es\",\"@id\":\"https:\\\/\\\/www.ucaldas.edu.co\\\/portal\\\/wp-content\\\/litespeed\\\/avatar\\\/09ea5085e600095a7a811142c6944527.jpg?ver=1777497608\",\"url\":\"https:\\\/\\\/www.ucaldas.edu.co\\\/portal\\\/wp-content\\\/litespeed\\\/avatar\\\/09ea5085e600095a7a811142c6944527.jpg?ver=1777497608\",\"contentUrl\":\"https:\\\/\\\/www.ucaldas.edu.co\\\/portal\\\/wp-content\\\/litespeed\\\/avatar\\\/09ea5085e600095a7a811142c6944527.jpg?ver=1777497608\",\"caption\":\"ofiprensa\"},\"url\":\"https:\\\/\\\/www.ucaldas.edu.co\\\/portal\\\/author\\\/ofiprensa\\\/\"}]}<\/script>\n<!-- \/ Yoast SEO plugin. -->","yoast_head_json":{"title":"U. de Caldas present\u00f3 16\u00ba Festival Internacional de la Imagen - ISEA2017 en Bogot\u00e1 .","robots":{"index":"index","follow":"follow","max-snippet":"max-snippet:-1","max-image-preview":"max-image-preview:large","max-video-preview":"max-video-preview:-1"},"canonical":"https:\/\/www.ucaldas.edu.co\/portal\/u-de-caldas-presento-16o-festival-internacional-de-la-imagen-isea2017-en-bogota\/","schema":{"@context":"https:\/\/schema.org","@graph":[{"@type":"Article","@id":"https:\/\/www.ucaldas.edu.co\/portal\/u-de-caldas-presento-16o-festival-internacional-de-la-imagen-isea2017-en-bogota\/#article","isPartOf":{"@id":"https:\/\/www.ucaldas.edu.co\/portal\/u-de-caldas-presento-16o-festival-internacional-de-la-imagen-isea2017-en-bogota\/"},"author":{"name":"ofiprensa","@id":"https:\/\/www.ucaldas.edu.co\/portal\/#\/schema\/person\/a1b482e23449158b4bc319926c074fdf"},"headline":"U. de Caldas present\u00f3 16\u00ba Festival Internacional de la Imagen &#8211; ISEA2017 en Bogot\u00e1","datePublished":"2017-05-16T22:36:56+00:00","mainEntityOfPage":{"@id":"https:\/\/www.ucaldas.edu.co\/portal\/u-de-caldas-presento-16o-festival-internacional-de-la-imagen-isea2017-en-bogota\/"},"wordCount":616,"publisher":{"@id":"https:\/\/www.ucaldas.edu.co\/portal\/#organization"},"image":{"@id":"https:\/\/www.ucaldas.edu.co\/portal\/u-de-caldas-presento-16o-festival-internacional-de-la-imagen-isea2017-en-bogota\/#primaryimage"},"thumbnailUrl":"https:\/\/www.ucaldas.edu.co\/portal\/wp-content\/uploads\/2017\/05\/Lanzamiento-ISEA.jpg","keywords":["Universidad De Caldas","tecnolog\u00eda","arte electr\u00f3nico","Embajada de Francia","Festival Internacional de la Imagen","ISEA"],"articleSection":["Actualidad","Universidad al D\u00eda","Ucaldas Internacional","UCaldas Cultural"],"inLanguage":"es"},{"@type":"WebPage","@id":"https:\/\/www.ucaldas.edu.co\/portal\/u-de-caldas-presento-16o-festival-internacional-de-la-imagen-isea2017-en-bogota\/","url":"https:\/\/www.ucaldas.edu.co\/portal\/u-de-caldas-presento-16o-festival-internacional-de-la-imagen-isea2017-en-bogota\/","name":"U. de Caldas present\u00f3 16\u00ba Festival Internacional de la Imagen - ISEA2017 en Bogot\u00e1 .","isPartOf":{"@id":"https:\/\/www.ucaldas.edu.co\/portal\/#website"},"primaryImageOfPage":{"@id":"https:\/\/www.ucaldas.edu.co\/portal\/u-de-caldas-presento-16o-festival-internacional-de-la-imagen-isea2017-en-bogota\/#primaryimage"},"image":{"@id":"https:\/\/www.ucaldas.edu.co\/portal\/u-de-caldas-presento-16o-festival-internacional-de-la-imagen-isea2017-en-bogota\/#primaryimage"},"thumbnailUrl":"https:\/\/www.ucaldas.edu.co\/portal\/wp-content\/uploads\/2017\/05\/Lanzamiento-ISEA.jpg","datePublished":"2017-05-16T22:36:56+00:00","breadcrumb":{"@id":"https:\/\/www.ucaldas.edu.co\/portal\/u-de-caldas-presento-16o-festival-internacional-de-la-imagen-isea2017-en-bogota\/#breadcrumb"},"inLanguage":"es","potentialAction":[{"@type":"ReadAction","target":["https:\/\/www.ucaldas.edu.co\/portal\/u-de-caldas-presento-16o-festival-internacional-de-la-imagen-isea2017-en-bogota\/"]}]},{"@type":"ImageObject","inLanguage":"es","@id":"https:\/\/www.ucaldas.edu.co\/portal\/u-de-caldas-presento-16o-festival-internacional-de-la-imagen-isea2017-en-bogota\/#primaryimage","url":"https:\/\/www.ucaldas.edu.co\/portal\/wp-content\/uploads\/2017\/05\/Lanzamiento-ISEA.jpg","contentUrl":"https:\/\/www.ucaldas.edu.co\/portal\/wp-content\/uploads\/2017\/05\/Lanzamiento-ISEA.jpg"},{"@type":"BreadcrumbList","@id":"https:\/\/www.ucaldas.edu.co\/portal\/u-de-caldas-presento-16o-festival-internacional-de-la-imagen-isea2017-en-bogota\/#breadcrumb","itemListElement":[{"@type":"ListItem","position":1,"name":"Portada","item":"https:\/\/www.ucaldas.edu.co\/portal\/"},{"@type":"ListItem","position":2,"name":"U. de Caldas present\u00f3 16\u00ba Festival Internacional de la Imagen &#8211; ISEA2017 en Bogot\u00e1"}]},{"@type":"WebSite","@id":"https:\/\/www.ucaldas.edu.co\/portal\/#website","url":"https:\/\/www.ucaldas.edu.co\/portal\/","name":"Universidad de Caldas","description":"","publisher":{"@id":"https:\/\/www.ucaldas.edu.co\/portal\/#organization"},"alternateName":"U. de Caldas","potentialAction":[{"@type":"SearchAction","target":{"@type":"EntryPoint","urlTemplate":"https:\/\/www.ucaldas.edu.co\/portal\/?s={search_term_string}"},"query-input":{"@type":"PropertyValueSpecification","valueRequired":true,"valueName":"search_term_string"}}],"inLanguage":"es"},{"@type":"Organization","@id":"https:\/\/www.ucaldas.edu.co\/portal\/#organization","name":"Universidad de Caldas","alternateName":"U. de Caldas","url":"https:\/\/www.ucaldas.edu.co\/portal\/","logo":{"@type":"ImageObject","inLanguage":"es","@id":"https:\/\/www.ucaldas.edu.co\/portal\/#\/schema\/logo\/image\/","url":"https:\/\/www.ucaldas.edu.co\/portal\/wp-content\/uploads\/2023\/11\/Logo_horizontal_oscuroU-2023.png","contentUrl":"https:\/\/www.ucaldas.edu.co\/portal\/wp-content\/uploads\/2023\/11\/Logo_horizontal_oscuroU-2023.png","width":263,"height":101,"caption":"Universidad de Caldas"},"image":{"@id":"https:\/\/www.ucaldas.edu.co\/portal\/#\/schema\/logo\/image\/"},"sameAs":["https:\/\/www.facebook.com\/udecaldas","https:\/\/x.com\/udecaldas","https:\/\/www.youtube.com\/universidadcaldas","https:\/\/www.instagram.com\/udecaldas\/"]},{"@type":"Person","@id":"https:\/\/www.ucaldas.edu.co\/portal\/#\/schema\/person\/a1b482e23449158b4bc319926c074fdf","name":"ofiprensa","image":{"@type":"ImageObject","inLanguage":"es","@id":"https:\/\/www.ucaldas.edu.co\/portal\/wp-content\/litespeed\/avatar\/09ea5085e600095a7a811142c6944527.jpg?ver=1777497608","url":"https:\/\/www.ucaldas.edu.co\/portal\/wp-content\/litespeed\/avatar\/09ea5085e600095a7a811142c6944527.jpg?ver=1777497608","contentUrl":"https:\/\/www.ucaldas.edu.co\/portal\/wp-content\/litespeed\/avatar\/09ea5085e600095a7a811142c6944527.jpg?ver=1777497608","caption":"ofiprensa"},"url":"https:\/\/www.ucaldas.edu.co\/portal\/author\/ofiprensa\/"}]}},"_links":{"self":[{"href":"https:\/\/www.ucaldas.edu.co\/portal\/wp-json\/wp\/v2\/posts\/35648","targetHints":{"allow":["GET"]}}],"collection":[{"href":"https:\/\/www.ucaldas.edu.co\/portal\/wp-json\/wp\/v2\/posts"}],"about":[{"href":"https:\/\/www.ucaldas.edu.co\/portal\/wp-json\/wp\/v2\/types\/post"}],"author":[{"embeddable":true,"href":"https:\/\/www.ucaldas.edu.co\/portal\/wp-json\/wp\/v2\/users\/2"}],"replies":[{"embeddable":true,"href":"https:\/\/www.ucaldas.edu.co\/portal\/wp-json\/wp\/v2\/comments?post=35648"}],"version-history":[{"count":0,"href":"https:\/\/www.ucaldas.edu.co\/portal\/wp-json\/wp\/v2\/posts\/35648\/revisions"}],"wp:attachment":[{"href":"https:\/\/www.ucaldas.edu.co\/portal\/wp-json\/wp\/v2\/media?parent=35648"}],"wp:term":[{"taxonomy":"category","embeddable":true,"href":"https:\/\/www.ucaldas.edu.co\/portal\/wp-json\/wp\/v2\/categories?post=35648"},{"taxonomy":"post_tag","embeddable":true,"href":"https:\/\/www.ucaldas.edu.co\/portal\/wp-json\/wp\/v2\/tags?post=35648"}],"curies":[{"name":"wp","href":"https:\/\/api.w.org\/{rel}","templated":true}]}}