{"id":35637,"date":"2017-05-16T16:29:42","date_gmt":"2017-05-16T21:29:42","guid":{"rendered":"https:\/\/www.ucaldas.edu.co\/portal\/?p=35637"},"modified":"2017-05-16T16:29:42","modified_gmt":"2017-05-16T21:29:42","slug":"paces-justicia-y-convivencia-social-tema-de-analisis-en-u-de-caldas","status":"publish","type":"post","link":"https:\/\/www.ucaldas.edu.co\/portal\/paces-justicia-y-convivencia-social-tema-de-analisis-en-u-de-caldas\/","title":{"rendered":"Paces, justicia y convivencia social, temas de an\u00e1lisis en U. de Caldas"},"content":{"rendered":"<p style=\"text-align: center;\">EN COLOQUIO A\u00d1O CRUZADO FRANCIA COLOMBIA<\/p>\n<p style=\"text-align: center;\"><strong>Paces, justicia y convivencia social, temas de an\u00e1lisis en U. de Caldas<\/strong><\/p>\n<p style=\"text-align: right;\">16\/05\/2017<\/p>\n<p><img loading=\"lazy\" decoding=\"async\" class=\"alignnone size-full wp-image-35638 aligncenter\" src=\"https:\/\/www.ucaldas.edu.co\/portal\/wp-content\/uploads\/2017\/05\/col.jpg\" alt=\"col\" width=\"358\" height=\"283\" \/><\/p>\n<p>\u201c<strong>La paz se construye creando espacios donde todos se puedan escuchar y dialogar<\/strong>. Se deben precisar espacios muy bien enmarcados, para que no se desv\u00ede el di\u00e1logo\u201d, esta fue la <strong>reflexi\u00f3n<\/strong> que Gaudiose Valliere, <strong>doctora en \u00e9tica y sociedad de la Universidad de Estrasburgo, comparti\u00f3 en la Universidad de Caldas<\/strong> en el Coloquio a\u00f1o cruzado Francia Colombia: paces justicia y convivencia social.<\/p>\n<p><!--more--><\/p>\n<p>Este 16 de mayo del 2017 la <strong>Instituci\u00f3n caldense fue sede de este evento,<\/strong> con ocasi\u00f3n del A\u00f1o cruzado Colombia Francia, establecido por los Gobiernos de ambos pa\u00edses para 2017.<\/p>\n<p>&nbsp;<\/p>\n<p><em>Problema de la justicia, los derechos, v\u00edctimas, la reconstrucci\u00f3n, de la cohesi\u00f3n social en Ruanda<\/em> fue el t\u00edtulo de la conferencia que la invitada orient\u00f3 en la sesi\u00f3n inaugural del coloquio. El <strong>evento continuar\u00e1 este 17 de mayo en la Universidad Tecnol\u00f3gica de Pereira, el 18 de mayo en la Universidad del Quind\u00edo y el 19 de mayo en la Casa de la Cultura de Quinch\u00eda.<\/strong><\/p>\n<p>&nbsp;<\/p>\n<p><strong>Experiencia de paz en Ruanda<\/strong><\/p>\n<p>Valliere no estuvo en Ruanda durante el genocidio, pero su madre fue asesinada durante el mismo. Durante el evento destac\u00f3: \u201cel momento clave del conflicto en Ruanda lo determin\u00f3 la justicia, cuando el estado y la comunidad se apropiaron de esta. <strong>El perd\u00f3n es un proceso individual y muy importante que todos los actores hagan su perd\u00f3n<\/strong>\u201d, dijo.<\/p>\n<p><strong>U. de Caldas, sede de la reflexi\u00f3n<\/strong><\/p>\n<p>Felipe C\u00e9sar Londo\u00f1o L\u00f3pez, <strong>Rector de la U. de Caldas, destac\u00f3 el trabajo conjunto con la Alianza Francesa de Manizales<\/strong> y el <strong>compromiso<\/strong> del Sistema Universitario de Manizales (<strong>Suma<\/strong>) en la reflexi\u00f3n acad\u00e9mica sobre la paz.<\/p>\n<p>&nbsp;<\/p>\n<p><strong>Invitados <\/strong><\/p>\n<p><strong>Claude Chassaing, Consejero de Cooperaci\u00f3n y de Acci\u00f3n Cultural de la Embajada de Francia en Colombia<\/strong><\/p>\n<p>El deseo de nuestros dos presidentes fue acercarnos en el \u00e1mbito acad\u00e9mico y sobre todo en un momento clave para Colombia, como lo es el tema de la paz. <strong>Escogimos Colombia porque debemos apoyar al pa\u00eds y su nueva generaci\u00f3n de pensamiento.<\/strong><\/p>\n<p>&nbsp;<\/p>\n<p><strong>Enrique S\u00e1nchez Albarrac\u00edn, Agregado de la Cooperaci\u00f3n Universitaria de la Embajada de Francia en Colombia<\/strong><\/p>\n<p>Se trata de propiciar un di\u00e1logo de saberes y un intercambio de experiencias, para <strong>reflexionar desde el punto de vista universitario sobre este proceso de posconflicto que vive Colombia<\/strong>. Tendremos a invitados para compartir sobre procesos de paz en el mundo, para ver c\u00f3mo esto puede servir para pensar en el proceso Colombiano.<\/p>\n<p>&nbsp;<\/p>\n<p><a href=\"https:\/\/www.ucaldas.edu.co\/portal\/coloquio-ano-cruzado-francia-colombia-paces-justicia-y-convivencia-social-may-16-al-19\/\">Conozca la programaci\u00f3n del Coloquio a\u00f1o cruzado Francia Colombia: paces justicia y convivencia social<\/a><\/p>\n<p>&nbsp;<\/p>\n<p><a href=\"https:\/\/www.facebook.com\/media\/set\/?set=a.1414675618594299.1073745410.107054166023124&amp;type=1&amp;l=4d2f3b0b31\">Conozca im\u00e1genes del Coloquio a\u00f1o cruzado Francia Colombia: paces justicia y convivencia social<\/a><\/p>\n<p>&nbsp;<\/p>\n<p><strong>Informes:<\/strong> Alianza Francesa, tel\u00e9fono 886 04 32.<\/p>\n<p><strong>Redacci\u00f3n:<\/strong> Margarita Laverde<\/p>\n<p>&nbsp;<\/p>\n","protected":false},"excerpt":{"rendered":"<p>EN COLOQUIO A\u00d1O CRUZADO FRANCIA COLOMBIA Paces, justicia y convivencia social, temas de an\u00e1lisis en U. de Caldas 16\/05\/2017 \u201cLa paz se construye creando espacios donde todos se puedan escuchar y dialogar. Se deben precisar espacios muy bien enmarcados, para que no se desv\u00ede el di\u00e1logo\u201d, esta fue la reflexi\u00f3n que Gaudiose Valliere, doctora en [&hellip;]<\/p>\n","protected":false},"author":2,"featured_media":0,"comment_status":"closed","ping_status":"closed","sticky":false,"template":"","format":"standard","meta":{"footnotes":""},"categories":[48,53,614,624],"tags":[764,55,63,168,595],"class_list":["post-35637","post","type-post","status-publish","format-standard","hentry","category-actualidad","category-universidad-al-dia","category-ucaldas-internacional","category-ucaldas-activa","tag-coloquio","tag-academia","tag-participe","tag-paz","tag-ano-cruzado-francia-colombia"],"yoast_head":"<!-- This site is optimized with the Yoast SEO plugin v27.5 - https:\/\/yoast.com\/product\/yoast-seo-wordpress\/ -->\n<title>Paces, justicia y convivencia social, temas de an\u00e1lisis en U. de Caldas .<\/title>\n<meta name=\"robots\" content=\"index, follow, max-snippet:-1, max-image-preview:large, max-video-preview:-1\" \/>\n<link rel=\"canonical\" href=\"https:\/\/www.ucaldas.edu.co\/portal\/paces-justicia-y-convivencia-social-tema-de-analisis-en-u-de-caldas\/\" \/>\n<script type=\"application\/ld+json\" class=\"yoast-schema-graph\">{\"@context\":\"https:\\\/\\\/schema.org\",\"@graph\":[{\"@type\":\"Article\",\"@id\":\"https:\\\/\\\/www.ucaldas.edu.co\\\/portal\\\/paces-justicia-y-convivencia-social-tema-de-analisis-en-u-de-caldas\\\/#article\",\"isPartOf\":{\"@id\":\"https:\\\/\\\/www.ucaldas.edu.co\\\/portal\\\/paces-justicia-y-convivencia-social-tema-de-analisis-en-u-de-caldas\\\/\"},\"author\":{\"name\":\"ofiprensa\",\"@id\":\"https:\\\/\\\/www.ucaldas.edu.co\\\/portal\\\/#\\\/schema\\\/person\\\/a1b482e23449158b4bc319926c074fdf\"},\"headline\":\"Paces, justicia y convivencia social, temas de an\u00e1lisis en U. de Caldas\",\"datePublished\":\"2017-05-16T21:29:42+00:00\",\"mainEntityOfPage\":{\"@id\":\"https:\\\/\\\/www.ucaldas.edu.co\\\/portal\\\/paces-justicia-y-convivencia-social-tema-de-analisis-en-u-de-caldas\\\/\"},\"wordCount\":500,\"publisher\":{\"@id\":\"https:\\\/\\\/www.ucaldas.edu.co\\\/portal\\\/#organization\"},\"image\":{\"@id\":\"https:\\\/\\\/www.ucaldas.edu.co\\\/portal\\\/paces-justicia-y-convivencia-social-tema-de-analisis-en-u-de-caldas\\\/#primaryimage\"},\"thumbnailUrl\":\"https:\\\/\\\/www.ucaldas.edu.co\\\/portal\\\/wp-content\\\/uploads\\\/2017\\\/05\\\/col.jpg\",\"keywords\":[\"coloquio\",\"academia\",\"Participe\",\"paz\",\"A\u00f1o Cruzado Francia - Colombia\"],\"articleSection\":[\"Actualidad\",\"Universidad al D\u00eda\",\"Ucaldas Internacional\",\"UCaldas Activa\"],\"inLanguage\":\"es\"},{\"@type\":\"WebPage\",\"@id\":\"https:\\\/\\\/www.ucaldas.edu.co\\\/portal\\\/paces-justicia-y-convivencia-social-tema-de-analisis-en-u-de-caldas\\\/\",\"url\":\"https:\\\/\\\/www.ucaldas.edu.co\\\/portal\\\/paces-justicia-y-convivencia-social-tema-de-analisis-en-u-de-caldas\\\/\",\"name\":\"Paces, justicia y convivencia social, temas de an\u00e1lisis en U. de Caldas .\",\"isPartOf\":{\"@id\":\"https:\\\/\\\/www.ucaldas.edu.co\\\/portal\\\/#website\"},\"primaryImageOfPage\":{\"@id\":\"https:\\\/\\\/www.ucaldas.edu.co\\\/portal\\\/paces-justicia-y-convivencia-social-tema-de-analisis-en-u-de-caldas\\\/#primaryimage\"},\"image\":{\"@id\":\"https:\\\/\\\/www.ucaldas.edu.co\\\/portal\\\/paces-justicia-y-convivencia-social-tema-de-analisis-en-u-de-caldas\\\/#primaryimage\"},\"thumbnailUrl\":\"https:\\\/\\\/www.ucaldas.edu.co\\\/portal\\\/wp-content\\\/uploads\\\/2017\\\/05\\\/col.jpg\",\"datePublished\":\"2017-05-16T21:29:42+00:00\",\"breadcrumb\":{\"@id\":\"https:\\\/\\\/www.ucaldas.edu.co\\\/portal\\\/paces-justicia-y-convivencia-social-tema-de-analisis-en-u-de-caldas\\\/#breadcrumb\"},\"inLanguage\":\"es\",\"potentialAction\":[{\"@type\":\"ReadAction\",\"target\":[\"https:\\\/\\\/www.ucaldas.edu.co\\\/portal\\\/paces-justicia-y-convivencia-social-tema-de-analisis-en-u-de-caldas\\\/\"]}]},{\"@type\":\"ImageObject\",\"inLanguage\":\"es\",\"@id\":\"https:\\\/\\\/www.ucaldas.edu.co\\\/portal\\\/paces-justicia-y-convivencia-social-tema-de-analisis-en-u-de-caldas\\\/#primaryimage\",\"url\":\"https:\\\/\\\/www.ucaldas.edu.co\\\/portal\\\/wp-content\\\/uploads\\\/2017\\\/05\\\/col.jpg\",\"contentUrl\":\"https:\\\/\\\/www.ucaldas.edu.co\\\/portal\\\/wp-content\\\/uploads\\\/2017\\\/05\\\/col.jpg\"},{\"@type\":\"BreadcrumbList\",\"@id\":\"https:\\\/\\\/www.ucaldas.edu.co\\\/portal\\\/paces-justicia-y-convivencia-social-tema-de-analisis-en-u-de-caldas\\\/#breadcrumb\",\"itemListElement\":[{\"@type\":\"ListItem\",\"position\":1,\"name\":\"Portada\",\"item\":\"https:\\\/\\\/www.ucaldas.edu.co\\\/portal\\\/\"},{\"@type\":\"ListItem\",\"position\":2,\"name\":\"Paces, justicia y convivencia social, temas de an\u00e1lisis en U. de Caldas\"}]},{\"@type\":\"WebSite\",\"@id\":\"https:\\\/\\\/www.ucaldas.edu.co\\\/portal\\\/#website\",\"url\":\"https:\\\/\\\/www.ucaldas.edu.co\\\/portal\\\/\",\"name\":\"Universidad de Caldas\",\"description\":\"\",\"publisher\":{\"@id\":\"https:\\\/\\\/www.ucaldas.edu.co\\\/portal\\\/#organization\"},\"alternateName\":\"U. de Caldas\",\"potentialAction\":[{\"@type\":\"SearchAction\",\"target\":{\"@type\":\"EntryPoint\",\"urlTemplate\":\"https:\\\/\\\/www.ucaldas.edu.co\\\/portal\\\/?s={search_term_string}\"},\"query-input\":{\"@type\":\"PropertyValueSpecification\",\"valueRequired\":true,\"valueName\":\"search_term_string\"}}],\"inLanguage\":\"es\"},{\"@type\":\"Organization\",\"@id\":\"https:\\\/\\\/www.ucaldas.edu.co\\\/portal\\\/#organization\",\"name\":\"Universidad de Caldas\",\"alternateName\":\"U. de Caldas\",\"url\":\"https:\\\/\\\/www.ucaldas.edu.co\\\/portal\\\/\",\"logo\":{\"@type\":\"ImageObject\",\"inLanguage\":\"es\",\"@id\":\"https:\\\/\\\/www.ucaldas.edu.co\\\/portal\\\/#\\\/schema\\\/logo\\\/image\\\/\",\"url\":\"https:\\\/\\\/www.ucaldas.edu.co\\\/portal\\\/wp-content\\\/uploads\\\/2023\\\/11\\\/Logo_horizontal_oscuroU-2023.png\",\"contentUrl\":\"https:\\\/\\\/www.ucaldas.edu.co\\\/portal\\\/wp-content\\\/uploads\\\/2023\\\/11\\\/Logo_horizontal_oscuroU-2023.png\",\"width\":263,\"height\":101,\"caption\":\"Universidad de Caldas\"},\"image\":{\"@id\":\"https:\\\/\\\/www.ucaldas.edu.co\\\/portal\\\/#\\\/schema\\\/logo\\\/image\\\/\"},\"sameAs\":[\"https:\\\/\\\/www.facebook.com\\\/udecaldas\",\"https:\\\/\\\/x.com\\\/udecaldas\",\"https:\\\/\\\/www.youtube.com\\\/universidadcaldas\",\"https:\\\/\\\/www.instagram.com\\\/udecaldas\\\/\"]},{\"@type\":\"Person\",\"@id\":\"https:\\\/\\\/www.ucaldas.edu.co\\\/portal\\\/#\\\/schema\\\/person\\\/a1b482e23449158b4bc319926c074fdf\",\"name\":\"ofiprensa\",\"image\":{\"@type\":\"ImageObject\",\"inLanguage\":\"es\",\"@id\":\"https:\\\/\\\/www.ucaldas.edu.co\\\/portal\\\/wp-content\\\/litespeed\\\/avatar\\\/09ea5085e600095a7a811142c6944527.jpg?ver=1777497608\",\"url\":\"https:\\\/\\\/www.ucaldas.edu.co\\\/portal\\\/wp-content\\\/litespeed\\\/avatar\\\/09ea5085e600095a7a811142c6944527.jpg?ver=1777497608\",\"contentUrl\":\"https:\\\/\\\/www.ucaldas.edu.co\\\/portal\\\/wp-content\\\/litespeed\\\/avatar\\\/09ea5085e600095a7a811142c6944527.jpg?ver=1777497608\",\"caption\":\"ofiprensa\"},\"url\":\"https:\\\/\\\/www.ucaldas.edu.co\\\/portal\\\/author\\\/ofiprensa\\\/\"}]}<\/script>\n<!-- \/ Yoast SEO plugin. -->","yoast_head_json":{"title":"Paces, justicia y convivencia social, temas de an\u00e1lisis en U. de Caldas .","robots":{"index":"index","follow":"follow","max-snippet":"max-snippet:-1","max-image-preview":"max-image-preview:large","max-video-preview":"max-video-preview:-1"},"canonical":"https:\/\/www.ucaldas.edu.co\/portal\/paces-justicia-y-convivencia-social-tema-de-analisis-en-u-de-caldas\/","schema":{"@context":"https:\/\/schema.org","@graph":[{"@type":"Article","@id":"https:\/\/www.ucaldas.edu.co\/portal\/paces-justicia-y-convivencia-social-tema-de-analisis-en-u-de-caldas\/#article","isPartOf":{"@id":"https:\/\/www.ucaldas.edu.co\/portal\/paces-justicia-y-convivencia-social-tema-de-analisis-en-u-de-caldas\/"},"author":{"name":"ofiprensa","@id":"https:\/\/www.ucaldas.edu.co\/portal\/#\/schema\/person\/a1b482e23449158b4bc319926c074fdf"},"headline":"Paces, justicia y convivencia social, temas de an\u00e1lisis en U. de Caldas","datePublished":"2017-05-16T21:29:42+00:00","mainEntityOfPage":{"@id":"https:\/\/www.ucaldas.edu.co\/portal\/paces-justicia-y-convivencia-social-tema-de-analisis-en-u-de-caldas\/"},"wordCount":500,"publisher":{"@id":"https:\/\/www.ucaldas.edu.co\/portal\/#organization"},"image":{"@id":"https:\/\/www.ucaldas.edu.co\/portal\/paces-justicia-y-convivencia-social-tema-de-analisis-en-u-de-caldas\/#primaryimage"},"thumbnailUrl":"https:\/\/www.ucaldas.edu.co\/portal\/wp-content\/uploads\/2017\/05\/col.jpg","keywords":["coloquio","academia","Participe","paz","A\u00f1o Cruzado Francia - Colombia"],"articleSection":["Actualidad","Universidad al D\u00eda","Ucaldas Internacional","UCaldas Activa"],"inLanguage":"es"},{"@type":"WebPage","@id":"https:\/\/www.ucaldas.edu.co\/portal\/paces-justicia-y-convivencia-social-tema-de-analisis-en-u-de-caldas\/","url":"https:\/\/www.ucaldas.edu.co\/portal\/paces-justicia-y-convivencia-social-tema-de-analisis-en-u-de-caldas\/","name":"Paces, justicia y convivencia social, temas de an\u00e1lisis en U. de Caldas .","isPartOf":{"@id":"https:\/\/www.ucaldas.edu.co\/portal\/#website"},"primaryImageOfPage":{"@id":"https:\/\/www.ucaldas.edu.co\/portal\/paces-justicia-y-convivencia-social-tema-de-analisis-en-u-de-caldas\/#primaryimage"},"image":{"@id":"https:\/\/www.ucaldas.edu.co\/portal\/paces-justicia-y-convivencia-social-tema-de-analisis-en-u-de-caldas\/#primaryimage"},"thumbnailUrl":"https:\/\/www.ucaldas.edu.co\/portal\/wp-content\/uploads\/2017\/05\/col.jpg","datePublished":"2017-05-16T21:29:42+00:00","breadcrumb":{"@id":"https:\/\/www.ucaldas.edu.co\/portal\/paces-justicia-y-convivencia-social-tema-de-analisis-en-u-de-caldas\/#breadcrumb"},"inLanguage":"es","potentialAction":[{"@type":"ReadAction","target":["https:\/\/www.ucaldas.edu.co\/portal\/paces-justicia-y-convivencia-social-tema-de-analisis-en-u-de-caldas\/"]}]},{"@type":"ImageObject","inLanguage":"es","@id":"https:\/\/www.ucaldas.edu.co\/portal\/paces-justicia-y-convivencia-social-tema-de-analisis-en-u-de-caldas\/#primaryimage","url":"https:\/\/www.ucaldas.edu.co\/portal\/wp-content\/uploads\/2017\/05\/col.jpg","contentUrl":"https:\/\/www.ucaldas.edu.co\/portal\/wp-content\/uploads\/2017\/05\/col.jpg"},{"@type":"BreadcrumbList","@id":"https:\/\/www.ucaldas.edu.co\/portal\/paces-justicia-y-convivencia-social-tema-de-analisis-en-u-de-caldas\/#breadcrumb","itemListElement":[{"@type":"ListItem","position":1,"name":"Portada","item":"https:\/\/www.ucaldas.edu.co\/portal\/"},{"@type":"ListItem","position":2,"name":"Paces, justicia y convivencia social, temas de an\u00e1lisis en U. de Caldas"}]},{"@type":"WebSite","@id":"https:\/\/www.ucaldas.edu.co\/portal\/#website","url":"https:\/\/www.ucaldas.edu.co\/portal\/","name":"Universidad de Caldas","description":"","publisher":{"@id":"https:\/\/www.ucaldas.edu.co\/portal\/#organization"},"alternateName":"U. de Caldas","potentialAction":[{"@type":"SearchAction","target":{"@type":"EntryPoint","urlTemplate":"https:\/\/www.ucaldas.edu.co\/portal\/?s={search_term_string}"},"query-input":{"@type":"PropertyValueSpecification","valueRequired":true,"valueName":"search_term_string"}}],"inLanguage":"es"},{"@type":"Organization","@id":"https:\/\/www.ucaldas.edu.co\/portal\/#organization","name":"Universidad de Caldas","alternateName":"U. de Caldas","url":"https:\/\/www.ucaldas.edu.co\/portal\/","logo":{"@type":"ImageObject","inLanguage":"es","@id":"https:\/\/www.ucaldas.edu.co\/portal\/#\/schema\/logo\/image\/","url":"https:\/\/www.ucaldas.edu.co\/portal\/wp-content\/uploads\/2023\/11\/Logo_horizontal_oscuroU-2023.png","contentUrl":"https:\/\/www.ucaldas.edu.co\/portal\/wp-content\/uploads\/2023\/11\/Logo_horizontal_oscuroU-2023.png","width":263,"height":101,"caption":"Universidad de Caldas"},"image":{"@id":"https:\/\/www.ucaldas.edu.co\/portal\/#\/schema\/logo\/image\/"},"sameAs":["https:\/\/www.facebook.com\/udecaldas","https:\/\/x.com\/udecaldas","https:\/\/www.youtube.com\/universidadcaldas","https:\/\/www.instagram.com\/udecaldas\/"]},{"@type":"Person","@id":"https:\/\/www.ucaldas.edu.co\/portal\/#\/schema\/person\/a1b482e23449158b4bc319926c074fdf","name":"ofiprensa","image":{"@type":"ImageObject","inLanguage":"es","@id":"https:\/\/www.ucaldas.edu.co\/portal\/wp-content\/litespeed\/avatar\/09ea5085e600095a7a811142c6944527.jpg?ver=1777497608","url":"https:\/\/www.ucaldas.edu.co\/portal\/wp-content\/litespeed\/avatar\/09ea5085e600095a7a811142c6944527.jpg?ver=1777497608","contentUrl":"https:\/\/www.ucaldas.edu.co\/portal\/wp-content\/litespeed\/avatar\/09ea5085e600095a7a811142c6944527.jpg?ver=1777497608","caption":"ofiprensa"},"url":"https:\/\/www.ucaldas.edu.co\/portal\/author\/ofiprensa\/"}]}},"_links":{"self":[{"href":"https:\/\/www.ucaldas.edu.co\/portal\/wp-json\/wp\/v2\/posts\/35637","targetHints":{"allow":["GET"]}}],"collection":[{"href":"https:\/\/www.ucaldas.edu.co\/portal\/wp-json\/wp\/v2\/posts"}],"about":[{"href":"https:\/\/www.ucaldas.edu.co\/portal\/wp-json\/wp\/v2\/types\/post"}],"author":[{"embeddable":true,"href":"https:\/\/www.ucaldas.edu.co\/portal\/wp-json\/wp\/v2\/users\/2"}],"replies":[{"embeddable":true,"href":"https:\/\/www.ucaldas.edu.co\/portal\/wp-json\/wp\/v2\/comments?post=35637"}],"version-history":[{"count":0,"href":"https:\/\/www.ucaldas.edu.co\/portal\/wp-json\/wp\/v2\/posts\/35637\/revisions"}],"wp:attachment":[{"href":"https:\/\/www.ucaldas.edu.co\/portal\/wp-json\/wp\/v2\/media?parent=35637"}],"wp:term":[{"taxonomy":"category","embeddable":true,"href":"https:\/\/www.ucaldas.edu.co\/portal\/wp-json\/wp\/v2\/categories?post=35637"},{"taxonomy":"post_tag","embeddable":true,"href":"https:\/\/www.ucaldas.edu.co\/portal\/wp-json\/wp\/v2\/tags?post=35637"}],"curies":[{"name":"wp","href":"https:\/\/api.w.org\/{rel}","templated":true}]}}