{"id":35368,"date":"2017-05-04T16:46:26","date_gmt":"2017-05-04T21:46:26","guid":{"rendered":"https:\/\/www.ucaldas.edu.co\/portal\/?p=35368"},"modified":"2017-05-04T16:46:26","modified_gmt":"2017-05-04T21:46:26","slug":"coloquio-ano-cruzado-francia-colombia-paces-justicia-y-convivencia-social-may-16-al-19","status":"publish","type":"post","link":"https:\/\/www.ucaldas.edu.co\/portal\/coloquio-ano-cruzado-francia-colombia-paces-justicia-y-convivencia-social-may-16-al-19\/","title":{"rendered":"Coloquio a\u00f1o cruzado Francia Colombia: paces justicia y convivencia social &#8211; may 16 al 19"},"content":{"rendered":"<p style=\"text-align: center;\"><strong>Coloquio a\u00f1o cruzado Francia Colombia: paces justicia y convivencia social &#8211; may 16 al 19<\/strong><\/p>\n<p><img loading=\"lazy\" decoding=\"async\" class=\"wp-image-35371 size-medium aligncenter\" src=\"https:\/\/www.ucaldas.edu.co\/portal\/wp-content\/uploads\/2017\/05\/ARTE-PIEZA-DIGITAL-02-2-300x300.jpg\" alt=\"ARTE PIEZA DIGITAL-02 (2)\" width=\"300\" height=\"300\" \/><\/p>\n<p><strong>Descripci\u00f3n:<\/strong> con ocasi\u00f3n del A\u00f1o cruzado Colombia Francia, establecido por los Gobiernos de ambos pa\u00edses para 2017, el Eje Cafetero ser\u00e1 sede de un evento acad\u00e9mico que agrupa las Universidades de Caldas. Tecnol\u00f3gica de Pereira y del Quind\u00edo, as\u00ed como el municipio de Quinch\u00eda.<\/p>\n<p><strong>Fecha:<\/strong> 16,17,18 y 19 de mayo del 2017.<\/p>\n<p>En Manizales, y con el compromiso del Sistema Universitario de Manizales (Suma) la Universidad de Caldas ser\u00e1 la sede del evento.<\/p>\n<p><strong>Fecha:<\/strong> 16 de mayo del 2017.<\/p>\n<p><strong>Hora:<\/strong> desde las 8:00 a.m.<\/p>\n<p><strong>Lugar:<\/strong> Teatro 8 de Junio, Campus Central U. de Caldas.<\/p>\n<p><a href=\"https:\/\/www.ucaldas.edu.co\/portal\/wp-content\/uploads\/2017\/05\/PROGRAMACI\u00d3N.pdf\">Conozca aqu\u00ed la programaci\u00f3n del evento<\/a><\/p>\n<p><a href=\"https:\/\/docs.google.com\/a\/ucaldas.edu.co\/forms\/d\/e\/1FAIpQLScDa0nkTcowNG8VVXYTFOLJxhE-MLHCS76sxJkJeErAPQ9riw\/viewform\">Conozca m\u00e1s detalles e inscr\u00edbase al\u00a0Coloquio a\u00f1o cruzado Francia Colombia: paces justicia y convivencia social aqu\u00ed<\/a><\/p>\n<p><strong>Informes:<\/strong> Alianza Francesa, tel\u00e9fono 886 04 32.<\/p>\n<p>&nbsp;<\/p>\n","protected":false},"excerpt":{"rendered":"<p>Coloquio a\u00f1o cruzado Francia Colombia: paces justicia y convivencia social &#8211; may 16 al 19 Descripci\u00f3n: con ocasi\u00f3n del A\u00f1o cruzado Colombia Francia, establecido por los Gobiernos de ambos pa\u00edses para 2017, el Eje Cafetero ser\u00e1 sede de un evento acad\u00e9mico que agrupa las Universidades de Caldas. Tecnol\u00f3gica de Pereira y del Quind\u00edo, as\u00ed como [&hellip;]<\/p>\n","protected":false},"author":2,"featured_media":0,"comment_status":"closed","ping_status":"closed","sticky":false,"template":"","format":"standard","meta":{"footnotes":""},"categories":[62],"tags":[168,595,764,55,63],"class_list":["post-35368","post","type-post","status-publish","format-standard","hentry","category-eventos","tag-paz","tag-ano-cruzado-francia-colombia","tag-coloquio","tag-academia","tag-participe"],"yoast_head":"<!-- This site is optimized with the Yoast SEO plugin v27.5 - https:\/\/yoast.com\/product\/yoast-seo-wordpress\/ -->\n<title>Coloquio a\u00f1o cruzado Francia Colombia: paces justicia y convivencia social - may 16 al 19 .<\/title>\n<meta name=\"robots\" content=\"index, follow, max-snippet:-1, max-image-preview:large, max-video-preview:-1\" \/>\n<link rel=\"canonical\" href=\"https:\/\/www.ucaldas.edu.co\/portal\/coloquio-ano-cruzado-francia-colombia-paces-justicia-y-convivencia-social-may-16-al-19\/\" \/>\n<script type=\"application\/ld+json\" class=\"yoast-schema-graph\">{\"@context\":\"https:\\\/\\\/schema.org\",\"@graph\":[{\"@type\":\"Article\",\"@id\":\"https:\\\/\\\/www.ucaldas.edu.co\\\/portal\\\/coloquio-ano-cruzado-francia-colombia-paces-justicia-y-convivencia-social-may-16-al-19\\\/#article\",\"isPartOf\":{\"@id\":\"https:\\\/\\\/www.ucaldas.edu.co\\\/portal\\\/coloquio-ano-cruzado-francia-colombia-paces-justicia-y-convivencia-social-may-16-al-19\\\/\"},\"author\":{\"name\":\"ofiprensa\",\"@id\":\"https:\\\/\\\/www.ucaldas.edu.co\\\/portal\\\/#\\\/schema\\\/person\\\/a1b482e23449158b4bc319926c074fdf\"},\"headline\":\"Coloquio a\u00f1o cruzado Francia Colombia: paces justicia y convivencia social &#8211; may 16 al 19\",\"datePublished\":\"2017-05-04T21:46:26+00:00\",\"mainEntityOfPage\":{\"@id\":\"https:\\\/\\\/www.ucaldas.edu.co\\\/portal\\\/coloquio-ano-cruzado-francia-colombia-paces-justicia-y-convivencia-social-may-16-al-19\\\/\"},\"wordCount\":156,\"publisher\":{\"@id\":\"https:\\\/\\\/www.ucaldas.edu.co\\\/portal\\\/#organization\"},\"image\":{\"@id\":\"https:\\\/\\\/www.ucaldas.edu.co\\\/portal\\\/coloquio-ano-cruzado-francia-colombia-paces-justicia-y-convivencia-social-may-16-al-19\\\/#primaryimage\"},\"thumbnailUrl\":\"https:\\\/\\\/www.ucaldas.edu.co\\\/portal\\\/wp-content\\\/uploads\\\/2017\\\/05\\\/ARTE-PIEZA-DIGITAL-02-2-300x300.jpg\",\"keywords\":[\"paz\",\"A\u00f1o Cruzado Francia - Colombia\",\"coloquio\",\"academia\",\"Participe\"],\"articleSection\":[\"Eventos\"],\"inLanguage\":\"es\"},{\"@type\":\"WebPage\",\"@id\":\"https:\\\/\\\/www.ucaldas.edu.co\\\/portal\\\/coloquio-ano-cruzado-francia-colombia-paces-justicia-y-convivencia-social-may-16-al-19\\\/\",\"url\":\"https:\\\/\\\/www.ucaldas.edu.co\\\/portal\\\/coloquio-ano-cruzado-francia-colombia-paces-justicia-y-convivencia-social-may-16-al-19\\\/\",\"name\":\"Coloquio a\u00f1o cruzado Francia Colombia: paces justicia y convivencia social - may 16 al 19 .\",\"isPartOf\":{\"@id\":\"https:\\\/\\\/www.ucaldas.edu.co\\\/portal\\\/#website\"},\"primaryImageOfPage\":{\"@id\":\"https:\\\/\\\/www.ucaldas.edu.co\\\/portal\\\/coloquio-ano-cruzado-francia-colombia-paces-justicia-y-convivencia-social-may-16-al-19\\\/#primaryimage\"},\"image\":{\"@id\":\"https:\\\/\\\/www.ucaldas.edu.co\\\/portal\\\/coloquio-ano-cruzado-francia-colombia-paces-justicia-y-convivencia-social-may-16-al-19\\\/#primaryimage\"},\"thumbnailUrl\":\"https:\\\/\\\/www.ucaldas.edu.co\\\/portal\\\/wp-content\\\/uploads\\\/2017\\\/05\\\/ARTE-PIEZA-DIGITAL-02-2-300x300.jpg\",\"datePublished\":\"2017-05-04T21:46:26+00:00\",\"breadcrumb\":{\"@id\":\"https:\\\/\\\/www.ucaldas.edu.co\\\/portal\\\/coloquio-ano-cruzado-francia-colombia-paces-justicia-y-convivencia-social-may-16-al-19\\\/#breadcrumb\"},\"inLanguage\":\"es\",\"potentialAction\":[{\"@type\":\"ReadAction\",\"target\":[\"https:\\\/\\\/www.ucaldas.edu.co\\\/portal\\\/coloquio-ano-cruzado-francia-colombia-paces-justicia-y-convivencia-social-may-16-al-19\\\/\"]}]},{\"@type\":\"ImageObject\",\"inLanguage\":\"es\",\"@id\":\"https:\\\/\\\/www.ucaldas.edu.co\\\/portal\\\/coloquio-ano-cruzado-francia-colombia-paces-justicia-y-convivencia-social-may-16-al-19\\\/#primaryimage\",\"url\":\"https:\\\/\\\/www.ucaldas.edu.co\\\/portal\\\/wp-content\\\/uploads\\\/2017\\\/05\\\/ARTE-PIEZA-DIGITAL-02-2-300x300.jpg\",\"contentUrl\":\"https:\\\/\\\/www.ucaldas.edu.co\\\/portal\\\/wp-content\\\/uploads\\\/2017\\\/05\\\/ARTE-PIEZA-DIGITAL-02-2-300x300.jpg\"},{\"@type\":\"BreadcrumbList\",\"@id\":\"https:\\\/\\\/www.ucaldas.edu.co\\\/portal\\\/coloquio-ano-cruzado-francia-colombia-paces-justicia-y-convivencia-social-may-16-al-19\\\/#breadcrumb\",\"itemListElement\":[{\"@type\":\"ListItem\",\"position\":1,\"name\":\"Portada\",\"item\":\"https:\\\/\\\/www.ucaldas.edu.co\\\/portal\\\/\"},{\"@type\":\"ListItem\",\"position\":2,\"name\":\"Coloquio a\u00f1o cruzado Francia Colombia: paces justicia y convivencia social &#8211; may 16 al 19\"}]},{\"@type\":\"WebSite\",\"@id\":\"https:\\\/\\\/www.ucaldas.edu.co\\\/portal\\\/#website\",\"url\":\"https:\\\/\\\/www.ucaldas.edu.co\\\/portal\\\/\",\"name\":\"Universidad de Caldas\",\"description\":\"\",\"publisher\":{\"@id\":\"https:\\\/\\\/www.ucaldas.edu.co\\\/portal\\\/#organization\"},\"alternateName\":\"U. de Caldas\",\"potentialAction\":[{\"@type\":\"SearchAction\",\"target\":{\"@type\":\"EntryPoint\",\"urlTemplate\":\"https:\\\/\\\/www.ucaldas.edu.co\\\/portal\\\/?s={search_term_string}\"},\"query-input\":{\"@type\":\"PropertyValueSpecification\",\"valueRequired\":true,\"valueName\":\"search_term_string\"}}],\"inLanguage\":\"es\"},{\"@type\":\"Organization\",\"@id\":\"https:\\\/\\\/www.ucaldas.edu.co\\\/portal\\\/#organization\",\"name\":\"Universidad de Caldas\",\"alternateName\":\"U. de Caldas\",\"url\":\"https:\\\/\\\/www.ucaldas.edu.co\\\/portal\\\/\",\"logo\":{\"@type\":\"ImageObject\",\"inLanguage\":\"es\",\"@id\":\"https:\\\/\\\/www.ucaldas.edu.co\\\/portal\\\/#\\\/schema\\\/logo\\\/image\\\/\",\"url\":\"https:\\\/\\\/www.ucaldas.edu.co\\\/portal\\\/wp-content\\\/uploads\\\/2023\\\/11\\\/Logo_horizontal_oscuroU-2023.png\",\"contentUrl\":\"https:\\\/\\\/www.ucaldas.edu.co\\\/portal\\\/wp-content\\\/uploads\\\/2023\\\/11\\\/Logo_horizontal_oscuroU-2023.png\",\"width\":263,\"height\":101,\"caption\":\"Universidad de Caldas\"},\"image\":{\"@id\":\"https:\\\/\\\/www.ucaldas.edu.co\\\/portal\\\/#\\\/schema\\\/logo\\\/image\\\/\"},\"sameAs\":[\"https:\\\/\\\/www.facebook.com\\\/udecaldas\",\"https:\\\/\\\/x.com\\\/udecaldas\",\"https:\\\/\\\/www.youtube.com\\\/universidadcaldas\",\"https:\\\/\\\/www.instagram.com\\\/udecaldas\\\/\"]},{\"@type\":\"Person\",\"@id\":\"https:\\\/\\\/www.ucaldas.edu.co\\\/portal\\\/#\\\/schema\\\/person\\\/a1b482e23449158b4bc319926c074fdf\",\"name\":\"ofiprensa\",\"image\":{\"@type\":\"ImageObject\",\"inLanguage\":\"es\",\"@id\":\"https:\\\/\\\/www.ucaldas.edu.co\\\/portal\\\/wp-content\\\/litespeed\\\/avatar\\\/09ea5085e600095a7a811142c6944527.jpg?ver=1777497608\",\"url\":\"https:\\\/\\\/www.ucaldas.edu.co\\\/portal\\\/wp-content\\\/litespeed\\\/avatar\\\/09ea5085e600095a7a811142c6944527.jpg?ver=1777497608\",\"contentUrl\":\"https:\\\/\\\/www.ucaldas.edu.co\\\/portal\\\/wp-content\\\/litespeed\\\/avatar\\\/09ea5085e600095a7a811142c6944527.jpg?ver=1777497608\",\"caption\":\"ofiprensa\"},\"url\":\"https:\\\/\\\/www.ucaldas.edu.co\\\/portal\\\/author\\\/ofiprensa\\\/\"}]}<\/script>\n<!-- \/ Yoast SEO plugin. -->","yoast_head_json":{"title":"Coloquio a\u00f1o cruzado Francia Colombia: paces justicia y convivencia social - may 16 al 19 .","robots":{"index":"index","follow":"follow","max-snippet":"max-snippet:-1","max-image-preview":"max-image-preview:large","max-video-preview":"max-video-preview:-1"},"canonical":"https:\/\/www.ucaldas.edu.co\/portal\/coloquio-ano-cruzado-francia-colombia-paces-justicia-y-convivencia-social-may-16-al-19\/","schema":{"@context":"https:\/\/schema.org","@graph":[{"@type":"Article","@id":"https:\/\/www.ucaldas.edu.co\/portal\/coloquio-ano-cruzado-francia-colombia-paces-justicia-y-convivencia-social-may-16-al-19\/#article","isPartOf":{"@id":"https:\/\/www.ucaldas.edu.co\/portal\/coloquio-ano-cruzado-francia-colombia-paces-justicia-y-convivencia-social-may-16-al-19\/"},"author":{"name":"ofiprensa","@id":"https:\/\/www.ucaldas.edu.co\/portal\/#\/schema\/person\/a1b482e23449158b4bc319926c074fdf"},"headline":"Coloquio a\u00f1o cruzado Francia Colombia: paces justicia y convivencia social &#8211; may 16 al 19","datePublished":"2017-05-04T21:46:26+00:00","mainEntityOfPage":{"@id":"https:\/\/www.ucaldas.edu.co\/portal\/coloquio-ano-cruzado-francia-colombia-paces-justicia-y-convivencia-social-may-16-al-19\/"},"wordCount":156,"publisher":{"@id":"https:\/\/www.ucaldas.edu.co\/portal\/#organization"},"image":{"@id":"https:\/\/www.ucaldas.edu.co\/portal\/coloquio-ano-cruzado-francia-colombia-paces-justicia-y-convivencia-social-may-16-al-19\/#primaryimage"},"thumbnailUrl":"https:\/\/www.ucaldas.edu.co\/portal\/wp-content\/uploads\/2017\/05\/ARTE-PIEZA-DIGITAL-02-2-300x300.jpg","keywords":["paz","A\u00f1o Cruzado Francia - Colombia","coloquio","academia","Participe"],"articleSection":["Eventos"],"inLanguage":"es"},{"@type":"WebPage","@id":"https:\/\/www.ucaldas.edu.co\/portal\/coloquio-ano-cruzado-francia-colombia-paces-justicia-y-convivencia-social-may-16-al-19\/","url":"https:\/\/www.ucaldas.edu.co\/portal\/coloquio-ano-cruzado-francia-colombia-paces-justicia-y-convivencia-social-may-16-al-19\/","name":"Coloquio a\u00f1o cruzado Francia Colombia: paces justicia y convivencia social - may 16 al 19 .","isPartOf":{"@id":"https:\/\/www.ucaldas.edu.co\/portal\/#website"},"primaryImageOfPage":{"@id":"https:\/\/www.ucaldas.edu.co\/portal\/coloquio-ano-cruzado-francia-colombia-paces-justicia-y-convivencia-social-may-16-al-19\/#primaryimage"},"image":{"@id":"https:\/\/www.ucaldas.edu.co\/portal\/coloquio-ano-cruzado-francia-colombia-paces-justicia-y-convivencia-social-may-16-al-19\/#primaryimage"},"thumbnailUrl":"https:\/\/www.ucaldas.edu.co\/portal\/wp-content\/uploads\/2017\/05\/ARTE-PIEZA-DIGITAL-02-2-300x300.jpg","datePublished":"2017-05-04T21:46:26+00:00","breadcrumb":{"@id":"https:\/\/www.ucaldas.edu.co\/portal\/coloquio-ano-cruzado-francia-colombia-paces-justicia-y-convivencia-social-may-16-al-19\/#breadcrumb"},"inLanguage":"es","potentialAction":[{"@type":"ReadAction","target":["https:\/\/www.ucaldas.edu.co\/portal\/coloquio-ano-cruzado-francia-colombia-paces-justicia-y-convivencia-social-may-16-al-19\/"]}]},{"@type":"ImageObject","inLanguage":"es","@id":"https:\/\/www.ucaldas.edu.co\/portal\/coloquio-ano-cruzado-francia-colombia-paces-justicia-y-convivencia-social-may-16-al-19\/#primaryimage","url":"https:\/\/www.ucaldas.edu.co\/portal\/wp-content\/uploads\/2017\/05\/ARTE-PIEZA-DIGITAL-02-2-300x300.jpg","contentUrl":"https:\/\/www.ucaldas.edu.co\/portal\/wp-content\/uploads\/2017\/05\/ARTE-PIEZA-DIGITAL-02-2-300x300.jpg"},{"@type":"BreadcrumbList","@id":"https:\/\/www.ucaldas.edu.co\/portal\/coloquio-ano-cruzado-francia-colombia-paces-justicia-y-convivencia-social-may-16-al-19\/#breadcrumb","itemListElement":[{"@type":"ListItem","position":1,"name":"Portada","item":"https:\/\/www.ucaldas.edu.co\/portal\/"},{"@type":"ListItem","position":2,"name":"Coloquio a\u00f1o cruzado Francia Colombia: paces justicia y convivencia social &#8211; may 16 al 19"}]},{"@type":"WebSite","@id":"https:\/\/www.ucaldas.edu.co\/portal\/#website","url":"https:\/\/www.ucaldas.edu.co\/portal\/","name":"Universidad de Caldas","description":"","publisher":{"@id":"https:\/\/www.ucaldas.edu.co\/portal\/#organization"},"alternateName":"U. de Caldas","potentialAction":[{"@type":"SearchAction","target":{"@type":"EntryPoint","urlTemplate":"https:\/\/www.ucaldas.edu.co\/portal\/?s={search_term_string}"},"query-input":{"@type":"PropertyValueSpecification","valueRequired":true,"valueName":"search_term_string"}}],"inLanguage":"es"},{"@type":"Organization","@id":"https:\/\/www.ucaldas.edu.co\/portal\/#organization","name":"Universidad de Caldas","alternateName":"U. de Caldas","url":"https:\/\/www.ucaldas.edu.co\/portal\/","logo":{"@type":"ImageObject","inLanguage":"es","@id":"https:\/\/www.ucaldas.edu.co\/portal\/#\/schema\/logo\/image\/","url":"https:\/\/www.ucaldas.edu.co\/portal\/wp-content\/uploads\/2023\/11\/Logo_horizontal_oscuroU-2023.png","contentUrl":"https:\/\/www.ucaldas.edu.co\/portal\/wp-content\/uploads\/2023\/11\/Logo_horizontal_oscuroU-2023.png","width":263,"height":101,"caption":"Universidad de Caldas"},"image":{"@id":"https:\/\/www.ucaldas.edu.co\/portal\/#\/schema\/logo\/image\/"},"sameAs":["https:\/\/www.facebook.com\/udecaldas","https:\/\/x.com\/udecaldas","https:\/\/www.youtube.com\/universidadcaldas","https:\/\/www.instagram.com\/udecaldas\/"]},{"@type":"Person","@id":"https:\/\/www.ucaldas.edu.co\/portal\/#\/schema\/person\/a1b482e23449158b4bc319926c074fdf","name":"ofiprensa","image":{"@type":"ImageObject","inLanguage":"es","@id":"https:\/\/www.ucaldas.edu.co\/portal\/wp-content\/litespeed\/avatar\/09ea5085e600095a7a811142c6944527.jpg?ver=1777497608","url":"https:\/\/www.ucaldas.edu.co\/portal\/wp-content\/litespeed\/avatar\/09ea5085e600095a7a811142c6944527.jpg?ver=1777497608","contentUrl":"https:\/\/www.ucaldas.edu.co\/portal\/wp-content\/litespeed\/avatar\/09ea5085e600095a7a811142c6944527.jpg?ver=1777497608","caption":"ofiprensa"},"url":"https:\/\/www.ucaldas.edu.co\/portal\/author\/ofiprensa\/"}]}},"_links":{"self":[{"href":"https:\/\/www.ucaldas.edu.co\/portal\/wp-json\/wp\/v2\/posts\/35368","targetHints":{"allow":["GET"]}}],"collection":[{"href":"https:\/\/www.ucaldas.edu.co\/portal\/wp-json\/wp\/v2\/posts"}],"about":[{"href":"https:\/\/www.ucaldas.edu.co\/portal\/wp-json\/wp\/v2\/types\/post"}],"author":[{"embeddable":true,"href":"https:\/\/www.ucaldas.edu.co\/portal\/wp-json\/wp\/v2\/users\/2"}],"replies":[{"embeddable":true,"href":"https:\/\/www.ucaldas.edu.co\/portal\/wp-json\/wp\/v2\/comments?post=35368"}],"version-history":[{"count":0,"href":"https:\/\/www.ucaldas.edu.co\/portal\/wp-json\/wp\/v2\/posts\/35368\/revisions"}],"wp:attachment":[{"href":"https:\/\/www.ucaldas.edu.co\/portal\/wp-json\/wp\/v2\/media?parent=35368"}],"wp:term":[{"taxonomy":"category","embeddable":true,"href":"https:\/\/www.ucaldas.edu.co\/portal\/wp-json\/wp\/v2\/categories?post=35368"},{"taxonomy":"post_tag","embeddable":true,"href":"https:\/\/www.ucaldas.edu.co\/portal\/wp-json\/wp\/v2\/tags?post=35368"}],"curies":[{"name":"wp","href":"https:\/\/api.w.org\/{rel}","templated":true}]}}