{"id":35358,"date":"2017-05-04T15:01:53","date_gmt":"2017-05-04T20:01:53","guid":{"rendered":"https:\/\/www.ucaldas.edu.co\/portal\/?p=35358"},"modified":"2017-05-04T15:01:53","modified_gmt":"2017-05-04T20:01:53","slug":"grupo-teatro-inverso-recibio-reconocimiento-en-republica-dominicana-por-sus-grandes-aportes-de-participaciones-teatrales","status":"publish","type":"post","link":"https:\/\/www.ucaldas.edu.co\/portal\/grupo-teatro-inverso-recibio-reconocimiento-en-republica-dominicana-por-sus-grandes-aportes-de-participaciones-teatrales\/","title":{"rendered":"Grupo Teatro Inverso recibi\u00f3 reconocimiento en Rep\u00fablica Dominicana por sus grandes aportes de participaciones teatrales"},"content":{"rendered":"<p style=\"text-align: center;\">ADEM\u00c1S EL MUNICIPIO DE MAO LO RECONOCI\u00d3 COMO HU\u00c9SPEDES DISTINGUIDOS<\/p>\n<p style=\"text-align: center;\"><strong>Grupo Teatro Inverso recibi\u00f3 reconocimiento en Rep\u00fablica Dominicana por sus grandes aportes de participaciones teatrales<\/strong><\/p>\n<p style=\"text-align: right;\">4\/05\/2017<\/p>\n<p><img loading=\"lazy\" decoding=\"async\" class=\"alignnone size-full wp-image-35359 aligncenter\" src=\"https:\/\/www.ucaldas.edu.co\/portal\/wp-content\/uploads\/2017\/05\/tinvero.jpg\" alt=\"tinvero\" width=\"358\" height=\"283\" \/><\/p>\n<p>El <strong>Grupo Teatro Inverso de la Universidad de Caldas particip\u00f3 recientemente<\/strong> en el <strong>Festival Internacional de Teatro Itinerante,<\/strong> que se realiz\u00f3 en una Universidad Aut\u00f3noma de Santo Domingo en Mao (<strong>Rep\u00fablica Dominicana<\/strong>).<\/p>\n<p><!--more--><\/p>\n<p>El Grupo <strong>recibi\u00f3 el reconocimiento de la Universidad Aut\u00f3noma de Santo Domingo por sus grandes aportes de participaciones teatrales<\/strong> y adem\u00e1s el <strong>municipio de Mao los reconoci\u00f3 como hu\u00e9spedes distinguidos de dicha localidad.<\/strong><\/p>\n<p>&nbsp;<\/p>\n<p>Liliana Hurtado S\u00e1enz, <strong>Directora del Grupo Teatro Inverso, explic\u00f3<\/strong>: \u201ceste reconocimiento <strong>es fruto de aproximadamente siete a\u00f1os de trabajo en equipo, conformado por seis profesores que venimos trabajando en este proyecto.<\/strong> Llevamos cinco obras de teatro producidas y hemos hecho un trabajo teatral entorno a la creaci\u00f3n colectiva, donde hemos asumido diversidad de temas casi todos del orden sociopol\u00edtico\u201d.<\/p>\n<p>&nbsp;<\/p>\n<p>\u201cHemos tenido la fortuna de ser invitados a varios festivales en donde hemos presentado nuestras obras. Estas obras est\u00e1n en repertorio entonces podemos darnos el lujo de viajar y llevarlas a donde nos inviten\u201d, agreg\u00f3.<\/p>\n<p>&nbsp;<\/p>\n<p>Durante el Festival Internacional de Teatro Itinerante s<strong>e realizaron cinco funciones de las obras <em>La Rosa y el Le\u00f3n<\/em> y <em>Abadon y la Caravana del Exterminio. <\/em>D<\/strong>ichos montajes <strong>se presentaron en tres escenarios: Universidad Aut\u00f3noma de Santo Domingo, Casa de la Cultura Mao y Correccional Mao.<\/strong><\/p>\n<p>&nbsp;<\/p>\n<p><strong>Teatro con comunidades<\/strong><\/p>\n<p>Juan Camilo Molina, <strong>integrante del grupo, inform\u00f3<\/strong>: \u201cya hab\u00edamos estado en Rep\u00fablica Dominicana en el 2015. Se trata de un <strong>festival que\u00a0 tiene unas caracter\u00edsticas completamente comunitarias<\/strong>, donde digamos el v\u00ednculo es directamente con las comunidades alej\u00e1ndonos un poco del contexto acad\u00e9mico\u201d.<\/p>\n<p>&nbsp;<\/p>\n<p>\u201c<strong>Creo que la U. de Caldas debe sentirse orgullosa as\u00ed como nos sentimos nosotros represent\u00e1ndola<\/strong>. Esta posibilidad de encuentro y de intercambio garantiza de una u otra manera que se proyecte lo que nosotros al interior de la Universidad hacemos y que se est\u00e1 viendo reconocido en esos otros escenarios\u201d, enfatiz\u00f3.<\/p>\n<p>&nbsp;<\/p>\n<p><a href=\"https:\/\/www.facebook.com\/media\/set\/?set=a.1401286053266589.1073745380.107054166023124&amp;type=1&amp;l=fda0c4de1f\">Conozca im\u00e1genes del reconocimiento a Grupo Teatro Inverso U. de Caldas<\/a><\/p>\n<p><strong>\u00a0<\/strong><\/p>\n<p><strong>Informes:<\/strong> Oficina de Comunicaciones y Prensa U. de Caldas, tel\u00e9fono 878 15 00 extensi\u00f3n 12 167.<\/p>\n<p><strong>Redacci\u00f3n:<\/strong> Margarita Laverde<\/p>\n<p>&nbsp;<\/p>\n","protected":false},"excerpt":{"rendered":"<p>ADEM\u00c1S EL MUNICIPIO DE MAO LO RECONOCI\u00d3 COMO HU\u00c9SPEDES DISTINGUIDOS Grupo Teatro Inverso recibi\u00f3 reconocimiento en Rep\u00fablica Dominicana por sus grandes aportes de participaciones teatrales 4\/05\/2017 El Grupo Teatro Inverso de la Universidad de Caldas particip\u00f3 recientemente en el Festival Internacional de Teatro Itinerante, que se realiz\u00f3 en una Universidad Aut\u00f3noma de Santo Domingo en [&hellip;]<\/p>\n","protected":false},"author":2,"featured_media":0,"comment_status":"closed","ping_status":"closed","sticky":false,"template":"","format":"standard","meta":{"footnotes":""},"categories":[48,53,614,664],"tags":[73,129,761],"class_list":["post-35358","post","type-post","status-publish","format-standard","hentry","category-actualidad","category-universidad-al-dia","category-ucaldas-internacional","category-ucaldas-cultural","tag-proyeccion","tag-reconocimiento","tag-grupo-de-teatro"],"yoast_head":"<!-- This site is optimized with the Yoast SEO plugin v27.5 - https:\/\/yoast.com\/product\/yoast-seo-wordpress\/ -->\n<title>Grupo Teatro Inverso recibi\u00f3 reconocimiento en Rep\u00fablica Dominicana por sus grandes aportes de participaciones teatrales .<\/title>\n<meta name=\"robots\" content=\"index, follow, max-snippet:-1, max-image-preview:large, max-video-preview:-1\" \/>\n<link rel=\"canonical\" href=\"https:\/\/www.ucaldas.edu.co\/portal\/grupo-teatro-inverso-recibio-reconocimiento-en-republica-dominicana-por-sus-grandes-aportes-de-participaciones-teatrales\/\" \/>\n<script type=\"application\/ld+json\" class=\"yoast-schema-graph\">{\"@context\":\"https:\\\/\\\/schema.org\",\"@graph\":[{\"@type\":\"Article\",\"@id\":\"https:\\\/\\\/www.ucaldas.edu.co\\\/portal\\\/grupo-teatro-inverso-recibio-reconocimiento-en-republica-dominicana-por-sus-grandes-aportes-de-participaciones-teatrales\\\/#article\",\"isPartOf\":{\"@id\":\"https:\\\/\\\/www.ucaldas.edu.co\\\/portal\\\/grupo-teatro-inverso-recibio-reconocimiento-en-republica-dominicana-por-sus-grandes-aportes-de-participaciones-teatrales\\\/\"},\"author\":{\"name\":\"ofiprensa\",\"@id\":\"https:\\\/\\\/www.ucaldas.edu.co\\\/portal\\\/#\\\/schema\\\/person\\\/a1b482e23449158b4bc319926c074fdf\"},\"headline\":\"Grupo Teatro Inverso recibi\u00f3 reconocimiento en Rep\u00fablica Dominicana por sus grandes aportes de participaciones teatrales\",\"datePublished\":\"2017-05-04T20:01:53+00:00\",\"mainEntityOfPage\":{\"@id\":\"https:\\\/\\\/www.ucaldas.edu.co\\\/portal\\\/grupo-teatro-inverso-recibio-reconocimiento-en-republica-dominicana-por-sus-grandes-aportes-de-participaciones-teatrales\\\/\"},\"wordCount\":399,\"publisher\":{\"@id\":\"https:\\\/\\\/www.ucaldas.edu.co\\\/portal\\\/#organization\"},\"image\":{\"@id\":\"https:\\\/\\\/www.ucaldas.edu.co\\\/portal\\\/grupo-teatro-inverso-recibio-reconocimiento-en-republica-dominicana-por-sus-grandes-aportes-de-participaciones-teatrales\\\/#primaryimage\"},\"thumbnailUrl\":\"https:\\\/\\\/www.ucaldas.edu.co\\\/portal\\\/wp-content\\\/uploads\\\/2017\\\/05\\\/tinvero.jpg\",\"keywords\":[\"Proyecci\u00f3n\",\"Reconocimiento\",\"Grupo de Teatro\"],\"articleSection\":[\"Actualidad\",\"Universidad al D\u00eda\",\"Ucaldas Internacional\",\"UCaldas Cultural\"],\"inLanguage\":\"es\"},{\"@type\":\"WebPage\",\"@id\":\"https:\\\/\\\/www.ucaldas.edu.co\\\/portal\\\/grupo-teatro-inverso-recibio-reconocimiento-en-republica-dominicana-por-sus-grandes-aportes-de-participaciones-teatrales\\\/\",\"url\":\"https:\\\/\\\/www.ucaldas.edu.co\\\/portal\\\/grupo-teatro-inverso-recibio-reconocimiento-en-republica-dominicana-por-sus-grandes-aportes-de-participaciones-teatrales\\\/\",\"name\":\"Grupo Teatro Inverso recibi\u00f3 reconocimiento en Rep\u00fablica Dominicana por sus grandes aportes de participaciones teatrales .\",\"isPartOf\":{\"@id\":\"https:\\\/\\\/www.ucaldas.edu.co\\\/portal\\\/#website\"},\"primaryImageOfPage\":{\"@id\":\"https:\\\/\\\/www.ucaldas.edu.co\\\/portal\\\/grupo-teatro-inverso-recibio-reconocimiento-en-republica-dominicana-por-sus-grandes-aportes-de-participaciones-teatrales\\\/#primaryimage\"},\"image\":{\"@id\":\"https:\\\/\\\/www.ucaldas.edu.co\\\/portal\\\/grupo-teatro-inverso-recibio-reconocimiento-en-republica-dominicana-por-sus-grandes-aportes-de-participaciones-teatrales\\\/#primaryimage\"},\"thumbnailUrl\":\"https:\\\/\\\/www.ucaldas.edu.co\\\/portal\\\/wp-content\\\/uploads\\\/2017\\\/05\\\/tinvero.jpg\",\"datePublished\":\"2017-05-04T20:01:53+00:00\",\"breadcrumb\":{\"@id\":\"https:\\\/\\\/www.ucaldas.edu.co\\\/portal\\\/grupo-teatro-inverso-recibio-reconocimiento-en-republica-dominicana-por-sus-grandes-aportes-de-participaciones-teatrales\\\/#breadcrumb\"},\"inLanguage\":\"es\",\"potentialAction\":[{\"@type\":\"ReadAction\",\"target\":[\"https:\\\/\\\/www.ucaldas.edu.co\\\/portal\\\/grupo-teatro-inverso-recibio-reconocimiento-en-republica-dominicana-por-sus-grandes-aportes-de-participaciones-teatrales\\\/\"]}]},{\"@type\":\"ImageObject\",\"inLanguage\":\"es\",\"@id\":\"https:\\\/\\\/www.ucaldas.edu.co\\\/portal\\\/grupo-teatro-inverso-recibio-reconocimiento-en-republica-dominicana-por-sus-grandes-aportes-de-participaciones-teatrales\\\/#primaryimage\",\"url\":\"https:\\\/\\\/www.ucaldas.edu.co\\\/portal\\\/wp-content\\\/uploads\\\/2017\\\/05\\\/tinvero.jpg\",\"contentUrl\":\"https:\\\/\\\/www.ucaldas.edu.co\\\/portal\\\/wp-content\\\/uploads\\\/2017\\\/05\\\/tinvero.jpg\"},{\"@type\":\"BreadcrumbList\",\"@id\":\"https:\\\/\\\/www.ucaldas.edu.co\\\/portal\\\/grupo-teatro-inverso-recibio-reconocimiento-en-republica-dominicana-por-sus-grandes-aportes-de-participaciones-teatrales\\\/#breadcrumb\",\"itemListElement\":[{\"@type\":\"ListItem\",\"position\":1,\"name\":\"Portada\",\"item\":\"https:\\\/\\\/www.ucaldas.edu.co\\\/portal\\\/\"},{\"@type\":\"ListItem\",\"position\":2,\"name\":\"Grupo Teatro Inverso recibi\u00f3 reconocimiento en Rep\u00fablica Dominicana por sus grandes aportes de participaciones teatrales\"}]},{\"@type\":\"WebSite\",\"@id\":\"https:\\\/\\\/www.ucaldas.edu.co\\\/portal\\\/#website\",\"url\":\"https:\\\/\\\/www.ucaldas.edu.co\\\/portal\\\/\",\"name\":\"Universidad de Caldas\",\"description\":\"\",\"publisher\":{\"@id\":\"https:\\\/\\\/www.ucaldas.edu.co\\\/portal\\\/#organization\"},\"alternateName\":\"U. de Caldas\",\"potentialAction\":[{\"@type\":\"SearchAction\",\"target\":{\"@type\":\"EntryPoint\",\"urlTemplate\":\"https:\\\/\\\/www.ucaldas.edu.co\\\/portal\\\/?s={search_term_string}\"},\"query-input\":{\"@type\":\"PropertyValueSpecification\",\"valueRequired\":true,\"valueName\":\"search_term_string\"}}],\"inLanguage\":\"es\"},{\"@type\":\"Organization\",\"@id\":\"https:\\\/\\\/www.ucaldas.edu.co\\\/portal\\\/#organization\",\"name\":\"Universidad de Caldas\",\"alternateName\":\"U. de Caldas\",\"url\":\"https:\\\/\\\/www.ucaldas.edu.co\\\/portal\\\/\",\"logo\":{\"@type\":\"ImageObject\",\"inLanguage\":\"es\",\"@id\":\"https:\\\/\\\/www.ucaldas.edu.co\\\/portal\\\/#\\\/schema\\\/logo\\\/image\\\/\",\"url\":\"https:\\\/\\\/www.ucaldas.edu.co\\\/portal\\\/wp-content\\\/uploads\\\/2023\\\/11\\\/Logo_horizontal_oscuroU-2023.png\",\"contentUrl\":\"https:\\\/\\\/www.ucaldas.edu.co\\\/portal\\\/wp-content\\\/uploads\\\/2023\\\/11\\\/Logo_horizontal_oscuroU-2023.png\",\"width\":263,\"height\":101,\"caption\":\"Universidad de Caldas\"},\"image\":{\"@id\":\"https:\\\/\\\/www.ucaldas.edu.co\\\/portal\\\/#\\\/schema\\\/logo\\\/image\\\/\"},\"sameAs\":[\"https:\\\/\\\/www.facebook.com\\\/udecaldas\",\"https:\\\/\\\/x.com\\\/udecaldas\",\"https:\\\/\\\/www.youtube.com\\\/universidadcaldas\",\"https:\\\/\\\/www.instagram.com\\\/udecaldas\\\/\"]},{\"@type\":\"Person\",\"@id\":\"https:\\\/\\\/www.ucaldas.edu.co\\\/portal\\\/#\\\/schema\\\/person\\\/a1b482e23449158b4bc319926c074fdf\",\"name\":\"ofiprensa\",\"image\":{\"@type\":\"ImageObject\",\"inLanguage\":\"es\",\"@id\":\"https:\\\/\\\/www.ucaldas.edu.co\\\/portal\\\/wp-content\\\/litespeed\\\/avatar\\\/09ea5085e600095a7a811142c6944527.jpg?ver=1777497608\",\"url\":\"https:\\\/\\\/www.ucaldas.edu.co\\\/portal\\\/wp-content\\\/litespeed\\\/avatar\\\/09ea5085e600095a7a811142c6944527.jpg?ver=1777497608\",\"contentUrl\":\"https:\\\/\\\/www.ucaldas.edu.co\\\/portal\\\/wp-content\\\/litespeed\\\/avatar\\\/09ea5085e600095a7a811142c6944527.jpg?ver=1777497608\",\"caption\":\"ofiprensa\"},\"url\":\"https:\\\/\\\/www.ucaldas.edu.co\\\/portal\\\/author\\\/ofiprensa\\\/\"}]}<\/script>\n<!-- \/ Yoast SEO plugin. -->","yoast_head_json":{"title":"Grupo Teatro Inverso recibi\u00f3 reconocimiento en Rep\u00fablica Dominicana por sus grandes aportes de participaciones teatrales .","robots":{"index":"index","follow":"follow","max-snippet":"max-snippet:-1","max-image-preview":"max-image-preview:large","max-video-preview":"max-video-preview:-1"},"canonical":"https:\/\/www.ucaldas.edu.co\/portal\/grupo-teatro-inverso-recibio-reconocimiento-en-republica-dominicana-por-sus-grandes-aportes-de-participaciones-teatrales\/","schema":{"@context":"https:\/\/schema.org","@graph":[{"@type":"Article","@id":"https:\/\/www.ucaldas.edu.co\/portal\/grupo-teatro-inverso-recibio-reconocimiento-en-republica-dominicana-por-sus-grandes-aportes-de-participaciones-teatrales\/#article","isPartOf":{"@id":"https:\/\/www.ucaldas.edu.co\/portal\/grupo-teatro-inverso-recibio-reconocimiento-en-republica-dominicana-por-sus-grandes-aportes-de-participaciones-teatrales\/"},"author":{"name":"ofiprensa","@id":"https:\/\/www.ucaldas.edu.co\/portal\/#\/schema\/person\/a1b482e23449158b4bc319926c074fdf"},"headline":"Grupo Teatro Inverso recibi\u00f3 reconocimiento en Rep\u00fablica Dominicana por sus grandes aportes de participaciones teatrales","datePublished":"2017-05-04T20:01:53+00:00","mainEntityOfPage":{"@id":"https:\/\/www.ucaldas.edu.co\/portal\/grupo-teatro-inverso-recibio-reconocimiento-en-republica-dominicana-por-sus-grandes-aportes-de-participaciones-teatrales\/"},"wordCount":399,"publisher":{"@id":"https:\/\/www.ucaldas.edu.co\/portal\/#organization"},"image":{"@id":"https:\/\/www.ucaldas.edu.co\/portal\/grupo-teatro-inverso-recibio-reconocimiento-en-republica-dominicana-por-sus-grandes-aportes-de-participaciones-teatrales\/#primaryimage"},"thumbnailUrl":"https:\/\/www.ucaldas.edu.co\/portal\/wp-content\/uploads\/2017\/05\/tinvero.jpg","keywords":["Proyecci\u00f3n","Reconocimiento","Grupo de Teatro"],"articleSection":["Actualidad","Universidad al D\u00eda","Ucaldas Internacional","UCaldas Cultural"],"inLanguage":"es"},{"@type":"WebPage","@id":"https:\/\/www.ucaldas.edu.co\/portal\/grupo-teatro-inverso-recibio-reconocimiento-en-republica-dominicana-por-sus-grandes-aportes-de-participaciones-teatrales\/","url":"https:\/\/www.ucaldas.edu.co\/portal\/grupo-teatro-inverso-recibio-reconocimiento-en-republica-dominicana-por-sus-grandes-aportes-de-participaciones-teatrales\/","name":"Grupo Teatro Inverso recibi\u00f3 reconocimiento en Rep\u00fablica Dominicana por sus grandes aportes de participaciones teatrales .","isPartOf":{"@id":"https:\/\/www.ucaldas.edu.co\/portal\/#website"},"primaryImageOfPage":{"@id":"https:\/\/www.ucaldas.edu.co\/portal\/grupo-teatro-inverso-recibio-reconocimiento-en-republica-dominicana-por-sus-grandes-aportes-de-participaciones-teatrales\/#primaryimage"},"image":{"@id":"https:\/\/www.ucaldas.edu.co\/portal\/grupo-teatro-inverso-recibio-reconocimiento-en-republica-dominicana-por-sus-grandes-aportes-de-participaciones-teatrales\/#primaryimage"},"thumbnailUrl":"https:\/\/www.ucaldas.edu.co\/portal\/wp-content\/uploads\/2017\/05\/tinvero.jpg","datePublished":"2017-05-04T20:01:53+00:00","breadcrumb":{"@id":"https:\/\/www.ucaldas.edu.co\/portal\/grupo-teatro-inverso-recibio-reconocimiento-en-republica-dominicana-por-sus-grandes-aportes-de-participaciones-teatrales\/#breadcrumb"},"inLanguage":"es","potentialAction":[{"@type":"ReadAction","target":["https:\/\/www.ucaldas.edu.co\/portal\/grupo-teatro-inverso-recibio-reconocimiento-en-republica-dominicana-por-sus-grandes-aportes-de-participaciones-teatrales\/"]}]},{"@type":"ImageObject","inLanguage":"es","@id":"https:\/\/www.ucaldas.edu.co\/portal\/grupo-teatro-inverso-recibio-reconocimiento-en-republica-dominicana-por-sus-grandes-aportes-de-participaciones-teatrales\/#primaryimage","url":"https:\/\/www.ucaldas.edu.co\/portal\/wp-content\/uploads\/2017\/05\/tinvero.jpg","contentUrl":"https:\/\/www.ucaldas.edu.co\/portal\/wp-content\/uploads\/2017\/05\/tinvero.jpg"},{"@type":"BreadcrumbList","@id":"https:\/\/www.ucaldas.edu.co\/portal\/grupo-teatro-inverso-recibio-reconocimiento-en-republica-dominicana-por-sus-grandes-aportes-de-participaciones-teatrales\/#breadcrumb","itemListElement":[{"@type":"ListItem","position":1,"name":"Portada","item":"https:\/\/www.ucaldas.edu.co\/portal\/"},{"@type":"ListItem","position":2,"name":"Grupo Teatro Inverso recibi\u00f3 reconocimiento en Rep\u00fablica Dominicana por sus grandes aportes de participaciones teatrales"}]},{"@type":"WebSite","@id":"https:\/\/www.ucaldas.edu.co\/portal\/#website","url":"https:\/\/www.ucaldas.edu.co\/portal\/","name":"Universidad de Caldas","description":"","publisher":{"@id":"https:\/\/www.ucaldas.edu.co\/portal\/#organization"},"alternateName":"U. de Caldas","potentialAction":[{"@type":"SearchAction","target":{"@type":"EntryPoint","urlTemplate":"https:\/\/www.ucaldas.edu.co\/portal\/?s={search_term_string}"},"query-input":{"@type":"PropertyValueSpecification","valueRequired":true,"valueName":"search_term_string"}}],"inLanguage":"es"},{"@type":"Organization","@id":"https:\/\/www.ucaldas.edu.co\/portal\/#organization","name":"Universidad de Caldas","alternateName":"U. de Caldas","url":"https:\/\/www.ucaldas.edu.co\/portal\/","logo":{"@type":"ImageObject","inLanguage":"es","@id":"https:\/\/www.ucaldas.edu.co\/portal\/#\/schema\/logo\/image\/","url":"https:\/\/www.ucaldas.edu.co\/portal\/wp-content\/uploads\/2023\/11\/Logo_horizontal_oscuroU-2023.png","contentUrl":"https:\/\/www.ucaldas.edu.co\/portal\/wp-content\/uploads\/2023\/11\/Logo_horizontal_oscuroU-2023.png","width":263,"height":101,"caption":"Universidad de Caldas"},"image":{"@id":"https:\/\/www.ucaldas.edu.co\/portal\/#\/schema\/logo\/image\/"},"sameAs":["https:\/\/www.facebook.com\/udecaldas","https:\/\/x.com\/udecaldas","https:\/\/www.youtube.com\/universidadcaldas","https:\/\/www.instagram.com\/udecaldas\/"]},{"@type":"Person","@id":"https:\/\/www.ucaldas.edu.co\/portal\/#\/schema\/person\/a1b482e23449158b4bc319926c074fdf","name":"ofiprensa","image":{"@type":"ImageObject","inLanguage":"es","@id":"https:\/\/www.ucaldas.edu.co\/portal\/wp-content\/litespeed\/avatar\/09ea5085e600095a7a811142c6944527.jpg?ver=1777497608","url":"https:\/\/www.ucaldas.edu.co\/portal\/wp-content\/litespeed\/avatar\/09ea5085e600095a7a811142c6944527.jpg?ver=1777497608","contentUrl":"https:\/\/www.ucaldas.edu.co\/portal\/wp-content\/litespeed\/avatar\/09ea5085e600095a7a811142c6944527.jpg?ver=1777497608","caption":"ofiprensa"},"url":"https:\/\/www.ucaldas.edu.co\/portal\/author\/ofiprensa\/"}]}},"_links":{"self":[{"href":"https:\/\/www.ucaldas.edu.co\/portal\/wp-json\/wp\/v2\/posts\/35358","targetHints":{"allow":["GET"]}}],"collection":[{"href":"https:\/\/www.ucaldas.edu.co\/portal\/wp-json\/wp\/v2\/posts"}],"about":[{"href":"https:\/\/www.ucaldas.edu.co\/portal\/wp-json\/wp\/v2\/types\/post"}],"author":[{"embeddable":true,"href":"https:\/\/www.ucaldas.edu.co\/portal\/wp-json\/wp\/v2\/users\/2"}],"replies":[{"embeddable":true,"href":"https:\/\/www.ucaldas.edu.co\/portal\/wp-json\/wp\/v2\/comments?post=35358"}],"version-history":[{"count":0,"href":"https:\/\/www.ucaldas.edu.co\/portal\/wp-json\/wp\/v2\/posts\/35358\/revisions"}],"wp:attachment":[{"href":"https:\/\/www.ucaldas.edu.co\/portal\/wp-json\/wp\/v2\/media?parent=35358"}],"wp:term":[{"taxonomy":"category","embeddable":true,"href":"https:\/\/www.ucaldas.edu.co\/portal\/wp-json\/wp\/v2\/categories?post=35358"},{"taxonomy":"post_tag","embeddable":true,"href":"https:\/\/www.ucaldas.edu.co\/portal\/wp-json\/wp\/v2\/tags?post=35358"}],"curies":[{"name":"wp","href":"https:\/\/api.w.org\/{rel}","templated":true}]}}