{"id":35240,"date":"2017-04-27T17:36:48","date_gmt":"2017-04-27T22:36:48","guid":{"rendered":"https:\/\/www.ucaldas.edu.co\/portal\/?p=35240"},"modified":"2017-04-27T17:36:48","modified_gmt":"2017-04-27T22:36:48","slug":"u-de-caldas-se-unio-a-otras-universidades-para-visibilizar-a-los-habitantes-de-calle-de-manizales","status":"publish","type":"post","link":"https:\/\/www.ucaldas.edu.co\/portal\/u-de-caldas-se-unio-a-otras-universidades-para-visibilizar-a-los-habitantes-de-calle-de-manizales\/","title":{"rendered":"U. de Caldas se uni\u00f3 a otras universidades para visibilizar a los habitantes de calle de Manizales"},"content":{"rendered":"<p style=\"text-align: center;\"><strong>JORNADA \u00abLA CALLE, UN ESPACIO QUE SE HABITA\u00bb<\/strong><\/p>\n<p style=\"text-align: center;\"><strong>U.\u00a0<\/strong><strong>de Caldas se uni\u00f3 a otras universidades para visibilizar a los habitantes de calle de Manizales<\/strong><\/p>\n<p style=\"text-align: right;\">27\/04\/2017<\/p>\n<p style=\"text-align: center;\"><img loading=\"lazy\" decoding=\"async\" class=\"alignnone size-full wp-image-35241\" src=\"https:\/\/www.ucaldas.edu.co\/portal\/wp-content\/uploads\/2017\/04\/Calle-se-habita.jpg\" alt=\"Calle se habita\" width=\"378\" height=\"299\" \/><\/p>\n<p>Las <strong>oficinas de egresados de la Universidad de Caldas, la Universidad de Manizales, la Universidad Remington, y la Universidad Cat\u00f3lica de Manizales<\/strong>, se unieron a la <strong>Unidad de Protecci\u00f3n a la Vida (UPV) de la Secretar\u00eda de Gobierno<\/strong> del municipio, y realizaron el jueves 27 de abril la jornada de intervenci\u00f3n <strong>\u00abLa calle, un espacio que se habita\u00bb<\/strong>, que buscaba acercar la oferta cultural y servicios de las universidades a los habitantes de calle, y que tuvieran un rato de esparcimiento.<\/p>\n<p><!--more--><\/p>\n<p>Esto lo confirm\u00f3 <strong>John Wilson<\/strong>, un habitante de calle al que <strong>le gustaron todas las actividades pero que hizo \u00e9nfasis en que las orquestas fueron las que animaron a los asistentes al Parque San Jos\u00e9<\/strong>, en el centro de la ciudad.<\/p>\n<p>&nbsp;<\/p>\n<blockquote class=\"twitter-video\" data-lang=\"es\">\n<p dir=\"ltr\" lang=\"es\">Wilson, habitante de calle agradece a las instituciones que hicieron posible un d\u00eda de actividades. <a href=\"https:\/\/twitter.com\/hashtag\/LaCalleSeHabita?src=hash\">#LaCalleSeHabita<\/a> <a href=\"https:\/\/t.co\/N1vQvUiRn6\">pic.twitter.com\/N1vQvUiRn6<\/a><\/p>\n<p>\u2014 U. de Manizales (@umanizales) <a href=\"https:\/\/twitter.com\/umanizales\/status\/857698855525208065\">27 de abril de 2017<\/a><\/p><\/blockquote>\n<p><script async src=\"\/\/platform.twitter.com\/widgets.js\" charset=\"utf-8\"><\/script><\/p>\n<p>El montaje se hizo en la noche del 26 de abril y <strong>desde las 5:00 a.m. del jueves 27 de abril se llev\u00f3 a cabo el alistamiento de los participantes<\/strong>, quienes se asearon y cambiaron con ropa limpia, para despu\u00e9s desayunar\u00a0 y recibir un corte de cabello. Posteriormente <strong>cada habitante de calle decid\u00eda a qu\u00e9 oferta cultural, musical o recreativa se acercaba<\/strong> en cada una de las carpas de las universidades, hasta el cierre de la jornada a las 9:00 p.m.<\/p>\n<p>\u00ab<strong>Suelen ser una poblaci\u00f3n que est\u00e1 por fuera de muchas de las ofertas institucionales<\/strong>, entonces aqu\u00ed est\u00e1 el compromiso acad\u00e9mico de docentes, estudiantes y egresados que han querido ser parte de este escenario. <strong>Aprendimos mucho de las historias<\/strong> y de lo que nos transmitieron\u00bb, explic\u00f3 <strong>Yorlady Medina G\u00f3mez,\u00a0 jefe de la oficina de Egresados de la Universidad de Caldas<\/strong>.<\/p>\n<p><strong>Visibilidad<\/strong><\/p>\n<p><strong>El Alcalde de Manizales, Octavio Cardona Le\u00f3n<\/strong>, indic\u00f3 que el objetivo era abrir un espacio de entretenimiento a los habitantes de calle y visibilizarlos para que <strong>la comunidad no los vea como de una categor\u00eda inferior sino como personas que necesitan atenciones mayores<\/strong>.<\/p>\n<p>\u00abParte del problema de lo que ocurre en el mundo es que muchos sectores se han dedicado m\u00e1s a los n\u00fameros y a las ciencias exactas y han olvidado el ser humano. En este caso <strong>el apoyo de la Universidad de Caldas con sus carreras sociales ayudan bastante porque advierten, perciben y asumen al habitante de calle como seres humanos con necesidades especiales<\/strong>\u00ab, asegur\u00f3.<\/p>\n<p><img loading=\"lazy\" decoding=\"async\" class=\"size-full wp-image-35244 aligncenter\" src=\"https:\/\/www.ucaldas.edu.co\/portal\/wp-content\/uploads\/2017\/04\/18156241_1391639630897898_7989482120476696582_o.jpg\" alt=\"18156241_1391639630897898_7989482120476696582_o\" width=\"451\" height=\"163\" \/><\/p>\n<p>El <strong>Rector de la Universidad de Caldas, Felipe C\u00e9sar Londo\u00f1o L\u00f3pez<\/strong>, tambi\u00e9n recalc\u00f3 la importancia de participar de estos eventos con una poblaci\u00f3n a la que poco se tiene en cuenta.<\/p>\n<p>\u00abQueremos <strong>participar no solamente acompa\u00f1\u00e1ndolos y d\u00e1ndoles comida o vestuario, sino tambi\u00e9n generando un proceso educativo de visibilidad de estas personas<\/strong>, y por eso con el <strong><a href=\"https:\/\/www.facebook.com\/danielacarmu\/\" target=\"_blank\">semillero Efecto Domin\u00f3<\/a><\/strong>, elaboramos unos afiches y gr\u00e1ficas que se van a repartir en toda la ciudad para que la gente reconozca a estas personas tan importantes\u00bb, se\u00f1al\u00f3.<\/p>\n<p>Al respecto, <strong>Claudia Jurado Grisales, docente y directora del Departamento de Dise\u00f1o Visual de la Universidad de Caldas<\/strong>, expres\u00f3 que el objetivo del semillero es el trabajo con la comunidad, la integraci\u00f3n, el reconocimiento, y que por esta raz\u00f3n les pareci\u00f3 un ejercicio importante para que los estudiantes se acercaran a esta poblaci\u00f3n.<\/p>\n<p>\u00abAcompa\u00f1ados de la UPV, nos permitieron el acercamiento, generamos di\u00e1logo y despu\u00e9s interacci\u00f3n con los habitantes. <strong>Hicimos unos audios porque tambi\u00e9n nos interesaba conocer sus historias de vida, y a medida que se hac\u00edan los audios los otros compa\u00f1eros tomaban las fotos<\/strong>\u00ab, afirm\u00f3.<\/p>\n<p><img loading=\"lazy\" decoding=\"async\" class=\"alignnone size-full wp-image-35246 aligncenter\" src=\"https:\/\/www.ucaldas.edu.co\/portal\/wp-content\/uploads\/2017\/04\/semillero-efecto-domino.png\" alt=\"semillero efecto domino\" width=\"481\" height=\"273\" \/><\/p>\n<p>Durante la jornada, se mont\u00f3 una <strong>exposici\u00f3n en el Parque San Jos\u00e9 con las fotos impresas en gran formato de varios habitantes de calle<\/strong>, con una frase sacada de los audios y en la que ellos <strong>expresaron sus deseos de ser respetados, de que los familiares los recordaran<\/strong>, de caminar tranquilamente por la calle, etc.<\/p>\n<p>\u00abLes hicimos un reconocimiento y <strong>les entregamos unas tulas<\/strong> que ten\u00edan impresas la foto de cada uno, que <strong>son apropiadas para que lleven ah\u00ed su territorio y su vida misma<\/strong>\u00ab, finaliz\u00f3 Jurado Grisales.<\/p>\n<p>Otras actividades que contaron con participaci\u00f3n de <strong>estudiantes de la Universidad de Caldas<\/strong> fueron:<\/p>\n<p>-Taller de animaci\u00f3n y motivaci\u00f3n a la lectura, con el <strong>grupo Palabra Kadabra<\/strong>.<\/p>\n<p>&nbsp;<\/p>\n<blockquote class=\"twitter-video\" data-lang=\"es\">\n<p dir=\"ltr\" lang=\"es\">Recreaci\u00f3n de Palabra Kadabra <a href=\"https:\/\/twitter.com\/hashtag\/UdeCaldas?src=hash\">#UdeCaldas<\/a> jornada <a href=\"https:\/\/twitter.com\/hashtag\/LaCalleSeHabita?src=hash\">#LaCalleSeHabita<\/a> <a href=\"https:\/\/twitter.com\/CiudadManizales\">@ciudadmanizales<\/a> <a href=\"https:\/\/twitter.com\/ucm_manizales\">@ucm_manizales<\/a> <a href=\"https:\/\/twitter.com\/umanizales\">@umanizales<\/a> <a href=\"https:\/\/twitter.com\/Uniremington_M\">@Uniremington_M<\/a> <a href=\"https:\/\/twitter.com\/lapatriacom\">@lapatriacom<\/a> <a href=\"https:\/\/t.co\/27oHIscXqE\">pic.twitter.com\/27oHIscXqE<\/a><\/p>\n<p>\u2014 Universidad Caldas (@udecaldas) <a href=\"https:\/\/twitter.com\/udecaldas\/status\/857601968252104706\">27 de abril de 2017<\/a><\/p><\/blockquote>\n<p><script async src=\"\/\/platform.twitter.com\/widgets.js\" charset=\"utf-8\"><\/script><\/p>\n<p>-Desarrollo de actividades manuales y pl\u00e1sticas (origami), con estudiantes de <strong>Artes Pl\u00e1sticas<\/strong>.<\/p>\n<p>-Concierto de <strong>Fusi\u00f3n Pac\u00edfica<\/strong>, del Departamento de M\u00fasica.<\/p>\n<p>&nbsp;<\/p>\n<blockquote class=\"twitter-video\" data-lang=\"es\">\n<p dir=\"ltr\" lang=\"es\">Fusi\u00f3n Pac\u00edfica Departamento de M\u00fasica <a href=\"https:\/\/twitter.com\/hashtag\/UdeCaldas?src=hash\">#UdeCaldas<\/a> pone ritmo en <a href=\"https:\/\/twitter.com\/hashtag\/LaCalleSeHabita?src=hash\">#LaCalleSeHabita<\/a> <a href=\"https:\/\/twitter.com\/CiudadManizales\">@ciudadmanizales<\/a> <a href=\"https:\/\/twitter.com\/ucm_manizales\">@ucm_manizales<\/a> <a href=\"https:\/\/twitter.com\/umanizales\">@umanizales<\/a> <a href=\"https:\/\/twitter.com\/Uniremington_M\">@Uniremington_M<\/a> <a href=\"https:\/\/t.co\/tWJtiaogwe\">pic.twitter.com\/tWJtiaogwe<\/a><\/p>\n<p>\u2014 Universidad Caldas (@udecaldas) <a href=\"https:\/\/twitter.com\/udecaldas\/status\/857631702772056064\">27 de abril de 2017<\/a><\/p><\/blockquote>\n<p><script async src=\"\/\/platform.twitter.com\/widgets.js\" charset=\"utf-8\"><\/script><\/p>\n<p>-Obra de teatro \u00abLa cita\u00bb, programa de Artes Esc\u00e9nicas y <strong>el grupo El Giro Colectivo Art\u00edstico<\/strong>.<\/p>\n<p>-Recordando los juegos tradicionales, programa de <strong>Educaci\u00f3n F\u00edsica<\/strong>.<\/p>\n<p>&#8211;<strong>Proyecci\u00f3n de pel\u00edcula y conversatorio<\/strong>, con el Semillero Focus, del Departamento de Antropolog\u00eda, y CINESTECIA, del programa de Dise\u00f1o Visual.<\/p>\n<p>&nbsp;<\/p>\n<p><a href=\"https:\/\/www.facebook.com\/pg\/udecaldas\/photos\/?tab=album&amp;album_id=1391638907564637\" target=\"_blank\">Observe una galer\u00eda de im\u00e1genes de la jornada \u00abLa calle, un espacio que se habita\u00bb.<\/a><\/p>\n<p><strong>Informes:<\/strong> Oficina de Comunicaciones y Prensa U. de Caldas, tel\u00e9fono 878 15 00 extensi\u00f3n 12 167.<\/p>\n<p><strong>Redacci\u00f3n:<\/strong> Mauricio D\u00edaz G\u00f3mez<\/p>\n","protected":false},"excerpt":{"rendered":"<p>JORNADA \u00abLA CALLE, UN ESPACIO QUE SE HABITA\u00bb U.\u00a0de Caldas se uni\u00f3 a otras universidades para visibilizar a los habitantes de calle de Manizales 27\/04\/2017 Las oficinas de egresados de la Universidad de Caldas, la Universidad de Manizales, la Universidad Remington, y la Universidad Cat\u00f3lica de Manizales, se unieron a la Unidad de Protecci\u00f3n a [&hellip;]<\/p>\n","protected":false},"author":2,"featured_media":0,"comment_status":"closed","ping_status":"closed","sticky":false,"template":"","format":"standard","meta":{"footnotes":""},"categories":[53,617,624,664,48],"tags":[403,630,718,737,738,739,740,741,742,743,744,745,746,747,748,194],"class_list":["post-35240","post","type-post","status-publish","format-standard","hentry","category-universidad-al-dia","category-ucaldas-colaborativa","category-ucaldas-activa","category-ucaldas-cultural","category-actualidad","tag-universidades","tag-habitantes-de-calle","tag-musica","tag-alcaldia-manizales","tag-artes-escenicas","tag-departamento-de-musica","tag-diseno-visual","tag-educacion-fisica","tag-la-calle-un-espacio-que-se-habita","tag-manizales","tag-parque-san-jose","tag-poblacion-vulnerable","tag-recreacion","tag-semillero-efecto-domino","tag-unidad-proteccion-a-la-vida","tag-cultura"],"yoast_head":"<!-- This site is optimized with the Yoast SEO plugin v27.5 - https:\/\/yoast.com\/product\/yoast-seo-wordpress\/ -->\n<title>U. de Caldas se uni\u00f3 a otras universidades para visibilizar a los habitantes de calle de Manizales .<\/title>\n<meta name=\"robots\" content=\"index, follow, max-snippet:-1, max-image-preview:large, max-video-preview:-1\" \/>\n<link rel=\"canonical\" href=\"https:\/\/www.ucaldas.edu.co\/portal\/u-de-caldas-se-unio-a-otras-universidades-para-visibilizar-a-los-habitantes-de-calle-de-manizales\/\" \/>\n<script type=\"application\/ld+json\" class=\"yoast-schema-graph\">{\"@context\":\"https:\\\/\\\/schema.org\",\"@graph\":[{\"@type\":\"Article\",\"@id\":\"https:\\\/\\\/www.ucaldas.edu.co\\\/portal\\\/u-de-caldas-se-unio-a-otras-universidades-para-visibilizar-a-los-habitantes-de-calle-de-manizales\\\/#article\",\"isPartOf\":{\"@id\":\"https:\\\/\\\/www.ucaldas.edu.co\\\/portal\\\/u-de-caldas-se-unio-a-otras-universidades-para-visibilizar-a-los-habitantes-de-calle-de-manizales\\\/\"},\"author\":{\"name\":\"ofiprensa\",\"@id\":\"https:\\\/\\\/www.ucaldas.edu.co\\\/portal\\\/#\\\/schema\\\/person\\\/a1b482e23449158b4bc319926c074fdf\"},\"headline\":\"U. de Caldas se uni\u00f3 a otras universidades para visibilizar a los habitantes de calle de Manizales\",\"datePublished\":\"2017-04-27T22:36:48+00:00\",\"mainEntityOfPage\":{\"@id\":\"https:\\\/\\\/www.ucaldas.edu.co\\\/portal\\\/u-de-caldas-se-unio-a-otras-universidades-para-visibilizar-a-los-habitantes-de-calle-de-manizales\\\/\"},\"wordCount\":945,\"publisher\":{\"@id\":\"https:\\\/\\\/www.ucaldas.edu.co\\\/portal\\\/#organization\"},\"image\":{\"@id\":\"https:\\\/\\\/www.ucaldas.edu.co\\\/portal\\\/u-de-caldas-se-unio-a-otras-universidades-para-visibilizar-a-los-habitantes-de-calle-de-manizales\\\/#primaryimage\"},\"thumbnailUrl\":\"https:\\\/\\\/www.ucaldas.edu.co\\\/portal\\\/wp-content\\\/uploads\\\/2017\\\/04\\\/Calle-se-habita.jpg\",\"keywords\":[\"universidades\",\"habitantes de calle\",\"m\u00fasica\",\"Alcald\u00eda Manizales\",\"artes esc\u00e9nicas\",\"Departamento de M\u00fasica\",\"Dise\u00f1o Visual\",\"educaci\u00f3n f\u00edsica\",\"La calle un espacio que se habita\",\"Manizales\",\"parque San Jos\u00e9.\",\"poblaci\u00f3n vulnerable\",\"recreaci\u00f3n\",\"Semillero Efecto Domin\u00f3\",\"Unidad Protecci\u00f3n a la vida\",\"cultura\"],\"articleSection\":[\"Universidad al D\u00eda\",\"UCaldas Colaborativa\",\"UCaldas Activa\",\"UCaldas Cultural\",\"Actualidad\"],\"inLanguage\":\"es\"},{\"@type\":\"WebPage\",\"@id\":\"https:\\\/\\\/www.ucaldas.edu.co\\\/portal\\\/u-de-caldas-se-unio-a-otras-universidades-para-visibilizar-a-los-habitantes-de-calle-de-manizales\\\/\",\"url\":\"https:\\\/\\\/www.ucaldas.edu.co\\\/portal\\\/u-de-caldas-se-unio-a-otras-universidades-para-visibilizar-a-los-habitantes-de-calle-de-manizales\\\/\",\"name\":\"U. de Caldas se uni\u00f3 a otras universidades para visibilizar a los habitantes de calle de Manizales .\",\"isPartOf\":{\"@id\":\"https:\\\/\\\/www.ucaldas.edu.co\\\/portal\\\/#website\"},\"primaryImageOfPage\":{\"@id\":\"https:\\\/\\\/www.ucaldas.edu.co\\\/portal\\\/u-de-caldas-se-unio-a-otras-universidades-para-visibilizar-a-los-habitantes-de-calle-de-manizales\\\/#primaryimage\"},\"image\":{\"@id\":\"https:\\\/\\\/www.ucaldas.edu.co\\\/portal\\\/u-de-caldas-se-unio-a-otras-universidades-para-visibilizar-a-los-habitantes-de-calle-de-manizales\\\/#primaryimage\"},\"thumbnailUrl\":\"https:\\\/\\\/www.ucaldas.edu.co\\\/portal\\\/wp-content\\\/uploads\\\/2017\\\/04\\\/Calle-se-habita.jpg\",\"datePublished\":\"2017-04-27T22:36:48+00:00\",\"breadcrumb\":{\"@id\":\"https:\\\/\\\/www.ucaldas.edu.co\\\/portal\\\/u-de-caldas-se-unio-a-otras-universidades-para-visibilizar-a-los-habitantes-de-calle-de-manizales\\\/#breadcrumb\"},\"inLanguage\":\"es\",\"potentialAction\":[{\"@type\":\"ReadAction\",\"target\":[\"https:\\\/\\\/www.ucaldas.edu.co\\\/portal\\\/u-de-caldas-se-unio-a-otras-universidades-para-visibilizar-a-los-habitantes-de-calle-de-manizales\\\/\"]}]},{\"@type\":\"ImageObject\",\"inLanguage\":\"es\",\"@id\":\"https:\\\/\\\/www.ucaldas.edu.co\\\/portal\\\/u-de-caldas-se-unio-a-otras-universidades-para-visibilizar-a-los-habitantes-de-calle-de-manizales\\\/#primaryimage\",\"url\":\"https:\\\/\\\/www.ucaldas.edu.co\\\/portal\\\/wp-content\\\/uploads\\\/2017\\\/04\\\/Calle-se-habita.jpg\",\"contentUrl\":\"https:\\\/\\\/www.ucaldas.edu.co\\\/portal\\\/wp-content\\\/uploads\\\/2017\\\/04\\\/Calle-se-habita.jpg\"},{\"@type\":\"BreadcrumbList\",\"@id\":\"https:\\\/\\\/www.ucaldas.edu.co\\\/portal\\\/u-de-caldas-se-unio-a-otras-universidades-para-visibilizar-a-los-habitantes-de-calle-de-manizales\\\/#breadcrumb\",\"itemListElement\":[{\"@type\":\"ListItem\",\"position\":1,\"name\":\"Portada\",\"item\":\"https:\\\/\\\/www.ucaldas.edu.co\\\/portal\\\/\"},{\"@type\":\"ListItem\",\"position\":2,\"name\":\"U. de Caldas se uni\u00f3 a otras universidades para visibilizar a los habitantes de calle de Manizales\"}]},{\"@type\":\"WebSite\",\"@id\":\"https:\\\/\\\/www.ucaldas.edu.co\\\/portal\\\/#website\",\"url\":\"https:\\\/\\\/www.ucaldas.edu.co\\\/portal\\\/\",\"name\":\"Universidad de Caldas\",\"description\":\"\",\"publisher\":{\"@id\":\"https:\\\/\\\/www.ucaldas.edu.co\\\/portal\\\/#organization\"},\"alternateName\":\"U. de Caldas\",\"potentialAction\":[{\"@type\":\"SearchAction\",\"target\":{\"@type\":\"EntryPoint\",\"urlTemplate\":\"https:\\\/\\\/www.ucaldas.edu.co\\\/portal\\\/?s={search_term_string}\"},\"query-input\":{\"@type\":\"PropertyValueSpecification\",\"valueRequired\":true,\"valueName\":\"search_term_string\"}}],\"inLanguage\":\"es\"},{\"@type\":\"Organization\",\"@id\":\"https:\\\/\\\/www.ucaldas.edu.co\\\/portal\\\/#organization\",\"name\":\"Universidad de Caldas\",\"alternateName\":\"U. de Caldas\",\"url\":\"https:\\\/\\\/www.ucaldas.edu.co\\\/portal\\\/\",\"logo\":{\"@type\":\"ImageObject\",\"inLanguage\":\"es\",\"@id\":\"https:\\\/\\\/www.ucaldas.edu.co\\\/portal\\\/#\\\/schema\\\/logo\\\/image\\\/\",\"url\":\"https:\\\/\\\/www.ucaldas.edu.co\\\/portal\\\/wp-content\\\/uploads\\\/2023\\\/11\\\/Logo_horizontal_oscuroU-2023.png\",\"contentUrl\":\"https:\\\/\\\/www.ucaldas.edu.co\\\/portal\\\/wp-content\\\/uploads\\\/2023\\\/11\\\/Logo_horizontal_oscuroU-2023.png\",\"width\":263,\"height\":101,\"caption\":\"Universidad de Caldas\"},\"image\":{\"@id\":\"https:\\\/\\\/www.ucaldas.edu.co\\\/portal\\\/#\\\/schema\\\/logo\\\/image\\\/\"},\"sameAs\":[\"https:\\\/\\\/www.facebook.com\\\/udecaldas\",\"https:\\\/\\\/x.com\\\/udecaldas\",\"https:\\\/\\\/www.youtube.com\\\/universidadcaldas\",\"https:\\\/\\\/www.instagram.com\\\/udecaldas\\\/\"]},{\"@type\":\"Person\",\"@id\":\"https:\\\/\\\/www.ucaldas.edu.co\\\/portal\\\/#\\\/schema\\\/person\\\/a1b482e23449158b4bc319926c074fdf\",\"name\":\"ofiprensa\",\"image\":{\"@type\":\"ImageObject\",\"inLanguage\":\"es\",\"@id\":\"https:\\\/\\\/www.ucaldas.edu.co\\\/portal\\\/wp-content\\\/litespeed\\\/avatar\\\/09ea5085e600095a7a811142c6944527.jpg?ver=1777497608\",\"url\":\"https:\\\/\\\/www.ucaldas.edu.co\\\/portal\\\/wp-content\\\/litespeed\\\/avatar\\\/09ea5085e600095a7a811142c6944527.jpg?ver=1777497608\",\"contentUrl\":\"https:\\\/\\\/www.ucaldas.edu.co\\\/portal\\\/wp-content\\\/litespeed\\\/avatar\\\/09ea5085e600095a7a811142c6944527.jpg?ver=1777497608\",\"caption\":\"ofiprensa\"},\"url\":\"https:\\\/\\\/www.ucaldas.edu.co\\\/portal\\\/author\\\/ofiprensa\\\/\"}]}<\/script>\n<!-- \/ Yoast SEO plugin. -->","yoast_head_json":{"title":"U. de Caldas se uni\u00f3 a otras universidades para visibilizar a los habitantes de calle de Manizales .","robots":{"index":"index","follow":"follow","max-snippet":"max-snippet:-1","max-image-preview":"max-image-preview:large","max-video-preview":"max-video-preview:-1"},"canonical":"https:\/\/www.ucaldas.edu.co\/portal\/u-de-caldas-se-unio-a-otras-universidades-para-visibilizar-a-los-habitantes-de-calle-de-manizales\/","schema":{"@context":"https:\/\/schema.org","@graph":[{"@type":"Article","@id":"https:\/\/www.ucaldas.edu.co\/portal\/u-de-caldas-se-unio-a-otras-universidades-para-visibilizar-a-los-habitantes-de-calle-de-manizales\/#article","isPartOf":{"@id":"https:\/\/www.ucaldas.edu.co\/portal\/u-de-caldas-se-unio-a-otras-universidades-para-visibilizar-a-los-habitantes-de-calle-de-manizales\/"},"author":{"name":"ofiprensa","@id":"https:\/\/www.ucaldas.edu.co\/portal\/#\/schema\/person\/a1b482e23449158b4bc319926c074fdf"},"headline":"U. de Caldas se uni\u00f3 a otras universidades para visibilizar a los habitantes de calle de Manizales","datePublished":"2017-04-27T22:36:48+00:00","mainEntityOfPage":{"@id":"https:\/\/www.ucaldas.edu.co\/portal\/u-de-caldas-se-unio-a-otras-universidades-para-visibilizar-a-los-habitantes-de-calle-de-manizales\/"},"wordCount":945,"publisher":{"@id":"https:\/\/www.ucaldas.edu.co\/portal\/#organization"},"image":{"@id":"https:\/\/www.ucaldas.edu.co\/portal\/u-de-caldas-se-unio-a-otras-universidades-para-visibilizar-a-los-habitantes-de-calle-de-manizales\/#primaryimage"},"thumbnailUrl":"https:\/\/www.ucaldas.edu.co\/portal\/wp-content\/uploads\/2017\/04\/Calle-se-habita.jpg","keywords":["universidades","habitantes de calle","m\u00fasica","Alcald\u00eda Manizales","artes esc\u00e9nicas","Departamento de M\u00fasica","Dise\u00f1o Visual","educaci\u00f3n f\u00edsica","La calle un espacio que se habita","Manizales","parque San Jos\u00e9.","poblaci\u00f3n vulnerable","recreaci\u00f3n","Semillero Efecto Domin\u00f3","Unidad Protecci\u00f3n a la vida","cultura"],"articleSection":["Universidad al D\u00eda","UCaldas Colaborativa","UCaldas Activa","UCaldas Cultural","Actualidad"],"inLanguage":"es"},{"@type":"WebPage","@id":"https:\/\/www.ucaldas.edu.co\/portal\/u-de-caldas-se-unio-a-otras-universidades-para-visibilizar-a-los-habitantes-de-calle-de-manizales\/","url":"https:\/\/www.ucaldas.edu.co\/portal\/u-de-caldas-se-unio-a-otras-universidades-para-visibilizar-a-los-habitantes-de-calle-de-manizales\/","name":"U. de Caldas se uni\u00f3 a otras universidades para visibilizar a los habitantes de calle de Manizales .","isPartOf":{"@id":"https:\/\/www.ucaldas.edu.co\/portal\/#website"},"primaryImageOfPage":{"@id":"https:\/\/www.ucaldas.edu.co\/portal\/u-de-caldas-se-unio-a-otras-universidades-para-visibilizar-a-los-habitantes-de-calle-de-manizales\/#primaryimage"},"image":{"@id":"https:\/\/www.ucaldas.edu.co\/portal\/u-de-caldas-se-unio-a-otras-universidades-para-visibilizar-a-los-habitantes-de-calle-de-manizales\/#primaryimage"},"thumbnailUrl":"https:\/\/www.ucaldas.edu.co\/portal\/wp-content\/uploads\/2017\/04\/Calle-se-habita.jpg","datePublished":"2017-04-27T22:36:48+00:00","breadcrumb":{"@id":"https:\/\/www.ucaldas.edu.co\/portal\/u-de-caldas-se-unio-a-otras-universidades-para-visibilizar-a-los-habitantes-de-calle-de-manizales\/#breadcrumb"},"inLanguage":"es","potentialAction":[{"@type":"ReadAction","target":["https:\/\/www.ucaldas.edu.co\/portal\/u-de-caldas-se-unio-a-otras-universidades-para-visibilizar-a-los-habitantes-de-calle-de-manizales\/"]}]},{"@type":"ImageObject","inLanguage":"es","@id":"https:\/\/www.ucaldas.edu.co\/portal\/u-de-caldas-se-unio-a-otras-universidades-para-visibilizar-a-los-habitantes-de-calle-de-manizales\/#primaryimage","url":"https:\/\/www.ucaldas.edu.co\/portal\/wp-content\/uploads\/2017\/04\/Calle-se-habita.jpg","contentUrl":"https:\/\/www.ucaldas.edu.co\/portal\/wp-content\/uploads\/2017\/04\/Calle-se-habita.jpg"},{"@type":"BreadcrumbList","@id":"https:\/\/www.ucaldas.edu.co\/portal\/u-de-caldas-se-unio-a-otras-universidades-para-visibilizar-a-los-habitantes-de-calle-de-manizales\/#breadcrumb","itemListElement":[{"@type":"ListItem","position":1,"name":"Portada","item":"https:\/\/www.ucaldas.edu.co\/portal\/"},{"@type":"ListItem","position":2,"name":"U. de Caldas se uni\u00f3 a otras universidades para visibilizar a los habitantes de calle de Manizales"}]},{"@type":"WebSite","@id":"https:\/\/www.ucaldas.edu.co\/portal\/#website","url":"https:\/\/www.ucaldas.edu.co\/portal\/","name":"Universidad de Caldas","description":"","publisher":{"@id":"https:\/\/www.ucaldas.edu.co\/portal\/#organization"},"alternateName":"U. de Caldas","potentialAction":[{"@type":"SearchAction","target":{"@type":"EntryPoint","urlTemplate":"https:\/\/www.ucaldas.edu.co\/portal\/?s={search_term_string}"},"query-input":{"@type":"PropertyValueSpecification","valueRequired":true,"valueName":"search_term_string"}}],"inLanguage":"es"},{"@type":"Organization","@id":"https:\/\/www.ucaldas.edu.co\/portal\/#organization","name":"Universidad de Caldas","alternateName":"U. de Caldas","url":"https:\/\/www.ucaldas.edu.co\/portal\/","logo":{"@type":"ImageObject","inLanguage":"es","@id":"https:\/\/www.ucaldas.edu.co\/portal\/#\/schema\/logo\/image\/","url":"https:\/\/www.ucaldas.edu.co\/portal\/wp-content\/uploads\/2023\/11\/Logo_horizontal_oscuroU-2023.png","contentUrl":"https:\/\/www.ucaldas.edu.co\/portal\/wp-content\/uploads\/2023\/11\/Logo_horizontal_oscuroU-2023.png","width":263,"height":101,"caption":"Universidad de Caldas"},"image":{"@id":"https:\/\/www.ucaldas.edu.co\/portal\/#\/schema\/logo\/image\/"},"sameAs":["https:\/\/www.facebook.com\/udecaldas","https:\/\/x.com\/udecaldas","https:\/\/www.youtube.com\/universidadcaldas","https:\/\/www.instagram.com\/udecaldas\/"]},{"@type":"Person","@id":"https:\/\/www.ucaldas.edu.co\/portal\/#\/schema\/person\/a1b482e23449158b4bc319926c074fdf","name":"ofiprensa","image":{"@type":"ImageObject","inLanguage":"es","@id":"https:\/\/www.ucaldas.edu.co\/portal\/wp-content\/litespeed\/avatar\/09ea5085e600095a7a811142c6944527.jpg?ver=1777497608","url":"https:\/\/www.ucaldas.edu.co\/portal\/wp-content\/litespeed\/avatar\/09ea5085e600095a7a811142c6944527.jpg?ver=1777497608","contentUrl":"https:\/\/www.ucaldas.edu.co\/portal\/wp-content\/litespeed\/avatar\/09ea5085e600095a7a811142c6944527.jpg?ver=1777497608","caption":"ofiprensa"},"url":"https:\/\/www.ucaldas.edu.co\/portal\/author\/ofiprensa\/"}]}},"_links":{"self":[{"href":"https:\/\/www.ucaldas.edu.co\/portal\/wp-json\/wp\/v2\/posts\/35240","targetHints":{"allow":["GET"]}}],"collection":[{"href":"https:\/\/www.ucaldas.edu.co\/portal\/wp-json\/wp\/v2\/posts"}],"about":[{"href":"https:\/\/www.ucaldas.edu.co\/portal\/wp-json\/wp\/v2\/types\/post"}],"author":[{"embeddable":true,"href":"https:\/\/www.ucaldas.edu.co\/portal\/wp-json\/wp\/v2\/users\/2"}],"replies":[{"embeddable":true,"href":"https:\/\/www.ucaldas.edu.co\/portal\/wp-json\/wp\/v2\/comments?post=35240"}],"version-history":[{"count":0,"href":"https:\/\/www.ucaldas.edu.co\/portal\/wp-json\/wp\/v2\/posts\/35240\/revisions"}],"wp:attachment":[{"href":"https:\/\/www.ucaldas.edu.co\/portal\/wp-json\/wp\/v2\/media?parent=35240"}],"wp:term":[{"taxonomy":"category","embeddable":true,"href":"https:\/\/www.ucaldas.edu.co\/portal\/wp-json\/wp\/v2\/categories?post=35240"},{"taxonomy":"post_tag","embeddable":true,"href":"https:\/\/www.ucaldas.edu.co\/portal\/wp-json\/wp\/v2\/tags?post=35240"}],"curies":[{"name":"wp","href":"https:\/\/api.w.org\/{rel}","templated":true}]}}