{"id":35214,"date":"2017-04-26T15:54:05","date_gmt":"2017-04-26T20:54:05","guid":{"rendered":"https:\/\/www.ucaldas.edu.co\/portal\/?p=35214"},"modified":"2017-04-26T15:54:05","modified_gmt":"2017-04-26T20:54:05","slug":"ix-jornada-de-actualizacion-entrenamiento-y-ciencias-del-deporte-may-10-al-13","status":"publish","type":"post","link":"https:\/\/www.ucaldas.edu.co\/portal\/ix-jornada-de-actualizacion-entrenamiento-y-ciencias-del-deporte-may-10-al-13\/","title":{"rendered":"IX Jornada de actualizaci\u00f3n: entrenamiento y ciencias del deporte &#8211; may 10 al 13"},"content":{"rendered":"<p><strong>IX Jornada de actualizaci\u00f3n: entrenamiento y ciencias del deporte &#8211; may 10 al 13<\/strong><\/p>\n<p><strong>Descripci\u00f3n: <\/strong>evento que busca brindar a los investigadores del deporte y las ciencias del deporte un espacio para presentar ante la comunidad del deporte colombiano los productos de su investigaci\u00f3n y a los estudiantes y trabajadores de conocerlos de primera mano.<\/p>\n<p><strong>Cursos cortos prejornada (mayo 10) <\/strong><\/p>\n<ul>\n<li>Planificaci\u00f3n del entrenamiento deportivo (Alexander Machado- Brasil).<\/li>\n<li>Cineantropometr\u00eda (Nicol\u00e1s Pedrido \u2013 Argentina). Cupo limitado: 30 personas.<\/li>\n<\/ul>\n<p><strong>Jornada de actualizaci\u00f3n (mayo 11 al 13)<\/strong><\/p>\n<p>Han confirmado dos ponentes internacionales (Argentina y Brasil) y ponentes nacionales de: Universidad de Antioquia (Medell\u00edn), Universidad Pedag\u00f3gica Nacional (Bogot\u00e1), Universidad Pedag\u00f3gica y Tecnol\u00f3gica de Colombia (Tunja), Universidad Manuela Beltr\u00e1n (Bogot\u00e1), Universidad de Cundinamarca (Fusagasug\u00e1), Escuela Nacional del Deporte (Cali),\u00a0 Universidad del Cauca (Popay\u00e1n), Universidad del Quind\u00edo (Armenia), CESMAG (Pasto), Escuela Militar Jos\u00e9 Mar\u00eda C\u00f3rdoba (Bogot\u00e1), Universidad de los Llanos (Villavicencio), Sim\u00f3n Bol\u00edvar de Barranquilla, Universidad de Pamplona, Universidad Aut\u00f3noma de Manizales, Universidad de Caldas. Los trabajos recibidos suman 61, de los cuales se escoger\u00e1n los mejores como presentaciones orales y otros como posters.<\/p>\n<p><strong>Fecha: <\/strong>mayo 10 al 13 del 2017.<\/p>\n<p><strong>Horario: <\/strong>de 8:00 a.m. a 12:0o m. y de 2:00 p.m. a 6:00 p.m.<\/p>\n<p><strong>Lugar: <\/strong>Teatro 8 de Junio, Campus Central Universidad de Caldas.<\/p>\n<p><strong>Informes: <\/strong>en el correo electr\u00f3nico santiago.ramos@ucaldas.edu.co<\/p>\n<p>&nbsp;<\/p>\n","protected":false},"excerpt":{"rendered":"<p>IX Jornada de actualizaci\u00f3n: entrenamiento y ciencias del deporte &#8211; may 10 al 13 Descripci\u00f3n: evento que busca brindar a los investigadores del deporte y las ciencias del deporte un espacio para presentar ante la comunidad del deporte colombiano los productos de su investigaci\u00f3n y a los estudiantes y trabajadores de conocerlos de primera mano. [&hellip;]<\/p>\n","protected":false},"author":2,"featured_media":0,"comment_status":"closed","ping_status":"closed","sticky":false,"template":"","format":"standard","meta":{"footnotes":""},"categories":[62],"tags":[55,63,68,277,555,734],"class_list":["post-35214","post","type-post","status-publish","format-standard","hentry","category-eventos","tag-academia","tag-participe","tag-invitado","tag-jornada","tag-actualizacion","tag-deporte"],"yoast_head":"<!-- This site is optimized with the Yoast SEO plugin v27.5 - https:\/\/yoast.com\/product\/yoast-seo-wordpress\/ -->\n<title>IX Jornada de actualizaci\u00f3n: entrenamiento y ciencias del deporte - may 10 al 13 .<\/title>\n<meta name=\"robots\" content=\"index, follow, max-snippet:-1, max-image-preview:large, max-video-preview:-1\" \/>\n<link rel=\"canonical\" href=\"https:\/\/www.ucaldas.edu.co\/portal\/ix-jornada-de-actualizacion-entrenamiento-y-ciencias-del-deporte-may-10-al-13\/\" \/>\n<script type=\"application\/ld+json\" class=\"yoast-schema-graph\">{\"@context\":\"https:\\\/\\\/schema.org\",\"@graph\":[{\"@type\":\"Article\",\"@id\":\"https:\\\/\\\/www.ucaldas.edu.co\\\/portal\\\/ix-jornada-de-actualizacion-entrenamiento-y-ciencias-del-deporte-may-10-al-13\\\/#article\",\"isPartOf\":{\"@id\":\"https:\\\/\\\/www.ucaldas.edu.co\\\/portal\\\/ix-jornada-de-actualizacion-entrenamiento-y-ciencias-del-deporte-may-10-al-13\\\/\"},\"author\":{\"name\":\"ofiprensa\",\"@id\":\"https:\\\/\\\/www.ucaldas.edu.co\\\/portal\\\/#\\\/schema\\\/person\\\/a1b482e23449158b4bc319926c074fdf\"},\"headline\":\"IX Jornada de actualizaci\u00f3n: entrenamiento y ciencias del deporte &#8211; may 10 al 13\",\"datePublished\":\"2017-04-26T20:54:05+00:00\",\"mainEntityOfPage\":{\"@id\":\"https:\\\/\\\/www.ucaldas.edu.co\\\/portal\\\/ix-jornada-de-actualizacion-entrenamiento-y-ciencias-del-deporte-may-10-al-13\\\/\"},\"wordCount\":241,\"publisher\":{\"@id\":\"https:\\\/\\\/www.ucaldas.edu.co\\\/portal\\\/#organization\"},\"keywords\":[\"academia\",\"Participe\",\"invitado\",\"jornada\",\"actualizaci\u00f3n\",\"deporte\"],\"articleSection\":[\"Eventos\"],\"inLanguage\":\"es\"},{\"@type\":\"WebPage\",\"@id\":\"https:\\\/\\\/www.ucaldas.edu.co\\\/portal\\\/ix-jornada-de-actualizacion-entrenamiento-y-ciencias-del-deporte-may-10-al-13\\\/\",\"url\":\"https:\\\/\\\/www.ucaldas.edu.co\\\/portal\\\/ix-jornada-de-actualizacion-entrenamiento-y-ciencias-del-deporte-may-10-al-13\\\/\",\"name\":\"IX Jornada de actualizaci\u00f3n: entrenamiento y ciencias del deporte - may 10 al 13 .\",\"isPartOf\":{\"@id\":\"https:\\\/\\\/www.ucaldas.edu.co\\\/portal\\\/#website\"},\"datePublished\":\"2017-04-26T20:54:05+00:00\",\"breadcrumb\":{\"@id\":\"https:\\\/\\\/www.ucaldas.edu.co\\\/portal\\\/ix-jornada-de-actualizacion-entrenamiento-y-ciencias-del-deporte-may-10-al-13\\\/#breadcrumb\"},\"inLanguage\":\"es\",\"potentialAction\":[{\"@type\":\"ReadAction\",\"target\":[\"https:\\\/\\\/www.ucaldas.edu.co\\\/portal\\\/ix-jornada-de-actualizacion-entrenamiento-y-ciencias-del-deporte-may-10-al-13\\\/\"]}]},{\"@type\":\"BreadcrumbList\",\"@id\":\"https:\\\/\\\/www.ucaldas.edu.co\\\/portal\\\/ix-jornada-de-actualizacion-entrenamiento-y-ciencias-del-deporte-may-10-al-13\\\/#breadcrumb\",\"itemListElement\":[{\"@type\":\"ListItem\",\"position\":1,\"name\":\"Portada\",\"item\":\"https:\\\/\\\/www.ucaldas.edu.co\\\/portal\\\/\"},{\"@type\":\"ListItem\",\"position\":2,\"name\":\"IX Jornada de actualizaci\u00f3n: entrenamiento y ciencias del deporte &#8211; may 10 al 13\"}]},{\"@type\":\"WebSite\",\"@id\":\"https:\\\/\\\/www.ucaldas.edu.co\\\/portal\\\/#website\",\"url\":\"https:\\\/\\\/www.ucaldas.edu.co\\\/portal\\\/\",\"name\":\"Universidad de Caldas\",\"description\":\"\",\"publisher\":{\"@id\":\"https:\\\/\\\/www.ucaldas.edu.co\\\/portal\\\/#organization\"},\"alternateName\":\"U. de Caldas\",\"potentialAction\":[{\"@type\":\"SearchAction\",\"target\":{\"@type\":\"EntryPoint\",\"urlTemplate\":\"https:\\\/\\\/www.ucaldas.edu.co\\\/portal\\\/?s={search_term_string}\"},\"query-input\":{\"@type\":\"PropertyValueSpecification\",\"valueRequired\":true,\"valueName\":\"search_term_string\"}}],\"inLanguage\":\"es\"},{\"@type\":\"Organization\",\"@id\":\"https:\\\/\\\/www.ucaldas.edu.co\\\/portal\\\/#organization\",\"name\":\"Universidad de Caldas\",\"alternateName\":\"U. de Caldas\",\"url\":\"https:\\\/\\\/www.ucaldas.edu.co\\\/portal\\\/\",\"logo\":{\"@type\":\"ImageObject\",\"inLanguage\":\"es\",\"@id\":\"https:\\\/\\\/www.ucaldas.edu.co\\\/portal\\\/#\\\/schema\\\/logo\\\/image\\\/\",\"url\":\"https:\\\/\\\/www.ucaldas.edu.co\\\/portal\\\/wp-content\\\/uploads\\\/2023\\\/11\\\/Logo_horizontal_oscuroU-2023.png\",\"contentUrl\":\"https:\\\/\\\/www.ucaldas.edu.co\\\/portal\\\/wp-content\\\/uploads\\\/2023\\\/11\\\/Logo_horizontal_oscuroU-2023.png\",\"width\":263,\"height\":101,\"caption\":\"Universidad de Caldas\"},\"image\":{\"@id\":\"https:\\\/\\\/www.ucaldas.edu.co\\\/portal\\\/#\\\/schema\\\/logo\\\/image\\\/\"},\"sameAs\":[\"https:\\\/\\\/www.facebook.com\\\/udecaldas\",\"https:\\\/\\\/x.com\\\/udecaldas\",\"https:\\\/\\\/www.youtube.com\\\/universidadcaldas\",\"https:\\\/\\\/www.instagram.com\\\/udecaldas\\\/\"]},{\"@type\":\"Person\",\"@id\":\"https:\\\/\\\/www.ucaldas.edu.co\\\/portal\\\/#\\\/schema\\\/person\\\/a1b482e23449158b4bc319926c074fdf\",\"name\":\"ofiprensa\",\"image\":{\"@type\":\"ImageObject\",\"inLanguage\":\"es\",\"@id\":\"https:\\\/\\\/www.ucaldas.edu.co\\\/portal\\\/wp-content\\\/litespeed\\\/avatar\\\/09ea5085e600095a7a811142c6944527.jpg?ver=1777497608\",\"url\":\"https:\\\/\\\/www.ucaldas.edu.co\\\/portal\\\/wp-content\\\/litespeed\\\/avatar\\\/09ea5085e600095a7a811142c6944527.jpg?ver=1777497608\",\"contentUrl\":\"https:\\\/\\\/www.ucaldas.edu.co\\\/portal\\\/wp-content\\\/litespeed\\\/avatar\\\/09ea5085e600095a7a811142c6944527.jpg?ver=1777497608\",\"caption\":\"ofiprensa\"},\"url\":\"https:\\\/\\\/www.ucaldas.edu.co\\\/portal\\\/author\\\/ofiprensa\\\/\"}]}<\/script>\n<!-- \/ Yoast SEO plugin. -->","yoast_head_json":{"title":"IX Jornada de actualizaci\u00f3n: entrenamiento y ciencias del deporte - may 10 al 13 .","robots":{"index":"index","follow":"follow","max-snippet":"max-snippet:-1","max-image-preview":"max-image-preview:large","max-video-preview":"max-video-preview:-1"},"canonical":"https:\/\/www.ucaldas.edu.co\/portal\/ix-jornada-de-actualizacion-entrenamiento-y-ciencias-del-deporte-may-10-al-13\/","schema":{"@context":"https:\/\/schema.org","@graph":[{"@type":"Article","@id":"https:\/\/www.ucaldas.edu.co\/portal\/ix-jornada-de-actualizacion-entrenamiento-y-ciencias-del-deporte-may-10-al-13\/#article","isPartOf":{"@id":"https:\/\/www.ucaldas.edu.co\/portal\/ix-jornada-de-actualizacion-entrenamiento-y-ciencias-del-deporte-may-10-al-13\/"},"author":{"name":"ofiprensa","@id":"https:\/\/www.ucaldas.edu.co\/portal\/#\/schema\/person\/a1b482e23449158b4bc319926c074fdf"},"headline":"IX Jornada de actualizaci\u00f3n: entrenamiento y ciencias del deporte &#8211; may 10 al 13","datePublished":"2017-04-26T20:54:05+00:00","mainEntityOfPage":{"@id":"https:\/\/www.ucaldas.edu.co\/portal\/ix-jornada-de-actualizacion-entrenamiento-y-ciencias-del-deporte-may-10-al-13\/"},"wordCount":241,"publisher":{"@id":"https:\/\/www.ucaldas.edu.co\/portal\/#organization"},"keywords":["academia","Participe","invitado","jornada","actualizaci\u00f3n","deporte"],"articleSection":["Eventos"],"inLanguage":"es"},{"@type":"WebPage","@id":"https:\/\/www.ucaldas.edu.co\/portal\/ix-jornada-de-actualizacion-entrenamiento-y-ciencias-del-deporte-may-10-al-13\/","url":"https:\/\/www.ucaldas.edu.co\/portal\/ix-jornada-de-actualizacion-entrenamiento-y-ciencias-del-deporte-may-10-al-13\/","name":"IX Jornada de actualizaci\u00f3n: entrenamiento y ciencias del deporte - may 10 al 13 .","isPartOf":{"@id":"https:\/\/www.ucaldas.edu.co\/portal\/#website"},"datePublished":"2017-04-26T20:54:05+00:00","breadcrumb":{"@id":"https:\/\/www.ucaldas.edu.co\/portal\/ix-jornada-de-actualizacion-entrenamiento-y-ciencias-del-deporte-may-10-al-13\/#breadcrumb"},"inLanguage":"es","potentialAction":[{"@type":"ReadAction","target":["https:\/\/www.ucaldas.edu.co\/portal\/ix-jornada-de-actualizacion-entrenamiento-y-ciencias-del-deporte-may-10-al-13\/"]}]},{"@type":"BreadcrumbList","@id":"https:\/\/www.ucaldas.edu.co\/portal\/ix-jornada-de-actualizacion-entrenamiento-y-ciencias-del-deporte-may-10-al-13\/#breadcrumb","itemListElement":[{"@type":"ListItem","position":1,"name":"Portada","item":"https:\/\/www.ucaldas.edu.co\/portal\/"},{"@type":"ListItem","position":2,"name":"IX Jornada de actualizaci\u00f3n: entrenamiento y ciencias del deporte &#8211; may 10 al 13"}]},{"@type":"WebSite","@id":"https:\/\/www.ucaldas.edu.co\/portal\/#website","url":"https:\/\/www.ucaldas.edu.co\/portal\/","name":"Universidad de Caldas","description":"","publisher":{"@id":"https:\/\/www.ucaldas.edu.co\/portal\/#organization"},"alternateName":"U. de Caldas","potentialAction":[{"@type":"SearchAction","target":{"@type":"EntryPoint","urlTemplate":"https:\/\/www.ucaldas.edu.co\/portal\/?s={search_term_string}"},"query-input":{"@type":"PropertyValueSpecification","valueRequired":true,"valueName":"search_term_string"}}],"inLanguage":"es"},{"@type":"Organization","@id":"https:\/\/www.ucaldas.edu.co\/portal\/#organization","name":"Universidad de Caldas","alternateName":"U. de Caldas","url":"https:\/\/www.ucaldas.edu.co\/portal\/","logo":{"@type":"ImageObject","inLanguage":"es","@id":"https:\/\/www.ucaldas.edu.co\/portal\/#\/schema\/logo\/image\/","url":"https:\/\/www.ucaldas.edu.co\/portal\/wp-content\/uploads\/2023\/11\/Logo_horizontal_oscuroU-2023.png","contentUrl":"https:\/\/www.ucaldas.edu.co\/portal\/wp-content\/uploads\/2023\/11\/Logo_horizontal_oscuroU-2023.png","width":263,"height":101,"caption":"Universidad de Caldas"},"image":{"@id":"https:\/\/www.ucaldas.edu.co\/portal\/#\/schema\/logo\/image\/"},"sameAs":["https:\/\/www.facebook.com\/udecaldas","https:\/\/x.com\/udecaldas","https:\/\/www.youtube.com\/universidadcaldas","https:\/\/www.instagram.com\/udecaldas\/"]},{"@type":"Person","@id":"https:\/\/www.ucaldas.edu.co\/portal\/#\/schema\/person\/a1b482e23449158b4bc319926c074fdf","name":"ofiprensa","image":{"@type":"ImageObject","inLanguage":"es","@id":"https:\/\/www.ucaldas.edu.co\/portal\/wp-content\/litespeed\/avatar\/09ea5085e600095a7a811142c6944527.jpg?ver=1777497608","url":"https:\/\/www.ucaldas.edu.co\/portal\/wp-content\/litespeed\/avatar\/09ea5085e600095a7a811142c6944527.jpg?ver=1777497608","contentUrl":"https:\/\/www.ucaldas.edu.co\/portal\/wp-content\/litespeed\/avatar\/09ea5085e600095a7a811142c6944527.jpg?ver=1777497608","caption":"ofiprensa"},"url":"https:\/\/www.ucaldas.edu.co\/portal\/author\/ofiprensa\/"}]}},"_links":{"self":[{"href":"https:\/\/www.ucaldas.edu.co\/portal\/wp-json\/wp\/v2\/posts\/35214","targetHints":{"allow":["GET"]}}],"collection":[{"href":"https:\/\/www.ucaldas.edu.co\/portal\/wp-json\/wp\/v2\/posts"}],"about":[{"href":"https:\/\/www.ucaldas.edu.co\/portal\/wp-json\/wp\/v2\/types\/post"}],"author":[{"embeddable":true,"href":"https:\/\/www.ucaldas.edu.co\/portal\/wp-json\/wp\/v2\/users\/2"}],"replies":[{"embeddable":true,"href":"https:\/\/www.ucaldas.edu.co\/portal\/wp-json\/wp\/v2\/comments?post=35214"}],"version-history":[{"count":0,"href":"https:\/\/www.ucaldas.edu.co\/portal\/wp-json\/wp\/v2\/posts\/35214\/revisions"}],"wp:attachment":[{"href":"https:\/\/www.ucaldas.edu.co\/portal\/wp-json\/wp\/v2\/media?parent=35214"}],"wp:term":[{"taxonomy":"category","embeddable":true,"href":"https:\/\/www.ucaldas.edu.co\/portal\/wp-json\/wp\/v2\/categories?post=35214"},{"taxonomy":"post_tag","embeddable":true,"href":"https:\/\/www.ucaldas.edu.co\/portal\/wp-json\/wp\/v2\/tags?post=35214"}],"curies":[{"name":"wp","href":"https:\/\/api.w.org\/{rel}","templated":true}]}}