{"id":35156,"date":"2017-04-25T15:30:03","date_gmt":"2017-04-25T20:30:03","guid":{"rendered":"https:\/\/www.ucaldas.edu.co\/portal\/?p=35156"},"modified":"2017-04-25T15:30:03","modified_gmt":"2017-04-25T20:30:03","slug":"u-de-caldas-socializo-convocatoria-del-iv-mercado-de-diseno-arte-electronico-y-tecnologia","status":"publish","type":"post","link":"https:\/\/www.ucaldas.edu.co\/portal\/u-de-caldas-socializo-convocatoria-del-iv-mercado-de-diseno-arte-electronico-y-tecnologia\/","title":{"rendered":"U. de Caldas socializ\u00f3 convocatoria del IV Mercado de Dise\u00f1o, Arte Electr\u00f3nico y Tecnolog\u00eda"},"content":{"rendered":"<p style=\"text-align: center;\">INSCRIPCIONES ABIERTAS HASTA LAS 11:59 P.M. DEL 30 DE ABRIL DEL 2017<\/p>\n<p style=\"text-align: center;\"><strong style=\"line-height: 1.5;\">U. de Caldas socializ\u00f3 convocatoria del IV Mercado de Dise\u00f1o, Arte Electr\u00f3nico y Tecnolog\u00eda<\/strong><\/p>\n<p style=\"text-align: right;\">25\/04\/2017<\/p>\n<p><img loading=\"lazy\" decoding=\"async\" class=\"alignnone size-full wp-image-35157 aligncenter\" src=\"https:\/\/www.ucaldas.edu.co\/portal\/wp-content\/uploads\/2017\/04\/merca.jpg\" alt=\"merca\" width=\"358\" height=\"283\" \/><\/p>\n<p>La <strong>comunidad de la Universidad de Caldas conoci\u00f3<\/strong> este martes 25 de abril del 2017 todos los <strong>detalles<\/strong> del<strong> IV\u00a0<\/strong><strong>Mercado de Dise\u00f1o, Arte Electr\u00f3nico y Tecnolog\u00eda<\/strong>, liderado por el Ministerio de Cultura y el Festival\u00a0Internacional de la Imagen, que tiene sus inscripciones abiertas hasta las 11:59 p.m. del 30 de abril del 2017.<\/p>\n<p><!--more--><\/p>\n<p>Laura D\u00edaz Garc\u00eda, <strong>de la Vicerrector\u00eda de Proyecci\u00f3n Universitaria de la U. de Caldas,<\/strong> explic\u00f3: \u201ceste ser\u00e1 un <strong>espacio para propiciar el intercambio y la generaci\u00f3n de oportunidades de negocio<\/strong>. Queremos generar espacios para posibles creaciones o coproducciones, entre los expositores y las empresas que vendr\u00e1n a conocer las propuestas\u201d.<\/p>\n<p>&nbsp;<\/p>\n<p><strong>El Mercado convoca colectivos, empresas y emprendedores de los subsectores: <\/strong><\/p>\n<p><strong>\u00a0<\/strong><\/p>\n<p>Dise\u00f1o editorial<\/p>\n<p>Dise\u00f1o y creaci\u00f3n digital<\/p>\n<p>Apps y videojuegos<\/p>\n<p>Audiovisual (video y animaci\u00f3n)<\/p>\n<p>&nbsp;<\/p>\n<p><strong>Los Ejes del Mercado son:<\/strong><\/p>\n<p><strong>\u00a0<\/strong><\/p>\n<p>-Mesas de Networking<\/p>\n<p>-Charlas Detonantes<\/p>\n<p>-Espacios de Exhibici\u00f3n<\/p>\n<p>-Franjas de Aprendizaje<\/p>\n<p>&nbsp;<\/p>\n<p>El Mercado se realizar\u00e1 el 16 y 17 de junio de 2017 en el 16\u00ba Festival Internacional de la Imagen \u2013 ISEA2017.<\/p>\n<p><strong>Se contar\u00e1 con participantes de 44 pa\u00edses<\/strong>\u00a0entre los que se destacan Colombia, Francia, Italia, Reino Unido, Pa\u00edses Bajos, Canad\u00e1, Estados Unidos, Brasil y M\u00e9xico, entre otros.<\/p>\n<p>&nbsp;<\/p>\n<p><a href=\"http:\/\/www.festivaldelaimagen.com\/es\/mercado\">Conozca aqu\u00ed todos los detalles del IV Mercado de Dise\u00f1o, Arte Electr\u00f3nico y Tecnolog\u00eda<\/a><\/p>\n<p>&nbsp;<\/p>\n<p>&nbsp;<\/p>\n<p><a href=\"https:\/\/www.facebook.com\/media\/set\/?set=a.1388863797842148.1073745351.107054166023124&amp;type=1&amp;l=b5f3005f57\">Conozca im\u00e1genes de la Socializaci\u00f3n Convocatoria Mercado de Dise\u00f1o, Arte Electr\u00f3nico y Tecnolog\u00eda<\/a><\/p>\n<p>&nbsp;<\/p>\n<p><strong>Informes:<\/strong> Oficina de Comunicaciones y Prensa U. de Caldas, tel\u00e9fono 878 15 00 extensi\u00f3n 12 167.<\/p>\n<p><strong>Redacci\u00f3n:<\/strong> Margarita Laverde<\/p>\n<p>&nbsp;<\/p>\n","protected":false},"excerpt":{"rendered":"<p>INSCRIPCIONES ABIERTAS HASTA LAS 11:59 P.M. DEL 30 DE ABRIL DEL 2017 U. de Caldas socializ\u00f3 convocatoria del IV Mercado de Dise\u00f1o, Arte Electr\u00f3nico y Tecnolog\u00eda 25\/04\/2017 La comunidad de la Universidad de Caldas conoci\u00f3 este martes 25 de abril del 2017 todos los detalles del IV\u00a0Mercado de Dise\u00f1o, Arte Electr\u00f3nico y Tecnolog\u00eda, liderado por [&hellip;]<\/p>\n","protected":false},"author":2,"featured_media":0,"comment_status":"closed","ping_status":"closed","sticky":false,"template":"","format":"standard","meta":{"footnotes":""},"categories":[48,53,664],"tags":[63,99,248,302,641],"class_list":["post-35156","post","type-post","status-publish","format-standard","hentry","category-actualidad","category-universidad-al-dia","category-ucaldas-cultural","tag-participe","tag-cultural","tag-diseno","tag-socializacion","tag-mercado"],"yoast_head":"<!-- This site is optimized with the Yoast SEO plugin v27.5 - https:\/\/yoast.com\/product\/yoast-seo-wordpress\/ -->\n<title>U. de Caldas socializ\u00f3 convocatoria del IV Mercado de Dise\u00f1o, Arte Electr\u00f3nico y Tecnolog\u00eda .<\/title>\n<meta name=\"robots\" content=\"index, follow, max-snippet:-1, max-image-preview:large, max-video-preview:-1\" \/>\n<link rel=\"canonical\" href=\"https:\/\/www.ucaldas.edu.co\/portal\/u-de-caldas-socializo-convocatoria-del-iv-mercado-de-diseno-arte-electronico-y-tecnologia\/\" \/>\n<script type=\"application\/ld+json\" class=\"yoast-schema-graph\">{\"@context\":\"https:\\\/\\\/schema.org\",\"@graph\":[{\"@type\":\"Article\",\"@id\":\"https:\\\/\\\/www.ucaldas.edu.co\\\/portal\\\/u-de-caldas-socializo-convocatoria-del-iv-mercado-de-diseno-arte-electronico-y-tecnologia\\\/#article\",\"isPartOf\":{\"@id\":\"https:\\\/\\\/www.ucaldas.edu.co\\\/portal\\\/u-de-caldas-socializo-convocatoria-del-iv-mercado-de-diseno-arte-electronico-y-tecnologia\\\/\"},\"author\":{\"name\":\"ofiprensa\",\"@id\":\"https:\\\/\\\/www.ucaldas.edu.co\\\/portal\\\/#\\\/schema\\\/person\\\/a1b482e23449158b4bc319926c074fdf\"},\"headline\":\"U. de Caldas socializ\u00f3 convocatoria del IV Mercado de Dise\u00f1o, Arte Electr\u00f3nico y Tecnolog\u00eda\",\"datePublished\":\"2017-04-25T20:30:03+00:00\",\"mainEntityOfPage\":{\"@id\":\"https:\\\/\\\/www.ucaldas.edu.co\\\/portal\\\/u-de-caldas-socializo-convocatoria-del-iv-mercado-de-diseno-arte-electronico-y-tecnologia\\\/\"},\"wordCount\":304,\"publisher\":{\"@id\":\"https:\\\/\\\/www.ucaldas.edu.co\\\/portal\\\/#organization\"},\"image\":{\"@id\":\"https:\\\/\\\/www.ucaldas.edu.co\\\/portal\\\/u-de-caldas-socializo-convocatoria-del-iv-mercado-de-diseno-arte-electronico-y-tecnologia\\\/#primaryimage\"},\"thumbnailUrl\":\"https:\\\/\\\/www.ucaldas.edu.co\\\/portal\\\/wp-content\\\/uploads\\\/2017\\\/04\\\/merca.jpg\",\"keywords\":[\"Participe\",\"Cultural\",\"dise\u00f1o\",\"socializaci\u00f3n\",\"mercado\"],\"articleSection\":[\"Actualidad\",\"Universidad al D\u00eda\",\"UCaldas Cultural\"],\"inLanguage\":\"es\"},{\"@type\":\"WebPage\",\"@id\":\"https:\\\/\\\/www.ucaldas.edu.co\\\/portal\\\/u-de-caldas-socializo-convocatoria-del-iv-mercado-de-diseno-arte-electronico-y-tecnologia\\\/\",\"url\":\"https:\\\/\\\/www.ucaldas.edu.co\\\/portal\\\/u-de-caldas-socializo-convocatoria-del-iv-mercado-de-diseno-arte-electronico-y-tecnologia\\\/\",\"name\":\"U. de Caldas socializ\u00f3 convocatoria del IV Mercado de Dise\u00f1o, Arte Electr\u00f3nico y Tecnolog\u00eda .\",\"isPartOf\":{\"@id\":\"https:\\\/\\\/www.ucaldas.edu.co\\\/portal\\\/#website\"},\"primaryImageOfPage\":{\"@id\":\"https:\\\/\\\/www.ucaldas.edu.co\\\/portal\\\/u-de-caldas-socializo-convocatoria-del-iv-mercado-de-diseno-arte-electronico-y-tecnologia\\\/#primaryimage\"},\"image\":{\"@id\":\"https:\\\/\\\/www.ucaldas.edu.co\\\/portal\\\/u-de-caldas-socializo-convocatoria-del-iv-mercado-de-diseno-arte-electronico-y-tecnologia\\\/#primaryimage\"},\"thumbnailUrl\":\"https:\\\/\\\/www.ucaldas.edu.co\\\/portal\\\/wp-content\\\/uploads\\\/2017\\\/04\\\/merca.jpg\",\"datePublished\":\"2017-04-25T20:30:03+00:00\",\"breadcrumb\":{\"@id\":\"https:\\\/\\\/www.ucaldas.edu.co\\\/portal\\\/u-de-caldas-socializo-convocatoria-del-iv-mercado-de-diseno-arte-electronico-y-tecnologia\\\/#breadcrumb\"},\"inLanguage\":\"es\",\"potentialAction\":[{\"@type\":\"ReadAction\",\"target\":[\"https:\\\/\\\/www.ucaldas.edu.co\\\/portal\\\/u-de-caldas-socializo-convocatoria-del-iv-mercado-de-diseno-arte-electronico-y-tecnologia\\\/\"]}]},{\"@type\":\"ImageObject\",\"inLanguage\":\"es\",\"@id\":\"https:\\\/\\\/www.ucaldas.edu.co\\\/portal\\\/u-de-caldas-socializo-convocatoria-del-iv-mercado-de-diseno-arte-electronico-y-tecnologia\\\/#primaryimage\",\"url\":\"https:\\\/\\\/www.ucaldas.edu.co\\\/portal\\\/wp-content\\\/uploads\\\/2017\\\/04\\\/merca.jpg\",\"contentUrl\":\"https:\\\/\\\/www.ucaldas.edu.co\\\/portal\\\/wp-content\\\/uploads\\\/2017\\\/04\\\/merca.jpg\"},{\"@type\":\"BreadcrumbList\",\"@id\":\"https:\\\/\\\/www.ucaldas.edu.co\\\/portal\\\/u-de-caldas-socializo-convocatoria-del-iv-mercado-de-diseno-arte-electronico-y-tecnologia\\\/#breadcrumb\",\"itemListElement\":[{\"@type\":\"ListItem\",\"position\":1,\"name\":\"Portada\",\"item\":\"https:\\\/\\\/www.ucaldas.edu.co\\\/portal\\\/\"},{\"@type\":\"ListItem\",\"position\":2,\"name\":\"U. de Caldas socializ\u00f3 convocatoria del IV Mercado de Dise\u00f1o, Arte Electr\u00f3nico y Tecnolog\u00eda\"}]},{\"@type\":\"WebSite\",\"@id\":\"https:\\\/\\\/www.ucaldas.edu.co\\\/portal\\\/#website\",\"url\":\"https:\\\/\\\/www.ucaldas.edu.co\\\/portal\\\/\",\"name\":\"Universidad de Caldas\",\"description\":\"\",\"publisher\":{\"@id\":\"https:\\\/\\\/www.ucaldas.edu.co\\\/portal\\\/#organization\"},\"alternateName\":\"U. de Caldas\",\"potentialAction\":[{\"@type\":\"SearchAction\",\"target\":{\"@type\":\"EntryPoint\",\"urlTemplate\":\"https:\\\/\\\/www.ucaldas.edu.co\\\/portal\\\/?s={search_term_string}\"},\"query-input\":{\"@type\":\"PropertyValueSpecification\",\"valueRequired\":true,\"valueName\":\"search_term_string\"}}],\"inLanguage\":\"es\"},{\"@type\":\"Organization\",\"@id\":\"https:\\\/\\\/www.ucaldas.edu.co\\\/portal\\\/#organization\",\"name\":\"Universidad de Caldas\",\"alternateName\":\"U. de Caldas\",\"url\":\"https:\\\/\\\/www.ucaldas.edu.co\\\/portal\\\/\",\"logo\":{\"@type\":\"ImageObject\",\"inLanguage\":\"es\",\"@id\":\"https:\\\/\\\/www.ucaldas.edu.co\\\/portal\\\/#\\\/schema\\\/logo\\\/image\\\/\",\"url\":\"https:\\\/\\\/www.ucaldas.edu.co\\\/portal\\\/wp-content\\\/uploads\\\/2023\\\/11\\\/Logo_horizontal_oscuroU-2023.png\",\"contentUrl\":\"https:\\\/\\\/www.ucaldas.edu.co\\\/portal\\\/wp-content\\\/uploads\\\/2023\\\/11\\\/Logo_horizontal_oscuroU-2023.png\",\"width\":263,\"height\":101,\"caption\":\"Universidad de Caldas\"},\"image\":{\"@id\":\"https:\\\/\\\/www.ucaldas.edu.co\\\/portal\\\/#\\\/schema\\\/logo\\\/image\\\/\"},\"sameAs\":[\"https:\\\/\\\/www.facebook.com\\\/udecaldas\",\"https:\\\/\\\/x.com\\\/udecaldas\",\"https:\\\/\\\/www.youtube.com\\\/universidadcaldas\",\"https:\\\/\\\/www.instagram.com\\\/udecaldas\\\/\"]},{\"@type\":\"Person\",\"@id\":\"https:\\\/\\\/www.ucaldas.edu.co\\\/portal\\\/#\\\/schema\\\/person\\\/a1b482e23449158b4bc319926c074fdf\",\"name\":\"ofiprensa\",\"image\":{\"@type\":\"ImageObject\",\"inLanguage\":\"es\",\"@id\":\"https:\\\/\\\/www.ucaldas.edu.co\\\/portal\\\/wp-content\\\/litespeed\\\/avatar\\\/09ea5085e600095a7a811142c6944527.jpg?ver=1777497608\",\"url\":\"https:\\\/\\\/www.ucaldas.edu.co\\\/portal\\\/wp-content\\\/litespeed\\\/avatar\\\/09ea5085e600095a7a811142c6944527.jpg?ver=1777497608\",\"contentUrl\":\"https:\\\/\\\/www.ucaldas.edu.co\\\/portal\\\/wp-content\\\/litespeed\\\/avatar\\\/09ea5085e600095a7a811142c6944527.jpg?ver=1777497608\",\"caption\":\"ofiprensa\"},\"url\":\"https:\\\/\\\/www.ucaldas.edu.co\\\/portal\\\/author\\\/ofiprensa\\\/\"}]}<\/script>\n<!-- \/ Yoast SEO plugin. -->","yoast_head_json":{"title":"U. de Caldas socializ\u00f3 convocatoria del IV Mercado de Dise\u00f1o, Arte Electr\u00f3nico y Tecnolog\u00eda .","robots":{"index":"index","follow":"follow","max-snippet":"max-snippet:-1","max-image-preview":"max-image-preview:large","max-video-preview":"max-video-preview:-1"},"canonical":"https:\/\/www.ucaldas.edu.co\/portal\/u-de-caldas-socializo-convocatoria-del-iv-mercado-de-diseno-arte-electronico-y-tecnologia\/","schema":{"@context":"https:\/\/schema.org","@graph":[{"@type":"Article","@id":"https:\/\/www.ucaldas.edu.co\/portal\/u-de-caldas-socializo-convocatoria-del-iv-mercado-de-diseno-arte-electronico-y-tecnologia\/#article","isPartOf":{"@id":"https:\/\/www.ucaldas.edu.co\/portal\/u-de-caldas-socializo-convocatoria-del-iv-mercado-de-diseno-arte-electronico-y-tecnologia\/"},"author":{"name":"ofiprensa","@id":"https:\/\/www.ucaldas.edu.co\/portal\/#\/schema\/person\/a1b482e23449158b4bc319926c074fdf"},"headline":"U. de Caldas socializ\u00f3 convocatoria del IV Mercado de Dise\u00f1o, Arte Electr\u00f3nico y Tecnolog\u00eda","datePublished":"2017-04-25T20:30:03+00:00","mainEntityOfPage":{"@id":"https:\/\/www.ucaldas.edu.co\/portal\/u-de-caldas-socializo-convocatoria-del-iv-mercado-de-diseno-arte-electronico-y-tecnologia\/"},"wordCount":304,"publisher":{"@id":"https:\/\/www.ucaldas.edu.co\/portal\/#organization"},"image":{"@id":"https:\/\/www.ucaldas.edu.co\/portal\/u-de-caldas-socializo-convocatoria-del-iv-mercado-de-diseno-arte-electronico-y-tecnologia\/#primaryimage"},"thumbnailUrl":"https:\/\/www.ucaldas.edu.co\/portal\/wp-content\/uploads\/2017\/04\/merca.jpg","keywords":["Participe","Cultural","dise\u00f1o","socializaci\u00f3n","mercado"],"articleSection":["Actualidad","Universidad al D\u00eda","UCaldas Cultural"],"inLanguage":"es"},{"@type":"WebPage","@id":"https:\/\/www.ucaldas.edu.co\/portal\/u-de-caldas-socializo-convocatoria-del-iv-mercado-de-diseno-arte-electronico-y-tecnologia\/","url":"https:\/\/www.ucaldas.edu.co\/portal\/u-de-caldas-socializo-convocatoria-del-iv-mercado-de-diseno-arte-electronico-y-tecnologia\/","name":"U. de Caldas socializ\u00f3 convocatoria del IV Mercado de Dise\u00f1o, Arte Electr\u00f3nico y Tecnolog\u00eda .","isPartOf":{"@id":"https:\/\/www.ucaldas.edu.co\/portal\/#website"},"primaryImageOfPage":{"@id":"https:\/\/www.ucaldas.edu.co\/portal\/u-de-caldas-socializo-convocatoria-del-iv-mercado-de-diseno-arte-electronico-y-tecnologia\/#primaryimage"},"image":{"@id":"https:\/\/www.ucaldas.edu.co\/portal\/u-de-caldas-socializo-convocatoria-del-iv-mercado-de-diseno-arte-electronico-y-tecnologia\/#primaryimage"},"thumbnailUrl":"https:\/\/www.ucaldas.edu.co\/portal\/wp-content\/uploads\/2017\/04\/merca.jpg","datePublished":"2017-04-25T20:30:03+00:00","breadcrumb":{"@id":"https:\/\/www.ucaldas.edu.co\/portal\/u-de-caldas-socializo-convocatoria-del-iv-mercado-de-diseno-arte-electronico-y-tecnologia\/#breadcrumb"},"inLanguage":"es","potentialAction":[{"@type":"ReadAction","target":["https:\/\/www.ucaldas.edu.co\/portal\/u-de-caldas-socializo-convocatoria-del-iv-mercado-de-diseno-arte-electronico-y-tecnologia\/"]}]},{"@type":"ImageObject","inLanguage":"es","@id":"https:\/\/www.ucaldas.edu.co\/portal\/u-de-caldas-socializo-convocatoria-del-iv-mercado-de-diseno-arte-electronico-y-tecnologia\/#primaryimage","url":"https:\/\/www.ucaldas.edu.co\/portal\/wp-content\/uploads\/2017\/04\/merca.jpg","contentUrl":"https:\/\/www.ucaldas.edu.co\/portal\/wp-content\/uploads\/2017\/04\/merca.jpg"},{"@type":"BreadcrumbList","@id":"https:\/\/www.ucaldas.edu.co\/portal\/u-de-caldas-socializo-convocatoria-del-iv-mercado-de-diseno-arte-electronico-y-tecnologia\/#breadcrumb","itemListElement":[{"@type":"ListItem","position":1,"name":"Portada","item":"https:\/\/www.ucaldas.edu.co\/portal\/"},{"@type":"ListItem","position":2,"name":"U. de Caldas socializ\u00f3 convocatoria del IV Mercado de Dise\u00f1o, Arte Electr\u00f3nico y Tecnolog\u00eda"}]},{"@type":"WebSite","@id":"https:\/\/www.ucaldas.edu.co\/portal\/#website","url":"https:\/\/www.ucaldas.edu.co\/portal\/","name":"Universidad de Caldas","description":"","publisher":{"@id":"https:\/\/www.ucaldas.edu.co\/portal\/#organization"},"alternateName":"U. de Caldas","potentialAction":[{"@type":"SearchAction","target":{"@type":"EntryPoint","urlTemplate":"https:\/\/www.ucaldas.edu.co\/portal\/?s={search_term_string}"},"query-input":{"@type":"PropertyValueSpecification","valueRequired":true,"valueName":"search_term_string"}}],"inLanguage":"es"},{"@type":"Organization","@id":"https:\/\/www.ucaldas.edu.co\/portal\/#organization","name":"Universidad de Caldas","alternateName":"U. de Caldas","url":"https:\/\/www.ucaldas.edu.co\/portal\/","logo":{"@type":"ImageObject","inLanguage":"es","@id":"https:\/\/www.ucaldas.edu.co\/portal\/#\/schema\/logo\/image\/","url":"https:\/\/www.ucaldas.edu.co\/portal\/wp-content\/uploads\/2023\/11\/Logo_horizontal_oscuroU-2023.png","contentUrl":"https:\/\/www.ucaldas.edu.co\/portal\/wp-content\/uploads\/2023\/11\/Logo_horizontal_oscuroU-2023.png","width":263,"height":101,"caption":"Universidad de Caldas"},"image":{"@id":"https:\/\/www.ucaldas.edu.co\/portal\/#\/schema\/logo\/image\/"},"sameAs":["https:\/\/www.facebook.com\/udecaldas","https:\/\/x.com\/udecaldas","https:\/\/www.youtube.com\/universidadcaldas","https:\/\/www.instagram.com\/udecaldas\/"]},{"@type":"Person","@id":"https:\/\/www.ucaldas.edu.co\/portal\/#\/schema\/person\/a1b482e23449158b4bc319926c074fdf","name":"ofiprensa","image":{"@type":"ImageObject","inLanguage":"es","@id":"https:\/\/www.ucaldas.edu.co\/portal\/wp-content\/litespeed\/avatar\/09ea5085e600095a7a811142c6944527.jpg?ver=1777497608","url":"https:\/\/www.ucaldas.edu.co\/portal\/wp-content\/litespeed\/avatar\/09ea5085e600095a7a811142c6944527.jpg?ver=1777497608","contentUrl":"https:\/\/www.ucaldas.edu.co\/portal\/wp-content\/litespeed\/avatar\/09ea5085e600095a7a811142c6944527.jpg?ver=1777497608","caption":"ofiprensa"},"url":"https:\/\/www.ucaldas.edu.co\/portal\/author\/ofiprensa\/"}]}},"_links":{"self":[{"href":"https:\/\/www.ucaldas.edu.co\/portal\/wp-json\/wp\/v2\/posts\/35156","targetHints":{"allow":["GET"]}}],"collection":[{"href":"https:\/\/www.ucaldas.edu.co\/portal\/wp-json\/wp\/v2\/posts"}],"about":[{"href":"https:\/\/www.ucaldas.edu.co\/portal\/wp-json\/wp\/v2\/types\/post"}],"author":[{"embeddable":true,"href":"https:\/\/www.ucaldas.edu.co\/portal\/wp-json\/wp\/v2\/users\/2"}],"replies":[{"embeddable":true,"href":"https:\/\/www.ucaldas.edu.co\/portal\/wp-json\/wp\/v2\/comments?post=35156"}],"version-history":[{"count":0,"href":"https:\/\/www.ucaldas.edu.co\/portal\/wp-json\/wp\/v2\/posts\/35156\/revisions"}],"wp:attachment":[{"href":"https:\/\/www.ucaldas.edu.co\/portal\/wp-json\/wp\/v2\/media?parent=35156"}],"wp:term":[{"taxonomy":"category","embeddable":true,"href":"https:\/\/www.ucaldas.edu.co\/portal\/wp-json\/wp\/v2\/categories?post=35156"},{"taxonomy":"post_tag","embeddable":true,"href":"https:\/\/www.ucaldas.edu.co\/portal\/wp-json\/wp\/v2\/tags?post=35156"}],"curies":[{"name":"wp","href":"https:\/\/api.w.org\/{rel}","templated":true}]}}