{"id":35128,"date":"2017-04-24T16:36:13","date_gmt":"2017-04-24T21:36:13","guid":{"rendered":"https:\/\/www.ucaldas.edu.co\/portal\/?p=35128"},"modified":"2017-04-24T16:36:13","modified_gmt":"2017-04-24T21:36:13","slug":"en-catedra-abierta-virginia-gutierrez-de-pineda-se-diserto-sobre-sociologia-como-experiencia-intima-y-multiple","status":"publish","type":"post","link":"https:\/\/www.ucaldas.edu.co\/portal\/en-catedra-abierta-virginia-gutierrez-de-pineda-se-diserto-sobre-sociologia-como-experiencia-intima-y-multiple\/","title":{"rendered":"En C\u00e1tedra Abierta Virginia Guti\u00e9rrez de Pineda se disert\u00f3 sobre sociolog\u00eda como experiencia \u00edntima y m\u00faltiple"},"content":{"rendered":"<p style=\"text-align: center;\">SOCI\u00d3LOGO GABRIEL RESTREPO FORERO ORIENT\u00d3 ENCUENTRO<\/p>\n<p style=\"text-align: center;\"><strong>En C\u00e1tedra Abierta Virginia Guti\u00e9rrez de Pineda se disert\u00f3 sobre sociolog\u00eda como experiencia \u00edntima y m\u00faltiple <\/strong><\/p>\n<p style=\"text-align: right;\">24\/04\/2017<\/p>\n<p><strong>\u00a0<\/strong><\/p>\n<p><img loading=\"lazy\" decoding=\"async\" class=\"alignnone size-full wp-image-35129 aligncenter\" src=\"https:\/\/www.ucaldas.edu.co\/portal\/wp-content\/uploads\/2017\/04\/carv.jpg\" alt=\"carv\" width=\"258\" height=\"204\" \/><\/p>\n<p><em>La sociolog\u00eda como experiencia \u00edntima y m\u00faltiple <\/em>fue el <strong>t\u00edtulo<\/strong> de la <strong>conferencia<\/strong> que el soci\u00f3logo Gabriel Restrepo Forero disert\u00f3 en el m\u00e1s reciente encuentro de la <strong>C\u00e1tedra Abierta Virginia Guti\u00e9rrez de Pineda<\/strong> de la Universidad de Caldas.<\/p>\n<p><!--more--><\/p>\n<p>La C\u00e1tedra, que tuvo lugar el pasado 21 de abril del 2017, es una <strong>invitaci\u00f3n del Departamento de Antropolog\u00eda y Sociolog\u00eda de la U. de Caldas<\/strong>. Se trata de un espacio de reflexi\u00f3n e intercambio, donde profesores, investigadores y estudiantes del Departamento, presentan diversas investigaciones sobre el significado de la antropolog\u00eda y la sociolog\u00eda en el mundo contempor\u00e1neo.<\/p>\n<p>&nbsp;<\/p>\n<p>En el encuentro, <strong>Forero present\u00f3 su esquema sobre la teor\u00eda dram\u00e1tica y traum\u00e1tica de las sociedades.<\/strong> \u201cEste <strong>tema es muy apropiado para todo el estremecimiento que hemos vivido en la Manizales<\/strong> por un desastre que atribuimos a la naturaleza y que sin embargo en buena medida es responsabilidad de la sociedad\u201d, dijo.<\/p>\n<p>&nbsp;<\/p>\n<p>\u201cLa sociedad occidental parece desvinculada de la naturaleza, como si fuera algo ajeno a ella. <strong>Debemos tener una relaci\u00f3n m\u00e1s simbi\u00f3tica con ella en t\u00e9rminos de una simbiosis de beneficio mutuo de convivencia.<\/strong> La conferencia vers\u00f3 sobre c\u00f3mo pensar en medio de las violencias, las ruinas, los desastres y la amenaza de guerra\u201d, agreg\u00f3.<\/p>\n<p>&nbsp;<\/p>\n<p><a href=\"https:\/\/www.facebook.com\/media\/set\/?set=a.1383497041712157.1073745347.107054166023124&amp;type=1&amp;l=d7a5a3161d\">Conozca im\u00e1genes de la C\u00e1tedra Abierta Virginia Guti\u00e9rrez de Pineda<\/a><\/p>\n<p>&nbsp;<\/p>\n<p><strong>Informes:<\/strong> Oficina de Comunicaciones y Prensa U. de Caldas, tel\u00e9fono 878 15 00 extensi\u00f3n 12 167.<br \/>\n<strong>Redacci\u00f3n:<\/strong> Margarita Laverde<\/p>\n<p>&nbsp;<\/p>\n","protected":false},"excerpt":{"rendered":"<p>SOCI\u00d3LOGO GABRIEL RESTREPO FORERO ORIENT\u00d3 ENCUENTRO En C\u00e1tedra Abierta Virginia Guti\u00e9rrez de Pineda se disert\u00f3 sobre sociolog\u00eda como experiencia \u00edntima y m\u00faltiple 24\/04\/2017 \u00a0 La sociolog\u00eda como experiencia \u00edntima y m\u00faltiple fue el t\u00edtulo de la conferencia que el soci\u00f3logo Gabriel Restrepo Forero disert\u00f3 en el m\u00e1s reciente encuentro de la C\u00e1tedra Abierta Virginia Guti\u00e9rrez [&hellip;]<\/p>\n","protected":false},"author":2,"featured_media":0,"comment_status":"closed","ping_status":"closed","sticky":false,"template":"","format":"standard","meta":{"footnotes":""},"categories":[48,53,624],"tags":[68,124,125,367],"class_list":["post-35128","post","type-post","status-publish","format-standard","hentry","category-actualidad","category-universidad-al-dia","category-ucaldas-activa","tag-invitado","tag-catedra-abierta-virginia-gutierrez-de-pineda","tag-conferencia","tag-sociologia"],"yoast_head":"<!-- This site is optimized with the Yoast SEO plugin v27.5 - https:\/\/yoast.com\/product\/yoast-seo-wordpress\/ -->\n<title>En C\u00e1tedra Abierta Virginia Guti\u00e9rrez de Pineda se disert\u00f3 sobre sociolog\u00eda como experiencia \u00edntima y m\u00faltiple .<\/title>\n<meta name=\"robots\" content=\"index, follow, max-snippet:-1, max-image-preview:large, max-video-preview:-1\" \/>\n<link rel=\"canonical\" href=\"https:\/\/www.ucaldas.edu.co\/portal\/en-catedra-abierta-virginia-gutierrez-de-pineda-se-diserto-sobre-sociologia-como-experiencia-intima-y-multiple\/\" \/>\n<script type=\"application\/ld+json\" class=\"yoast-schema-graph\">{\"@context\":\"https:\\\/\\\/schema.org\",\"@graph\":[{\"@type\":\"Article\",\"@id\":\"https:\\\/\\\/www.ucaldas.edu.co\\\/portal\\\/en-catedra-abierta-virginia-gutierrez-de-pineda-se-diserto-sobre-sociologia-como-experiencia-intima-y-multiple\\\/#article\",\"isPartOf\":{\"@id\":\"https:\\\/\\\/www.ucaldas.edu.co\\\/portal\\\/en-catedra-abierta-virginia-gutierrez-de-pineda-se-diserto-sobre-sociologia-como-experiencia-intima-y-multiple\\\/\"},\"author\":{\"name\":\"ofiprensa\",\"@id\":\"https:\\\/\\\/www.ucaldas.edu.co\\\/portal\\\/#\\\/schema\\\/person\\\/a1b482e23449158b4bc319926c074fdf\"},\"headline\":\"En C\u00e1tedra Abierta Virginia Guti\u00e9rrez de Pineda se disert\u00f3 sobre sociolog\u00eda como experiencia \u00edntima y m\u00faltiple\",\"datePublished\":\"2017-04-24T21:36:13+00:00\",\"mainEntityOfPage\":{\"@id\":\"https:\\\/\\\/www.ucaldas.edu.co\\\/portal\\\/en-catedra-abierta-virginia-gutierrez-de-pineda-se-diserto-sobre-sociologia-como-experiencia-intima-y-multiple\\\/\"},\"wordCount\":305,\"publisher\":{\"@id\":\"https:\\\/\\\/www.ucaldas.edu.co\\\/portal\\\/#organization\"},\"image\":{\"@id\":\"https:\\\/\\\/www.ucaldas.edu.co\\\/portal\\\/en-catedra-abierta-virginia-gutierrez-de-pineda-se-diserto-sobre-sociologia-como-experiencia-intima-y-multiple\\\/#primaryimage\"},\"thumbnailUrl\":\"https:\\\/\\\/www.ucaldas.edu.co\\\/portal\\\/wp-content\\\/uploads\\\/2017\\\/04\\\/carv.jpg\",\"keywords\":[\"invitado\",\"C\u00e1tedra Abierta Virginia Guti\u00e9rrez de Pineda\",\"conferencia\",\"Sociolog\u00eda\"],\"articleSection\":[\"Actualidad\",\"Universidad al D\u00eda\",\"UCaldas Activa\"],\"inLanguage\":\"es\"},{\"@type\":\"WebPage\",\"@id\":\"https:\\\/\\\/www.ucaldas.edu.co\\\/portal\\\/en-catedra-abierta-virginia-gutierrez-de-pineda-se-diserto-sobre-sociologia-como-experiencia-intima-y-multiple\\\/\",\"url\":\"https:\\\/\\\/www.ucaldas.edu.co\\\/portal\\\/en-catedra-abierta-virginia-gutierrez-de-pineda-se-diserto-sobre-sociologia-como-experiencia-intima-y-multiple\\\/\",\"name\":\"En C\u00e1tedra Abierta Virginia Guti\u00e9rrez de Pineda se disert\u00f3 sobre sociolog\u00eda como experiencia \u00edntima y m\u00faltiple .\",\"isPartOf\":{\"@id\":\"https:\\\/\\\/www.ucaldas.edu.co\\\/portal\\\/#website\"},\"primaryImageOfPage\":{\"@id\":\"https:\\\/\\\/www.ucaldas.edu.co\\\/portal\\\/en-catedra-abierta-virginia-gutierrez-de-pineda-se-diserto-sobre-sociologia-como-experiencia-intima-y-multiple\\\/#primaryimage\"},\"image\":{\"@id\":\"https:\\\/\\\/www.ucaldas.edu.co\\\/portal\\\/en-catedra-abierta-virginia-gutierrez-de-pineda-se-diserto-sobre-sociologia-como-experiencia-intima-y-multiple\\\/#primaryimage\"},\"thumbnailUrl\":\"https:\\\/\\\/www.ucaldas.edu.co\\\/portal\\\/wp-content\\\/uploads\\\/2017\\\/04\\\/carv.jpg\",\"datePublished\":\"2017-04-24T21:36:13+00:00\",\"breadcrumb\":{\"@id\":\"https:\\\/\\\/www.ucaldas.edu.co\\\/portal\\\/en-catedra-abierta-virginia-gutierrez-de-pineda-se-diserto-sobre-sociologia-como-experiencia-intima-y-multiple\\\/#breadcrumb\"},\"inLanguage\":\"es\",\"potentialAction\":[{\"@type\":\"ReadAction\",\"target\":[\"https:\\\/\\\/www.ucaldas.edu.co\\\/portal\\\/en-catedra-abierta-virginia-gutierrez-de-pineda-se-diserto-sobre-sociologia-como-experiencia-intima-y-multiple\\\/\"]}]},{\"@type\":\"ImageObject\",\"inLanguage\":\"es\",\"@id\":\"https:\\\/\\\/www.ucaldas.edu.co\\\/portal\\\/en-catedra-abierta-virginia-gutierrez-de-pineda-se-diserto-sobre-sociologia-como-experiencia-intima-y-multiple\\\/#primaryimage\",\"url\":\"https:\\\/\\\/www.ucaldas.edu.co\\\/portal\\\/wp-content\\\/uploads\\\/2017\\\/04\\\/carv.jpg\",\"contentUrl\":\"https:\\\/\\\/www.ucaldas.edu.co\\\/portal\\\/wp-content\\\/uploads\\\/2017\\\/04\\\/carv.jpg\"},{\"@type\":\"BreadcrumbList\",\"@id\":\"https:\\\/\\\/www.ucaldas.edu.co\\\/portal\\\/en-catedra-abierta-virginia-gutierrez-de-pineda-se-diserto-sobre-sociologia-como-experiencia-intima-y-multiple\\\/#breadcrumb\",\"itemListElement\":[{\"@type\":\"ListItem\",\"position\":1,\"name\":\"Portada\",\"item\":\"https:\\\/\\\/www.ucaldas.edu.co\\\/portal\\\/\"},{\"@type\":\"ListItem\",\"position\":2,\"name\":\"En C\u00e1tedra Abierta Virginia Guti\u00e9rrez de Pineda se disert\u00f3 sobre sociolog\u00eda como experiencia \u00edntima y m\u00faltiple\"}]},{\"@type\":\"WebSite\",\"@id\":\"https:\\\/\\\/www.ucaldas.edu.co\\\/portal\\\/#website\",\"url\":\"https:\\\/\\\/www.ucaldas.edu.co\\\/portal\\\/\",\"name\":\"Universidad de Caldas\",\"description\":\"\",\"publisher\":{\"@id\":\"https:\\\/\\\/www.ucaldas.edu.co\\\/portal\\\/#organization\"},\"alternateName\":\"U. de Caldas\",\"potentialAction\":[{\"@type\":\"SearchAction\",\"target\":{\"@type\":\"EntryPoint\",\"urlTemplate\":\"https:\\\/\\\/www.ucaldas.edu.co\\\/portal\\\/?s={search_term_string}\"},\"query-input\":{\"@type\":\"PropertyValueSpecification\",\"valueRequired\":true,\"valueName\":\"search_term_string\"}}],\"inLanguage\":\"es\"},{\"@type\":\"Organization\",\"@id\":\"https:\\\/\\\/www.ucaldas.edu.co\\\/portal\\\/#organization\",\"name\":\"Universidad de Caldas\",\"alternateName\":\"U. de Caldas\",\"url\":\"https:\\\/\\\/www.ucaldas.edu.co\\\/portal\\\/\",\"logo\":{\"@type\":\"ImageObject\",\"inLanguage\":\"es\",\"@id\":\"https:\\\/\\\/www.ucaldas.edu.co\\\/portal\\\/#\\\/schema\\\/logo\\\/image\\\/\",\"url\":\"https:\\\/\\\/www.ucaldas.edu.co\\\/portal\\\/wp-content\\\/uploads\\\/2023\\\/11\\\/Logo_horizontal_oscuroU-2023.png\",\"contentUrl\":\"https:\\\/\\\/www.ucaldas.edu.co\\\/portal\\\/wp-content\\\/uploads\\\/2023\\\/11\\\/Logo_horizontal_oscuroU-2023.png\",\"width\":263,\"height\":101,\"caption\":\"Universidad de Caldas\"},\"image\":{\"@id\":\"https:\\\/\\\/www.ucaldas.edu.co\\\/portal\\\/#\\\/schema\\\/logo\\\/image\\\/\"},\"sameAs\":[\"https:\\\/\\\/www.facebook.com\\\/udecaldas\",\"https:\\\/\\\/x.com\\\/udecaldas\",\"https:\\\/\\\/www.youtube.com\\\/universidadcaldas\",\"https:\\\/\\\/www.instagram.com\\\/udecaldas\\\/\"]},{\"@type\":\"Person\",\"@id\":\"https:\\\/\\\/www.ucaldas.edu.co\\\/portal\\\/#\\\/schema\\\/person\\\/a1b482e23449158b4bc319926c074fdf\",\"name\":\"ofiprensa\",\"image\":{\"@type\":\"ImageObject\",\"inLanguage\":\"es\",\"@id\":\"https:\\\/\\\/www.ucaldas.edu.co\\\/portal\\\/wp-content\\\/litespeed\\\/avatar\\\/09ea5085e600095a7a811142c6944527.jpg?ver=1777497608\",\"url\":\"https:\\\/\\\/www.ucaldas.edu.co\\\/portal\\\/wp-content\\\/litespeed\\\/avatar\\\/09ea5085e600095a7a811142c6944527.jpg?ver=1777497608\",\"contentUrl\":\"https:\\\/\\\/www.ucaldas.edu.co\\\/portal\\\/wp-content\\\/litespeed\\\/avatar\\\/09ea5085e600095a7a811142c6944527.jpg?ver=1777497608\",\"caption\":\"ofiprensa\"},\"url\":\"https:\\\/\\\/www.ucaldas.edu.co\\\/portal\\\/author\\\/ofiprensa\\\/\"}]}<\/script>\n<!-- \/ Yoast SEO plugin. -->","yoast_head_json":{"title":"En C\u00e1tedra Abierta Virginia Guti\u00e9rrez de Pineda se disert\u00f3 sobre sociolog\u00eda como experiencia \u00edntima y m\u00faltiple .","robots":{"index":"index","follow":"follow","max-snippet":"max-snippet:-1","max-image-preview":"max-image-preview:large","max-video-preview":"max-video-preview:-1"},"canonical":"https:\/\/www.ucaldas.edu.co\/portal\/en-catedra-abierta-virginia-gutierrez-de-pineda-se-diserto-sobre-sociologia-como-experiencia-intima-y-multiple\/","schema":{"@context":"https:\/\/schema.org","@graph":[{"@type":"Article","@id":"https:\/\/www.ucaldas.edu.co\/portal\/en-catedra-abierta-virginia-gutierrez-de-pineda-se-diserto-sobre-sociologia-como-experiencia-intima-y-multiple\/#article","isPartOf":{"@id":"https:\/\/www.ucaldas.edu.co\/portal\/en-catedra-abierta-virginia-gutierrez-de-pineda-se-diserto-sobre-sociologia-como-experiencia-intima-y-multiple\/"},"author":{"name":"ofiprensa","@id":"https:\/\/www.ucaldas.edu.co\/portal\/#\/schema\/person\/a1b482e23449158b4bc319926c074fdf"},"headline":"En C\u00e1tedra Abierta Virginia Guti\u00e9rrez de Pineda se disert\u00f3 sobre sociolog\u00eda como experiencia \u00edntima y m\u00faltiple","datePublished":"2017-04-24T21:36:13+00:00","mainEntityOfPage":{"@id":"https:\/\/www.ucaldas.edu.co\/portal\/en-catedra-abierta-virginia-gutierrez-de-pineda-se-diserto-sobre-sociologia-como-experiencia-intima-y-multiple\/"},"wordCount":305,"publisher":{"@id":"https:\/\/www.ucaldas.edu.co\/portal\/#organization"},"image":{"@id":"https:\/\/www.ucaldas.edu.co\/portal\/en-catedra-abierta-virginia-gutierrez-de-pineda-se-diserto-sobre-sociologia-como-experiencia-intima-y-multiple\/#primaryimage"},"thumbnailUrl":"https:\/\/www.ucaldas.edu.co\/portal\/wp-content\/uploads\/2017\/04\/carv.jpg","keywords":["invitado","C\u00e1tedra Abierta Virginia Guti\u00e9rrez de Pineda","conferencia","Sociolog\u00eda"],"articleSection":["Actualidad","Universidad al D\u00eda","UCaldas Activa"],"inLanguage":"es"},{"@type":"WebPage","@id":"https:\/\/www.ucaldas.edu.co\/portal\/en-catedra-abierta-virginia-gutierrez-de-pineda-se-diserto-sobre-sociologia-como-experiencia-intima-y-multiple\/","url":"https:\/\/www.ucaldas.edu.co\/portal\/en-catedra-abierta-virginia-gutierrez-de-pineda-se-diserto-sobre-sociologia-como-experiencia-intima-y-multiple\/","name":"En C\u00e1tedra Abierta Virginia Guti\u00e9rrez de Pineda se disert\u00f3 sobre sociolog\u00eda como experiencia \u00edntima y m\u00faltiple .","isPartOf":{"@id":"https:\/\/www.ucaldas.edu.co\/portal\/#website"},"primaryImageOfPage":{"@id":"https:\/\/www.ucaldas.edu.co\/portal\/en-catedra-abierta-virginia-gutierrez-de-pineda-se-diserto-sobre-sociologia-como-experiencia-intima-y-multiple\/#primaryimage"},"image":{"@id":"https:\/\/www.ucaldas.edu.co\/portal\/en-catedra-abierta-virginia-gutierrez-de-pineda-se-diserto-sobre-sociologia-como-experiencia-intima-y-multiple\/#primaryimage"},"thumbnailUrl":"https:\/\/www.ucaldas.edu.co\/portal\/wp-content\/uploads\/2017\/04\/carv.jpg","datePublished":"2017-04-24T21:36:13+00:00","breadcrumb":{"@id":"https:\/\/www.ucaldas.edu.co\/portal\/en-catedra-abierta-virginia-gutierrez-de-pineda-se-diserto-sobre-sociologia-como-experiencia-intima-y-multiple\/#breadcrumb"},"inLanguage":"es","potentialAction":[{"@type":"ReadAction","target":["https:\/\/www.ucaldas.edu.co\/portal\/en-catedra-abierta-virginia-gutierrez-de-pineda-se-diserto-sobre-sociologia-como-experiencia-intima-y-multiple\/"]}]},{"@type":"ImageObject","inLanguage":"es","@id":"https:\/\/www.ucaldas.edu.co\/portal\/en-catedra-abierta-virginia-gutierrez-de-pineda-se-diserto-sobre-sociologia-como-experiencia-intima-y-multiple\/#primaryimage","url":"https:\/\/www.ucaldas.edu.co\/portal\/wp-content\/uploads\/2017\/04\/carv.jpg","contentUrl":"https:\/\/www.ucaldas.edu.co\/portal\/wp-content\/uploads\/2017\/04\/carv.jpg"},{"@type":"BreadcrumbList","@id":"https:\/\/www.ucaldas.edu.co\/portal\/en-catedra-abierta-virginia-gutierrez-de-pineda-se-diserto-sobre-sociologia-como-experiencia-intima-y-multiple\/#breadcrumb","itemListElement":[{"@type":"ListItem","position":1,"name":"Portada","item":"https:\/\/www.ucaldas.edu.co\/portal\/"},{"@type":"ListItem","position":2,"name":"En C\u00e1tedra Abierta Virginia Guti\u00e9rrez de Pineda se disert\u00f3 sobre sociolog\u00eda como experiencia \u00edntima y m\u00faltiple"}]},{"@type":"WebSite","@id":"https:\/\/www.ucaldas.edu.co\/portal\/#website","url":"https:\/\/www.ucaldas.edu.co\/portal\/","name":"Universidad de Caldas","description":"","publisher":{"@id":"https:\/\/www.ucaldas.edu.co\/portal\/#organization"},"alternateName":"U. de Caldas","potentialAction":[{"@type":"SearchAction","target":{"@type":"EntryPoint","urlTemplate":"https:\/\/www.ucaldas.edu.co\/portal\/?s={search_term_string}"},"query-input":{"@type":"PropertyValueSpecification","valueRequired":true,"valueName":"search_term_string"}}],"inLanguage":"es"},{"@type":"Organization","@id":"https:\/\/www.ucaldas.edu.co\/portal\/#organization","name":"Universidad de Caldas","alternateName":"U. de Caldas","url":"https:\/\/www.ucaldas.edu.co\/portal\/","logo":{"@type":"ImageObject","inLanguage":"es","@id":"https:\/\/www.ucaldas.edu.co\/portal\/#\/schema\/logo\/image\/","url":"https:\/\/www.ucaldas.edu.co\/portal\/wp-content\/uploads\/2023\/11\/Logo_horizontal_oscuroU-2023.png","contentUrl":"https:\/\/www.ucaldas.edu.co\/portal\/wp-content\/uploads\/2023\/11\/Logo_horizontal_oscuroU-2023.png","width":263,"height":101,"caption":"Universidad de Caldas"},"image":{"@id":"https:\/\/www.ucaldas.edu.co\/portal\/#\/schema\/logo\/image\/"},"sameAs":["https:\/\/www.facebook.com\/udecaldas","https:\/\/x.com\/udecaldas","https:\/\/www.youtube.com\/universidadcaldas","https:\/\/www.instagram.com\/udecaldas\/"]},{"@type":"Person","@id":"https:\/\/www.ucaldas.edu.co\/portal\/#\/schema\/person\/a1b482e23449158b4bc319926c074fdf","name":"ofiprensa","image":{"@type":"ImageObject","inLanguage":"es","@id":"https:\/\/www.ucaldas.edu.co\/portal\/wp-content\/litespeed\/avatar\/09ea5085e600095a7a811142c6944527.jpg?ver=1777497608","url":"https:\/\/www.ucaldas.edu.co\/portal\/wp-content\/litespeed\/avatar\/09ea5085e600095a7a811142c6944527.jpg?ver=1777497608","contentUrl":"https:\/\/www.ucaldas.edu.co\/portal\/wp-content\/litespeed\/avatar\/09ea5085e600095a7a811142c6944527.jpg?ver=1777497608","caption":"ofiprensa"},"url":"https:\/\/www.ucaldas.edu.co\/portal\/author\/ofiprensa\/"}]}},"_links":{"self":[{"href":"https:\/\/www.ucaldas.edu.co\/portal\/wp-json\/wp\/v2\/posts\/35128","targetHints":{"allow":["GET"]}}],"collection":[{"href":"https:\/\/www.ucaldas.edu.co\/portal\/wp-json\/wp\/v2\/posts"}],"about":[{"href":"https:\/\/www.ucaldas.edu.co\/portal\/wp-json\/wp\/v2\/types\/post"}],"author":[{"embeddable":true,"href":"https:\/\/www.ucaldas.edu.co\/portal\/wp-json\/wp\/v2\/users\/2"}],"replies":[{"embeddable":true,"href":"https:\/\/www.ucaldas.edu.co\/portal\/wp-json\/wp\/v2\/comments?post=35128"}],"version-history":[{"count":0,"href":"https:\/\/www.ucaldas.edu.co\/portal\/wp-json\/wp\/v2\/posts\/35128\/revisions"}],"wp:attachment":[{"href":"https:\/\/www.ucaldas.edu.co\/portal\/wp-json\/wp\/v2\/media?parent=35128"}],"wp:term":[{"taxonomy":"category","embeddable":true,"href":"https:\/\/www.ucaldas.edu.co\/portal\/wp-json\/wp\/v2\/categories?post=35128"},{"taxonomy":"post_tag","embeddable":true,"href":"https:\/\/www.ucaldas.edu.co\/portal\/wp-json\/wp\/v2\/tags?post=35128"}],"curies":[{"name":"wp","href":"https:\/\/api.w.org\/{rel}","templated":true}]}}