{"id":35077,"date":"2017-04-21T12:20:17","date_gmt":"2017-04-21T17:20:17","guid":{"rendered":"https:\/\/www.ucaldas.edu.co\/portal\/?p=35077"},"modified":"2017-04-21T12:20:17","modified_gmt":"2017-04-21T17:20:17","slug":"socializacion-convocatoria-mercado-de-diseno-arte-electronico-y-tecnologia-abr-25","status":"publish","type":"post","link":"https:\/\/www.ucaldas.edu.co\/portal\/socializacion-convocatoria-mercado-de-diseno-arte-electronico-y-tecnologia-abr-25\/","title":{"rendered":"Socializaci\u00f3n Convocatoria Mercado de Dise\u00f1o, Arte Electr\u00f3nico y Tecnolog\u00eda &#8211; abr 25"},"content":{"rendered":"<p><strong>Socializaci\u00f3n Convocatoria Mercado de Dise\u00f1o, Arte Electr\u00f3nico y Tecnolog\u00eda &#8211; abr 25<\/strong><\/p>\n<p><strong>Descripci\u00f3n: <\/strong>del 16 al 17 de junio se realizar\u00e1 el IV Mercado de Dise\u00f1o, Arte Electr\u00f3nico y Tecnolog\u00eda, liderado por el Ministerio de Cultura y el Festival Internacional de la Imagen. Es un escenario de ecosistemas culturales y creativos para la generaci\u00f3n de oportunidades de negocio e intercambio entre colectivos, emprendedores y empresarios.<\/p>\n<p>El Mercado convoca colectivos, empresas y emprendedores de los subsectores:<\/p>\n<p>Dise\u00f1o editorial<\/p>\n<p>Dise\u00f1o y creaci\u00f3n digital<\/p>\n<p>Apps y videojuegos<\/p>\n<p>Audiovisual (video y animaci\u00f3n)<\/p>\n<p>Los Ejes del Mercado son:<\/p>\n<p>-Mesas de Networking<\/p>\n<p>-Charlas Detonantes<\/p>\n<p>-Espacios de Exhibici\u00f3n<\/p>\n<p>-Franjas de Aprendizaje<\/p>\n<p><strong>Fecha: <\/strong>martes 25 de abril del 2017.<\/p>\n<p><strong>Hora: <\/strong>9:00 a.m.<\/p>\n<p><strong>Lugar: <\/strong>Auditorio Danilo Cruz V\u00e9lez, Campus Central U. de Caldas.<\/p>\n<p><strong>Informes:<\/strong> Oficina de Comunicaciones y Prensa U. de Caldas, tel\u00e9fono 878 15 00 extensi\u00f3n 12 167.<\/p>\n<p>&nbsp;<\/p>\n","protected":false},"excerpt":{"rendered":"<p>Socializaci\u00f3n Convocatoria Mercado de Dise\u00f1o, Arte Electr\u00f3nico y Tecnolog\u00eda &#8211; abr 25 Descripci\u00f3n: del 16 al 17 de junio se realizar\u00e1 el IV Mercado de Dise\u00f1o, Arte Electr\u00f3nico y Tecnolog\u00eda, liderado por el Ministerio de Cultura y el Festival Internacional de la Imagen. Es un escenario de ecosistemas culturales y creativos para la generaci\u00f3n de [&hellip;]<\/p>\n","protected":false},"author":2,"featured_media":0,"comment_status":"closed","ping_status":"closed","sticky":false,"template":"","format":"standard","meta":{"footnotes":""},"categories":[62],"tags":[63,99,248,302,641],"class_list":["post-35077","post","type-post","status-publish","format-standard","hentry","category-eventos","tag-participe","tag-cultural","tag-diseno","tag-socializacion","tag-mercado"],"yoast_head":"<!-- This site is optimized with the Yoast SEO plugin v27.5 - https:\/\/yoast.com\/product\/yoast-seo-wordpress\/ -->\n<title>Socializaci\u00f3n Convocatoria Mercado de Dise\u00f1o, Arte Electr\u00f3nico y Tecnolog\u00eda - abr 25 .<\/title>\n<meta name=\"robots\" content=\"index, follow, max-snippet:-1, max-image-preview:large, max-video-preview:-1\" \/>\n<link rel=\"canonical\" href=\"https:\/\/www.ucaldas.edu.co\/portal\/socializacion-convocatoria-mercado-de-diseno-arte-electronico-y-tecnologia-abr-25\/\" \/>\n<script type=\"application\/ld+json\" class=\"yoast-schema-graph\">{\"@context\":\"https:\\\/\\\/schema.org\",\"@graph\":[{\"@type\":\"Article\",\"@id\":\"https:\\\/\\\/www.ucaldas.edu.co\\\/portal\\\/socializacion-convocatoria-mercado-de-diseno-arte-electronico-y-tecnologia-abr-25\\\/#article\",\"isPartOf\":{\"@id\":\"https:\\\/\\\/www.ucaldas.edu.co\\\/portal\\\/socializacion-convocatoria-mercado-de-diseno-arte-electronico-y-tecnologia-abr-25\\\/\"},\"author\":{\"name\":\"ofiprensa\",\"@id\":\"https:\\\/\\\/www.ucaldas.edu.co\\\/portal\\\/#\\\/schema\\\/person\\\/a1b482e23449158b4bc319926c074fdf\"},\"headline\":\"Socializaci\u00f3n Convocatoria Mercado de Dise\u00f1o, Arte Electr\u00f3nico y Tecnolog\u00eda &#8211; abr 25\",\"datePublished\":\"2017-04-21T17:20:17+00:00\",\"mainEntityOfPage\":{\"@id\":\"https:\\\/\\\/www.ucaldas.edu.co\\\/portal\\\/socializacion-convocatoria-mercado-de-diseno-arte-electronico-y-tecnologia-abr-25\\\/\"},\"wordCount\":163,\"publisher\":{\"@id\":\"https:\\\/\\\/www.ucaldas.edu.co\\\/portal\\\/#organization\"},\"keywords\":[\"Participe\",\"Cultural\",\"dise\u00f1o\",\"socializaci\u00f3n\",\"mercado\"],\"articleSection\":[\"Eventos\"],\"inLanguage\":\"es\"},{\"@type\":\"WebPage\",\"@id\":\"https:\\\/\\\/www.ucaldas.edu.co\\\/portal\\\/socializacion-convocatoria-mercado-de-diseno-arte-electronico-y-tecnologia-abr-25\\\/\",\"url\":\"https:\\\/\\\/www.ucaldas.edu.co\\\/portal\\\/socializacion-convocatoria-mercado-de-diseno-arte-electronico-y-tecnologia-abr-25\\\/\",\"name\":\"Socializaci\u00f3n Convocatoria Mercado de Dise\u00f1o, Arte Electr\u00f3nico y Tecnolog\u00eda - abr 25 .\",\"isPartOf\":{\"@id\":\"https:\\\/\\\/www.ucaldas.edu.co\\\/portal\\\/#website\"},\"datePublished\":\"2017-04-21T17:20:17+00:00\",\"breadcrumb\":{\"@id\":\"https:\\\/\\\/www.ucaldas.edu.co\\\/portal\\\/socializacion-convocatoria-mercado-de-diseno-arte-electronico-y-tecnologia-abr-25\\\/#breadcrumb\"},\"inLanguage\":\"es\",\"potentialAction\":[{\"@type\":\"ReadAction\",\"target\":[\"https:\\\/\\\/www.ucaldas.edu.co\\\/portal\\\/socializacion-convocatoria-mercado-de-diseno-arte-electronico-y-tecnologia-abr-25\\\/\"]}]},{\"@type\":\"BreadcrumbList\",\"@id\":\"https:\\\/\\\/www.ucaldas.edu.co\\\/portal\\\/socializacion-convocatoria-mercado-de-diseno-arte-electronico-y-tecnologia-abr-25\\\/#breadcrumb\",\"itemListElement\":[{\"@type\":\"ListItem\",\"position\":1,\"name\":\"Portada\",\"item\":\"https:\\\/\\\/www.ucaldas.edu.co\\\/portal\\\/\"},{\"@type\":\"ListItem\",\"position\":2,\"name\":\"Socializaci\u00f3n Convocatoria Mercado de Dise\u00f1o, Arte Electr\u00f3nico y Tecnolog\u00eda &#8211; abr 25\"}]},{\"@type\":\"WebSite\",\"@id\":\"https:\\\/\\\/www.ucaldas.edu.co\\\/portal\\\/#website\",\"url\":\"https:\\\/\\\/www.ucaldas.edu.co\\\/portal\\\/\",\"name\":\"Universidad de Caldas\",\"description\":\"\",\"publisher\":{\"@id\":\"https:\\\/\\\/www.ucaldas.edu.co\\\/portal\\\/#organization\"},\"alternateName\":\"U. de Caldas\",\"potentialAction\":[{\"@type\":\"SearchAction\",\"target\":{\"@type\":\"EntryPoint\",\"urlTemplate\":\"https:\\\/\\\/www.ucaldas.edu.co\\\/portal\\\/?s={search_term_string}\"},\"query-input\":{\"@type\":\"PropertyValueSpecification\",\"valueRequired\":true,\"valueName\":\"search_term_string\"}}],\"inLanguage\":\"es\"},{\"@type\":\"Organization\",\"@id\":\"https:\\\/\\\/www.ucaldas.edu.co\\\/portal\\\/#organization\",\"name\":\"Universidad de Caldas\",\"alternateName\":\"U. de Caldas\",\"url\":\"https:\\\/\\\/www.ucaldas.edu.co\\\/portal\\\/\",\"logo\":{\"@type\":\"ImageObject\",\"inLanguage\":\"es\",\"@id\":\"https:\\\/\\\/www.ucaldas.edu.co\\\/portal\\\/#\\\/schema\\\/logo\\\/image\\\/\",\"url\":\"https:\\\/\\\/www.ucaldas.edu.co\\\/portal\\\/wp-content\\\/uploads\\\/2023\\\/11\\\/Logo_horizontal_oscuroU-2023.png\",\"contentUrl\":\"https:\\\/\\\/www.ucaldas.edu.co\\\/portal\\\/wp-content\\\/uploads\\\/2023\\\/11\\\/Logo_horizontal_oscuroU-2023.png\",\"width\":263,\"height\":101,\"caption\":\"Universidad de Caldas\"},\"image\":{\"@id\":\"https:\\\/\\\/www.ucaldas.edu.co\\\/portal\\\/#\\\/schema\\\/logo\\\/image\\\/\"},\"sameAs\":[\"https:\\\/\\\/www.facebook.com\\\/udecaldas\",\"https:\\\/\\\/x.com\\\/udecaldas\",\"https:\\\/\\\/www.youtube.com\\\/universidadcaldas\",\"https:\\\/\\\/www.instagram.com\\\/udecaldas\\\/\"]},{\"@type\":\"Person\",\"@id\":\"https:\\\/\\\/www.ucaldas.edu.co\\\/portal\\\/#\\\/schema\\\/person\\\/a1b482e23449158b4bc319926c074fdf\",\"name\":\"ofiprensa\",\"image\":{\"@type\":\"ImageObject\",\"inLanguage\":\"es\",\"@id\":\"https:\\\/\\\/www.ucaldas.edu.co\\\/portal\\\/wp-content\\\/litespeed\\\/avatar\\\/09ea5085e600095a7a811142c6944527.jpg?ver=1777497608\",\"url\":\"https:\\\/\\\/www.ucaldas.edu.co\\\/portal\\\/wp-content\\\/litespeed\\\/avatar\\\/09ea5085e600095a7a811142c6944527.jpg?ver=1777497608\",\"contentUrl\":\"https:\\\/\\\/www.ucaldas.edu.co\\\/portal\\\/wp-content\\\/litespeed\\\/avatar\\\/09ea5085e600095a7a811142c6944527.jpg?ver=1777497608\",\"caption\":\"ofiprensa\"},\"url\":\"https:\\\/\\\/www.ucaldas.edu.co\\\/portal\\\/author\\\/ofiprensa\\\/\"}]}<\/script>\n<!-- \/ Yoast SEO plugin. -->","yoast_head_json":{"title":"Socializaci\u00f3n Convocatoria Mercado de Dise\u00f1o, Arte Electr\u00f3nico y Tecnolog\u00eda - abr 25 .","robots":{"index":"index","follow":"follow","max-snippet":"max-snippet:-1","max-image-preview":"max-image-preview:large","max-video-preview":"max-video-preview:-1"},"canonical":"https:\/\/www.ucaldas.edu.co\/portal\/socializacion-convocatoria-mercado-de-diseno-arte-electronico-y-tecnologia-abr-25\/","schema":{"@context":"https:\/\/schema.org","@graph":[{"@type":"Article","@id":"https:\/\/www.ucaldas.edu.co\/portal\/socializacion-convocatoria-mercado-de-diseno-arte-electronico-y-tecnologia-abr-25\/#article","isPartOf":{"@id":"https:\/\/www.ucaldas.edu.co\/portal\/socializacion-convocatoria-mercado-de-diseno-arte-electronico-y-tecnologia-abr-25\/"},"author":{"name":"ofiprensa","@id":"https:\/\/www.ucaldas.edu.co\/portal\/#\/schema\/person\/a1b482e23449158b4bc319926c074fdf"},"headline":"Socializaci\u00f3n Convocatoria Mercado de Dise\u00f1o, Arte Electr\u00f3nico y Tecnolog\u00eda &#8211; abr 25","datePublished":"2017-04-21T17:20:17+00:00","mainEntityOfPage":{"@id":"https:\/\/www.ucaldas.edu.co\/portal\/socializacion-convocatoria-mercado-de-diseno-arte-electronico-y-tecnologia-abr-25\/"},"wordCount":163,"publisher":{"@id":"https:\/\/www.ucaldas.edu.co\/portal\/#organization"},"keywords":["Participe","Cultural","dise\u00f1o","socializaci\u00f3n","mercado"],"articleSection":["Eventos"],"inLanguage":"es"},{"@type":"WebPage","@id":"https:\/\/www.ucaldas.edu.co\/portal\/socializacion-convocatoria-mercado-de-diseno-arte-electronico-y-tecnologia-abr-25\/","url":"https:\/\/www.ucaldas.edu.co\/portal\/socializacion-convocatoria-mercado-de-diseno-arte-electronico-y-tecnologia-abr-25\/","name":"Socializaci\u00f3n Convocatoria Mercado de Dise\u00f1o, Arte Electr\u00f3nico y Tecnolog\u00eda - abr 25 .","isPartOf":{"@id":"https:\/\/www.ucaldas.edu.co\/portal\/#website"},"datePublished":"2017-04-21T17:20:17+00:00","breadcrumb":{"@id":"https:\/\/www.ucaldas.edu.co\/portal\/socializacion-convocatoria-mercado-de-diseno-arte-electronico-y-tecnologia-abr-25\/#breadcrumb"},"inLanguage":"es","potentialAction":[{"@type":"ReadAction","target":["https:\/\/www.ucaldas.edu.co\/portal\/socializacion-convocatoria-mercado-de-diseno-arte-electronico-y-tecnologia-abr-25\/"]}]},{"@type":"BreadcrumbList","@id":"https:\/\/www.ucaldas.edu.co\/portal\/socializacion-convocatoria-mercado-de-diseno-arte-electronico-y-tecnologia-abr-25\/#breadcrumb","itemListElement":[{"@type":"ListItem","position":1,"name":"Portada","item":"https:\/\/www.ucaldas.edu.co\/portal\/"},{"@type":"ListItem","position":2,"name":"Socializaci\u00f3n Convocatoria Mercado de Dise\u00f1o, Arte Electr\u00f3nico y Tecnolog\u00eda &#8211; abr 25"}]},{"@type":"WebSite","@id":"https:\/\/www.ucaldas.edu.co\/portal\/#website","url":"https:\/\/www.ucaldas.edu.co\/portal\/","name":"Universidad de Caldas","description":"","publisher":{"@id":"https:\/\/www.ucaldas.edu.co\/portal\/#organization"},"alternateName":"U. de Caldas","potentialAction":[{"@type":"SearchAction","target":{"@type":"EntryPoint","urlTemplate":"https:\/\/www.ucaldas.edu.co\/portal\/?s={search_term_string}"},"query-input":{"@type":"PropertyValueSpecification","valueRequired":true,"valueName":"search_term_string"}}],"inLanguage":"es"},{"@type":"Organization","@id":"https:\/\/www.ucaldas.edu.co\/portal\/#organization","name":"Universidad de Caldas","alternateName":"U. de Caldas","url":"https:\/\/www.ucaldas.edu.co\/portal\/","logo":{"@type":"ImageObject","inLanguage":"es","@id":"https:\/\/www.ucaldas.edu.co\/portal\/#\/schema\/logo\/image\/","url":"https:\/\/www.ucaldas.edu.co\/portal\/wp-content\/uploads\/2023\/11\/Logo_horizontal_oscuroU-2023.png","contentUrl":"https:\/\/www.ucaldas.edu.co\/portal\/wp-content\/uploads\/2023\/11\/Logo_horizontal_oscuroU-2023.png","width":263,"height":101,"caption":"Universidad de Caldas"},"image":{"@id":"https:\/\/www.ucaldas.edu.co\/portal\/#\/schema\/logo\/image\/"},"sameAs":["https:\/\/www.facebook.com\/udecaldas","https:\/\/x.com\/udecaldas","https:\/\/www.youtube.com\/universidadcaldas","https:\/\/www.instagram.com\/udecaldas\/"]},{"@type":"Person","@id":"https:\/\/www.ucaldas.edu.co\/portal\/#\/schema\/person\/a1b482e23449158b4bc319926c074fdf","name":"ofiprensa","image":{"@type":"ImageObject","inLanguage":"es","@id":"https:\/\/www.ucaldas.edu.co\/portal\/wp-content\/litespeed\/avatar\/09ea5085e600095a7a811142c6944527.jpg?ver=1777497608","url":"https:\/\/www.ucaldas.edu.co\/portal\/wp-content\/litespeed\/avatar\/09ea5085e600095a7a811142c6944527.jpg?ver=1777497608","contentUrl":"https:\/\/www.ucaldas.edu.co\/portal\/wp-content\/litespeed\/avatar\/09ea5085e600095a7a811142c6944527.jpg?ver=1777497608","caption":"ofiprensa"},"url":"https:\/\/www.ucaldas.edu.co\/portal\/author\/ofiprensa\/"}]}},"_links":{"self":[{"href":"https:\/\/www.ucaldas.edu.co\/portal\/wp-json\/wp\/v2\/posts\/35077","targetHints":{"allow":["GET"]}}],"collection":[{"href":"https:\/\/www.ucaldas.edu.co\/portal\/wp-json\/wp\/v2\/posts"}],"about":[{"href":"https:\/\/www.ucaldas.edu.co\/portal\/wp-json\/wp\/v2\/types\/post"}],"author":[{"embeddable":true,"href":"https:\/\/www.ucaldas.edu.co\/portal\/wp-json\/wp\/v2\/users\/2"}],"replies":[{"embeddable":true,"href":"https:\/\/www.ucaldas.edu.co\/portal\/wp-json\/wp\/v2\/comments?post=35077"}],"version-history":[{"count":0,"href":"https:\/\/www.ucaldas.edu.co\/portal\/wp-json\/wp\/v2\/posts\/35077\/revisions"}],"wp:attachment":[{"href":"https:\/\/www.ucaldas.edu.co\/portal\/wp-json\/wp\/v2\/media?parent=35077"}],"wp:term":[{"taxonomy":"category","embeddable":true,"href":"https:\/\/www.ucaldas.edu.co\/portal\/wp-json\/wp\/v2\/categories?post=35077"},{"taxonomy":"post_tag","embeddable":true,"href":"https:\/\/www.ucaldas.edu.co\/portal\/wp-json\/wp\/v2\/tags?post=35077"}],"curies":[{"name":"wp","href":"https:\/\/api.w.org\/{rel}","templated":true}]}}