{"id":35074,"date":"2017-04-21T12:08:02","date_gmt":"2017-04-21T17:08:02","guid":{"rendered":"https:\/\/www.ucaldas.edu.co\/portal\/?p=35074"},"modified":"2017-04-21T12:08:02","modified_gmt":"2017-04-21T17:08:02","slug":"inscribase-a-exposicion-itineraria-de-productos-procesando-ordenando-recuperando-paces-justicia-y-convivencia-social","status":"publish","type":"post","link":"https:\/\/www.ucaldas.edu.co\/portal\/inscribase-a-exposicion-itineraria-de-productos-procesando-ordenando-recuperando-paces-justicia-y-convivencia-social\/","title":{"rendered":"Inscr\u00edbase a Exposici\u00f3n itineraria de productos: procesando ordenando, recuperando. Paces, justicia y convivencia social"},"content":{"rendered":"<p style=\"text-align: center;\">HASTA EL MARTES 25 DE ABRIL DEL 2017<\/p>\n<p style=\"text-align: center;\"><strong>Inscr\u00edbase a <em>Exposici\u00f3n itineraria de productos: procesando ordenando, recuperando. Paces, justicia y convivencia social<\/em><\/strong><\/p>\n<p style=\"text-align: right;\">21\/04\/2017<\/p>\n<p><strong>\u00a0<img loading=\"lazy\" decoding=\"async\" class=\"alignnone size-full wp-image-35075 aligncenter\" src=\"https:\/\/www.ucaldas.edu.co\/portal\/wp-content\/uploads\/2017\/04\/expoiti.jpg\" alt=\"expoiti\" width=\"358\" height=\"284\" \/><\/strong><\/p>\n<p>Con el <strong>objetivo <\/strong>de con<strong>struir espacios conjuntos de reflexi\u00f3n en torno a las paces, la justicia y la convivencia social <\/strong>en Colombia y otros pa\u00edses, desde grupos acad\u00e9micos (Colombia-Francia) instituciones, organizaciones y sociedad civil se <strong>realizar\u00e1 la <em>Exposici\u00f3n itineraria de productos<\/em><\/strong><em>: procesando ordenando, recuperando. Paces, justicia y convivencia social.<\/em><\/p>\n<p><em>\u00a0<\/em><!--more--><\/p>\n<p>Las <strong>inscripciones ser\u00e1n hasta el martes 25 de abril del 2017<\/strong>. El \u00a0mi\u00e9rcoles 26 de abril del 2017 se llevar\u00e1 a cabo la exposici\u00f3n previa en Hall Central de la U. de Caldas.<\/p>\n<p>&nbsp;<\/p>\n<p>Esta <strong>actividad hace parte del a\u00f1o cruzado Colombia Francia<\/strong>, como es una oportunidad m\u00e1s que se abre para dialogar, para comprender de las din\u00e1micas sociohist\u00f3ricas de las regiones y para analizar las perspectivas de futuro.<\/p>\n<p>&nbsp;<\/p>\n<p><strong>Se busca visibilizar los problemas que se est\u00e1n trabajando en la regi\u00f3n<\/strong>, establecer di\u00e1logos con respecto a los resultados de dichos proyectos y proponer rutas en la construcci\u00f3n de nuevos conocimientos.<\/p>\n<p>&nbsp;<\/p>\n<p><strong>Informes: <\/strong>Centro de Estudios sobre Conflictos Violencia y Convivencia Social (Cedat) U. de Caldas, tel\u00e9fono 886 27 20 extensi\u00f3n 22 103.<\/p>\n<p><strong>Redacci\u00f3n:<\/strong> Margarita Laverde<\/p>\n<p>&nbsp;<\/p>\n","protected":false},"excerpt":{"rendered":"<p>HASTA EL MARTES 25 DE ABRIL DEL 2017 Inscr\u00edbase a Exposici\u00f3n itineraria de productos: procesando ordenando, recuperando. Paces, justicia y convivencia social 21\/04\/2017 \u00a0 Con el objetivo de construir espacios conjuntos de reflexi\u00f3n en torno a las paces, la justicia y la convivencia social en Colombia y otros pa\u00edses, desde grupos acad\u00e9micos (Colombia-Francia) instituciones, organizaciones [&hellip;]<\/p>\n","protected":false},"author":2,"featured_media":0,"comment_status":"closed","ping_status":"closed","sticky":false,"template":"","format":"standard","meta":{"footnotes":""},"categories":[48,53,624],"tags":[701,702,55,63,168,229],"class_list":["post-35074","post","type-post","status-publish","format-standard","hentry","category-actualidad","category-universidad-al-dia","category-ucaldas-activa","tag-convivencia-social","tag-justicia","tag-academia","tag-participe","tag-paz","tag-exposicion"],"yoast_head":"<!-- This site is optimized with the Yoast SEO plugin v27.5 - https:\/\/yoast.com\/product\/yoast-seo-wordpress\/ -->\n<title>Inscr\u00edbase a Exposici\u00f3n itineraria de productos: procesando ordenando, recuperando. Paces, justicia y convivencia social .<\/title>\n<meta name=\"robots\" content=\"index, follow, max-snippet:-1, max-image-preview:large, max-video-preview:-1\" \/>\n<link rel=\"canonical\" href=\"https:\/\/www.ucaldas.edu.co\/portal\/inscribase-a-exposicion-itineraria-de-productos-procesando-ordenando-recuperando-paces-justicia-y-convivencia-social\/\" \/>\n<script type=\"application\/ld+json\" class=\"yoast-schema-graph\">{\"@context\":\"https:\\\/\\\/schema.org\",\"@graph\":[{\"@type\":\"Article\",\"@id\":\"https:\\\/\\\/www.ucaldas.edu.co\\\/portal\\\/inscribase-a-exposicion-itineraria-de-productos-procesando-ordenando-recuperando-paces-justicia-y-convivencia-social\\\/#article\",\"isPartOf\":{\"@id\":\"https:\\\/\\\/www.ucaldas.edu.co\\\/portal\\\/inscribase-a-exposicion-itineraria-de-productos-procesando-ordenando-recuperando-paces-justicia-y-convivencia-social\\\/\"},\"author\":{\"name\":\"ofiprensa\",\"@id\":\"https:\\\/\\\/www.ucaldas.edu.co\\\/portal\\\/#\\\/schema\\\/person\\\/a1b482e23449158b4bc319926c074fdf\"},\"headline\":\"Inscr\u00edbase a Exposici\u00f3n itineraria de productos: procesando ordenando, recuperando. Paces, justicia y convivencia social\",\"datePublished\":\"2017-04-21T17:08:02+00:00\",\"mainEntityOfPage\":{\"@id\":\"https:\\\/\\\/www.ucaldas.edu.co\\\/portal\\\/inscribase-a-exposicion-itineraria-de-productos-procesando-ordenando-recuperando-paces-justicia-y-convivencia-social\\\/\"},\"wordCount\":223,\"publisher\":{\"@id\":\"https:\\\/\\\/www.ucaldas.edu.co\\\/portal\\\/#organization\"},\"image\":{\"@id\":\"https:\\\/\\\/www.ucaldas.edu.co\\\/portal\\\/inscribase-a-exposicion-itineraria-de-productos-procesando-ordenando-recuperando-paces-justicia-y-convivencia-social\\\/#primaryimage\"},\"thumbnailUrl\":\"https:\\\/\\\/www.ucaldas.edu.co\\\/portal\\\/wp-content\\\/uploads\\\/2017\\\/04\\\/expoiti.jpg\",\"keywords\":[\"convivencia social\",\"justicia\",\"academia\",\"Participe\",\"paz\",\"exposici\u00f3n\"],\"articleSection\":[\"Actualidad\",\"Universidad al D\u00eda\",\"UCaldas Activa\"],\"inLanguage\":\"es\"},{\"@type\":\"WebPage\",\"@id\":\"https:\\\/\\\/www.ucaldas.edu.co\\\/portal\\\/inscribase-a-exposicion-itineraria-de-productos-procesando-ordenando-recuperando-paces-justicia-y-convivencia-social\\\/\",\"url\":\"https:\\\/\\\/www.ucaldas.edu.co\\\/portal\\\/inscribase-a-exposicion-itineraria-de-productos-procesando-ordenando-recuperando-paces-justicia-y-convivencia-social\\\/\",\"name\":\"Inscr\u00edbase a Exposici\u00f3n itineraria de productos: procesando ordenando, recuperando. Paces, justicia y convivencia social .\",\"isPartOf\":{\"@id\":\"https:\\\/\\\/www.ucaldas.edu.co\\\/portal\\\/#website\"},\"primaryImageOfPage\":{\"@id\":\"https:\\\/\\\/www.ucaldas.edu.co\\\/portal\\\/inscribase-a-exposicion-itineraria-de-productos-procesando-ordenando-recuperando-paces-justicia-y-convivencia-social\\\/#primaryimage\"},\"image\":{\"@id\":\"https:\\\/\\\/www.ucaldas.edu.co\\\/portal\\\/inscribase-a-exposicion-itineraria-de-productos-procesando-ordenando-recuperando-paces-justicia-y-convivencia-social\\\/#primaryimage\"},\"thumbnailUrl\":\"https:\\\/\\\/www.ucaldas.edu.co\\\/portal\\\/wp-content\\\/uploads\\\/2017\\\/04\\\/expoiti.jpg\",\"datePublished\":\"2017-04-21T17:08:02+00:00\",\"breadcrumb\":{\"@id\":\"https:\\\/\\\/www.ucaldas.edu.co\\\/portal\\\/inscribase-a-exposicion-itineraria-de-productos-procesando-ordenando-recuperando-paces-justicia-y-convivencia-social\\\/#breadcrumb\"},\"inLanguage\":\"es\",\"potentialAction\":[{\"@type\":\"ReadAction\",\"target\":[\"https:\\\/\\\/www.ucaldas.edu.co\\\/portal\\\/inscribase-a-exposicion-itineraria-de-productos-procesando-ordenando-recuperando-paces-justicia-y-convivencia-social\\\/\"]}]},{\"@type\":\"ImageObject\",\"inLanguage\":\"es\",\"@id\":\"https:\\\/\\\/www.ucaldas.edu.co\\\/portal\\\/inscribase-a-exposicion-itineraria-de-productos-procesando-ordenando-recuperando-paces-justicia-y-convivencia-social\\\/#primaryimage\",\"url\":\"https:\\\/\\\/www.ucaldas.edu.co\\\/portal\\\/wp-content\\\/uploads\\\/2017\\\/04\\\/expoiti.jpg\",\"contentUrl\":\"https:\\\/\\\/www.ucaldas.edu.co\\\/portal\\\/wp-content\\\/uploads\\\/2017\\\/04\\\/expoiti.jpg\"},{\"@type\":\"BreadcrumbList\",\"@id\":\"https:\\\/\\\/www.ucaldas.edu.co\\\/portal\\\/inscribase-a-exposicion-itineraria-de-productos-procesando-ordenando-recuperando-paces-justicia-y-convivencia-social\\\/#breadcrumb\",\"itemListElement\":[{\"@type\":\"ListItem\",\"position\":1,\"name\":\"Portada\",\"item\":\"https:\\\/\\\/www.ucaldas.edu.co\\\/portal\\\/\"},{\"@type\":\"ListItem\",\"position\":2,\"name\":\"Inscr\u00edbase a Exposici\u00f3n itineraria de productos: procesando ordenando, recuperando. Paces, justicia y convivencia social\"}]},{\"@type\":\"WebSite\",\"@id\":\"https:\\\/\\\/www.ucaldas.edu.co\\\/portal\\\/#website\",\"url\":\"https:\\\/\\\/www.ucaldas.edu.co\\\/portal\\\/\",\"name\":\"Universidad de Caldas\",\"description\":\"\",\"publisher\":{\"@id\":\"https:\\\/\\\/www.ucaldas.edu.co\\\/portal\\\/#organization\"},\"alternateName\":\"U. de Caldas\",\"potentialAction\":[{\"@type\":\"SearchAction\",\"target\":{\"@type\":\"EntryPoint\",\"urlTemplate\":\"https:\\\/\\\/www.ucaldas.edu.co\\\/portal\\\/?s={search_term_string}\"},\"query-input\":{\"@type\":\"PropertyValueSpecification\",\"valueRequired\":true,\"valueName\":\"search_term_string\"}}],\"inLanguage\":\"es\"},{\"@type\":\"Organization\",\"@id\":\"https:\\\/\\\/www.ucaldas.edu.co\\\/portal\\\/#organization\",\"name\":\"Universidad de Caldas\",\"alternateName\":\"U. de Caldas\",\"url\":\"https:\\\/\\\/www.ucaldas.edu.co\\\/portal\\\/\",\"logo\":{\"@type\":\"ImageObject\",\"inLanguage\":\"es\",\"@id\":\"https:\\\/\\\/www.ucaldas.edu.co\\\/portal\\\/#\\\/schema\\\/logo\\\/image\\\/\",\"url\":\"https:\\\/\\\/www.ucaldas.edu.co\\\/portal\\\/wp-content\\\/uploads\\\/2023\\\/11\\\/Logo_horizontal_oscuroU-2023.png\",\"contentUrl\":\"https:\\\/\\\/www.ucaldas.edu.co\\\/portal\\\/wp-content\\\/uploads\\\/2023\\\/11\\\/Logo_horizontal_oscuroU-2023.png\",\"width\":263,\"height\":101,\"caption\":\"Universidad de Caldas\"},\"image\":{\"@id\":\"https:\\\/\\\/www.ucaldas.edu.co\\\/portal\\\/#\\\/schema\\\/logo\\\/image\\\/\"},\"sameAs\":[\"https:\\\/\\\/www.facebook.com\\\/udecaldas\",\"https:\\\/\\\/x.com\\\/udecaldas\",\"https:\\\/\\\/www.youtube.com\\\/universidadcaldas\",\"https:\\\/\\\/www.instagram.com\\\/udecaldas\\\/\"]},{\"@type\":\"Person\",\"@id\":\"https:\\\/\\\/www.ucaldas.edu.co\\\/portal\\\/#\\\/schema\\\/person\\\/a1b482e23449158b4bc319926c074fdf\",\"name\":\"ofiprensa\",\"image\":{\"@type\":\"ImageObject\",\"inLanguage\":\"es\",\"@id\":\"https:\\\/\\\/www.ucaldas.edu.co\\\/portal\\\/wp-content\\\/litespeed\\\/avatar\\\/09ea5085e600095a7a811142c6944527.jpg?ver=1777497608\",\"url\":\"https:\\\/\\\/www.ucaldas.edu.co\\\/portal\\\/wp-content\\\/litespeed\\\/avatar\\\/09ea5085e600095a7a811142c6944527.jpg?ver=1777497608\",\"contentUrl\":\"https:\\\/\\\/www.ucaldas.edu.co\\\/portal\\\/wp-content\\\/litespeed\\\/avatar\\\/09ea5085e600095a7a811142c6944527.jpg?ver=1777497608\",\"caption\":\"ofiprensa\"},\"url\":\"https:\\\/\\\/www.ucaldas.edu.co\\\/portal\\\/author\\\/ofiprensa\\\/\"}]}<\/script>\n<!-- \/ Yoast SEO plugin. -->","yoast_head_json":{"title":"Inscr\u00edbase a Exposici\u00f3n itineraria de productos: procesando ordenando, recuperando. Paces, justicia y convivencia social .","robots":{"index":"index","follow":"follow","max-snippet":"max-snippet:-1","max-image-preview":"max-image-preview:large","max-video-preview":"max-video-preview:-1"},"canonical":"https:\/\/www.ucaldas.edu.co\/portal\/inscribase-a-exposicion-itineraria-de-productos-procesando-ordenando-recuperando-paces-justicia-y-convivencia-social\/","schema":{"@context":"https:\/\/schema.org","@graph":[{"@type":"Article","@id":"https:\/\/www.ucaldas.edu.co\/portal\/inscribase-a-exposicion-itineraria-de-productos-procesando-ordenando-recuperando-paces-justicia-y-convivencia-social\/#article","isPartOf":{"@id":"https:\/\/www.ucaldas.edu.co\/portal\/inscribase-a-exposicion-itineraria-de-productos-procesando-ordenando-recuperando-paces-justicia-y-convivencia-social\/"},"author":{"name":"ofiprensa","@id":"https:\/\/www.ucaldas.edu.co\/portal\/#\/schema\/person\/a1b482e23449158b4bc319926c074fdf"},"headline":"Inscr\u00edbase a Exposici\u00f3n itineraria de productos: procesando ordenando, recuperando. Paces, justicia y convivencia social","datePublished":"2017-04-21T17:08:02+00:00","mainEntityOfPage":{"@id":"https:\/\/www.ucaldas.edu.co\/portal\/inscribase-a-exposicion-itineraria-de-productos-procesando-ordenando-recuperando-paces-justicia-y-convivencia-social\/"},"wordCount":223,"publisher":{"@id":"https:\/\/www.ucaldas.edu.co\/portal\/#organization"},"image":{"@id":"https:\/\/www.ucaldas.edu.co\/portal\/inscribase-a-exposicion-itineraria-de-productos-procesando-ordenando-recuperando-paces-justicia-y-convivencia-social\/#primaryimage"},"thumbnailUrl":"https:\/\/www.ucaldas.edu.co\/portal\/wp-content\/uploads\/2017\/04\/expoiti.jpg","keywords":["convivencia social","justicia","academia","Participe","paz","exposici\u00f3n"],"articleSection":["Actualidad","Universidad al D\u00eda","UCaldas Activa"],"inLanguage":"es"},{"@type":"WebPage","@id":"https:\/\/www.ucaldas.edu.co\/portal\/inscribase-a-exposicion-itineraria-de-productos-procesando-ordenando-recuperando-paces-justicia-y-convivencia-social\/","url":"https:\/\/www.ucaldas.edu.co\/portal\/inscribase-a-exposicion-itineraria-de-productos-procesando-ordenando-recuperando-paces-justicia-y-convivencia-social\/","name":"Inscr\u00edbase a Exposici\u00f3n itineraria de productos: procesando ordenando, recuperando. Paces, justicia y convivencia social .","isPartOf":{"@id":"https:\/\/www.ucaldas.edu.co\/portal\/#website"},"primaryImageOfPage":{"@id":"https:\/\/www.ucaldas.edu.co\/portal\/inscribase-a-exposicion-itineraria-de-productos-procesando-ordenando-recuperando-paces-justicia-y-convivencia-social\/#primaryimage"},"image":{"@id":"https:\/\/www.ucaldas.edu.co\/portal\/inscribase-a-exposicion-itineraria-de-productos-procesando-ordenando-recuperando-paces-justicia-y-convivencia-social\/#primaryimage"},"thumbnailUrl":"https:\/\/www.ucaldas.edu.co\/portal\/wp-content\/uploads\/2017\/04\/expoiti.jpg","datePublished":"2017-04-21T17:08:02+00:00","breadcrumb":{"@id":"https:\/\/www.ucaldas.edu.co\/portal\/inscribase-a-exposicion-itineraria-de-productos-procesando-ordenando-recuperando-paces-justicia-y-convivencia-social\/#breadcrumb"},"inLanguage":"es","potentialAction":[{"@type":"ReadAction","target":["https:\/\/www.ucaldas.edu.co\/portal\/inscribase-a-exposicion-itineraria-de-productos-procesando-ordenando-recuperando-paces-justicia-y-convivencia-social\/"]}]},{"@type":"ImageObject","inLanguage":"es","@id":"https:\/\/www.ucaldas.edu.co\/portal\/inscribase-a-exposicion-itineraria-de-productos-procesando-ordenando-recuperando-paces-justicia-y-convivencia-social\/#primaryimage","url":"https:\/\/www.ucaldas.edu.co\/portal\/wp-content\/uploads\/2017\/04\/expoiti.jpg","contentUrl":"https:\/\/www.ucaldas.edu.co\/portal\/wp-content\/uploads\/2017\/04\/expoiti.jpg"},{"@type":"BreadcrumbList","@id":"https:\/\/www.ucaldas.edu.co\/portal\/inscribase-a-exposicion-itineraria-de-productos-procesando-ordenando-recuperando-paces-justicia-y-convivencia-social\/#breadcrumb","itemListElement":[{"@type":"ListItem","position":1,"name":"Portada","item":"https:\/\/www.ucaldas.edu.co\/portal\/"},{"@type":"ListItem","position":2,"name":"Inscr\u00edbase a Exposici\u00f3n itineraria de productos: procesando ordenando, recuperando. Paces, justicia y convivencia social"}]},{"@type":"WebSite","@id":"https:\/\/www.ucaldas.edu.co\/portal\/#website","url":"https:\/\/www.ucaldas.edu.co\/portal\/","name":"Universidad de Caldas","description":"","publisher":{"@id":"https:\/\/www.ucaldas.edu.co\/portal\/#organization"},"alternateName":"U. de Caldas","potentialAction":[{"@type":"SearchAction","target":{"@type":"EntryPoint","urlTemplate":"https:\/\/www.ucaldas.edu.co\/portal\/?s={search_term_string}"},"query-input":{"@type":"PropertyValueSpecification","valueRequired":true,"valueName":"search_term_string"}}],"inLanguage":"es"},{"@type":"Organization","@id":"https:\/\/www.ucaldas.edu.co\/portal\/#organization","name":"Universidad de Caldas","alternateName":"U. de Caldas","url":"https:\/\/www.ucaldas.edu.co\/portal\/","logo":{"@type":"ImageObject","inLanguage":"es","@id":"https:\/\/www.ucaldas.edu.co\/portal\/#\/schema\/logo\/image\/","url":"https:\/\/www.ucaldas.edu.co\/portal\/wp-content\/uploads\/2023\/11\/Logo_horizontal_oscuroU-2023.png","contentUrl":"https:\/\/www.ucaldas.edu.co\/portal\/wp-content\/uploads\/2023\/11\/Logo_horizontal_oscuroU-2023.png","width":263,"height":101,"caption":"Universidad de Caldas"},"image":{"@id":"https:\/\/www.ucaldas.edu.co\/portal\/#\/schema\/logo\/image\/"},"sameAs":["https:\/\/www.facebook.com\/udecaldas","https:\/\/x.com\/udecaldas","https:\/\/www.youtube.com\/universidadcaldas","https:\/\/www.instagram.com\/udecaldas\/"]},{"@type":"Person","@id":"https:\/\/www.ucaldas.edu.co\/portal\/#\/schema\/person\/a1b482e23449158b4bc319926c074fdf","name":"ofiprensa","image":{"@type":"ImageObject","inLanguage":"es","@id":"https:\/\/www.ucaldas.edu.co\/portal\/wp-content\/litespeed\/avatar\/09ea5085e600095a7a811142c6944527.jpg?ver=1777497608","url":"https:\/\/www.ucaldas.edu.co\/portal\/wp-content\/litespeed\/avatar\/09ea5085e600095a7a811142c6944527.jpg?ver=1777497608","contentUrl":"https:\/\/www.ucaldas.edu.co\/portal\/wp-content\/litespeed\/avatar\/09ea5085e600095a7a811142c6944527.jpg?ver=1777497608","caption":"ofiprensa"},"url":"https:\/\/www.ucaldas.edu.co\/portal\/author\/ofiprensa\/"}]}},"_links":{"self":[{"href":"https:\/\/www.ucaldas.edu.co\/portal\/wp-json\/wp\/v2\/posts\/35074","targetHints":{"allow":["GET"]}}],"collection":[{"href":"https:\/\/www.ucaldas.edu.co\/portal\/wp-json\/wp\/v2\/posts"}],"about":[{"href":"https:\/\/www.ucaldas.edu.co\/portal\/wp-json\/wp\/v2\/types\/post"}],"author":[{"embeddable":true,"href":"https:\/\/www.ucaldas.edu.co\/portal\/wp-json\/wp\/v2\/users\/2"}],"replies":[{"embeddable":true,"href":"https:\/\/www.ucaldas.edu.co\/portal\/wp-json\/wp\/v2\/comments?post=35074"}],"version-history":[{"count":0,"href":"https:\/\/www.ucaldas.edu.co\/portal\/wp-json\/wp\/v2\/posts\/35074\/revisions"}],"wp:attachment":[{"href":"https:\/\/www.ucaldas.edu.co\/portal\/wp-json\/wp\/v2\/media?parent=35074"}],"wp:term":[{"taxonomy":"category","embeddable":true,"href":"https:\/\/www.ucaldas.edu.co\/portal\/wp-json\/wp\/v2\/categories?post=35074"},{"taxonomy":"post_tag","embeddable":true,"href":"https:\/\/www.ucaldas.edu.co\/portal\/wp-json\/wp\/v2\/tags?post=35074"}],"curies":[{"name":"wp","href":"https:\/\/api.w.org\/{rel}","templated":true}]}}