{"id":34929,"date":"2017-04-17T11:57:59","date_gmt":"2017-04-17T16:57:59","guid":{"rendered":"https:\/\/www.ucaldas.edu.co\/portal\/?p=34929"},"modified":"2017-04-17T11:57:59","modified_gmt":"2017-04-17T16:57:59","slug":"el-ministerio-de-cultura-y-el-festival-internacional-de-la-imagen-realizaran-el-4o-mercado-de-diseno-arte-electronico-y-tecnologia","status":"publish","type":"post","link":"https:\/\/www.ucaldas.edu.co\/portal\/el-ministerio-de-cultura-y-el-festival-internacional-de-la-imagen-realizaran-el-4o-mercado-de-diseno-arte-electronico-y-tecnologia\/","title":{"rendered":"El Ministerio de Cultura y el Festival Internacional de la Imagen  realizar\u00e1n el 4\u00ba Mercado de Dise\u00f1o, Arte Electr\u00f3nico y Tecnolog\u00eda"},"content":{"rendered":"<p>Bolet\u00edn de prensa #5<\/p>\n<p><em>17 de abril de 2017<\/em><\/p>\n<p style=\"text-align: center;\"><strong>El Ministerio de Cultura y el Festival Internacional de la Imagen<\/strong><\/p>\n<p style=\"text-align: center;\"><strong>realizar\u00e1n el 4\u00ba Mercado de Dise\u00f1o, Arte Electr\u00f3nico y Tecnolog\u00eda<\/strong><\/p>\n<p><img decoding=\"async\" class=\"aligncenter\" src=\"https:\/\/www.ucaldas.edu.co\/portal\/wp-content\/uploads\/2017\/04\/convomercado.jpg\" alt=\"convomercado\" \/><\/p>\n<p>Del 16 al 17 de junio se llevar\u00e1 a cabo la 4\u00aa edici\u00f3n del Mercado de Dise\u00f1o, Arte Electr\u00f3nico y Tecnolog\u00eda, realizado por el Grupo de Emprendimiento Cultural del Ministerio de Cultura y el Festival Internacional de la Imagen. Un escenario de ecosistemas culturales y creativos para la generaci\u00f3n de oportunidades de negocio e intercambio entre colectivos, emprendedores y empresarios.<\/p>\n<p><!--more--><\/p>\n<p>Dada la importancia del evento, el 16\u00ba Festival Internacional de la Imagen &#8211; ISEA2017 invita a los subsectores del dise\u00f1o editorial, dise\u00f1o &#8211; creaci\u00f3n digital, apps y videojuegos, video y animaci\u00f3n, a participar de la convocatoria del Mercado. Quienes resulten seleccionados, podr\u00e1n participar de los ejes del Mercado, tales como:<\/p>\n<p><strong>Mesas de Networking:<\/strong> espacio para generar oportunidades de negocio y relacionamiento inter e intrasectorial.<\/p>\n<p><strong>Charlas Detonantes:<\/strong> conversaciones para la elaboraci\u00f3n e intercambio de experiencias en econom\u00eda digital, tecnolog\u00eda corporativa, cultura en red y comunidades creativas.<\/p>\n<p><strong>Espacios de Exhibici\u00f3n:<\/strong> presentaciones p\u00fablicas en los escenarios del 16\u00ba Festival Internacional de la Imagen &#8211; ISEA2017.<\/p>\n<p><strong>Franjas de Aprendizaje:<\/strong> participaci\u00f3n en actividades acad\u00e9micas, art\u00edsticas y de aprendizaje del 16\u00ba Festival Internacional de la Imagen &#8211; ISEA2017.<\/p>\n<p><strong>Cronograma y participaci\u00f3n<\/strong><\/p>\n<p>Apertura convocatoria: 31 de marzo<\/p>\n<p>Cierre convocatoria: 30 de abril<\/p>\n<p>Publicaci\u00f3n propuestas pre-seleccionadas para ser evaluadas por el jurado: 6 de mayo<\/p>\n<p>Publicaci\u00f3n de propuestas seleccionadas: 30 de mayo<\/p>\n<p>Para m\u00e1s informaci\u00f3n sobre el Mercado y los requisitos de participaci\u00f3n, visite<\/p>\n<p><a href=\"http:\/\/www.festivaldelaimagen.com\/es\/mercado\">http:\/\/www.festivaldelaimagen.com\/es\/mercado<\/a><\/p>\n<p>Gracias por su difusi\u00f3n.<\/p>\n<p><strong>Sitios web<\/strong><\/p>\n<p><a href=\"www.festivaldelaimagen.com\">www.festivaldelaimagen.com<\/a><\/p>\n<p><a href=\"www.isea2017.info\">www.isea2017.info<\/a><\/p>\n<p><strong>Redes sociales:<\/strong><\/p>\n<p>Facebook: @ISEA2017 @Festivalimagen<\/p>\n<p>Twitter: @ISEA2017 @ImagenFest<\/p>\n<p>Instagram: @ISEA2017 @ImagenFest<\/p>\n<p><strong>Contacto:<\/strong><\/p>\n<p>Para informaci\u00f3n de prensa por favor p\u00f3ngase en contacto con nosotros a trav\u00e9s del correo<\/p>\n<p>electr\u00f3nico: isea2017@ucaldas.edu.co o al tel\u00e9fono +57 (6) 8781500 ext 12606 en Manizales.<\/p>\n<p><strong>Kit de prensa<\/strong><\/p>\n<p>Acceda a material de prensa de ISEA2017 y el 16o Festival Internacional de la Imagen en este<\/p>\n<p><a href=\"https:\/\/drive.google.com\/drive\/folders\/0B5pPTDm9rRZ4dW9GSU5vdjNFMzA\">enlace<\/a><\/p>\n","protected":false},"excerpt":{"rendered":"<p>Bolet\u00edn de prensa #5 17 de abril de 2017 El Ministerio de Cultura y el Festival Internacional de la Imagen realizar\u00e1n el 4\u00ba Mercado de Dise\u00f1o, Arte Electr\u00f3nico y Tecnolog\u00eda Del 16 al 17 de junio se llevar\u00e1 a cabo la 4\u00aa edici\u00f3n del Mercado de Dise\u00f1o, Arte Electr\u00f3nico y Tecnolog\u00eda, realizado por el Grupo [&hellip;]<\/p>\n","protected":false},"author":2,"featured_media":0,"comment_status":"closed","ping_status":"closed","sticky":false,"template":"","format":"standard","meta":{"footnotes":""},"categories":[48,53,624],"tags":[],"class_list":["post-34929","post","type-post","status-publish","format-standard","hentry","category-actualidad","category-universidad-al-dia","category-ucaldas-activa"],"yoast_head":"<!-- This site is optimized with the Yoast SEO plugin v27.5 - https:\/\/yoast.com\/product\/yoast-seo-wordpress\/ -->\n<title>El Ministerio de Cultura y el Festival Internacional de la Imagen realizar\u00e1n el 4\u00ba Mercado de Dise\u00f1o, Arte Electr\u00f3nico y Tecnolog\u00eda .<\/title>\n<meta name=\"robots\" content=\"index, follow, max-snippet:-1, max-image-preview:large, max-video-preview:-1\" \/>\n<link rel=\"canonical\" href=\"https:\/\/www.ucaldas.edu.co\/portal\/el-ministerio-de-cultura-y-el-festival-internacional-de-la-imagen-realizaran-el-4o-mercado-de-diseno-arte-electronico-y-tecnologia\/\" \/>\n<script type=\"application\/ld+json\" class=\"yoast-schema-graph\">{\"@context\":\"https:\\\/\\\/schema.org\",\"@graph\":[{\"@type\":\"Article\",\"@id\":\"https:\\\/\\\/www.ucaldas.edu.co\\\/portal\\\/el-ministerio-de-cultura-y-el-festival-internacional-de-la-imagen-realizaran-el-4o-mercado-de-diseno-arte-electronico-y-tecnologia\\\/#article\",\"isPartOf\":{\"@id\":\"https:\\\/\\\/www.ucaldas.edu.co\\\/portal\\\/el-ministerio-de-cultura-y-el-festival-internacional-de-la-imagen-realizaran-el-4o-mercado-de-diseno-arte-electronico-y-tecnologia\\\/\"},\"author\":{\"name\":\"ofiprensa\",\"@id\":\"https:\\\/\\\/www.ucaldas.edu.co\\\/portal\\\/#\\\/schema\\\/person\\\/a1b482e23449158b4bc319926c074fdf\"},\"headline\":\"El Ministerio de Cultura y el Festival Internacional de la Imagen realizar\u00e1n el 4\u00ba Mercado de Dise\u00f1o, Arte Electr\u00f3nico y Tecnolog\u00eda\",\"datePublished\":\"2017-04-17T16:57:59+00:00\",\"mainEntityOfPage\":{\"@id\":\"https:\\\/\\\/www.ucaldas.edu.co\\\/portal\\\/el-ministerio-de-cultura-y-el-festival-internacional-de-la-imagen-realizaran-el-4o-mercado-de-diseno-arte-electronico-y-tecnologia\\\/\"},\"wordCount\":378,\"publisher\":{\"@id\":\"https:\\\/\\\/www.ucaldas.edu.co\\\/portal\\\/#organization\"},\"image\":{\"@id\":\"https:\\\/\\\/www.ucaldas.edu.co\\\/portal\\\/el-ministerio-de-cultura-y-el-festival-internacional-de-la-imagen-realizaran-el-4o-mercado-de-diseno-arte-electronico-y-tecnologia\\\/#primaryimage\"},\"thumbnailUrl\":\"https:\\\/\\\/www.ucaldas.edu.co\\\/portal\\\/wp-content\\\/uploads\\\/2017\\\/04\\\/convomercado.jpg\",\"articleSection\":[\"Actualidad\",\"Universidad al D\u00eda\",\"UCaldas Activa\"],\"inLanguage\":\"es\"},{\"@type\":\"WebPage\",\"@id\":\"https:\\\/\\\/www.ucaldas.edu.co\\\/portal\\\/el-ministerio-de-cultura-y-el-festival-internacional-de-la-imagen-realizaran-el-4o-mercado-de-diseno-arte-electronico-y-tecnologia\\\/\",\"url\":\"https:\\\/\\\/www.ucaldas.edu.co\\\/portal\\\/el-ministerio-de-cultura-y-el-festival-internacional-de-la-imagen-realizaran-el-4o-mercado-de-diseno-arte-electronico-y-tecnologia\\\/\",\"name\":\"El Ministerio de Cultura y el Festival Internacional de la Imagen realizar\u00e1n el 4\u00ba Mercado de Dise\u00f1o, Arte Electr\u00f3nico y Tecnolog\u00eda .\",\"isPartOf\":{\"@id\":\"https:\\\/\\\/www.ucaldas.edu.co\\\/portal\\\/#website\"},\"primaryImageOfPage\":{\"@id\":\"https:\\\/\\\/www.ucaldas.edu.co\\\/portal\\\/el-ministerio-de-cultura-y-el-festival-internacional-de-la-imagen-realizaran-el-4o-mercado-de-diseno-arte-electronico-y-tecnologia\\\/#primaryimage\"},\"image\":{\"@id\":\"https:\\\/\\\/www.ucaldas.edu.co\\\/portal\\\/el-ministerio-de-cultura-y-el-festival-internacional-de-la-imagen-realizaran-el-4o-mercado-de-diseno-arte-electronico-y-tecnologia\\\/#primaryimage\"},\"thumbnailUrl\":\"https:\\\/\\\/www.ucaldas.edu.co\\\/portal\\\/wp-content\\\/uploads\\\/2017\\\/04\\\/convomercado.jpg\",\"datePublished\":\"2017-04-17T16:57:59+00:00\",\"breadcrumb\":{\"@id\":\"https:\\\/\\\/www.ucaldas.edu.co\\\/portal\\\/el-ministerio-de-cultura-y-el-festival-internacional-de-la-imagen-realizaran-el-4o-mercado-de-diseno-arte-electronico-y-tecnologia\\\/#breadcrumb\"},\"inLanguage\":\"es\",\"potentialAction\":[{\"@type\":\"ReadAction\",\"target\":[\"https:\\\/\\\/www.ucaldas.edu.co\\\/portal\\\/el-ministerio-de-cultura-y-el-festival-internacional-de-la-imagen-realizaran-el-4o-mercado-de-diseno-arte-electronico-y-tecnologia\\\/\"]}]},{\"@type\":\"ImageObject\",\"inLanguage\":\"es\",\"@id\":\"https:\\\/\\\/www.ucaldas.edu.co\\\/portal\\\/el-ministerio-de-cultura-y-el-festival-internacional-de-la-imagen-realizaran-el-4o-mercado-de-diseno-arte-electronico-y-tecnologia\\\/#primaryimage\",\"url\":\"https:\\\/\\\/www.ucaldas.edu.co\\\/portal\\\/wp-content\\\/uploads\\\/2017\\\/04\\\/convomercado.jpg\",\"contentUrl\":\"https:\\\/\\\/www.ucaldas.edu.co\\\/portal\\\/wp-content\\\/uploads\\\/2017\\\/04\\\/convomercado.jpg\"},{\"@type\":\"BreadcrumbList\",\"@id\":\"https:\\\/\\\/www.ucaldas.edu.co\\\/portal\\\/el-ministerio-de-cultura-y-el-festival-internacional-de-la-imagen-realizaran-el-4o-mercado-de-diseno-arte-electronico-y-tecnologia\\\/#breadcrumb\",\"itemListElement\":[{\"@type\":\"ListItem\",\"position\":1,\"name\":\"Portada\",\"item\":\"https:\\\/\\\/www.ucaldas.edu.co\\\/portal\\\/\"},{\"@type\":\"ListItem\",\"position\":2,\"name\":\"El Ministerio de Cultura y el Festival Internacional de la Imagen realizar\u00e1n el 4\u00ba Mercado de Dise\u00f1o, Arte Electr\u00f3nico y Tecnolog\u00eda\"}]},{\"@type\":\"WebSite\",\"@id\":\"https:\\\/\\\/www.ucaldas.edu.co\\\/portal\\\/#website\",\"url\":\"https:\\\/\\\/www.ucaldas.edu.co\\\/portal\\\/\",\"name\":\"Universidad de Caldas\",\"description\":\"\",\"publisher\":{\"@id\":\"https:\\\/\\\/www.ucaldas.edu.co\\\/portal\\\/#organization\"},\"alternateName\":\"U. de Caldas\",\"potentialAction\":[{\"@type\":\"SearchAction\",\"target\":{\"@type\":\"EntryPoint\",\"urlTemplate\":\"https:\\\/\\\/www.ucaldas.edu.co\\\/portal\\\/?s={search_term_string}\"},\"query-input\":{\"@type\":\"PropertyValueSpecification\",\"valueRequired\":true,\"valueName\":\"search_term_string\"}}],\"inLanguage\":\"es\"},{\"@type\":\"Organization\",\"@id\":\"https:\\\/\\\/www.ucaldas.edu.co\\\/portal\\\/#organization\",\"name\":\"Universidad de Caldas\",\"alternateName\":\"U. de Caldas\",\"url\":\"https:\\\/\\\/www.ucaldas.edu.co\\\/portal\\\/\",\"logo\":{\"@type\":\"ImageObject\",\"inLanguage\":\"es\",\"@id\":\"https:\\\/\\\/www.ucaldas.edu.co\\\/portal\\\/#\\\/schema\\\/logo\\\/image\\\/\",\"url\":\"https:\\\/\\\/www.ucaldas.edu.co\\\/portal\\\/wp-content\\\/uploads\\\/2023\\\/11\\\/Logo_horizontal_oscuroU-2023.png\",\"contentUrl\":\"https:\\\/\\\/www.ucaldas.edu.co\\\/portal\\\/wp-content\\\/uploads\\\/2023\\\/11\\\/Logo_horizontal_oscuroU-2023.png\",\"width\":263,\"height\":101,\"caption\":\"Universidad de Caldas\"},\"image\":{\"@id\":\"https:\\\/\\\/www.ucaldas.edu.co\\\/portal\\\/#\\\/schema\\\/logo\\\/image\\\/\"},\"sameAs\":[\"https:\\\/\\\/www.facebook.com\\\/udecaldas\",\"https:\\\/\\\/x.com\\\/udecaldas\",\"https:\\\/\\\/www.youtube.com\\\/universidadcaldas\",\"https:\\\/\\\/www.instagram.com\\\/udecaldas\\\/\"]},{\"@type\":\"Person\",\"@id\":\"https:\\\/\\\/www.ucaldas.edu.co\\\/portal\\\/#\\\/schema\\\/person\\\/a1b482e23449158b4bc319926c074fdf\",\"name\":\"ofiprensa\",\"image\":{\"@type\":\"ImageObject\",\"inLanguage\":\"es\",\"@id\":\"https:\\\/\\\/www.ucaldas.edu.co\\\/portal\\\/wp-content\\\/litespeed\\\/avatar\\\/09ea5085e600095a7a811142c6944527.jpg?ver=1777497608\",\"url\":\"https:\\\/\\\/www.ucaldas.edu.co\\\/portal\\\/wp-content\\\/litespeed\\\/avatar\\\/09ea5085e600095a7a811142c6944527.jpg?ver=1777497608\",\"contentUrl\":\"https:\\\/\\\/www.ucaldas.edu.co\\\/portal\\\/wp-content\\\/litespeed\\\/avatar\\\/09ea5085e600095a7a811142c6944527.jpg?ver=1777497608\",\"caption\":\"ofiprensa\"},\"url\":\"https:\\\/\\\/www.ucaldas.edu.co\\\/portal\\\/author\\\/ofiprensa\\\/\"}]}<\/script>\n<!-- \/ Yoast SEO plugin. -->","yoast_head_json":{"title":"El Ministerio de Cultura y el Festival Internacional de la Imagen realizar\u00e1n el 4\u00ba Mercado de Dise\u00f1o, Arte Electr\u00f3nico y Tecnolog\u00eda .","robots":{"index":"index","follow":"follow","max-snippet":"max-snippet:-1","max-image-preview":"max-image-preview:large","max-video-preview":"max-video-preview:-1"},"canonical":"https:\/\/www.ucaldas.edu.co\/portal\/el-ministerio-de-cultura-y-el-festival-internacional-de-la-imagen-realizaran-el-4o-mercado-de-diseno-arte-electronico-y-tecnologia\/","schema":{"@context":"https:\/\/schema.org","@graph":[{"@type":"Article","@id":"https:\/\/www.ucaldas.edu.co\/portal\/el-ministerio-de-cultura-y-el-festival-internacional-de-la-imagen-realizaran-el-4o-mercado-de-diseno-arte-electronico-y-tecnologia\/#article","isPartOf":{"@id":"https:\/\/www.ucaldas.edu.co\/portal\/el-ministerio-de-cultura-y-el-festival-internacional-de-la-imagen-realizaran-el-4o-mercado-de-diseno-arte-electronico-y-tecnologia\/"},"author":{"name":"ofiprensa","@id":"https:\/\/www.ucaldas.edu.co\/portal\/#\/schema\/person\/a1b482e23449158b4bc319926c074fdf"},"headline":"El Ministerio de Cultura y el Festival Internacional de la Imagen realizar\u00e1n el 4\u00ba Mercado de Dise\u00f1o, Arte Electr\u00f3nico y Tecnolog\u00eda","datePublished":"2017-04-17T16:57:59+00:00","mainEntityOfPage":{"@id":"https:\/\/www.ucaldas.edu.co\/portal\/el-ministerio-de-cultura-y-el-festival-internacional-de-la-imagen-realizaran-el-4o-mercado-de-diseno-arte-electronico-y-tecnologia\/"},"wordCount":378,"publisher":{"@id":"https:\/\/www.ucaldas.edu.co\/portal\/#organization"},"image":{"@id":"https:\/\/www.ucaldas.edu.co\/portal\/el-ministerio-de-cultura-y-el-festival-internacional-de-la-imagen-realizaran-el-4o-mercado-de-diseno-arte-electronico-y-tecnologia\/#primaryimage"},"thumbnailUrl":"https:\/\/www.ucaldas.edu.co\/portal\/wp-content\/uploads\/2017\/04\/convomercado.jpg","articleSection":["Actualidad","Universidad al D\u00eda","UCaldas Activa"],"inLanguage":"es"},{"@type":"WebPage","@id":"https:\/\/www.ucaldas.edu.co\/portal\/el-ministerio-de-cultura-y-el-festival-internacional-de-la-imagen-realizaran-el-4o-mercado-de-diseno-arte-electronico-y-tecnologia\/","url":"https:\/\/www.ucaldas.edu.co\/portal\/el-ministerio-de-cultura-y-el-festival-internacional-de-la-imagen-realizaran-el-4o-mercado-de-diseno-arte-electronico-y-tecnologia\/","name":"El Ministerio de Cultura y el Festival Internacional de la Imagen realizar\u00e1n el 4\u00ba Mercado de Dise\u00f1o, Arte Electr\u00f3nico y Tecnolog\u00eda .","isPartOf":{"@id":"https:\/\/www.ucaldas.edu.co\/portal\/#website"},"primaryImageOfPage":{"@id":"https:\/\/www.ucaldas.edu.co\/portal\/el-ministerio-de-cultura-y-el-festival-internacional-de-la-imagen-realizaran-el-4o-mercado-de-diseno-arte-electronico-y-tecnologia\/#primaryimage"},"image":{"@id":"https:\/\/www.ucaldas.edu.co\/portal\/el-ministerio-de-cultura-y-el-festival-internacional-de-la-imagen-realizaran-el-4o-mercado-de-diseno-arte-electronico-y-tecnologia\/#primaryimage"},"thumbnailUrl":"https:\/\/www.ucaldas.edu.co\/portal\/wp-content\/uploads\/2017\/04\/convomercado.jpg","datePublished":"2017-04-17T16:57:59+00:00","breadcrumb":{"@id":"https:\/\/www.ucaldas.edu.co\/portal\/el-ministerio-de-cultura-y-el-festival-internacional-de-la-imagen-realizaran-el-4o-mercado-de-diseno-arte-electronico-y-tecnologia\/#breadcrumb"},"inLanguage":"es","potentialAction":[{"@type":"ReadAction","target":["https:\/\/www.ucaldas.edu.co\/portal\/el-ministerio-de-cultura-y-el-festival-internacional-de-la-imagen-realizaran-el-4o-mercado-de-diseno-arte-electronico-y-tecnologia\/"]}]},{"@type":"ImageObject","inLanguage":"es","@id":"https:\/\/www.ucaldas.edu.co\/portal\/el-ministerio-de-cultura-y-el-festival-internacional-de-la-imagen-realizaran-el-4o-mercado-de-diseno-arte-electronico-y-tecnologia\/#primaryimage","url":"https:\/\/www.ucaldas.edu.co\/portal\/wp-content\/uploads\/2017\/04\/convomercado.jpg","contentUrl":"https:\/\/www.ucaldas.edu.co\/portal\/wp-content\/uploads\/2017\/04\/convomercado.jpg"},{"@type":"BreadcrumbList","@id":"https:\/\/www.ucaldas.edu.co\/portal\/el-ministerio-de-cultura-y-el-festival-internacional-de-la-imagen-realizaran-el-4o-mercado-de-diseno-arte-electronico-y-tecnologia\/#breadcrumb","itemListElement":[{"@type":"ListItem","position":1,"name":"Portada","item":"https:\/\/www.ucaldas.edu.co\/portal\/"},{"@type":"ListItem","position":2,"name":"El Ministerio de Cultura y el Festival Internacional de la Imagen realizar\u00e1n el 4\u00ba Mercado de Dise\u00f1o, Arte Electr\u00f3nico y Tecnolog\u00eda"}]},{"@type":"WebSite","@id":"https:\/\/www.ucaldas.edu.co\/portal\/#website","url":"https:\/\/www.ucaldas.edu.co\/portal\/","name":"Universidad de Caldas","description":"","publisher":{"@id":"https:\/\/www.ucaldas.edu.co\/portal\/#organization"},"alternateName":"U. de Caldas","potentialAction":[{"@type":"SearchAction","target":{"@type":"EntryPoint","urlTemplate":"https:\/\/www.ucaldas.edu.co\/portal\/?s={search_term_string}"},"query-input":{"@type":"PropertyValueSpecification","valueRequired":true,"valueName":"search_term_string"}}],"inLanguage":"es"},{"@type":"Organization","@id":"https:\/\/www.ucaldas.edu.co\/portal\/#organization","name":"Universidad de Caldas","alternateName":"U. de Caldas","url":"https:\/\/www.ucaldas.edu.co\/portal\/","logo":{"@type":"ImageObject","inLanguage":"es","@id":"https:\/\/www.ucaldas.edu.co\/portal\/#\/schema\/logo\/image\/","url":"https:\/\/www.ucaldas.edu.co\/portal\/wp-content\/uploads\/2023\/11\/Logo_horizontal_oscuroU-2023.png","contentUrl":"https:\/\/www.ucaldas.edu.co\/portal\/wp-content\/uploads\/2023\/11\/Logo_horizontal_oscuroU-2023.png","width":263,"height":101,"caption":"Universidad de Caldas"},"image":{"@id":"https:\/\/www.ucaldas.edu.co\/portal\/#\/schema\/logo\/image\/"},"sameAs":["https:\/\/www.facebook.com\/udecaldas","https:\/\/x.com\/udecaldas","https:\/\/www.youtube.com\/universidadcaldas","https:\/\/www.instagram.com\/udecaldas\/"]},{"@type":"Person","@id":"https:\/\/www.ucaldas.edu.co\/portal\/#\/schema\/person\/a1b482e23449158b4bc319926c074fdf","name":"ofiprensa","image":{"@type":"ImageObject","inLanguage":"es","@id":"https:\/\/www.ucaldas.edu.co\/portal\/wp-content\/litespeed\/avatar\/09ea5085e600095a7a811142c6944527.jpg?ver=1777497608","url":"https:\/\/www.ucaldas.edu.co\/portal\/wp-content\/litespeed\/avatar\/09ea5085e600095a7a811142c6944527.jpg?ver=1777497608","contentUrl":"https:\/\/www.ucaldas.edu.co\/portal\/wp-content\/litespeed\/avatar\/09ea5085e600095a7a811142c6944527.jpg?ver=1777497608","caption":"ofiprensa"},"url":"https:\/\/www.ucaldas.edu.co\/portal\/author\/ofiprensa\/"}]}},"_links":{"self":[{"href":"https:\/\/www.ucaldas.edu.co\/portal\/wp-json\/wp\/v2\/posts\/34929","targetHints":{"allow":["GET"]}}],"collection":[{"href":"https:\/\/www.ucaldas.edu.co\/portal\/wp-json\/wp\/v2\/posts"}],"about":[{"href":"https:\/\/www.ucaldas.edu.co\/portal\/wp-json\/wp\/v2\/types\/post"}],"author":[{"embeddable":true,"href":"https:\/\/www.ucaldas.edu.co\/portal\/wp-json\/wp\/v2\/users\/2"}],"replies":[{"embeddable":true,"href":"https:\/\/www.ucaldas.edu.co\/portal\/wp-json\/wp\/v2\/comments?post=34929"}],"version-history":[{"count":0,"href":"https:\/\/www.ucaldas.edu.co\/portal\/wp-json\/wp\/v2\/posts\/34929\/revisions"}],"wp:attachment":[{"href":"https:\/\/www.ucaldas.edu.co\/portal\/wp-json\/wp\/v2\/media?parent=34929"}],"wp:term":[{"taxonomy":"category","embeddable":true,"href":"https:\/\/www.ucaldas.edu.co\/portal\/wp-json\/wp\/v2\/categories?post=34929"},{"taxonomy":"post_tag","embeddable":true,"href":"https:\/\/www.ucaldas.edu.co\/portal\/wp-json\/wp\/v2\/tags?post=34929"}],"curies":[{"name":"wp","href":"https:\/\/api.w.org\/{rel}","templated":true}]}}