{"id":34866,"date":"2017-04-05T15:40:20","date_gmt":"2017-04-05T20:40:20","guid":{"rendered":"https:\/\/www.ucaldas.edu.co\/portal\/?p=34866"},"modified":"2017-04-05T15:40:20","modified_gmt":"2017-04-05T20:40:20","slug":"toma-de-campus-desde-la-oficina-de-egresados-abr-18-20-25-y-26-may-3","status":"publish","type":"post","link":"https:\/\/www.ucaldas.edu.co\/portal\/toma-de-campus-desde-la-oficina-de-egresados-abr-18-20-25-y-26-may-3\/","title":{"rendered":"Toma de Campus desde la Oficina de Egresados &#8211; abr 25 y 26, may 3"},"content":{"rendered":"<p><strong>Toma de Campus desde la Oficina de Egresados &#8211; abr 25 y 26, may 3<\/strong><\/p>\n<p><strong>Descripci\u00f3n: <\/strong>la Oficina de Egresados genera procesos de comunicaci\u00f3n e informaci\u00f3n de manera permanente que visibilizan el devenir de dicha dependencia, es as\u00ed como en la programaci\u00f3n anexa estar\u00e1n visitando los diferentes campus universitarios con el prop\u00f3sito de presentar los programas y procesos que se realizan en la Oficina de manera muy sint\u00e9tica con estudiantes, docentes y administrativos, pretendiendo que reconozcan los convenios, beneficios y formas de participar como graduado en la construcci\u00f3n permanente de la Universidad de Caldas.<\/p>\n<p>La toma consiste en la ubicaci\u00f3n de un punto fijo en un lugar estrat\u00e9gico del campus, y de pasar 5 minutos por cada sal\u00f3n u oficina entregando plegables e informaci\u00f3n<\/p>\n<p><strong>Programaci\u00f3n:<\/strong><\/p>\n<p>&nbsp;<\/p>\n<p>25 de abril: Campus Bellas Artes<\/p>\n<p>26 de abril: Campus Agropecuarias<\/p>\n<p>3 de mayo: Campus Sede Central<\/p>\n<p><strong>Informes:<\/strong> en el correo electr\u00f3nico egresados@ucaldas.edu.co<\/p>\n<p>&nbsp;<\/p>\n","protected":false},"excerpt":{"rendered":"<p>Toma de Campus desde la Oficina de Egresados &#8211; abr 25 y 26, may 3 Descripci\u00f3n: la Oficina de Egresados genera procesos de comunicaci\u00f3n e informaci\u00f3n de manera permanente que visibilizan el devenir de dicha dependencia, es as\u00ed como en la programaci\u00f3n anexa estar\u00e1n visitando los diferentes campus universitarios con el prop\u00f3sito de presentar los [&hellip;]<\/p>\n","protected":false},"author":2,"featured_media":0,"comment_status":"closed","ping_status":"closed","sticky":false,"template":"","format":"standard","meta":{"footnotes":""},"categories":[62],"tags":[654,655,63,177],"class_list":["post-34866","post","type-post","status-publish","format-standard","hentry","category-eventos","tag-campus","tag-toma","tag-participe","tag-egresados"],"yoast_head":"<!-- This site is optimized with the Yoast SEO plugin v27.5 - https:\/\/yoast.com\/product\/yoast-seo-wordpress\/ -->\n<title>Toma de Campus desde la Oficina de Egresados - abr 25 y 26, may 3 .<\/title>\n<meta name=\"robots\" content=\"index, follow, max-snippet:-1, max-image-preview:large, max-video-preview:-1\" \/>\n<link rel=\"canonical\" href=\"https:\/\/www.ucaldas.edu.co\/portal\/toma-de-campus-desde-la-oficina-de-egresados-abr-18-20-25-y-26-may-3\/\" \/>\n<script type=\"application\/ld+json\" class=\"yoast-schema-graph\">{\"@context\":\"https:\\\/\\\/schema.org\",\"@graph\":[{\"@type\":\"Article\",\"@id\":\"https:\\\/\\\/www.ucaldas.edu.co\\\/portal\\\/toma-de-campus-desde-la-oficina-de-egresados-abr-18-20-25-y-26-may-3\\\/#article\",\"isPartOf\":{\"@id\":\"https:\\\/\\\/www.ucaldas.edu.co\\\/portal\\\/toma-de-campus-desde-la-oficina-de-egresados-abr-18-20-25-y-26-may-3\\\/\"},\"author\":{\"name\":\"ofiprensa\",\"@id\":\"https:\\\/\\\/www.ucaldas.edu.co\\\/portal\\\/#\\\/schema\\\/person\\\/a1b482e23449158b4bc319926c074fdf\"},\"headline\":\"Toma de Campus desde la Oficina de Egresados &#8211; abr 25 y 26, may 3\",\"datePublished\":\"2017-04-05T20:40:20+00:00\",\"mainEntityOfPage\":{\"@id\":\"https:\\\/\\\/www.ucaldas.edu.co\\\/portal\\\/toma-de-campus-desde-la-oficina-de-egresados-abr-18-20-25-y-26-may-3\\\/\"},\"wordCount\":172,\"publisher\":{\"@id\":\"https:\\\/\\\/www.ucaldas.edu.co\\\/portal\\\/#organization\"},\"keywords\":[\"campus\",\"toma\",\"Participe\",\"egresados\"],\"articleSection\":[\"Eventos\"],\"inLanguage\":\"es\"},{\"@type\":\"WebPage\",\"@id\":\"https:\\\/\\\/www.ucaldas.edu.co\\\/portal\\\/toma-de-campus-desde-la-oficina-de-egresados-abr-18-20-25-y-26-may-3\\\/\",\"url\":\"https:\\\/\\\/www.ucaldas.edu.co\\\/portal\\\/toma-de-campus-desde-la-oficina-de-egresados-abr-18-20-25-y-26-may-3\\\/\",\"name\":\"Toma de Campus desde la Oficina de Egresados - abr 25 y 26, may 3 .\",\"isPartOf\":{\"@id\":\"https:\\\/\\\/www.ucaldas.edu.co\\\/portal\\\/#website\"},\"datePublished\":\"2017-04-05T20:40:20+00:00\",\"breadcrumb\":{\"@id\":\"https:\\\/\\\/www.ucaldas.edu.co\\\/portal\\\/toma-de-campus-desde-la-oficina-de-egresados-abr-18-20-25-y-26-may-3\\\/#breadcrumb\"},\"inLanguage\":\"es\",\"potentialAction\":[{\"@type\":\"ReadAction\",\"target\":[\"https:\\\/\\\/www.ucaldas.edu.co\\\/portal\\\/toma-de-campus-desde-la-oficina-de-egresados-abr-18-20-25-y-26-may-3\\\/\"]}]},{\"@type\":\"BreadcrumbList\",\"@id\":\"https:\\\/\\\/www.ucaldas.edu.co\\\/portal\\\/toma-de-campus-desde-la-oficina-de-egresados-abr-18-20-25-y-26-may-3\\\/#breadcrumb\",\"itemListElement\":[{\"@type\":\"ListItem\",\"position\":1,\"name\":\"Portada\",\"item\":\"https:\\\/\\\/www.ucaldas.edu.co\\\/portal\\\/\"},{\"@type\":\"ListItem\",\"position\":2,\"name\":\"Toma de Campus desde la Oficina de Egresados &#8211; abr 25 y 26, may 3\"}]},{\"@type\":\"WebSite\",\"@id\":\"https:\\\/\\\/www.ucaldas.edu.co\\\/portal\\\/#website\",\"url\":\"https:\\\/\\\/www.ucaldas.edu.co\\\/portal\\\/\",\"name\":\"Universidad de Caldas\",\"description\":\"\",\"publisher\":{\"@id\":\"https:\\\/\\\/www.ucaldas.edu.co\\\/portal\\\/#organization\"},\"alternateName\":\"U. de Caldas\",\"potentialAction\":[{\"@type\":\"SearchAction\",\"target\":{\"@type\":\"EntryPoint\",\"urlTemplate\":\"https:\\\/\\\/www.ucaldas.edu.co\\\/portal\\\/?s={search_term_string}\"},\"query-input\":{\"@type\":\"PropertyValueSpecification\",\"valueRequired\":true,\"valueName\":\"search_term_string\"}}],\"inLanguage\":\"es\"},{\"@type\":\"Organization\",\"@id\":\"https:\\\/\\\/www.ucaldas.edu.co\\\/portal\\\/#organization\",\"name\":\"Universidad de Caldas\",\"alternateName\":\"U. de Caldas\",\"url\":\"https:\\\/\\\/www.ucaldas.edu.co\\\/portal\\\/\",\"logo\":{\"@type\":\"ImageObject\",\"inLanguage\":\"es\",\"@id\":\"https:\\\/\\\/www.ucaldas.edu.co\\\/portal\\\/#\\\/schema\\\/logo\\\/image\\\/\",\"url\":\"https:\\\/\\\/www.ucaldas.edu.co\\\/portal\\\/wp-content\\\/uploads\\\/2023\\\/11\\\/Logo_horizontal_oscuroU-2023.png\",\"contentUrl\":\"https:\\\/\\\/www.ucaldas.edu.co\\\/portal\\\/wp-content\\\/uploads\\\/2023\\\/11\\\/Logo_horizontal_oscuroU-2023.png\",\"width\":263,\"height\":101,\"caption\":\"Universidad de Caldas\"},\"image\":{\"@id\":\"https:\\\/\\\/www.ucaldas.edu.co\\\/portal\\\/#\\\/schema\\\/logo\\\/image\\\/\"},\"sameAs\":[\"https:\\\/\\\/www.facebook.com\\\/udecaldas\",\"https:\\\/\\\/x.com\\\/udecaldas\",\"https:\\\/\\\/www.youtube.com\\\/universidadcaldas\",\"https:\\\/\\\/www.instagram.com\\\/udecaldas\\\/\"]},{\"@type\":\"Person\",\"@id\":\"https:\\\/\\\/www.ucaldas.edu.co\\\/portal\\\/#\\\/schema\\\/person\\\/a1b482e23449158b4bc319926c074fdf\",\"name\":\"ofiprensa\",\"image\":{\"@type\":\"ImageObject\",\"inLanguage\":\"es\",\"@id\":\"https:\\\/\\\/www.ucaldas.edu.co\\\/portal\\\/wp-content\\\/litespeed\\\/avatar\\\/09ea5085e600095a7a811142c6944527.jpg?ver=1777497608\",\"url\":\"https:\\\/\\\/www.ucaldas.edu.co\\\/portal\\\/wp-content\\\/litespeed\\\/avatar\\\/09ea5085e600095a7a811142c6944527.jpg?ver=1777497608\",\"contentUrl\":\"https:\\\/\\\/www.ucaldas.edu.co\\\/portal\\\/wp-content\\\/litespeed\\\/avatar\\\/09ea5085e600095a7a811142c6944527.jpg?ver=1777497608\",\"caption\":\"ofiprensa\"},\"url\":\"https:\\\/\\\/www.ucaldas.edu.co\\\/portal\\\/author\\\/ofiprensa\\\/\"}]}<\/script>\n<!-- \/ Yoast SEO plugin. -->","yoast_head_json":{"title":"Toma de Campus desde la Oficina de Egresados - abr 25 y 26, may 3 .","robots":{"index":"index","follow":"follow","max-snippet":"max-snippet:-1","max-image-preview":"max-image-preview:large","max-video-preview":"max-video-preview:-1"},"canonical":"https:\/\/www.ucaldas.edu.co\/portal\/toma-de-campus-desde-la-oficina-de-egresados-abr-18-20-25-y-26-may-3\/","schema":{"@context":"https:\/\/schema.org","@graph":[{"@type":"Article","@id":"https:\/\/www.ucaldas.edu.co\/portal\/toma-de-campus-desde-la-oficina-de-egresados-abr-18-20-25-y-26-may-3\/#article","isPartOf":{"@id":"https:\/\/www.ucaldas.edu.co\/portal\/toma-de-campus-desde-la-oficina-de-egresados-abr-18-20-25-y-26-may-3\/"},"author":{"name":"ofiprensa","@id":"https:\/\/www.ucaldas.edu.co\/portal\/#\/schema\/person\/a1b482e23449158b4bc319926c074fdf"},"headline":"Toma de Campus desde la Oficina de Egresados &#8211; abr 25 y 26, may 3","datePublished":"2017-04-05T20:40:20+00:00","mainEntityOfPage":{"@id":"https:\/\/www.ucaldas.edu.co\/portal\/toma-de-campus-desde-la-oficina-de-egresados-abr-18-20-25-y-26-may-3\/"},"wordCount":172,"publisher":{"@id":"https:\/\/www.ucaldas.edu.co\/portal\/#organization"},"keywords":["campus","toma","Participe","egresados"],"articleSection":["Eventos"],"inLanguage":"es"},{"@type":"WebPage","@id":"https:\/\/www.ucaldas.edu.co\/portal\/toma-de-campus-desde-la-oficina-de-egresados-abr-18-20-25-y-26-may-3\/","url":"https:\/\/www.ucaldas.edu.co\/portal\/toma-de-campus-desde-la-oficina-de-egresados-abr-18-20-25-y-26-may-3\/","name":"Toma de Campus desde la Oficina de Egresados - abr 25 y 26, may 3 .","isPartOf":{"@id":"https:\/\/www.ucaldas.edu.co\/portal\/#website"},"datePublished":"2017-04-05T20:40:20+00:00","breadcrumb":{"@id":"https:\/\/www.ucaldas.edu.co\/portal\/toma-de-campus-desde-la-oficina-de-egresados-abr-18-20-25-y-26-may-3\/#breadcrumb"},"inLanguage":"es","potentialAction":[{"@type":"ReadAction","target":["https:\/\/www.ucaldas.edu.co\/portal\/toma-de-campus-desde-la-oficina-de-egresados-abr-18-20-25-y-26-may-3\/"]}]},{"@type":"BreadcrumbList","@id":"https:\/\/www.ucaldas.edu.co\/portal\/toma-de-campus-desde-la-oficina-de-egresados-abr-18-20-25-y-26-may-3\/#breadcrumb","itemListElement":[{"@type":"ListItem","position":1,"name":"Portada","item":"https:\/\/www.ucaldas.edu.co\/portal\/"},{"@type":"ListItem","position":2,"name":"Toma de Campus desde la Oficina de Egresados &#8211; abr 25 y 26, may 3"}]},{"@type":"WebSite","@id":"https:\/\/www.ucaldas.edu.co\/portal\/#website","url":"https:\/\/www.ucaldas.edu.co\/portal\/","name":"Universidad de Caldas","description":"","publisher":{"@id":"https:\/\/www.ucaldas.edu.co\/portal\/#organization"},"alternateName":"U. de Caldas","potentialAction":[{"@type":"SearchAction","target":{"@type":"EntryPoint","urlTemplate":"https:\/\/www.ucaldas.edu.co\/portal\/?s={search_term_string}"},"query-input":{"@type":"PropertyValueSpecification","valueRequired":true,"valueName":"search_term_string"}}],"inLanguage":"es"},{"@type":"Organization","@id":"https:\/\/www.ucaldas.edu.co\/portal\/#organization","name":"Universidad de Caldas","alternateName":"U. de Caldas","url":"https:\/\/www.ucaldas.edu.co\/portal\/","logo":{"@type":"ImageObject","inLanguage":"es","@id":"https:\/\/www.ucaldas.edu.co\/portal\/#\/schema\/logo\/image\/","url":"https:\/\/www.ucaldas.edu.co\/portal\/wp-content\/uploads\/2023\/11\/Logo_horizontal_oscuroU-2023.png","contentUrl":"https:\/\/www.ucaldas.edu.co\/portal\/wp-content\/uploads\/2023\/11\/Logo_horizontal_oscuroU-2023.png","width":263,"height":101,"caption":"Universidad de Caldas"},"image":{"@id":"https:\/\/www.ucaldas.edu.co\/portal\/#\/schema\/logo\/image\/"},"sameAs":["https:\/\/www.facebook.com\/udecaldas","https:\/\/x.com\/udecaldas","https:\/\/www.youtube.com\/universidadcaldas","https:\/\/www.instagram.com\/udecaldas\/"]},{"@type":"Person","@id":"https:\/\/www.ucaldas.edu.co\/portal\/#\/schema\/person\/a1b482e23449158b4bc319926c074fdf","name":"ofiprensa","image":{"@type":"ImageObject","inLanguage":"es","@id":"https:\/\/www.ucaldas.edu.co\/portal\/wp-content\/litespeed\/avatar\/09ea5085e600095a7a811142c6944527.jpg?ver=1777497608","url":"https:\/\/www.ucaldas.edu.co\/portal\/wp-content\/litespeed\/avatar\/09ea5085e600095a7a811142c6944527.jpg?ver=1777497608","contentUrl":"https:\/\/www.ucaldas.edu.co\/portal\/wp-content\/litespeed\/avatar\/09ea5085e600095a7a811142c6944527.jpg?ver=1777497608","caption":"ofiprensa"},"url":"https:\/\/www.ucaldas.edu.co\/portal\/author\/ofiprensa\/"}]}},"_links":{"self":[{"href":"https:\/\/www.ucaldas.edu.co\/portal\/wp-json\/wp\/v2\/posts\/34866","targetHints":{"allow":["GET"]}}],"collection":[{"href":"https:\/\/www.ucaldas.edu.co\/portal\/wp-json\/wp\/v2\/posts"}],"about":[{"href":"https:\/\/www.ucaldas.edu.co\/portal\/wp-json\/wp\/v2\/types\/post"}],"author":[{"embeddable":true,"href":"https:\/\/www.ucaldas.edu.co\/portal\/wp-json\/wp\/v2\/users\/2"}],"replies":[{"embeddable":true,"href":"https:\/\/www.ucaldas.edu.co\/portal\/wp-json\/wp\/v2\/comments?post=34866"}],"version-history":[{"count":0,"href":"https:\/\/www.ucaldas.edu.co\/portal\/wp-json\/wp\/v2\/posts\/34866\/revisions"}],"wp:attachment":[{"href":"https:\/\/www.ucaldas.edu.co\/portal\/wp-json\/wp\/v2\/media?parent=34866"}],"wp:term":[{"taxonomy":"category","embeddable":true,"href":"https:\/\/www.ucaldas.edu.co\/portal\/wp-json\/wp\/v2\/categories?post=34866"},{"taxonomy":"post_tag","embeddable":true,"href":"https:\/\/www.ucaldas.edu.co\/portal\/wp-json\/wp\/v2\/tags?post=34866"}],"curies":[{"name":"wp","href":"https:\/\/api.w.org\/{rel}","templated":true}]}}