{"id":34849,"date":"2017-04-05T10:38:22","date_gmt":"2017-04-05T15:38:22","guid":{"rendered":"https:\/\/www.ucaldas.edu.co\/portal\/?p=34849"},"modified":"2017-04-05T10:38:22","modified_gmt":"2017-04-05T15:38:22","slug":"u-de-caldas-capacito-a-su-comunidad-universitaria-sobre-marcas-y-patentes","status":"publish","type":"post","link":"https:\/\/www.ucaldas.edu.co\/portal\/u-de-caldas-capacito-a-su-comunidad-universitaria-sobre-marcas-y-patentes\/","title":{"rendered":"U. de Caldas capacit\u00f3 a su comunidad universitaria sobre marcas y patentes"},"content":{"rendered":"<p style=\"text-align: center;\">INVITACI\u00d3N DE OFICINA ASESORA EN INNOVACI\u00d3N Y PROYECTOS<\/p>\n<p style=\"text-align: center;\"><strong style=\"line-height: 1.5;\">U. de Caldas capacit\u00f3 a su comunidad universitaria sobre marcas y patentes<\/strong><\/p>\n<p style=\"text-align: right;\">5\/04\/2017<\/p>\n<p><strong>\u00a0<img loading=\"lazy\" decoding=\"async\" class=\"alignnone size-full wp-image-34850 aligncenter\" src=\"https:\/\/www.ucaldas.edu.co\/portal\/wp-content\/uploads\/2017\/04\/marcas.jpg\" alt=\"marcas\" width=\"358\" height=\"283\" \/><\/strong><\/p>\n<p>La <strong>Oficina Asesora en Innovaci\u00f3n y Proyectos<\/strong> de la <strong>Universidad de Caldas realiz\u00f3<\/strong> el pasado 4 de abril del 2017 <strong>dos encuentros sobre marcas y patentes<\/strong>. Se trat\u00f3 de una de las <strong>estrategias<\/strong> del <strong>Centro de Apoyo a la Tecnolog\u00eda e Innovaci\u00f3n<\/strong> (CATI), que hace parte de la Oficina Asesora en Innovaci\u00f3n y Proyectos de la Instituci\u00f3n caldense.<\/p>\n<p><!--more--><\/p>\n<p>Santiago Cardona Duque, <strong>Gestor del CATI U. de Caldas,<\/strong> explic\u00f3: \u201cuno de los objetivos del CATI es facilitar el acceso a los investigadores a las tecnolog\u00edas y la orientaci\u00f3n en temas de propiedad industrial. Como una de las estrategias que tenemos est\u00e1 <strong>el brindar este tipo de capacitaciones a la comunidad universitaria y quisimos iniciar con los temas de marcas y patentes<\/strong>\u201d.<\/p>\n<p>&nbsp;<\/p>\n<p>Por otra parte, Andr\u00e9s Roncancio Valencia, <strong>Gestor CATI Eje Cafetero, orientador de los encuentros<\/strong>, inform\u00f3: \u201c<strong>present\u00e9 un panorama de propiedad industrial en general, c\u00f3mo registrar una marca o patente, qu\u00e9 tener en cuenta y c\u00f3mo realizar las solicitudes<\/strong>. A nivel regional se solicitaron 79 marcas y 20 patentes en el CATI\u201d<\/p>\n<p>&nbsp;<\/p>\n<p><a href=\"https:\/\/www.facebook.com\/media\/set\/?set=a.1357436874318174.1073745330.107054166023124&amp;type=1&amp;l=4f69fd609a\">Conozca im\u00e1genes de la Conferencia de marcas y patentes<\/a><\/p>\n<p>&nbsp;<\/p>\n<p><strong>Informes:<\/strong> Oficina Asesora en Innovaci\u00f3n y Proyectos U. de Caldas, tel\u00e9fono 878 15 00 extensi\u00f3n 11 689 o en el correo electr\u00f3nico propiedad.intelectual@ucaldas.edu.co<\/p>\n<p><strong>Redacci\u00f3n:<\/strong> Margarita Laverde<\/p>\n<p>&nbsp;<\/p>\n","protected":false},"excerpt":{"rendered":"<p>INVITACI\u00d3N DE OFICINA ASESORA EN INNOVACI\u00d3N Y PROYECTOS U. de Caldas capacit\u00f3 a su comunidad universitaria sobre marcas y patentes 5\/04\/2017 \u00a0 La Oficina Asesora en Innovaci\u00f3n y Proyectos de la Universidad de Caldas realiz\u00f3 el pasado 4 de abril del 2017 dos encuentros sobre marcas y patentes. Se trat\u00f3 de una de las estrategias [&hellip;]<\/p>\n","protected":false},"author":2,"featured_media":0,"comment_status":"closed","ping_status":"closed","sticky":false,"template":"","format":"standard","meta":{"footnotes":""},"categories":[48,53,624],"tags":[55,125,163,637,638],"class_list":["post-34849","post","type-post","status-publish","format-standard","hentry","category-actualidad","category-universidad-al-dia","category-ucaldas-activa","tag-academia","tag-conferencia","tag-patentes","tag-marcas","tag-propiedad-intelectual"],"yoast_head":"<!-- This site is optimized with the Yoast SEO plugin v27.5 - https:\/\/yoast.com\/product\/yoast-seo-wordpress\/ -->\n<title>U. de Caldas capacit\u00f3 a su comunidad universitaria sobre marcas y patentes .<\/title>\n<meta name=\"robots\" content=\"index, follow, max-snippet:-1, max-image-preview:large, max-video-preview:-1\" \/>\n<link rel=\"canonical\" href=\"https:\/\/www.ucaldas.edu.co\/portal\/u-de-caldas-capacito-a-su-comunidad-universitaria-sobre-marcas-y-patentes\/\" \/>\n<script type=\"application\/ld+json\" class=\"yoast-schema-graph\">{\"@context\":\"https:\\\/\\\/schema.org\",\"@graph\":[{\"@type\":\"Article\",\"@id\":\"https:\\\/\\\/www.ucaldas.edu.co\\\/portal\\\/u-de-caldas-capacito-a-su-comunidad-universitaria-sobre-marcas-y-patentes\\\/#article\",\"isPartOf\":{\"@id\":\"https:\\\/\\\/www.ucaldas.edu.co\\\/portal\\\/u-de-caldas-capacito-a-su-comunidad-universitaria-sobre-marcas-y-patentes\\\/\"},\"author\":{\"name\":\"ofiprensa\",\"@id\":\"https:\\\/\\\/www.ucaldas.edu.co\\\/portal\\\/#\\\/schema\\\/person\\\/a1b482e23449158b4bc319926c074fdf\"},\"headline\":\"U. de Caldas capacit\u00f3 a su comunidad universitaria sobre marcas y patentes\",\"datePublished\":\"2017-04-05T15:38:22+00:00\",\"mainEntityOfPage\":{\"@id\":\"https:\\\/\\\/www.ucaldas.edu.co\\\/portal\\\/u-de-caldas-capacito-a-su-comunidad-universitaria-sobre-marcas-y-patentes\\\/\"},\"wordCount\":255,\"publisher\":{\"@id\":\"https:\\\/\\\/www.ucaldas.edu.co\\\/portal\\\/#organization\"},\"image\":{\"@id\":\"https:\\\/\\\/www.ucaldas.edu.co\\\/portal\\\/u-de-caldas-capacito-a-su-comunidad-universitaria-sobre-marcas-y-patentes\\\/#primaryimage\"},\"thumbnailUrl\":\"https:\\\/\\\/www.ucaldas.edu.co\\\/portal\\\/wp-content\\\/uploads\\\/2017\\\/04\\\/marcas.jpg\",\"keywords\":[\"academia\",\"conferencia\",\"patentes\",\"marcas\",\"propiedad intelectual\"],\"articleSection\":[\"Actualidad\",\"Universidad al D\u00eda\",\"UCaldas Activa\"],\"inLanguage\":\"es\"},{\"@type\":\"WebPage\",\"@id\":\"https:\\\/\\\/www.ucaldas.edu.co\\\/portal\\\/u-de-caldas-capacito-a-su-comunidad-universitaria-sobre-marcas-y-patentes\\\/\",\"url\":\"https:\\\/\\\/www.ucaldas.edu.co\\\/portal\\\/u-de-caldas-capacito-a-su-comunidad-universitaria-sobre-marcas-y-patentes\\\/\",\"name\":\"U. de Caldas capacit\u00f3 a su comunidad universitaria sobre marcas y patentes .\",\"isPartOf\":{\"@id\":\"https:\\\/\\\/www.ucaldas.edu.co\\\/portal\\\/#website\"},\"primaryImageOfPage\":{\"@id\":\"https:\\\/\\\/www.ucaldas.edu.co\\\/portal\\\/u-de-caldas-capacito-a-su-comunidad-universitaria-sobre-marcas-y-patentes\\\/#primaryimage\"},\"image\":{\"@id\":\"https:\\\/\\\/www.ucaldas.edu.co\\\/portal\\\/u-de-caldas-capacito-a-su-comunidad-universitaria-sobre-marcas-y-patentes\\\/#primaryimage\"},\"thumbnailUrl\":\"https:\\\/\\\/www.ucaldas.edu.co\\\/portal\\\/wp-content\\\/uploads\\\/2017\\\/04\\\/marcas.jpg\",\"datePublished\":\"2017-04-05T15:38:22+00:00\",\"breadcrumb\":{\"@id\":\"https:\\\/\\\/www.ucaldas.edu.co\\\/portal\\\/u-de-caldas-capacito-a-su-comunidad-universitaria-sobre-marcas-y-patentes\\\/#breadcrumb\"},\"inLanguage\":\"es\",\"potentialAction\":[{\"@type\":\"ReadAction\",\"target\":[\"https:\\\/\\\/www.ucaldas.edu.co\\\/portal\\\/u-de-caldas-capacito-a-su-comunidad-universitaria-sobre-marcas-y-patentes\\\/\"]}]},{\"@type\":\"ImageObject\",\"inLanguage\":\"es\",\"@id\":\"https:\\\/\\\/www.ucaldas.edu.co\\\/portal\\\/u-de-caldas-capacito-a-su-comunidad-universitaria-sobre-marcas-y-patentes\\\/#primaryimage\",\"url\":\"https:\\\/\\\/www.ucaldas.edu.co\\\/portal\\\/wp-content\\\/uploads\\\/2017\\\/04\\\/marcas.jpg\",\"contentUrl\":\"https:\\\/\\\/www.ucaldas.edu.co\\\/portal\\\/wp-content\\\/uploads\\\/2017\\\/04\\\/marcas.jpg\"},{\"@type\":\"BreadcrumbList\",\"@id\":\"https:\\\/\\\/www.ucaldas.edu.co\\\/portal\\\/u-de-caldas-capacito-a-su-comunidad-universitaria-sobre-marcas-y-patentes\\\/#breadcrumb\",\"itemListElement\":[{\"@type\":\"ListItem\",\"position\":1,\"name\":\"Portada\",\"item\":\"https:\\\/\\\/www.ucaldas.edu.co\\\/portal\\\/\"},{\"@type\":\"ListItem\",\"position\":2,\"name\":\"U. de Caldas capacit\u00f3 a su comunidad universitaria sobre marcas y patentes\"}]},{\"@type\":\"WebSite\",\"@id\":\"https:\\\/\\\/www.ucaldas.edu.co\\\/portal\\\/#website\",\"url\":\"https:\\\/\\\/www.ucaldas.edu.co\\\/portal\\\/\",\"name\":\"Universidad de Caldas\",\"description\":\"\",\"publisher\":{\"@id\":\"https:\\\/\\\/www.ucaldas.edu.co\\\/portal\\\/#organization\"},\"alternateName\":\"U. de Caldas\",\"potentialAction\":[{\"@type\":\"SearchAction\",\"target\":{\"@type\":\"EntryPoint\",\"urlTemplate\":\"https:\\\/\\\/www.ucaldas.edu.co\\\/portal\\\/?s={search_term_string}\"},\"query-input\":{\"@type\":\"PropertyValueSpecification\",\"valueRequired\":true,\"valueName\":\"search_term_string\"}}],\"inLanguage\":\"es\"},{\"@type\":\"Organization\",\"@id\":\"https:\\\/\\\/www.ucaldas.edu.co\\\/portal\\\/#organization\",\"name\":\"Universidad de Caldas\",\"alternateName\":\"U. de Caldas\",\"url\":\"https:\\\/\\\/www.ucaldas.edu.co\\\/portal\\\/\",\"logo\":{\"@type\":\"ImageObject\",\"inLanguage\":\"es\",\"@id\":\"https:\\\/\\\/www.ucaldas.edu.co\\\/portal\\\/#\\\/schema\\\/logo\\\/image\\\/\",\"url\":\"https:\\\/\\\/www.ucaldas.edu.co\\\/portal\\\/wp-content\\\/uploads\\\/2023\\\/11\\\/Logo_horizontal_oscuroU-2023.png\",\"contentUrl\":\"https:\\\/\\\/www.ucaldas.edu.co\\\/portal\\\/wp-content\\\/uploads\\\/2023\\\/11\\\/Logo_horizontal_oscuroU-2023.png\",\"width\":263,\"height\":101,\"caption\":\"Universidad de Caldas\"},\"image\":{\"@id\":\"https:\\\/\\\/www.ucaldas.edu.co\\\/portal\\\/#\\\/schema\\\/logo\\\/image\\\/\"},\"sameAs\":[\"https:\\\/\\\/www.facebook.com\\\/udecaldas\",\"https:\\\/\\\/x.com\\\/udecaldas\",\"https:\\\/\\\/www.youtube.com\\\/universidadcaldas\",\"https:\\\/\\\/www.instagram.com\\\/udecaldas\\\/\"]},{\"@type\":\"Person\",\"@id\":\"https:\\\/\\\/www.ucaldas.edu.co\\\/portal\\\/#\\\/schema\\\/person\\\/a1b482e23449158b4bc319926c074fdf\",\"name\":\"ofiprensa\",\"image\":{\"@type\":\"ImageObject\",\"inLanguage\":\"es\",\"@id\":\"https:\\\/\\\/www.ucaldas.edu.co\\\/portal\\\/wp-content\\\/litespeed\\\/avatar\\\/09ea5085e600095a7a811142c6944527.jpg?ver=1777497608\",\"url\":\"https:\\\/\\\/www.ucaldas.edu.co\\\/portal\\\/wp-content\\\/litespeed\\\/avatar\\\/09ea5085e600095a7a811142c6944527.jpg?ver=1777497608\",\"contentUrl\":\"https:\\\/\\\/www.ucaldas.edu.co\\\/portal\\\/wp-content\\\/litespeed\\\/avatar\\\/09ea5085e600095a7a811142c6944527.jpg?ver=1777497608\",\"caption\":\"ofiprensa\"},\"url\":\"https:\\\/\\\/www.ucaldas.edu.co\\\/portal\\\/author\\\/ofiprensa\\\/\"}]}<\/script>\n<!-- \/ Yoast SEO plugin. -->","yoast_head_json":{"title":"U. de Caldas capacit\u00f3 a su comunidad universitaria sobre marcas y patentes .","robots":{"index":"index","follow":"follow","max-snippet":"max-snippet:-1","max-image-preview":"max-image-preview:large","max-video-preview":"max-video-preview:-1"},"canonical":"https:\/\/www.ucaldas.edu.co\/portal\/u-de-caldas-capacito-a-su-comunidad-universitaria-sobre-marcas-y-patentes\/","schema":{"@context":"https:\/\/schema.org","@graph":[{"@type":"Article","@id":"https:\/\/www.ucaldas.edu.co\/portal\/u-de-caldas-capacito-a-su-comunidad-universitaria-sobre-marcas-y-patentes\/#article","isPartOf":{"@id":"https:\/\/www.ucaldas.edu.co\/portal\/u-de-caldas-capacito-a-su-comunidad-universitaria-sobre-marcas-y-patentes\/"},"author":{"name":"ofiprensa","@id":"https:\/\/www.ucaldas.edu.co\/portal\/#\/schema\/person\/a1b482e23449158b4bc319926c074fdf"},"headline":"U. de Caldas capacit\u00f3 a su comunidad universitaria sobre marcas y patentes","datePublished":"2017-04-05T15:38:22+00:00","mainEntityOfPage":{"@id":"https:\/\/www.ucaldas.edu.co\/portal\/u-de-caldas-capacito-a-su-comunidad-universitaria-sobre-marcas-y-patentes\/"},"wordCount":255,"publisher":{"@id":"https:\/\/www.ucaldas.edu.co\/portal\/#organization"},"image":{"@id":"https:\/\/www.ucaldas.edu.co\/portal\/u-de-caldas-capacito-a-su-comunidad-universitaria-sobre-marcas-y-patentes\/#primaryimage"},"thumbnailUrl":"https:\/\/www.ucaldas.edu.co\/portal\/wp-content\/uploads\/2017\/04\/marcas.jpg","keywords":["academia","conferencia","patentes","marcas","propiedad intelectual"],"articleSection":["Actualidad","Universidad al D\u00eda","UCaldas Activa"],"inLanguage":"es"},{"@type":"WebPage","@id":"https:\/\/www.ucaldas.edu.co\/portal\/u-de-caldas-capacito-a-su-comunidad-universitaria-sobre-marcas-y-patentes\/","url":"https:\/\/www.ucaldas.edu.co\/portal\/u-de-caldas-capacito-a-su-comunidad-universitaria-sobre-marcas-y-patentes\/","name":"U. de Caldas capacit\u00f3 a su comunidad universitaria sobre marcas y patentes .","isPartOf":{"@id":"https:\/\/www.ucaldas.edu.co\/portal\/#website"},"primaryImageOfPage":{"@id":"https:\/\/www.ucaldas.edu.co\/portal\/u-de-caldas-capacito-a-su-comunidad-universitaria-sobre-marcas-y-patentes\/#primaryimage"},"image":{"@id":"https:\/\/www.ucaldas.edu.co\/portal\/u-de-caldas-capacito-a-su-comunidad-universitaria-sobre-marcas-y-patentes\/#primaryimage"},"thumbnailUrl":"https:\/\/www.ucaldas.edu.co\/portal\/wp-content\/uploads\/2017\/04\/marcas.jpg","datePublished":"2017-04-05T15:38:22+00:00","breadcrumb":{"@id":"https:\/\/www.ucaldas.edu.co\/portal\/u-de-caldas-capacito-a-su-comunidad-universitaria-sobre-marcas-y-patentes\/#breadcrumb"},"inLanguage":"es","potentialAction":[{"@type":"ReadAction","target":["https:\/\/www.ucaldas.edu.co\/portal\/u-de-caldas-capacito-a-su-comunidad-universitaria-sobre-marcas-y-patentes\/"]}]},{"@type":"ImageObject","inLanguage":"es","@id":"https:\/\/www.ucaldas.edu.co\/portal\/u-de-caldas-capacito-a-su-comunidad-universitaria-sobre-marcas-y-patentes\/#primaryimage","url":"https:\/\/www.ucaldas.edu.co\/portal\/wp-content\/uploads\/2017\/04\/marcas.jpg","contentUrl":"https:\/\/www.ucaldas.edu.co\/portal\/wp-content\/uploads\/2017\/04\/marcas.jpg"},{"@type":"BreadcrumbList","@id":"https:\/\/www.ucaldas.edu.co\/portal\/u-de-caldas-capacito-a-su-comunidad-universitaria-sobre-marcas-y-patentes\/#breadcrumb","itemListElement":[{"@type":"ListItem","position":1,"name":"Portada","item":"https:\/\/www.ucaldas.edu.co\/portal\/"},{"@type":"ListItem","position":2,"name":"U. de Caldas capacit\u00f3 a su comunidad universitaria sobre marcas y patentes"}]},{"@type":"WebSite","@id":"https:\/\/www.ucaldas.edu.co\/portal\/#website","url":"https:\/\/www.ucaldas.edu.co\/portal\/","name":"Universidad de Caldas","description":"","publisher":{"@id":"https:\/\/www.ucaldas.edu.co\/portal\/#organization"},"alternateName":"U. de Caldas","potentialAction":[{"@type":"SearchAction","target":{"@type":"EntryPoint","urlTemplate":"https:\/\/www.ucaldas.edu.co\/portal\/?s={search_term_string}"},"query-input":{"@type":"PropertyValueSpecification","valueRequired":true,"valueName":"search_term_string"}}],"inLanguage":"es"},{"@type":"Organization","@id":"https:\/\/www.ucaldas.edu.co\/portal\/#organization","name":"Universidad de Caldas","alternateName":"U. de Caldas","url":"https:\/\/www.ucaldas.edu.co\/portal\/","logo":{"@type":"ImageObject","inLanguage":"es","@id":"https:\/\/www.ucaldas.edu.co\/portal\/#\/schema\/logo\/image\/","url":"https:\/\/www.ucaldas.edu.co\/portal\/wp-content\/uploads\/2023\/11\/Logo_horizontal_oscuroU-2023.png","contentUrl":"https:\/\/www.ucaldas.edu.co\/portal\/wp-content\/uploads\/2023\/11\/Logo_horizontal_oscuroU-2023.png","width":263,"height":101,"caption":"Universidad de Caldas"},"image":{"@id":"https:\/\/www.ucaldas.edu.co\/portal\/#\/schema\/logo\/image\/"},"sameAs":["https:\/\/www.facebook.com\/udecaldas","https:\/\/x.com\/udecaldas","https:\/\/www.youtube.com\/universidadcaldas","https:\/\/www.instagram.com\/udecaldas\/"]},{"@type":"Person","@id":"https:\/\/www.ucaldas.edu.co\/portal\/#\/schema\/person\/a1b482e23449158b4bc319926c074fdf","name":"ofiprensa","image":{"@type":"ImageObject","inLanguage":"es","@id":"https:\/\/www.ucaldas.edu.co\/portal\/wp-content\/litespeed\/avatar\/09ea5085e600095a7a811142c6944527.jpg?ver=1777497608","url":"https:\/\/www.ucaldas.edu.co\/portal\/wp-content\/litespeed\/avatar\/09ea5085e600095a7a811142c6944527.jpg?ver=1777497608","contentUrl":"https:\/\/www.ucaldas.edu.co\/portal\/wp-content\/litespeed\/avatar\/09ea5085e600095a7a811142c6944527.jpg?ver=1777497608","caption":"ofiprensa"},"url":"https:\/\/www.ucaldas.edu.co\/portal\/author\/ofiprensa\/"}]}},"_links":{"self":[{"href":"https:\/\/www.ucaldas.edu.co\/portal\/wp-json\/wp\/v2\/posts\/34849","targetHints":{"allow":["GET"]}}],"collection":[{"href":"https:\/\/www.ucaldas.edu.co\/portal\/wp-json\/wp\/v2\/posts"}],"about":[{"href":"https:\/\/www.ucaldas.edu.co\/portal\/wp-json\/wp\/v2\/types\/post"}],"author":[{"embeddable":true,"href":"https:\/\/www.ucaldas.edu.co\/portal\/wp-json\/wp\/v2\/users\/2"}],"replies":[{"embeddable":true,"href":"https:\/\/www.ucaldas.edu.co\/portal\/wp-json\/wp\/v2\/comments?post=34849"}],"version-history":[{"count":0,"href":"https:\/\/www.ucaldas.edu.co\/portal\/wp-json\/wp\/v2\/posts\/34849\/revisions"}],"wp:attachment":[{"href":"https:\/\/www.ucaldas.edu.co\/portal\/wp-json\/wp\/v2\/media?parent=34849"}],"wp:term":[{"taxonomy":"category","embeddable":true,"href":"https:\/\/www.ucaldas.edu.co\/portal\/wp-json\/wp\/v2\/categories?post=34849"},{"taxonomy":"post_tag","embeddable":true,"href":"https:\/\/www.ucaldas.edu.co\/portal\/wp-json\/wp\/v2\/tags?post=34849"}],"curies":[{"name":"wp","href":"https:\/\/api.w.org\/{rel}","templated":true}]}}