{"id":34833,"date":"2017-04-04T15:45:26","date_gmt":"2017-04-04T20:45:26","guid":{"rendered":"https:\/\/www.ucaldas.edu.co\/portal\/?p=34833"},"modified":"2017-04-04T15:45:26","modified_gmt":"2017-04-04T20:45:26","slug":"estudie-especializaciones-en-gerencia-agraria-y-en-administracion-y-evaluacion-de-proyectos-agropecuarios-y-agroindustriales","status":"publish","type":"post","link":"https:\/\/www.ucaldas.edu.co\/portal\/estudie-especializaciones-en-gerencia-agraria-y-en-administracion-y-evaluacion-de-proyectos-agropecuarios-y-agroindustriales\/","title":{"rendered":"Estudie especializaciones en Gerencia Agraria y en Administraci\u00f3n y Evaluaci\u00f3n de Proyectos Agropecuarios y Agroindustriales"},"content":{"rendered":"<p style=\"text-align: center;\">INSCRIPCIONES HASTA EL 26 DE MAYO DEL 2017<\/p>\n<p style=\"text-align: center;\"><strong>Estudie especializaciones en Gerencia Agraria y en Administraci\u00f3n y Evaluaci\u00f3n de Proyectos Agropecuarios y Agroindustriales<\/strong><\/p>\n<p style=\"text-align: right;\">4\/04\/2017<\/p>\n<p><strong>\u00a0<img decoding=\"async\" class=\"aligncenter\" src=\"http:\/\/www.ucaldas.edu.co\/intranet2\/wp-content\/uploads\/2015\/11\/MOMENTOS-U-BICENTENAERIO-30-SEP-2014-20-300x200.jpg\" alt=\"MOMENTOS U BICENTENAERIO 30 SEP 2014 (20)\" \/><\/strong><\/p>\n<p><strong>Hasta el 26 de mayo del 2017 ser\u00e1n las inscripciones<\/strong> para las <strong>especializaciones<\/strong> <strong>en Gerencia Agraria y en Administraci\u00f3n y Evaluaci\u00f3n de Proyectos Agropecuarios y Agroindustriales,<\/strong> de la Facultad de Ciencias Agropecuarias de la Universidad de Caldas.<\/p>\n<p><!--more--><\/p>\n<p>La <strong>Especializaci\u00f3n en Gerencia Agraria tiene como objeto de estudio el proceso administrativo y de gesti\u00f3n de las organizaciones agrarias<\/strong>, mientras que la <strong>Especializaci\u00f3n en Administraci\u00f3n y Evaluaci\u00f3n de Proyectos Agropecuarios y Agroindustriales<\/strong> tiene como <strong>objeto<\/strong> de estudio los <strong>procesos en el desarrollo de los proyectos<\/strong>, la contribuci\u00f3n en las decisiones y su impacto en las sociedades rurales.<\/p>\n<p>&nbsp;<\/p>\n<p><a href=\"https:\/\/www.ucaldas.edu.co\/portal\/wp-content\/uploads\/2017\/04\/Resolucion-015-Esp.-Gerencia-Agraria-Apertura-cohorte-ilovepdf-compressed.pdf\">Conozca m\u00e1s detalles de la Especializaci\u00f3n en Gerencia Agraria<\/a><\/p>\n<p>&nbsp;<\/p>\n<p><a href=\"https:\/\/www.ucaldas.edu.co\/portal\/wp-content\/uploads\/2017\/04\/Resolucion-014-Esp.-Admon-y-Evaluacion-Proyectos-Agropecuarios-Apertura.pdf\">Conozca m\u00e1s detalles de la Especializaci\u00f3n en Administraci\u00f3n y Evaluaci\u00f3n de Proyectos Agropecuarios y Agroindustriales<\/a><\/p>\n<p>&nbsp;<\/p>\n<p><strong>Informes:<\/strong> en el correo electr\u00f3nico especializaciones.ciagrope@ucaldas.edu.co<\/p>\n<p><strong>Redacci\u00f3n:<\/strong> Margarita Laverde<\/p>\n<p>&nbsp;<\/p>\n","protected":false},"excerpt":{"rendered":"<p>INSCRIPCIONES HASTA EL 26 DE MAYO DEL 2017 Estudie especializaciones en Gerencia Agraria y en Administraci\u00f3n y Evaluaci\u00f3n de Proyectos Agropecuarios y Agroindustriales 4\/04\/2017 \u00a0 Hasta el 26 de mayo del 2017 ser\u00e1n las inscripciones para las especializaciones en Gerencia Agraria y en Administraci\u00f3n y Evaluaci\u00f3n de Proyectos Agropecuarios y Agroindustriales, de la Facultad de [&hellip;]<\/p>\n","protected":false},"author":2,"featured_media":0,"comment_status":"closed","ping_status":"closed","sticky":false,"template":"","format":"standard","meta":{"footnotes":""},"categories":[617,48,53],"tags":[647,648,200,543],"class_list":["post-34833","post","type-post","status-publish","format-standard","hentry","category-ucaldas-colaborativa","category-actualidad","category-universidad-al-dia","tag-especializacion-en-administracion-y-evaluacion-de-proyectos-agropecuarios-y-agroindustriales","tag-especializacion-en-gerencia-agraria","tag-oferta-academica","tag-estudie"],"yoast_head":"<!-- This site is optimized with the Yoast SEO plugin v27.5 - https:\/\/yoast.com\/product\/yoast-seo-wordpress\/ -->\n<title>Estudie especializaciones en Gerencia Agraria y en Administraci\u00f3n y Evaluaci\u00f3n de Proyectos Agropecuarios y Agroindustriales .<\/title>\n<meta name=\"robots\" content=\"index, follow, max-snippet:-1, max-image-preview:large, max-video-preview:-1\" \/>\n<link rel=\"canonical\" href=\"https:\/\/www.ucaldas.edu.co\/portal\/estudie-especializaciones-en-gerencia-agraria-y-en-administracion-y-evaluacion-de-proyectos-agropecuarios-y-agroindustriales\/\" \/>\n<script type=\"application\/ld+json\" class=\"yoast-schema-graph\">{\"@context\":\"https:\\\/\\\/schema.org\",\"@graph\":[{\"@type\":\"Article\",\"@id\":\"https:\\\/\\\/www.ucaldas.edu.co\\\/portal\\\/estudie-especializaciones-en-gerencia-agraria-y-en-administracion-y-evaluacion-de-proyectos-agropecuarios-y-agroindustriales\\\/#article\",\"isPartOf\":{\"@id\":\"https:\\\/\\\/www.ucaldas.edu.co\\\/portal\\\/estudie-especializaciones-en-gerencia-agraria-y-en-administracion-y-evaluacion-de-proyectos-agropecuarios-y-agroindustriales\\\/\"},\"author\":{\"name\":\"ofiprensa\",\"@id\":\"https:\\\/\\\/www.ucaldas.edu.co\\\/portal\\\/#\\\/schema\\\/person\\\/a1b482e23449158b4bc319926c074fdf\"},\"headline\":\"Estudie especializaciones en Gerencia Agraria y en Administraci\u00f3n y Evaluaci\u00f3n de Proyectos Agropecuarios y Agroindustriales\",\"datePublished\":\"2017-04-04T20:45:26+00:00\",\"mainEntityOfPage\":{\"@id\":\"https:\\\/\\\/www.ucaldas.edu.co\\\/portal\\\/estudie-especializaciones-en-gerencia-agraria-y-en-administracion-y-evaluacion-de-proyectos-agropecuarios-y-agroindustriales\\\/\"},\"wordCount\":191,\"publisher\":{\"@id\":\"https:\\\/\\\/www.ucaldas.edu.co\\\/portal\\\/#organization\"},\"image\":{\"@id\":\"https:\\\/\\\/www.ucaldas.edu.co\\\/portal\\\/estudie-especializaciones-en-gerencia-agraria-y-en-administracion-y-evaluacion-de-proyectos-agropecuarios-y-agroindustriales\\\/#primaryimage\"},\"thumbnailUrl\":\"http:\\\/\\\/www.ucaldas.edu.co\\\/intranet2\\\/wp-content\\\/uploads\\\/2015\\\/11\\\/MOMENTOS-U-BICENTENAERIO-30-SEP-2014-20-300x200.jpg\",\"keywords\":[\"Especializaci\u00f3n en Administraci\u00f3n y Evaluaci\u00f3n de Proyectos Agropecuarios y Agroindustriales\",\"Especializaci\u00f3n en Gerencia Agraria\",\"oferta acad\u00e9mica\",\"estudie\"],\"articleSection\":[\"UCaldas Colaborativa\",\"Actualidad\",\"Universidad al D\u00eda\"],\"inLanguage\":\"es\"},{\"@type\":\"WebPage\",\"@id\":\"https:\\\/\\\/www.ucaldas.edu.co\\\/portal\\\/estudie-especializaciones-en-gerencia-agraria-y-en-administracion-y-evaluacion-de-proyectos-agropecuarios-y-agroindustriales\\\/\",\"url\":\"https:\\\/\\\/www.ucaldas.edu.co\\\/portal\\\/estudie-especializaciones-en-gerencia-agraria-y-en-administracion-y-evaluacion-de-proyectos-agropecuarios-y-agroindustriales\\\/\",\"name\":\"Estudie especializaciones en Gerencia Agraria y en Administraci\u00f3n y Evaluaci\u00f3n de Proyectos Agropecuarios y Agroindustriales .\",\"isPartOf\":{\"@id\":\"https:\\\/\\\/www.ucaldas.edu.co\\\/portal\\\/#website\"},\"primaryImageOfPage\":{\"@id\":\"https:\\\/\\\/www.ucaldas.edu.co\\\/portal\\\/estudie-especializaciones-en-gerencia-agraria-y-en-administracion-y-evaluacion-de-proyectos-agropecuarios-y-agroindustriales\\\/#primaryimage\"},\"image\":{\"@id\":\"https:\\\/\\\/www.ucaldas.edu.co\\\/portal\\\/estudie-especializaciones-en-gerencia-agraria-y-en-administracion-y-evaluacion-de-proyectos-agropecuarios-y-agroindustriales\\\/#primaryimage\"},\"thumbnailUrl\":\"http:\\\/\\\/www.ucaldas.edu.co\\\/intranet2\\\/wp-content\\\/uploads\\\/2015\\\/11\\\/MOMENTOS-U-BICENTENAERIO-30-SEP-2014-20-300x200.jpg\",\"datePublished\":\"2017-04-04T20:45:26+00:00\",\"breadcrumb\":{\"@id\":\"https:\\\/\\\/www.ucaldas.edu.co\\\/portal\\\/estudie-especializaciones-en-gerencia-agraria-y-en-administracion-y-evaluacion-de-proyectos-agropecuarios-y-agroindustriales\\\/#breadcrumb\"},\"inLanguage\":\"es\",\"potentialAction\":[{\"@type\":\"ReadAction\",\"target\":[\"https:\\\/\\\/www.ucaldas.edu.co\\\/portal\\\/estudie-especializaciones-en-gerencia-agraria-y-en-administracion-y-evaluacion-de-proyectos-agropecuarios-y-agroindustriales\\\/\"]}]},{\"@type\":\"ImageObject\",\"inLanguage\":\"es\",\"@id\":\"https:\\\/\\\/www.ucaldas.edu.co\\\/portal\\\/estudie-especializaciones-en-gerencia-agraria-y-en-administracion-y-evaluacion-de-proyectos-agropecuarios-y-agroindustriales\\\/#primaryimage\",\"url\":\"http:\\\/\\\/www.ucaldas.edu.co\\\/intranet2\\\/wp-content\\\/uploads\\\/2015\\\/11\\\/MOMENTOS-U-BICENTENAERIO-30-SEP-2014-20-300x200.jpg\",\"contentUrl\":\"http:\\\/\\\/www.ucaldas.edu.co\\\/intranet2\\\/wp-content\\\/uploads\\\/2015\\\/11\\\/MOMENTOS-U-BICENTENAERIO-30-SEP-2014-20-300x200.jpg\"},{\"@type\":\"BreadcrumbList\",\"@id\":\"https:\\\/\\\/www.ucaldas.edu.co\\\/portal\\\/estudie-especializaciones-en-gerencia-agraria-y-en-administracion-y-evaluacion-de-proyectos-agropecuarios-y-agroindustriales\\\/#breadcrumb\",\"itemListElement\":[{\"@type\":\"ListItem\",\"position\":1,\"name\":\"Portada\",\"item\":\"https:\\\/\\\/www.ucaldas.edu.co\\\/portal\\\/\"},{\"@type\":\"ListItem\",\"position\":2,\"name\":\"Estudie especializaciones en Gerencia Agraria y en Administraci\u00f3n y Evaluaci\u00f3n de Proyectos Agropecuarios y Agroindustriales\"}]},{\"@type\":\"WebSite\",\"@id\":\"https:\\\/\\\/www.ucaldas.edu.co\\\/portal\\\/#website\",\"url\":\"https:\\\/\\\/www.ucaldas.edu.co\\\/portal\\\/\",\"name\":\"Universidad de Caldas\",\"description\":\"\",\"publisher\":{\"@id\":\"https:\\\/\\\/www.ucaldas.edu.co\\\/portal\\\/#organization\"},\"alternateName\":\"U. de Caldas\",\"potentialAction\":[{\"@type\":\"SearchAction\",\"target\":{\"@type\":\"EntryPoint\",\"urlTemplate\":\"https:\\\/\\\/www.ucaldas.edu.co\\\/portal\\\/?s={search_term_string}\"},\"query-input\":{\"@type\":\"PropertyValueSpecification\",\"valueRequired\":true,\"valueName\":\"search_term_string\"}}],\"inLanguage\":\"es\"},{\"@type\":\"Organization\",\"@id\":\"https:\\\/\\\/www.ucaldas.edu.co\\\/portal\\\/#organization\",\"name\":\"Universidad de Caldas\",\"alternateName\":\"U. de Caldas\",\"url\":\"https:\\\/\\\/www.ucaldas.edu.co\\\/portal\\\/\",\"logo\":{\"@type\":\"ImageObject\",\"inLanguage\":\"es\",\"@id\":\"https:\\\/\\\/www.ucaldas.edu.co\\\/portal\\\/#\\\/schema\\\/logo\\\/image\\\/\",\"url\":\"https:\\\/\\\/www.ucaldas.edu.co\\\/portal\\\/wp-content\\\/uploads\\\/2023\\\/11\\\/Logo_horizontal_oscuroU-2023.png\",\"contentUrl\":\"https:\\\/\\\/www.ucaldas.edu.co\\\/portal\\\/wp-content\\\/uploads\\\/2023\\\/11\\\/Logo_horizontal_oscuroU-2023.png\",\"width\":263,\"height\":101,\"caption\":\"Universidad de Caldas\"},\"image\":{\"@id\":\"https:\\\/\\\/www.ucaldas.edu.co\\\/portal\\\/#\\\/schema\\\/logo\\\/image\\\/\"},\"sameAs\":[\"https:\\\/\\\/www.facebook.com\\\/udecaldas\",\"https:\\\/\\\/x.com\\\/udecaldas\",\"https:\\\/\\\/www.youtube.com\\\/universidadcaldas\",\"https:\\\/\\\/www.instagram.com\\\/udecaldas\\\/\"]},{\"@type\":\"Person\",\"@id\":\"https:\\\/\\\/www.ucaldas.edu.co\\\/portal\\\/#\\\/schema\\\/person\\\/a1b482e23449158b4bc319926c074fdf\",\"name\":\"ofiprensa\",\"image\":{\"@type\":\"ImageObject\",\"inLanguage\":\"es\",\"@id\":\"https:\\\/\\\/www.ucaldas.edu.co\\\/portal\\\/wp-content\\\/litespeed\\\/avatar\\\/09ea5085e600095a7a811142c6944527.jpg?ver=1777497608\",\"url\":\"https:\\\/\\\/www.ucaldas.edu.co\\\/portal\\\/wp-content\\\/litespeed\\\/avatar\\\/09ea5085e600095a7a811142c6944527.jpg?ver=1777497608\",\"contentUrl\":\"https:\\\/\\\/www.ucaldas.edu.co\\\/portal\\\/wp-content\\\/litespeed\\\/avatar\\\/09ea5085e600095a7a811142c6944527.jpg?ver=1777497608\",\"caption\":\"ofiprensa\"},\"url\":\"https:\\\/\\\/www.ucaldas.edu.co\\\/portal\\\/author\\\/ofiprensa\\\/\"}]}<\/script>\n<!-- \/ Yoast SEO plugin. -->","yoast_head_json":{"title":"Estudie especializaciones en Gerencia Agraria y en Administraci\u00f3n y Evaluaci\u00f3n de Proyectos Agropecuarios y Agroindustriales .","robots":{"index":"index","follow":"follow","max-snippet":"max-snippet:-1","max-image-preview":"max-image-preview:large","max-video-preview":"max-video-preview:-1"},"canonical":"https:\/\/www.ucaldas.edu.co\/portal\/estudie-especializaciones-en-gerencia-agraria-y-en-administracion-y-evaluacion-de-proyectos-agropecuarios-y-agroindustriales\/","schema":{"@context":"https:\/\/schema.org","@graph":[{"@type":"Article","@id":"https:\/\/www.ucaldas.edu.co\/portal\/estudie-especializaciones-en-gerencia-agraria-y-en-administracion-y-evaluacion-de-proyectos-agropecuarios-y-agroindustriales\/#article","isPartOf":{"@id":"https:\/\/www.ucaldas.edu.co\/portal\/estudie-especializaciones-en-gerencia-agraria-y-en-administracion-y-evaluacion-de-proyectos-agropecuarios-y-agroindustriales\/"},"author":{"name":"ofiprensa","@id":"https:\/\/www.ucaldas.edu.co\/portal\/#\/schema\/person\/a1b482e23449158b4bc319926c074fdf"},"headline":"Estudie especializaciones en Gerencia Agraria y en Administraci\u00f3n y Evaluaci\u00f3n de Proyectos Agropecuarios y Agroindustriales","datePublished":"2017-04-04T20:45:26+00:00","mainEntityOfPage":{"@id":"https:\/\/www.ucaldas.edu.co\/portal\/estudie-especializaciones-en-gerencia-agraria-y-en-administracion-y-evaluacion-de-proyectos-agropecuarios-y-agroindustriales\/"},"wordCount":191,"publisher":{"@id":"https:\/\/www.ucaldas.edu.co\/portal\/#organization"},"image":{"@id":"https:\/\/www.ucaldas.edu.co\/portal\/estudie-especializaciones-en-gerencia-agraria-y-en-administracion-y-evaluacion-de-proyectos-agropecuarios-y-agroindustriales\/#primaryimage"},"thumbnailUrl":"http:\/\/www.ucaldas.edu.co\/intranet2\/wp-content\/uploads\/2015\/11\/MOMENTOS-U-BICENTENAERIO-30-SEP-2014-20-300x200.jpg","keywords":["Especializaci\u00f3n en Administraci\u00f3n y Evaluaci\u00f3n de Proyectos Agropecuarios y Agroindustriales","Especializaci\u00f3n en Gerencia Agraria","oferta acad\u00e9mica","estudie"],"articleSection":["UCaldas Colaborativa","Actualidad","Universidad al D\u00eda"],"inLanguage":"es"},{"@type":"WebPage","@id":"https:\/\/www.ucaldas.edu.co\/portal\/estudie-especializaciones-en-gerencia-agraria-y-en-administracion-y-evaluacion-de-proyectos-agropecuarios-y-agroindustriales\/","url":"https:\/\/www.ucaldas.edu.co\/portal\/estudie-especializaciones-en-gerencia-agraria-y-en-administracion-y-evaluacion-de-proyectos-agropecuarios-y-agroindustriales\/","name":"Estudie especializaciones en Gerencia Agraria y en Administraci\u00f3n y Evaluaci\u00f3n de Proyectos Agropecuarios y Agroindustriales .","isPartOf":{"@id":"https:\/\/www.ucaldas.edu.co\/portal\/#website"},"primaryImageOfPage":{"@id":"https:\/\/www.ucaldas.edu.co\/portal\/estudie-especializaciones-en-gerencia-agraria-y-en-administracion-y-evaluacion-de-proyectos-agropecuarios-y-agroindustriales\/#primaryimage"},"image":{"@id":"https:\/\/www.ucaldas.edu.co\/portal\/estudie-especializaciones-en-gerencia-agraria-y-en-administracion-y-evaluacion-de-proyectos-agropecuarios-y-agroindustriales\/#primaryimage"},"thumbnailUrl":"http:\/\/www.ucaldas.edu.co\/intranet2\/wp-content\/uploads\/2015\/11\/MOMENTOS-U-BICENTENAERIO-30-SEP-2014-20-300x200.jpg","datePublished":"2017-04-04T20:45:26+00:00","breadcrumb":{"@id":"https:\/\/www.ucaldas.edu.co\/portal\/estudie-especializaciones-en-gerencia-agraria-y-en-administracion-y-evaluacion-de-proyectos-agropecuarios-y-agroindustriales\/#breadcrumb"},"inLanguage":"es","potentialAction":[{"@type":"ReadAction","target":["https:\/\/www.ucaldas.edu.co\/portal\/estudie-especializaciones-en-gerencia-agraria-y-en-administracion-y-evaluacion-de-proyectos-agropecuarios-y-agroindustriales\/"]}]},{"@type":"ImageObject","inLanguage":"es","@id":"https:\/\/www.ucaldas.edu.co\/portal\/estudie-especializaciones-en-gerencia-agraria-y-en-administracion-y-evaluacion-de-proyectos-agropecuarios-y-agroindustriales\/#primaryimage","url":"http:\/\/www.ucaldas.edu.co\/intranet2\/wp-content\/uploads\/2015\/11\/MOMENTOS-U-BICENTENAERIO-30-SEP-2014-20-300x200.jpg","contentUrl":"http:\/\/www.ucaldas.edu.co\/intranet2\/wp-content\/uploads\/2015\/11\/MOMENTOS-U-BICENTENAERIO-30-SEP-2014-20-300x200.jpg"},{"@type":"BreadcrumbList","@id":"https:\/\/www.ucaldas.edu.co\/portal\/estudie-especializaciones-en-gerencia-agraria-y-en-administracion-y-evaluacion-de-proyectos-agropecuarios-y-agroindustriales\/#breadcrumb","itemListElement":[{"@type":"ListItem","position":1,"name":"Portada","item":"https:\/\/www.ucaldas.edu.co\/portal\/"},{"@type":"ListItem","position":2,"name":"Estudie especializaciones en Gerencia Agraria y en Administraci\u00f3n y Evaluaci\u00f3n de Proyectos Agropecuarios y Agroindustriales"}]},{"@type":"WebSite","@id":"https:\/\/www.ucaldas.edu.co\/portal\/#website","url":"https:\/\/www.ucaldas.edu.co\/portal\/","name":"Universidad de Caldas","description":"","publisher":{"@id":"https:\/\/www.ucaldas.edu.co\/portal\/#organization"},"alternateName":"U. de Caldas","potentialAction":[{"@type":"SearchAction","target":{"@type":"EntryPoint","urlTemplate":"https:\/\/www.ucaldas.edu.co\/portal\/?s={search_term_string}"},"query-input":{"@type":"PropertyValueSpecification","valueRequired":true,"valueName":"search_term_string"}}],"inLanguage":"es"},{"@type":"Organization","@id":"https:\/\/www.ucaldas.edu.co\/portal\/#organization","name":"Universidad de Caldas","alternateName":"U. de Caldas","url":"https:\/\/www.ucaldas.edu.co\/portal\/","logo":{"@type":"ImageObject","inLanguage":"es","@id":"https:\/\/www.ucaldas.edu.co\/portal\/#\/schema\/logo\/image\/","url":"https:\/\/www.ucaldas.edu.co\/portal\/wp-content\/uploads\/2023\/11\/Logo_horizontal_oscuroU-2023.png","contentUrl":"https:\/\/www.ucaldas.edu.co\/portal\/wp-content\/uploads\/2023\/11\/Logo_horizontal_oscuroU-2023.png","width":263,"height":101,"caption":"Universidad de Caldas"},"image":{"@id":"https:\/\/www.ucaldas.edu.co\/portal\/#\/schema\/logo\/image\/"},"sameAs":["https:\/\/www.facebook.com\/udecaldas","https:\/\/x.com\/udecaldas","https:\/\/www.youtube.com\/universidadcaldas","https:\/\/www.instagram.com\/udecaldas\/"]},{"@type":"Person","@id":"https:\/\/www.ucaldas.edu.co\/portal\/#\/schema\/person\/a1b482e23449158b4bc319926c074fdf","name":"ofiprensa","image":{"@type":"ImageObject","inLanguage":"es","@id":"https:\/\/www.ucaldas.edu.co\/portal\/wp-content\/litespeed\/avatar\/09ea5085e600095a7a811142c6944527.jpg?ver=1777497608","url":"https:\/\/www.ucaldas.edu.co\/portal\/wp-content\/litespeed\/avatar\/09ea5085e600095a7a811142c6944527.jpg?ver=1777497608","contentUrl":"https:\/\/www.ucaldas.edu.co\/portal\/wp-content\/litespeed\/avatar\/09ea5085e600095a7a811142c6944527.jpg?ver=1777497608","caption":"ofiprensa"},"url":"https:\/\/www.ucaldas.edu.co\/portal\/author\/ofiprensa\/"}]}},"_links":{"self":[{"href":"https:\/\/www.ucaldas.edu.co\/portal\/wp-json\/wp\/v2\/posts\/34833","targetHints":{"allow":["GET"]}}],"collection":[{"href":"https:\/\/www.ucaldas.edu.co\/portal\/wp-json\/wp\/v2\/posts"}],"about":[{"href":"https:\/\/www.ucaldas.edu.co\/portal\/wp-json\/wp\/v2\/types\/post"}],"author":[{"embeddable":true,"href":"https:\/\/www.ucaldas.edu.co\/portal\/wp-json\/wp\/v2\/users\/2"}],"replies":[{"embeddable":true,"href":"https:\/\/www.ucaldas.edu.co\/portal\/wp-json\/wp\/v2\/comments?post=34833"}],"version-history":[{"count":0,"href":"https:\/\/www.ucaldas.edu.co\/portal\/wp-json\/wp\/v2\/posts\/34833\/revisions"}],"wp:attachment":[{"href":"https:\/\/www.ucaldas.edu.co\/portal\/wp-json\/wp\/v2\/media?parent=34833"}],"wp:term":[{"taxonomy":"category","embeddable":true,"href":"https:\/\/www.ucaldas.edu.co\/portal\/wp-json\/wp\/v2\/categories?post=34833"},{"taxonomy":"post_tag","embeddable":true,"href":"https:\/\/www.ucaldas.edu.co\/portal\/wp-json\/wp\/v2\/tags?post=34833"}],"curies":[{"name":"wp","href":"https:\/\/api.w.org\/{rel}","templated":true}]}}