{"id":34745,"date":"2017-03-29T15:19:12","date_gmt":"2017-03-29T20:19:12","guid":{"rendered":"https:\/\/www.ucaldas.edu.co\/portal\/?p=34745"},"modified":"2017-03-29T15:19:12","modified_gmt":"2017-03-29T20:19:12","slug":"u-de-caldas-realizo-mesa-redonda-sobre-humanidades-digitales","status":"publish","type":"post","link":"https:\/\/www.ucaldas.edu.co\/portal\/u-de-caldas-realizo-mesa-redonda-sobre-humanidades-digitales\/","title":{"rendered":"U. de Caldas realiz\u00f3 mesa redonda sobre humanidades digitales"},"content":{"rendered":"<p style=\"text-align: center;\">COMO PARTE DE LAS ACTIVIDADES DEL A\u00d1O CRUZADO FRANCIA &#8211; COLOMBIA<\/p>\n<p style=\"text-align: center;\"><strong style=\"line-height: 1.5;\">U. de Caldas realiz\u00f3 mesa redonda sobre humanidades digitales<\/strong><\/p>\n<p style=\"text-align: right;\">29\/03\/2017<\/p>\n<p><strong>\u00a0<img loading=\"lazy\" decoding=\"async\" class=\"alignnone size-full wp-image-34746 aligncenter\" src=\"https:\/\/www.ucaldas.edu.co\/portal\/wp-content\/uploads\/2017\/03\/mesa.jpg\" alt=\"mesa\" width=\"358\" height=\"283\" \/><\/strong><\/p>\n<p>La <strong>Universidad de Caldas recibe por estos d\u00edas a una delegaci\u00f3n de la Universidad Paul Val\u00e9ry\u00a0 (Montpellier 3), Universidad de Piura (Per\u00fa) y Fondation Maison des sciences de l&#8217;homme (Fmsh),<\/strong> con el fin de <strong>crear<\/strong> la <strong>Maestr\u00eda en Humanidades Digitales<\/strong>. <a href=\"https:\/\/www.facebook.com\/media\/set\/?set=a.1347640795297782.1073745309.107054166023124&amp;type=1&amp;l=dd1463220d\">Conozca im\u00e1genes del seminario para la creaci\u00f3n de la Maestr\u00eda Internacional en Humanidades Digitales<\/a><\/p>\n<p><!--more--><\/p>\n<p>Por eso, el pasado 28 de marzo del 2017 s<strong>e llev\u00f3 a cabo una mesa redonda <\/strong>Francia\/Colombia sobre Humanidades Digitales, <strong>como parte de las actividades del A\u00f1o Cruzado Francia &#8211; Colombia.<\/strong><\/p>\n<p>&nbsp;<\/p>\n<p>Uno de los invitados es Enrique Banus, <strong>Decano de la Facultad de Humanidades de la Universidad de Piura (Per\u00fa), quien explic\u00f3<\/strong>: \u201cnos interesa introducir esta visi\u00f3n en universidades de Latinoam\u00e9rica y en la U. de Caldas existe mucha experiencia de trabajo en temas digitales y un patrimonio muy rico y muy importante\u201d.<\/p>\n<p>&nbsp;<\/p>\n<p>\u201c<strong>Se trata de pensar en nuevos perfiles profesionales nuevos<\/strong>, relacionados con las humanidades y la cultura y a los que se puede aportar desde el uso de las tecnolog\u00edas\u201d, agreg\u00f3.<\/p>\n<p>&nbsp;<\/p>\n<p>Por otra parte, Bruno Bonu, <strong>investigador de la Universidad Paul Val\u00e9ry (Montpellier 3), inform\u00f3<\/strong>: \u201c<strong>hemos venido para comprender las necesidades y competencias<\/strong> que los colegas colombianos quieren poner a la disposici\u00f3n de la comunidad\u201d.<\/p>\n<p>&nbsp;<\/p>\n<p>\u201cTenemos un m\u00e1ster a distancia con una serie de competencias que queremos aplicar aqu\u00ed y es muy importante definir lo que se espera de la maestr\u00eda y <strong>la idea es aportar lo necesario para concretar este proceso<\/strong>\u201d, enfatiz\u00f3.<\/p>\n<p>&nbsp;<\/p>\n<p><a href=\"https:\/\/www.facebook.com\/media\/set\/?set=a.1348804588514736.1073745312.107054166023124&amp;type=1&amp;l=910f02eca4\">Conozca im\u00e1genes de la Mesa redonda Francia\/Colombia sobre Humanidades Digitales<\/a><\/p>\n<p>&nbsp;<\/p>\n<p><strong>Informes:<\/strong> Oficina de Comunicaciones y Prensa U. de Caldas, tel\u00e9fono 878 15 00 extensi\u00f3n 12 167.<\/p>\n<p><strong>Redacci\u00f3n:<\/strong> Margarita Laverde<\/p>\n<p>&nbsp;<\/p>\n","protected":false},"excerpt":{"rendered":"<p>COMO PARTE DE LAS ACTIVIDADES DEL A\u00d1O CRUZADO FRANCIA &#8211; COLOMBIA U. de Caldas realiz\u00f3 mesa redonda sobre humanidades digitales 29\/03\/2017 \u00a0 La Universidad de Caldas recibe por estos d\u00edas a una delegaci\u00f3n de la Universidad Paul Val\u00e9ry\u00a0 (Montpellier 3), Universidad de Piura (Per\u00fa) y Fondation Maison des sciences de l&#8217;homme (Fmsh), con el fin [&hellip;]<\/p>\n","protected":false},"author":2,"featured_media":0,"comment_status":"closed","ping_status":"closed","sticky":false,"template":"","format":"standard","meta":{"footnotes":""},"categories":[48,53,243],"tags":[328,595,596],"class_list":["post-34745","post","type-post","status-publish","format-standard","hentry","category-actualidad","category-universidad-al-dia","category-ucaldas-acreditada","tag-francia","tag-ano-cruzado-francia-colombia","tag-mesa-redonda"],"yoast_head":"<!-- This site is optimized with the Yoast SEO plugin v27.5 - https:\/\/yoast.com\/product\/yoast-seo-wordpress\/ -->\n<title>U. de Caldas realiz\u00f3 mesa redonda sobre humanidades digitales .<\/title>\n<meta name=\"robots\" content=\"index, follow, max-snippet:-1, max-image-preview:large, max-video-preview:-1\" \/>\n<link rel=\"canonical\" href=\"https:\/\/www.ucaldas.edu.co\/portal\/u-de-caldas-realizo-mesa-redonda-sobre-humanidades-digitales\/\" \/>\n<script type=\"application\/ld+json\" class=\"yoast-schema-graph\">{\"@context\":\"https:\\\/\\\/schema.org\",\"@graph\":[{\"@type\":\"Article\",\"@id\":\"https:\\\/\\\/www.ucaldas.edu.co\\\/portal\\\/u-de-caldas-realizo-mesa-redonda-sobre-humanidades-digitales\\\/#article\",\"isPartOf\":{\"@id\":\"https:\\\/\\\/www.ucaldas.edu.co\\\/portal\\\/u-de-caldas-realizo-mesa-redonda-sobre-humanidades-digitales\\\/\"},\"author\":{\"name\":\"ofiprensa\",\"@id\":\"https:\\\/\\\/www.ucaldas.edu.co\\\/portal\\\/#\\\/schema\\\/person\\\/a1b482e23449158b4bc319926c074fdf\"},\"headline\":\"U. de Caldas realiz\u00f3 mesa redonda sobre humanidades digitales\",\"datePublished\":\"2017-03-29T20:19:12+00:00\",\"mainEntityOfPage\":{\"@id\":\"https:\\\/\\\/www.ucaldas.edu.co\\\/portal\\\/u-de-caldas-realizo-mesa-redonda-sobre-humanidades-digitales\\\/\"},\"wordCount\":318,\"publisher\":{\"@id\":\"https:\\\/\\\/www.ucaldas.edu.co\\\/portal\\\/#organization\"},\"image\":{\"@id\":\"https:\\\/\\\/www.ucaldas.edu.co\\\/portal\\\/u-de-caldas-realizo-mesa-redonda-sobre-humanidades-digitales\\\/#primaryimage\"},\"thumbnailUrl\":\"https:\\\/\\\/www.ucaldas.edu.co\\\/portal\\\/wp-content\\\/uploads\\\/2017\\\/03\\\/mesa.jpg\",\"keywords\":[\"Francia\",\"A\u00f1o Cruzado Francia - Colombia\",\"mesa redonda\"],\"articleSection\":[\"Actualidad\",\"Universidad al D\u00eda\",\"Ucaldas Acreditada\"],\"inLanguage\":\"es\"},{\"@type\":\"WebPage\",\"@id\":\"https:\\\/\\\/www.ucaldas.edu.co\\\/portal\\\/u-de-caldas-realizo-mesa-redonda-sobre-humanidades-digitales\\\/\",\"url\":\"https:\\\/\\\/www.ucaldas.edu.co\\\/portal\\\/u-de-caldas-realizo-mesa-redonda-sobre-humanidades-digitales\\\/\",\"name\":\"U. de Caldas realiz\u00f3 mesa redonda sobre humanidades digitales .\",\"isPartOf\":{\"@id\":\"https:\\\/\\\/www.ucaldas.edu.co\\\/portal\\\/#website\"},\"primaryImageOfPage\":{\"@id\":\"https:\\\/\\\/www.ucaldas.edu.co\\\/portal\\\/u-de-caldas-realizo-mesa-redonda-sobre-humanidades-digitales\\\/#primaryimage\"},\"image\":{\"@id\":\"https:\\\/\\\/www.ucaldas.edu.co\\\/portal\\\/u-de-caldas-realizo-mesa-redonda-sobre-humanidades-digitales\\\/#primaryimage\"},\"thumbnailUrl\":\"https:\\\/\\\/www.ucaldas.edu.co\\\/portal\\\/wp-content\\\/uploads\\\/2017\\\/03\\\/mesa.jpg\",\"datePublished\":\"2017-03-29T20:19:12+00:00\",\"breadcrumb\":{\"@id\":\"https:\\\/\\\/www.ucaldas.edu.co\\\/portal\\\/u-de-caldas-realizo-mesa-redonda-sobre-humanidades-digitales\\\/#breadcrumb\"},\"inLanguage\":\"es\",\"potentialAction\":[{\"@type\":\"ReadAction\",\"target\":[\"https:\\\/\\\/www.ucaldas.edu.co\\\/portal\\\/u-de-caldas-realizo-mesa-redonda-sobre-humanidades-digitales\\\/\"]}]},{\"@type\":\"ImageObject\",\"inLanguage\":\"es\",\"@id\":\"https:\\\/\\\/www.ucaldas.edu.co\\\/portal\\\/u-de-caldas-realizo-mesa-redonda-sobre-humanidades-digitales\\\/#primaryimage\",\"url\":\"https:\\\/\\\/www.ucaldas.edu.co\\\/portal\\\/wp-content\\\/uploads\\\/2017\\\/03\\\/mesa.jpg\",\"contentUrl\":\"https:\\\/\\\/www.ucaldas.edu.co\\\/portal\\\/wp-content\\\/uploads\\\/2017\\\/03\\\/mesa.jpg\"},{\"@type\":\"BreadcrumbList\",\"@id\":\"https:\\\/\\\/www.ucaldas.edu.co\\\/portal\\\/u-de-caldas-realizo-mesa-redonda-sobre-humanidades-digitales\\\/#breadcrumb\",\"itemListElement\":[{\"@type\":\"ListItem\",\"position\":1,\"name\":\"Portada\",\"item\":\"https:\\\/\\\/www.ucaldas.edu.co\\\/portal\\\/\"},{\"@type\":\"ListItem\",\"position\":2,\"name\":\"U. de Caldas realiz\u00f3 mesa redonda sobre humanidades digitales\"}]},{\"@type\":\"WebSite\",\"@id\":\"https:\\\/\\\/www.ucaldas.edu.co\\\/portal\\\/#website\",\"url\":\"https:\\\/\\\/www.ucaldas.edu.co\\\/portal\\\/\",\"name\":\"Universidad de Caldas\",\"description\":\"\",\"publisher\":{\"@id\":\"https:\\\/\\\/www.ucaldas.edu.co\\\/portal\\\/#organization\"},\"alternateName\":\"U. de Caldas\",\"potentialAction\":[{\"@type\":\"SearchAction\",\"target\":{\"@type\":\"EntryPoint\",\"urlTemplate\":\"https:\\\/\\\/www.ucaldas.edu.co\\\/portal\\\/?s={search_term_string}\"},\"query-input\":{\"@type\":\"PropertyValueSpecification\",\"valueRequired\":true,\"valueName\":\"search_term_string\"}}],\"inLanguage\":\"es\"},{\"@type\":\"Organization\",\"@id\":\"https:\\\/\\\/www.ucaldas.edu.co\\\/portal\\\/#organization\",\"name\":\"Universidad de Caldas\",\"alternateName\":\"U. de Caldas\",\"url\":\"https:\\\/\\\/www.ucaldas.edu.co\\\/portal\\\/\",\"logo\":{\"@type\":\"ImageObject\",\"inLanguage\":\"es\",\"@id\":\"https:\\\/\\\/www.ucaldas.edu.co\\\/portal\\\/#\\\/schema\\\/logo\\\/image\\\/\",\"url\":\"https:\\\/\\\/www.ucaldas.edu.co\\\/portal\\\/wp-content\\\/uploads\\\/2023\\\/11\\\/Logo_horizontal_oscuroU-2023.png\",\"contentUrl\":\"https:\\\/\\\/www.ucaldas.edu.co\\\/portal\\\/wp-content\\\/uploads\\\/2023\\\/11\\\/Logo_horizontal_oscuroU-2023.png\",\"width\":263,\"height\":101,\"caption\":\"Universidad de Caldas\"},\"image\":{\"@id\":\"https:\\\/\\\/www.ucaldas.edu.co\\\/portal\\\/#\\\/schema\\\/logo\\\/image\\\/\"},\"sameAs\":[\"https:\\\/\\\/www.facebook.com\\\/udecaldas\",\"https:\\\/\\\/x.com\\\/udecaldas\",\"https:\\\/\\\/www.youtube.com\\\/universidadcaldas\",\"https:\\\/\\\/www.instagram.com\\\/udecaldas\\\/\"]},{\"@type\":\"Person\",\"@id\":\"https:\\\/\\\/www.ucaldas.edu.co\\\/portal\\\/#\\\/schema\\\/person\\\/a1b482e23449158b4bc319926c074fdf\",\"name\":\"ofiprensa\",\"image\":{\"@type\":\"ImageObject\",\"inLanguage\":\"es\",\"@id\":\"https:\\\/\\\/www.ucaldas.edu.co\\\/portal\\\/wp-content\\\/litespeed\\\/avatar\\\/09ea5085e600095a7a811142c6944527.jpg?ver=1777497608\",\"url\":\"https:\\\/\\\/www.ucaldas.edu.co\\\/portal\\\/wp-content\\\/litespeed\\\/avatar\\\/09ea5085e600095a7a811142c6944527.jpg?ver=1777497608\",\"contentUrl\":\"https:\\\/\\\/www.ucaldas.edu.co\\\/portal\\\/wp-content\\\/litespeed\\\/avatar\\\/09ea5085e600095a7a811142c6944527.jpg?ver=1777497608\",\"caption\":\"ofiprensa\"},\"url\":\"https:\\\/\\\/www.ucaldas.edu.co\\\/portal\\\/author\\\/ofiprensa\\\/\"}]}<\/script>\n<!-- \/ Yoast SEO plugin. -->","yoast_head_json":{"title":"U. de Caldas realiz\u00f3 mesa redonda sobre humanidades digitales .","robots":{"index":"index","follow":"follow","max-snippet":"max-snippet:-1","max-image-preview":"max-image-preview:large","max-video-preview":"max-video-preview:-1"},"canonical":"https:\/\/www.ucaldas.edu.co\/portal\/u-de-caldas-realizo-mesa-redonda-sobre-humanidades-digitales\/","schema":{"@context":"https:\/\/schema.org","@graph":[{"@type":"Article","@id":"https:\/\/www.ucaldas.edu.co\/portal\/u-de-caldas-realizo-mesa-redonda-sobre-humanidades-digitales\/#article","isPartOf":{"@id":"https:\/\/www.ucaldas.edu.co\/portal\/u-de-caldas-realizo-mesa-redonda-sobre-humanidades-digitales\/"},"author":{"name":"ofiprensa","@id":"https:\/\/www.ucaldas.edu.co\/portal\/#\/schema\/person\/a1b482e23449158b4bc319926c074fdf"},"headline":"U. de Caldas realiz\u00f3 mesa redonda sobre humanidades digitales","datePublished":"2017-03-29T20:19:12+00:00","mainEntityOfPage":{"@id":"https:\/\/www.ucaldas.edu.co\/portal\/u-de-caldas-realizo-mesa-redonda-sobre-humanidades-digitales\/"},"wordCount":318,"publisher":{"@id":"https:\/\/www.ucaldas.edu.co\/portal\/#organization"},"image":{"@id":"https:\/\/www.ucaldas.edu.co\/portal\/u-de-caldas-realizo-mesa-redonda-sobre-humanidades-digitales\/#primaryimage"},"thumbnailUrl":"https:\/\/www.ucaldas.edu.co\/portal\/wp-content\/uploads\/2017\/03\/mesa.jpg","keywords":["Francia","A\u00f1o Cruzado Francia - Colombia","mesa redonda"],"articleSection":["Actualidad","Universidad al D\u00eda","Ucaldas Acreditada"],"inLanguage":"es"},{"@type":"WebPage","@id":"https:\/\/www.ucaldas.edu.co\/portal\/u-de-caldas-realizo-mesa-redonda-sobre-humanidades-digitales\/","url":"https:\/\/www.ucaldas.edu.co\/portal\/u-de-caldas-realizo-mesa-redonda-sobre-humanidades-digitales\/","name":"U. de Caldas realiz\u00f3 mesa redonda sobre humanidades digitales .","isPartOf":{"@id":"https:\/\/www.ucaldas.edu.co\/portal\/#website"},"primaryImageOfPage":{"@id":"https:\/\/www.ucaldas.edu.co\/portal\/u-de-caldas-realizo-mesa-redonda-sobre-humanidades-digitales\/#primaryimage"},"image":{"@id":"https:\/\/www.ucaldas.edu.co\/portal\/u-de-caldas-realizo-mesa-redonda-sobre-humanidades-digitales\/#primaryimage"},"thumbnailUrl":"https:\/\/www.ucaldas.edu.co\/portal\/wp-content\/uploads\/2017\/03\/mesa.jpg","datePublished":"2017-03-29T20:19:12+00:00","breadcrumb":{"@id":"https:\/\/www.ucaldas.edu.co\/portal\/u-de-caldas-realizo-mesa-redonda-sobre-humanidades-digitales\/#breadcrumb"},"inLanguage":"es","potentialAction":[{"@type":"ReadAction","target":["https:\/\/www.ucaldas.edu.co\/portal\/u-de-caldas-realizo-mesa-redonda-sobre-humanidades-digitales\/"]}]},{"@type":"ImageObject","inLanguage":"es","@id":"https:\/\/www.ucaldas.edu.co\/portal\/u-de-caldas-realizo-mesa-redonda-sobre-humanidades-digitales\/#primaryimage","url":"https:\/\/www.ucaldas.edu.co\/portal\/wp-content\/uploads\/2017\/03\/mesa.jpg","contentUrl":"https:\/\/www.ucaldas.edu.co\/portal\/wp-content\/uploads\/2017\/03\/mesa.jpg"},{"@type":"BreadcrumbList","@id":"https:\/\/www.ucaldas.edu.co\/portal\/u-de-caldas-realizo-mesa-redonda-sobre-humanidades-digitales\/#breadcrumb","itemListElement":[{"@type":"ListItem","position":1,"name":"Portada","item":"https:\/\/www.ucaldas.edu.co\/portal\/"},{"@type":"ListItem","position":2,"name":"U. de Caldas realiz\u00f3 mesa redonda sobre humanidades digitales"}]},{"@type":"WebSite","@id":"https:\/\/www.ucaldas.edu.co\/portal\/#website","url":"https:\/\/www.ucaldas.edu.co\/portal\/","name":"Universidad de Caldas","description":"","publisher":{"@id":"https:\/\/www.ucaldas.edu.co\/portal\/#organization"},"alternateName":"U. de Caldas","potentialAction":[{"@type":"SearchAction","target":{"@type":"EntryPoint","urlTemplate":"https:\/\/www.ucaldas.edu.co\/portal\/?s={search_term_string}"},"query-input":{"@type":"PropertyValueSpecification","valueRequired":true,"valueName":"search_term_string"}}],"inLanguage":"es"},{"@type":"Organization","@id":"https:\/\/www.ucaldas.edu.co\/portal\/#organization","name":"Universidad de Caldas","alternateName":"U. de Caldas","url":"https:\/\/www.ucaldas.edu.co\/portal\/","logo":{"@type":"ImageObject","inLanguage":"es","@id":"https:\/\/www.ucaldas.edu.co\/portal\/#\/schema\/logo\/image\/","url":"https:\/\/www.ucaldas.edu.co\/portal\/wp-content\/uploads\/2023\/11\/Logo_horizontal_oscuroU-2023.png","contentUrl":"https:\/\/www.ucaldas.edu.co\/portal\/wp-content\/uploads\/2023\/11\/Logo_horizontal_oscuroU-2023.png","width":263,"height":101,"caption":"Universidad de Caldas"},"image":{"@id":"https:\/\/www.ucaldas.edu.co\/portal\/#\/schema\/logo\/image\/"},"sameAs":["https:\/\/www.facebook.com\/udecaldas","https:\/\/x.com\/udecaldas","https:\/\/www.youtube.com\/universidadcaldas","https:\/\/www.instagram.com\/udecaldas\/"]},{"@type":"Person","@id":"https:\/\/www.ucaldas.edu.co\/portal\/#\/schema\/person\/a1b482e23449158b4bc319926c074fdf","name":"ofiprensa","image":{"@type":"ImageObject","inLanguage":"es","@id":"https:\/\/www.ucaldas.edu.co\/portal\/wp-content\/litespeed\/avatar\/09ea5085e600095a7a811142c6944527.jpg?ver=1777497608","url":"https:\/\/www.ucaldas.edu.co\/portal\/wp-content\/litespeed\/avatar\/09ea5085e600095a7a811142c6944527.jpg?ver=1777497608","contentUrl":"https:\/\/www.ucaldas.edu.co\/portal\/wp-content\/litespeed\/avatar\/09ea5085e600095a7a811142c6944527.jpg?ver=1777497608","caption":"ofiprensa"},"url":"https:\/\/www.ucaldas.edu.co\/portal\/author\/ofiprensa\/"}]}},"_links":{"self":[{"href":"https:\/\/www.ucaldas.edu.co\/portal\/wp-json\/wp\/v2\/posts\/34745","targetHints":{"allow":["GET"]}}],"collection":[{"href":"https:\/\/www.ucaldas.edu.co\/portal\/wp-json\/wp\/v2\/posts"}],"about":[{"href":"https:\/\/www.ucaldas.edu.co\/portal\/wp-json\/wp\/v2\/types\/post"}],"author":[{"embeddable":true,"href":"https:\/\/www.ucaldas.edu.co\/portal\/wp-json\/wp\/v2\/users\/2"}],"replies":[{"embeddable":true,"href":"https:\/\/www.ucaldas.edu.co\/portal\/wp-json\/wp\/v2\/comments?post=34745"}],"version-history":[{"count":0,"href":"https:\/\/www.ucaldas.edu.co\/portal\/wp-json\/wp\/v2\/posts\/34745\/revisions"}],"wp:attachment":[{"href":"https:\/\/www.ucaldas.edu.co\/portal\/wp-json\/wp\/v2\/media?parent=34745"}],"wp:term":[{"taxonomy":"category","embeddable":true,"href":"https:\/\/www.ucaldas.edu.co\/portal\/wp-json\/wp\/v2\/categories?post=34745"},{"taxonomy":"post_tag","embeddable":true,"href":"https:\/\/www.ucaldas.edu.co\/portal\/wp-json\/wp\/v2\/tags?post=34745"}],"curies":[{"name":"wp","href":"https:\/\/api.w.org\/{rel}","templated":true}]}}