{"id":3428,"date":"2009-08-25T17:44:47","date_gmt":"2009-08-25T22:44:47","guid":{"rendered":"https:\/\/www.ucaldas.edu.co\/portal\/?p=3428"},"modified":"2009-08-25T17:44:47","modified_gmt":"2009-08-25T22:44:47","slug":"u-de-caldas-rinde-homenaje-a-julio-cortazar","status":"publish","type":"post","link":"https:\/\/www.ucaldas.edu.co\/portal\/u-de-caldas-rinde-homenaje-a-julio-cortazar\/","title":{"rendered":"U. de caldas rinde homenaje a Julio Cort\u00e1zar"},"content":{"rendered":"<p>26 de Agosto en la sala Humberto Gallego Gamboa<\/p>\n<hr id=\"system-readmore\" \/>\n<p align=\"center\">\n<p>La Vicerrector\u00eda de Proyecci\u00f3n Universitaria, la Oficina de Extensi\u00f3n Cultural, la Facultad de Artes y Humanidades y la Licenciatura de Lenguas Modernas invitan a la comunidad universitaria y al p\u00fablico en general para que asistan al homenaje a Julio Cort\u00e1zar, ma\u00f1ana a partir de las 9:00 a.m. en la Sala Humberto Gallego Gamboa.<\/p>\n<p>&nbsp;<\/p>\n<p><b>Programaci\u00f3n:<\/b><\/p>\n<p><b>9:00 a.m.\u00a0\u00a0<\/b>\u00a0\u00a0\u00a0\u00a0\u00a0\u00a0\u00a0\u00a0\u00a0\u00a0 Apertura<\/p>\n<p>Video \u00abContinuidad de los Parques\u00bb<\/p>\n<p><b>9:30 a.m.\u00a0\u00a0\u00a0\u00a0<\/b>\u00a0\u00a0\u00a0\u00a0\u00a0\u00a0\u00a0\u00a0 Conferencia: \u00abJulio Cort\u00e1zar Cr\u00edtico\u00bb<\/p>\n<p>Invitado: Jaime Echeverry<\/p>\n<p><b>11:00 a.m.\u00a0\u00a0\u00a0<\/b>\u00a0\u00a0\u00a0\u00a0\u00a0\u00a0\u00a0 Conferencia: \u00abCortazar Escritor\u00bb<\/p>\n<p>Invitado: Roberto Rubiano<\/p>\n<p><b>2:30 p.m.\u00a0<\/b>\u00a0\u00a0\u00a0\u00a0\u00a0\u00a0\u00a0\u00a0\u00a0\u00a0\u00a0 Papeles inesperados<\/p>\n<p>Lectura por Misael Peralta<\/p>\n<p><b>4:00 p.m.\u00a0\u00a0<\/b>\u00a0\u00a0\u00a0\u00a0\u00a0\u00a0\u00a0\u00a0\u00a0\u00a0 Lectura de textos cortos de Cort\u00e1zar<\/p>\n<p>por estudiantes de la Universidad<\/p>\n<p><b>5:00 p.m.\u00a0\u00a0<\/b>\u00a0\u00a0\u00a0\u00a0\u00a0\u00a0\u00a0\u00a0\u00a0\u00a0 Performance<\/p>\n<p>Hall Central Universidad de Caldas<\/p>\n<p>&nbsp;<\/p>\n<p>Mayores informes Oficina de Extensi\u00f3n Cultural 878 15 00 Ext. 11113<\/p>\n","protected":false},"excerpt":{"rendered":"<p>26 de Agosto en la sala Humberto Gallego Gamboa La Vicerrector\u00eda de Proyecci\u00f3n Universitaria, la Oficina de Extensi\u00f3n Cultural, la Facultad de Artes y Humanidades y la Licenciatura de Lenguas Modernas invitan a la comunidad universitaria y al p\u00fablico en general para que asistan al homenaje a Julio Cort\u00e1zar, ma\u00f1ana a partir de las 9:00 [&hellip;]<\/p>\n","protected":false},"author":2,"featured_media":0,"comment_status":"closed","ping_status":"closed","sticky":false,"template":"","format":"standard","meta":{"footnotes":""},"categories":[48,53],"tags":[],"class_list":["post-3428","post","type-post","status-publish","format-standard","hentry","category-actualidad","category-universidad-al-dia"],"yoast_head":"<!-- This site is optimized with the Yoast SEO plugin v27.5 - https:\/\/yoast.com\/product\/yoast-seo-wordpress\/ -->\n<title>U. de caldas rinde homenaje a Julio Cort\u00e1zar .<\/title>\n<meta name=\"robots\" content=\"index, follow, max-snippet:-1, max-image-preview:large, max-video-preview:-1\" \/>\n<link rel=\"canonical\" href=\"https:\/\/www.ucaldas.edu.co\/portal\/u-de-caldas-rinde-homenaje-a-julio-cortazar\/\" \/>\n<script type=\"application\/ld+json\" class=\"yoast-schema-graph\">{\"@context\":\"https:\\\/\\\/schema.org\",\"@graph\":[{\"@type\":\"Article\",\"@id\":\"https:\\\/\\\/www.ucaldas.edu.co\\\/portal\\\/u-de-caldas-rinde-homenaje-a-julio-cortazar\\\/#article\",\"isPartOf\":{\"@id\":\"https:\\\/\\\/www.ucaldas.edu.co\\\/portal\\\/u-de-caldas-rinde-homenaje-a-julio-cortazar\\\/\"},\"author\":{\"name\":\"ofiprensa\",\"@id\":\"https:\\\/\\\/www.ucaldas.edu.co\\\/portal\\\/#\\\/schema\\\/person\\\/a1b482e23449158b4bc319926c074fdf\"},\"headline\":\"U. de caldas rinde homenaje a Julio Cort\u00e1zar\",\"datePublished\":\"2009-08-25T22:44:47+00:00\",\"mainEntityOfPage\":{\"@id\":\"https:\\\/\\\/www.ucaldas.edu.co\\\/portal\\\/u-de-caldas-rinde-homenaje-a-julio-cortazar\\\/\"},\"wordCount\":145,\"publisher\":{\"@id\":\"https:\\\/\\\/www.ucaldas.edu.co\\\/portal\\\/#organization\"},\"articleSection\":[\"Actualidad\",\"Universidad al D\u00eda\"],\"inLanguage\":\"es\"},{\"@type\":\"WebPage\",\"@id\":\"https:\\\/\\\/www.ucaldas.edu.co\\\/portal\\\/u-de-caldas-rinde-homenaje-a-julio-cortazar\\\/\",\"url\":\"https:\\\/\\\/www.ucaldas.edu.co\\\/portal\\\/u-de-caldas-rinde-homenaje-a-julio-cortazar\\\/\",\"name\":\"U. de caldas rinde homenaje a Julio Cort\u00e1zar .\",\"isPartOf\":{\"@id\":\"https:\\\/\\\/www.ucaldas.edu.co\\\/portal\\\/#website\"},\"datePublished\":\"2009-08-25T22:44:47+00:00\",\"breadcrumb\":{\"@id\":\"https:\\\/\\\/www.ucaldas.edu.co\\\/portal\\\/u-de-caldas-rinde-homenaje-a-julio-cortazar\\\/#breadcrumb\"},\"inLanguage\":\"es\",\"potentialAction\":[{\"@type\":\"ReadAction\",\"target\":[\"https:\\\/\\\/www.ucaldas.edu.co\\\/portal\\\/u-de-caldas-rinde-homenaje-a-julio-cortazar\\\/\"]}]},{\"@type\":\"BreadcrumbList\",\"@id\":\"https:\\\/\\\/www.ucaldas.edu.co\\\/portal\\\/u-de-caldas-rinde-homenaje-a-julio-cortazar\\\/#breadcrumb\",\"itemListElement\":[{\"@type\":\"ListItem\",\"position\":1,\"name\":\"Portada\",\"item\":\"https:\\\/\\\/www.ucaldas.edu.co\\\/portal\\\/\"},{\"@type\":\"ListItem\",\"position\":2,\"name\":\"U. de caldas rinde homenaje a Julio Cort\u00e1zar\"}]},{\"@type\":\"WebSite\",\"@id\":\"https:\\\/\\\/www.ucaldas.edu.co\\\/portal\\\/#website\",\"url\":\"https:\\\/\\\/www.ucaldas.edu.co\\\/portal\\\/\",\"name\":\"Universidad de Caldas\",\"description\":\"\",\"publisher\":{\"@id\":\"https:\\\/\\\/www.ucaldas.edu.co\\\/portal\\\/#organization\"},\"alternateName\":\"U. de Caldas\",\"potentialAction\":[{\"@type\":\"SearchAction\",\"target\":{\"@type\":\"EntryPoint\",\"urlTemplate\":\"https:\\\/\\\/www.ucaldas.edu.co\\\/portal\\\/?s={search_term_string}\"},\"query-input\":{\"@type\":\"PropertyValueSpecification\",\"valueRequired\":true,\"valueName\":\"search_term_string\"}}],\"inLanguage\":\"es\"},{\"@type\":\"Organization\",\"@id\":\"https:\\\/\\\/www.ucaldas.edu.co\\\/portal\\\/#organization\",\"name\":\"Universidad de Caldas\",\"alternateName\":\"U. de Caldas\",\"url\":\"https:\\\/\\\/www.ucaldas.edu.co\\\/portal\\\/\",\"logo\":{\"@type\":\"ImageObject\",\"inLanguage\":\"es\",\"@id\":\"https:\\\/\\\/www.ucaldas.edu.co\\\/portal\\\/#\\\/schema\\\/logo\\\/image\\\/\",\"url\":\"https:\\\/\\\/www.ucaldas.edu.co\\\/portal\\\/wp-content\\\/uploads\\\/2023\\\/11\\\/Logo_horizontal_oscuroU-2023.png\",\"contentUrl\":\"https:\\\/\\\/www.ucaldas.edu.co\\\/portal\\\/wp-content\\\/uploads\\\/2023\\\/11\\\/Logo_horizontal_oscuroU-2023.png\",\"width\":263,\"height\":101,\"caption\":\"Universidad de Caldas\"},\"image\":{\"@id\":\"https:\\\/\\\/www.ucaldas.edu.co\\\/portal\\\/#\\\/schema\\\/logo\\\/image\\\/\"},\"sameAs\":[\"https:\\\/\\\/www.facebook.com\\\/udecaldas\",\"https:\\\/\\\/x.com\\\/udecaldas\",\"https:\\\/\\\/www.youtube.com\\\/universidadcaldas\",\"https:\\\/\\\/www.instagram.com\\\/udecaldas\\\/\"]},{\"@type\":\"Person\",\"@id\":\"https:\\\/\\\/www.ucaldas.edu.co\\\/portal\\\/#\\\/schema\\\/person\\\/a1b482e23449158b4bc319926c074fdf\",\"name\":\"ofiprensa\",\"image\":{\"@type\":\"ImageObject\",\"inLanguage\":\"es\",\"@id\":\"https:\\\/\\\/www.ucaldas.edu.co\\\/portal\\\/wp-content\\\/litespeed\\\/avatar\\\/09ea5085e600095a7a811142c6944527.jpg?ver=1777497608\",\"url\":\"https:\\\/\\\/www.ucaldas.edu.co\\\/portal\\\/wp-content\\\/litespeed\\\/avatar\\\/09ea5085e600095a7a811142c6944527.jpg?ver=1777497608\",\"contentUrl\":\"https:\\\/\\\/www.ucaldas.edu.co\\\/portal\\\/wp-content\\\/litespeed\\\/avatar\\\/09ea5085e600095a7a811142c6944527.jpg?ver=1777497608\",\"caption\":\"ofiprensa\"},\"url\":\"https:\\\/\\\/www.ucaldas.edu.co\\\/portal\\\/author\\\/ofiprensa\\\/\"}]}<\/script>\n<!-- \/ Yoast SEO plugin. -->","yoast_head_json":{"title":"U. de caldas rinde homenaje a Julio Cort\u00e1zar .","robots":{"index":"index","follow":"follow","max-snippet":"max-snippet:-1","max-image-preview":"max-image-preview:large","max-video-preview":"max-video-preview:-1"},"canonical":"https:\/\/www.ucaldas.edu.co\/portal\/u-de-caldas-rinde-homenaje-a-julio-cortazar\/","schema":{"@context":"https:\/\/schema.org","@graph":[{"@type":"Article","@id":"https:\/\/www.ucaldas.edu.co\/portal\/u-de-caldas-rinde-homenaje-a-julio-cortazar\/#article","isPartOf":{"@id":"https:\/\/www.ucaldas.edu.co\/portal\/u-de-caldas-rinde-homenaje-a-julio-cortazar\/"},"author":{"name":"ofiprensa","@id":"https:\/\/www.ucaldas.edu.co\/portal\/#\/schema\/person\/a1b482e23449158b4bc319926c074fdf"},"headline":"U. de caldas rinde homenaje a Julio Cort\u00e1zar","datePublished":"2009-08-25T22:44:47+00:00","mainEntityOfPage":{"@id":"https:\/\/www.ucaldas.edu.co\/portal\/u-de-caldas-rinde-homenaje-a-julio-cortazar\/"},"wordCount":145,"publisher":{"@id":"https:\/\/www.ucaldas.edu.co\/portal\/#organization"},"articleSection":["Actualidad","Universidad al D\u00eda"],"inLanguage":"es"},{"@type":"WebPage","@id":"https:\/\/www.ucaldas.edu.co\/portal\/u-de-caldas-rinde-homenaje-a-julio-cortazar\/","url":"https:\/\/www.ucaldas.edu.co\/portal\/u-de-caldas-rinde-homenaje-a-julio-cortazar\/","name":"U. de caldas rinde homenaje a Julio Cort\u00e1zar .","isPartOf":{"@id":"https:\/\/www.ucaldas.edu.co\/portal\/#website"},"datePublished":"2009-08-25T22:44:47+00:00","breadcrumb":{"@id":"https:\/\/www.ucaldas.edu.co\/portal\/u-de-caldas-rinde-homenaje-a-julio-cortazar\/#breadcrumb"},"inLanguage":"es","potentialAction":[{"@type":"ReadAction","target":["https:\/\/www.ucaldas.edu.co\/portal\/u-de-caldas-rinde-homenaje-a-julio-cortazar\/"]}]},{"@type":"BreadcrumbList","@id":"https:\/\/www.ucaldas.edu.co\/portal\/u-de-caldas-rinde-homenaje-a-julio-cortazar\/#breadcrumb","itemListElement":[{"@type":"ListItem","position":1,"name":"Portada","item":"https:\/\/www.ucaldas.edu.co\/portal\/"},{"@type":"ListItem","position":2,"name":"U. de caldas rinde homenaje a Julio Cort\u00e1zar"}]},{"@type":"WebSite","@id":"https:\/\/www.ucaldas.edu.co\/portal\/#website","url":"https:\/\/www.ucaldas.edu.co\/portal\/","name":"Universidad de Caldas","description":"","publisher":{"@id":"https:\/\/www.ucaldas.edu.co\/portal\/#organization"},"alternateName":"U. de Caldas","potentialAction":[{"@type":"SearchAction","target":{"@type":"EntryPoint","urlTemplate":"https:\/\/www.ucaldas.edu.co\/portal\/?s={search_term_string}"},"query-input":{"@type":"PropertyValueSpecification","valueRequired":true,"valueName":"search_term_string"}}],"inLanguage":"es"},{"@type":"Organization","@id":"https:\/\/www.ucaldas.edu.co\/portal\/#organization","name":"Universidad de Caldas","alternateName":"U. de Caldas","url":"https:\/\/www.ucaldas.edu.co\/portal\/","logo":{"@type":"ImageObject","inLanguage":"es","@id":"https:\/\/www.ucaldas.edu.co\/portal\/#\/schema\/logo\/image\/","url":"https:\/\/www.ucaldas.edu.co\/portal\/wp-content\/uploads\/2023\/11\/Logo_horizontal_oscuroU-2023.png","contentUrl":"https:\/\/www.ucaldas.edu.co\/portal\/wp-content\/uploads\/2023\/11\/Logo_horizontal_oscuroU-2023.png","width":263,"height":101,"caption":"Universidad de Caldas"},"image":{"@id":"https:\/\/www.ucaldas.edu.co\/portal\/#\/schema\/logo\/image\/"},"sameAs":["https:\/\/www.facebook.com\/udecaldas","https:\/\/x.com\/udecaldas","https:\/\/www.youtube.com\/universidadcaldas","https:\/\/www.instagram.com\/udecaldas\/"]},{"@type":"Person","@id":"https:\/\/www.ucaldas.edu.co\/portal\/#\/schema\/person\/a1b482e23449158b4bc319926c074fdf","name":"ofiprensa","image":{"@type":"ImageObject","inLanguage":"es","@id":"https:\/\/www.ucaldas.edu.co\/portal\/wp-content\/litespeed\/avatar\/09ea5085e600095a7a811142c6944527.jpg?ver=1777497608","url":"https:\/\/www.ucaldas.edu.co\/portal\/wp-content\/litespeed\/avatar\/09ea5085e600095a7a811142c6944527.jpg?ver=1777497608","contentUrl":"https:\/\/www.ucaldas.edu.co\/portal\/wp-content\/litespeed\/avatar\/09ea5085e600095a7a811142c6944527.jpg?ver=1777497608","caption":"ofiprensa"},"url":"https:\/\/www.ucaldas.edu.co\/portal\/author\/ofiprensa\/"}]}},"_links":{"self":[{"href":"https:\/\/www.ucaldas.edu.co\/portal\/wp-json\/wp\/v2\/posts\/3428","targetHints":{"allow":["GET"]}}],"collection":[{"href":"https:\/\/www.ucaldas.edu.co\/portal\/wp-json\/wp\/v2\/posts"}],"about":[{"href":"https:\/\/www.ucaldas.edu.co\/portal\/wp-json\/wp\/v2\/types\/post"}],"author":[{"embeddable":true,"href":"https:\/\/www.ucaldas.edu.co\/portal\/wp-json\/wp\/v2\/users\/2"}],"replies":[{"embeddable":true,"href":"https:\/\/www.ucaldas.edu.co\/portal\/wp-json\/wp\/v2\/comments?post=3428"}],"version-history":[{"count":0,"href":"https:\/\/www.ucaldas.edu.co\/portal\/wp-json\/wp\/v2\/posts\/3428\/revisions"}],"wp:attachment":[{"href":"https:\/\/www.ucaldas.edu.co\/portal\/wp-json\/wp\/v2\/media?parent=3428"}],"wp:term":[{"taxonomy":"category","embeddable":true,"href":"https:\/\/www.ucaldas.edu.co\/portal\/wp-json\/wp\/v2\/categories?post=3428"},{"taxonomy":"post_tag","embeddable":true,"href":"https:\/\/www.ucaldas.edu.co\/portal\/wp-json\/wp\/v2\/tags?post=3428"}],"curies":[{"name":"wp","href":"https:\/\/api.w.org\/{rel}","templated":true}]}}