{"id":34251,"date":"2017-02-24T14:56:27","date_gmt":"2017-02-24T19:56:27","guid":{"rendered":"https:\/\/www.ucaldas.edu.co\/portal\/?p=34251"},"modified":"2017-02-24T14:56:27","modified_gmt":"2017-02-24T19:56:27","slug":"recital-de-musica-clasica-dio-apertura-a-catedra-gustavo-isaza-mejia-2017","status":"publish","type":"post","link":"https:\/\/www.ucaldas.edu.co\/portal\/recital-de-musica-clasica-dio-apertura-a-catedra-gustavo-isaza-mejia-2017\/","title":{"rendered":"Recital de m\u00fasica cl\u00e1sica dio apertura a C\u00e1tedra Gustavo Isaza Mej\u00eda 2017"},"content":{"rendered":"<p style=\"text-align: center;\">FUE ORIENTADO POR LOS ESTUDIANTES SEBASTI\u00c1N CAMILO DUQUE Y MAR\u00cdA DE LOS \u00c1NGELES ARAQUE<\/p>\n<p style=\"text-align: center;\"><strong>Recital de m\u00fasica cl\u00e1sica dio apertura a C\u00e1tedra Gustavo Isaza Mej\u00eda 2017<\/strong><\/p>\n<p style=\"text-align: right;\">24\/02\/2017<\/p>\n<p><strong>\u00a0<img loading=\"lazy\" decoding=\"async\" class=\"alignnone size-full wp-image-34252 aligncenter\" src=\"https:\/\/www.ucaldas.edu.co\/portal\/wp-content\/uploads\/2017\/02\/gustavo.jpg\" alt=\"gustavo\" width=\"358\" height=\"283\" \/><\/strong><\/p>\n<p>Sebasti\u00e1n Camilo Duque y Mar\u00eda de los \u00c1ngeles Araque, <strong>estudiantes del Programa de Medicina de la Universidad de Caldas, fueron los encargados de orientar<\/strong> la <strong>sesi\u00f3n inaugural<\/strong> de la <strong>C\u00e1tedra Gustavo Isaza Mej\u00eda<\/strong>, que tuvo lugar el pasado 23 de febrero del 2017.<\/p>\n<p><!--more--><\/p>\n<p>\u201cDecidimos realizar un recital de m\u00fasica cl\u00e1sica. Hace un a\u00f1o lo realizamos y tuvo una muy buena acogida. Este a\u00f1o quisimos llevar a cabo un taller dirigido a personas que no tienen una orientaci\u00f3n en la m\u00fasica cl\u00e1sica, para tener un panorama general. <strong>Buscamos salirnos un poco de las ciencias y aportar en el campo del arte. Esta c\u00e1tedra es un espacio excelent<\/strong>e\u201d, dijo Sebasti\u00e1n Camilo Duque.<\/p>\n<p>&nbsp;<\/p>\n<p>La c\u00e1tedra se realiza en reconocimiento a la vida y obra del profesor Gustavo Isaza Mej\u00eda, Qu\u00edmico Farmac\u00e9utico de la Universidad de Antioquia, que se vincul\u00f3 como docente de Farmacolog\u00eda de la antigua Facultad de Medicina, a finales de 1964.<\/p>\n<p>&nbsp;<\/p>\n<p><a href=\"https:\/\/www.facebook.com\/media\/set\/?set=a.1311324172262778.1073745232.107054166023124&amp;type=1&amp;l=71985a46c7\">Conozca im\u00e1genes de la sesi\u00f3n inaugural C\u00e1tedra Gustavo Isaza Mej\u00eda<\/a><\/p>\n<p>&nbsp;<\/p>\n<p><strong>Informes:<\/strong> en el Departamento de Ciencias B\u00e1sicas de la Salud. Tel\u00e9fono 878 30 60, extensi\u00f3n 12 212.<\/p>\n<p><strong>Redacci\u00f3n: <\/strong>Margarita Laverde<\/p>\n<p>&nbsp;<\/p>\n","protected":false},"excerpt":{"rendered":"<p>FUE ORIENTADO POR LOS ESTUDIANTES SEBASTI\u00c1N CAMILO DUQUE Y MAR\u00cdA DE LOS \u00c1NGELES ARAQUE Recital de m\u00fasica cl\u00e1sica dio apertura a C\u00e1tedra Gustavo Isaza Mej\u00eda 2017 24\/02\/2017 \u00a0 Sebasti\u00e1n Camilo Duque y Mar\u00eda de los \u00c1ngeles Araque, estudiantes del Programa de Medicina de la Universidad de Caldas, fueron los encargados de orientar la sesi\u00f3n inaugural [&hellip;]<\/p>\n","protected":false},"author":2,"featured_media":0,"comment_status":"closed","ping_status":"closed","sticky":false,"template":"","format":"standard","meta":{"footnotes":""},"categories":[48,53],"tags":[55,88,488],"class_list":["post-34251","post","type-post","status-publish","format-standard","hentry","category-actualidad","category-universidad-al-dia","tag-academia","tag-medicina","tag-catedra-gustavo-isaza-mejia"],"yoast_head":"<!-- This site is optimized with the Yoast SEO plugin v27.5 - https:\/\/yoast.com\/product\/yoast-seo-wordpress\/ -->\n<title>Recital de m\u00fasica cl\u00e1sica dio apertura a C\u00e1tedra Gustavo Isaza Mej\u00eda 2017 .<\/title>\n<meta name=\"robots\" content=\"index, follow, max-snippet:-1, max-image-preview:large, max-video-preview:-1\" \/>\n<link rel=\"canonical\" href=\"https:\/\/www.ucaldas.edu.co\/portal\/recital-de-musica-clasica-dio-apertura-a-catedra-gustavo-isaza-mejia-2017\/\" \/>\n<script type=\"application\/ld+json\" class=\"yoast-schema-graph\">{\"@context\":\"https:\\\/\\\/schema.org\",\"@graph\":[{\"@type\":\"Article\",\"@id\":\"https:\\\/\\\/www.ucaldas.edu.co\\\/portal\\\/recital-de-musica-clasica-dio-apertura-a-catedra-gustavo-isaza-mejia-2017\\\/#article\",\"isPartOf\":{\"@id\":\"https:\\\/\\\/www.ucaldas.edu.co\\\/portal\\\/recital-de-musica-clasica-dio-apertura-a-catedra-gustavo-isaza-mejia-2017\\\/\"},\"author\":{\"name\":\"ofiprensa\",\"@id\":\"https:\\\/\\\/www.ucaldas.edu.co\\\/portal\\\/#\\\/schema\\\/person\\\/a1b482e23449158b4bc319926c074fdf\"},\"headline\":\"Recital de m\u00fasica cl\u00e1sica dio apertura a C\u00e1tedra Gustavo Isaza Mej\u00eda 2017\",\"datePublished\":\"2017-02-24T19:56:27+00:00\",\"mainEntityOfPage\":{\"@id\":\"https:\\\/\\\/www.ucaldas.edu.co\\\/portal\\\/recital-de-musica-clasica-dio-apertura-a-catedra-gustavo-isaza-mejia-2017\\\/\"},\"wordCount\":249,\"publisher\":{\"@id\":\"https:\\\/\\\/www.ucaldas.edu.co\\\/portal\\\/#organization\"},\"image\":{\"@id\":\"https:\\\/\\\/www.ucaldas.edu.co\\\/portal\\\/recital-de-musica-clasica-dio-apertura-a-catedra-gustavo-isaza-mejia-2017\\\/#primaryimage\"},\"thumbnailUrl\":\"https:\\\/\\\/www.ucaldas.edu.co\\\/portal\\\/wp-content\\\/uploads\\\/2017\\\/02\\\/gustavo.jpg\",\"keywords\":[\"academia\",\"medicina\",\"C\u00e1tedra Gustavo Isaza Mej\u00eda\"],\"articleSection\":[\"Actualidad\",\"Universidad al D\u00eda\"],\"inLanguage\":\"es\"},{\"@type\":\"WebPage\",\"@id\":\"https:\\\/\\\/www.ucaldas.edu.co\\\/portal\\\/recital-de-musica-clasica-dio-apertura-a-catedra-gustavo-isaza-mejia-2017\\\/\",\"url\":\"https:\\\/\\\/www.ucaldas.edu.co\\\/portal\\\/recital-de-musica-clasica-dio-apertura-a-catedra-gustavo-isaza-mejia-2017\\\/\",\"name\":\"Recital de m\u00fasica cl\u00e1sica dio apertura a C\u00e1tedra Gustavo Isaza Mej\u00eda 2017 .\",\"isPartOf\":{\"@id\":\"https:\\\/\\\/www.ucaldas.edu.co\\\/portal\\\/#website\"},\"primaryImageOfPage\":{\"@id\":\"https:\\\/\\\/www.ucaldas.edu.co\\\/portal\\\/recital-de-musica-clasica-dio-apertura-a-catedra-gustavo-isaza-mejia-2017\\\/#primaryimage\"},\"image\":{\"@id\":\"https:\\\/\\\/www.ucaldas.edu.co\\\/portal\\\/recital-de-musica-clasica-dio-apertura-a-catedra-gustavo-isaza-mejia-2017\\\/#primaryimage\"},\"thumbnailUrl\":\"https:\\\/\\\/www.ucaldas.edu.co\\\/portal\\\/wp-content\\\/uploads\\\/2017\\\/02\\\/gustavo.jpg\",\"datePublished\":\"2017-02-24T19:56:27+00:00\",\"breadcrumb\":{\"@id\":\"https:\\\/\\\/www.ucaldas.edu.co\\\/portal\\\/recital-de-musica-clasica-dio-apertura-a-catedra-gustavo-isaza-mejia-2017\\\/#breadcrumb\"},\"inLanguage\":\"es\",\"potentialAction\":[{\"@type\":\"ReadAction\",\"target\":[\"https:\\\/\\\/www.ucaldas.edu.co\\\/portal\\\/recital-de-musica-clasica-dio-apertura-a-catedra-gustavo-isaza-mejia-2017\\\/\"]}]},{\"@type\":\"ImageObject\",\"inLanguage\":\"es\",\"@id\":\"https:\\\/\\\/www.ucaldas.edu.co\\\/portal\\\/recital-de-musica-clasica-dio-apertura-a-catedra-gustavo-isaza-mejia-2017\\\/#primaryimage\",\"url\":\"https:\\\/\\\/www.ucaldas.edu.co\\\/portal\\\/wp-content\\\/uploads\\\/2017\\\/02\\\/gustavo.jpg\",\"contentUrl\":\"https:\\\/\\\/www.ucaldas.edu.co\\\/portal\\\/wp-content\\\/uploads\\\/2017\\\/02\\\/gustavo.jpg\"},{\"@type\":\"BreadcrumbList\",\"@id\":\"https:\\\/\\\/www.ucaldas.edu.co\\\/portal\\\/recital-de-musica-clasica-dio-apertura-a-catedra-gustavo-isaza-mejia-2017\\\/#breadcrumb\",\"itemListElement\":[{\"@type\":\"ListItem\",\"position\":1,\"name\":\"Portada\",\"item\":\"https:\\\/\\\/www.ucaldas.edu.co\\\/portal\\\/\"},{\"@type\":\"ListItem\",\"position\":2,\"name\":\"Recital de m\u00fasica cl\u00e1sica dio apertura a C\u00e1tedra Gustavo Isaza Mej\u00eda 2017\"}]},{\"@type\":\"WebSite\",\"@id\":\"https:\\\/\\\/www.ucaldas.edu.co\\\/portal\\\/#website\",\"url\":\"https:\\\/\\\/www.ucaldas.edu.co\\\/portal\\\/\",\"name\":\"Universidad de Caldas\",\"description\":\"\",\"publisher\":{\"@id\":\"https:\\\/\\\/www.ucaldas.edu.co\\\/portal\\\/#organization\"},\"alternateName\":\"U. de Caldas\",\"potentialAction\":[{\"@type\":\"SearchAction\",\"target\":{\"@type\":\"EntryPoint\",\"urlTemplate\":\"https:\\\/\\\/www.ucaldas.edu.co\\\/portal\\\/?s={search_term_string}\"},\"query-input\":{\"@type\":\"PropertyValueSpecification\",\"valueRequired\":true,\"valueName\":\"search_term_string\"}}],\"inLanguage\":\"es\"},{\"@type\":\"Organization\",\"@id\":\"https:\\\/\\\/www.ucaldas.edu.co\\\/portal\\\/#organization\",\"name\":\"Universidad de Caldas\",\"alternateName\":\"U. de Caldas\",\"url\":\"https:\\\/\\\/www.ucaldas.edu.co\\\/portal\\\/\",\"logo\":{\"@type\":\"ImageObject\",\"inLanguage\":\"es\",\"@id\":\"https:\\\/\\\/www.ucaldas.edu.co\\\/portal\\\/#\\\/schema\\\/logo\\\/image\\\/\",\"url\":\"https:\\\/\\\/www.ucaldas.edu.co\\\/portal\\\/wp-content\\\/uploads\\\/2023\\\/11\\\/Logo_horizontal_oscuroU-2023.png\",\"contentUrl\":\"https:\\\/\\\/www.ucaldas.edu.co\\\/portal\\\/wp-content\\\/uploads\\\/2023\\\/11\\\/Logo_horizontal_oscuroU-2023.png\",\"width\":263,\"height\":101,\"caption\":\"Universidad de Caldas\"},\"image\":{\"@id\":\"https:\\\/\\\/www.ucaldas.edu.co\\\/portal\\\/#\\\/schema\\\/logo\\\/image\\\/\"},\"sameAs\":[\"https:\\\/\\\/www.facebook.com\\\/udecaldas\",\"https:\\\/\\\/x.com\\\/udecaldas\",\"https:\\\/\\\/www.youtube.com\\\/universidadcaldas\",\"https:\\\/\\\/www.instagram.com\\\/udecaldas\\\/\"]},{\"@type\":\"Person\",\"@id\":\"https:\\\/\\\/www.ucaldas.edu.co\\\/portal\\\/#\\\/schema\\\/person\\\/a1b482e23449158b4bc319926c074fdf\",\"name\":\"ofiprensa\",\"image\":{\"@type\":\"ImageObject\",\"inLanguage\":\"es\",\"@id\":\"https:\\\/\\\/www.ucaldas.edu.co\\\/portal\\\/wp-content\\\/litespeed\\\/avatar\\\/09ea5085e600095a7a811142c6944527.jpg?ver=1777497608\",\"url\":\"https:\\\/\\\/www.ucaldas.edu.co\\\/portal\\\/wp-content\\\/litespeed\\\/avatar\\\/09ea5085e600095a7a811142c6944527.jpg?ver=1777497608\",\"contentUrl\":\"https:\\\/\\\/www.ucaldas.edu.co\\\/portal\\\/wp-content\\\/litespeed\\\/avatar\\\/09ea5085e600095a7a811142c6944527.jpg?ver=1777497608\",\"caption\":\"ofiprensa\"},\"url\":\"https:\\\/\\\/www.ucaldas.edu.co\\\/portal\\\/author\\\/ofiprensa\\\/\"}]}<\/script>\n<!-- \/ Yoast SEO plugin. -->","yoast_head_json":{"title":"Recital de m\u00fasica cl\u00e1sica dio apertura a C\u00e1tedra Gustavo Isaza Mej\u00eda 2017 .","robots":{"index":"index","follow":"follow","max-snippet":"max-snippet:-1","max-image-preview":"max-image-preview:large","max-video-preview":"max-video-preview:-1"},"canonical":"https:\/\/www.ucaldas.edu.co\/portal\/recital-de-musica-clasica-dio-apertura-a-catedra-gustavo-isaza-mejia-2017\/","schema":{"@context":"https:\/\/schema.org","@graph":[{"@type":"Article","@id":"https:\/\/www.ucaldas.edu.co\/portal\/recital-de-musica-clasica-dio-apertura-a-catedra-gustavo-isaza-mejia-2017\/#article","isPartOf":{"@id":"https:\/\/www.ucaldas.edu.co\/portal\/recital-de-musica-clasica-dio-apertura-a-catedra-gustavo-isaza-mejia-2017\/"},"author":{"name":"ofiprensa","@id":"https:\/\/www.ucaldas.edu.co\/portal\/#\/schema\/person\/a1b482e23449158b4bc319926c074fdf"},"headline":"Recital de m\u00fasica cl\u00e1sica dio apertura a C\u00e1tedra Gustavo Isaza Mej\u00eda 2017","datePublished":"2017-02-24T19:56:27+00:00","mainEntityOfPage":{"@id":"https:\/\/www.ucaldas.edu.co\/portal\/recital-de-musica-clasica-dio-apertura-a-catedra-gustavo-isaza-mejia-2017\/"},"wordCount":249,"publisher":{"@id":"https:\/\/www.ucaldas.edu.co\/portal\/#organization"},"image":{"@id":"https:\/\/www.ucaldas.edu.co\/portal\/recital-de-musica-clasica-dio-apertura-a-catedra-gustavo-isaza-mejia-2017\/#primaryimage"},"thumbnailUrl":"https:\/\/www.ucaldas.edu.co\/portal\/wp-content\/uploads\/2017\/02\/gustavo.jpg","keywords":["academia","medicina","C\u00e1tedra Gustavo Isaza Mej\u00eda"],"articleSection":["Actualidad","Universidad al D\u00eda"],"inLanguage":"es"},{"@type":"WebPage","@id":"https:\/\/www.ucaldas.edu.co\/portal\/recital-de-musica-clasica-dio-apertura-a-catedra-gustavo-isaza-mejia-2017\/","url":"https:\/\/www.ucaldas.edu.co\/portal\/recital-de-musica-clasica-dio-apertura-a-catedra-gustavo-isaza-mejia-2017\/","name":"Recital de m\u00fasica cl\u00e1sica dio apertura a C\u00e1tedra Gustavo Isaza Mej\u00eda 2017 .","isPartOf":{"@id":"https:\/\/www.ucaldas.edu.co\/portal\/#website"},"primaryImageOfPage":{"@id":"https:\/\/www.ucaldas.edu.co\/portal\/recital-de-musica-clasica-dio-apertura-a-catedra-gustavo-isaza-mejia-2017\/#primaryimage"},"image":{"@id":"https:\/\/www.ucaldas.edu.co\/portal\/recital-de-musica-clasica-dio-apertura-a-catedra-gustavo-isaza-mejia-2017\/#primaryimage"},"thumbnailUrl":"https:\/\/www.ucaldas.edu.co\/portal\/wp-content\/uploads\/2017\/02\/gustavo.jpg","datePublished":"2017-02-24T19:56:27+00:00","breadcrumb":{"@id":"https:\/\/www.ucaldas.edu.co\/portal\/recital-de-musica-clasica-dio-apertura-a-catedra-gustavo-isaza-mejia-2017\/#breadcrumb"},"inLanguage":"es","potentialAction":[{"@type":"ReadAction","target":["https:\/\/www.ucaldas.edu.co\/portal\/recital-de-musica-clasica-dio-apertura-a-catedra-gustavo-isaza-mejia-2017\/"]}]},{"@type":"ImageObject","inLanguage":"es","@id":"https:\/\/www.ucaldas.edu.co\/portal\/recital-de-musica-clasica-dio-apertura-a-catedra-gustavo-isaza-mejia-2017\/#primaryimage","url":"https:\/\/www.ucaldas.edu.co\/portal\/wp-content\/uploads\/2017\/02\/gustavo.jpg","contentUrl":"https:\/\/www.ucaldas.edu.co\/portal\/wp-content\/uploads\/2017\/02\/gustavo.jpg"},{"@type":"BreadcrumbList","@id":"https:\/\/www.ucaldas.edu.co\/portal\/recital-de-musica-clasica-dio-apertura-a-catedra-gustavo-isaza-mejia-2017\/#breadcrumb","itemListElement":[{"@type":"ListItem","position":1,"name":"Portada","item":"https:\/\/www.ucaldas.edu.co\/portal\/"},{"@type":"ListItem","position":2,"name":"Recital de m\u00fasica cl\u00e1sica dio apertura a C\u00e1tedra Gustavo Isaza Mej\u00eda 2017"}]},{"@type":"WebSite","@id":"https:\/\/www.ucaldas.edu.co\/portal\/#website","url":"https:\/\/www.ucaldas.edu.co\/portal\/","name":"Universidad de Caldas","description":"","publisher":{"@id":"https:\/\/www.ucaldas.edu.co\/portal\/#organization"},"alternateName":"U. de Caldas","potentialAction":[{"@type":"SearchAction","target":{"@type":"EntryPoint","urlTemplate":"https:\/\/www.ucaldas.edu.co\/portal\/?s={search_term_string}"},"query-input":{"@type":"PropertyValueSpecification","valueRequired":true,"valueName":"search_term_string"}}],"inLanguage":"es"},{"@type":"Organization","@id":"https:\/\/www.ucaldas.edu.co\/portal\/#organization","name":"Universidad de Caldas","alternateName":"U. de Caldas","url":"https:\/\/www.ucaldas.edu.co\/portal\/","logo":{"@type":"ImageObject","inLanguage":"es","@id":"https:\/\/www.ucaldas.edu.co\/portal\/#\/schema\/logo\/image\/","url":"https:\/\/www.ucaldas.edu.co\/portal\/wp-content\/uploads\/2023\/11\/Logo_horizontal_oscuroU-2023.png","contentUrl":"https:\/\/www.ucaldas.edu.co\/portal\/wp-content\/uploads\/2023\/11\/Logo_horizontal_oscuroU-2023.png","width":263,"height":101,"caption":"Universidad de Caldas"},"image":{"@id":"https:\/\/www.ucaldas.edu.co\/portal\/#\/schema\/logo\/image\/"},"sameAs":["https:\/\/www.facebook.com\/udecaldas","https:\/\/x.com\/udecaldas","https:\/\/www.youtube.com\/universidadcaldas","https:\/\/www.instagram.com\/udecaldas\/"]},{"@type":"Person","@id":"https:\/\/www.ucaldas.edu.co\/portal\/#\/schema\/person\/a1b482e23449158b4bc319926c074fdf","name":"ofiprensa","image":{"@type":"ImageObject","inLanguage":"es","@id":"https:\/\/www.ucaldas.edu.co\/portal\/wp-content\/litespeed\/avatar\/09ea5085e600095a7a811142c6944527.jpg?ver=1777497608","url":"https:\/\/www.ucaldas.edu.co\/portal\/wp-content\/litespeed\/avatar\/09ea5085e600095a7a811142c6944527.jpg?ver=1777497608","contentUrl":"https:\/\/www.ucaldas.edu.co\/portal\/wp-content\/litespeed\/avatar\/09ea5085e600095a7a811142c6944527.jpg?ver=1777497608","caption":"ofiprensa"},"url":"https:\/\/www.ucaldas.edu.co\/portal\/author\/ofiprensa\/"}]}},"_links":{"self":[{"href":"https:\/\/www.ucaldas.edu.co\/portal\/wp-json\/wp\/v2\/posts\/34251","targetHints":{"allow":["GET"]}}],"collection":[{"href":"https:\/\/www.ucaldas.edu.co\/portal\/wp-json\/wp\/v2\/posts"}],"about":[{"href":"https:\/\/www.ucaldas.edu.co\/portal\/wp-json\/wp\/v2\/types\/post"}],"author":[{"embeddable":true,"href":"https:\/\/www.ucaldas.edu.co\/portal\/wp-json\/wp\/v2\/users\/2"}],"replies":[{"embeddable":true,"href":"https:\/\/www.ucaldas.edu.co\/portal\/wp-json\/wp\/v2\/comments?post=34251"}],"version-history":[{"count":0,"href":"https:\/\/www.ucaldas.edu.co\/portal\/wp-json\/wp\/v2\/posts\/34251\/revisions"}],"wp:attachment":[{"href":"https:\/\/www.ucaldas.edu.co\/portal\/wp-json\/wp\/v2\/media?parent=34251"}],"wp:term":[{"taxonomy":"category","embeddable":true,"href":"https:\/\/www.ucaldas.edu.co\/portal\/wp-json\/wp\/v2\/categories?post=34251"},{"taxonomy":"post_tag","embeddable":true,"href":"https:\/\/www.ucaldas.edu.co\/portal\/wp-json\/wp\/v2\/tags?post=34251"}],"curies":[{"name":"wp","href":"https:\/\/api.w.org\/{rel}","templated":true}]}}