{"id":3421,"date":"2009-08-25T17:41:06","date_gmt":"2009-08-25T22:41:06","guid":{"rendered":"https:\/\/www.ucaldas.edu.co\/portal\/?p=3421"},"modified":"2009-08-25T17:41:06","modified_gmt":"2009-08-25T22:41:06","slug":"u-de-caldas-inauguro-el-edificio-orlando-sierra-hernandez","status":"publish","type":"post","link":"https:\/\/www.ucaldas.edu.co\/portal\/u-de-caldas-inauguro-el-edificio-orlando-sierra-hernandez\/","title":{"rendered":"U. de Caldas inaugur\u00f3 el Edificio Orlando Sierra Hern\u00e1ndez"},"content":{"rendered":"<p>En el evento se lanz\u00f3 el libro lo que sobra del silencio<\/p>\n<hr id=\"system-readmore\" \/>\n<p align=\"center\">\n<p>&nbsp;<\/p>\n<table border=\"0\">\n<tbody>\n<tr>\n<td><\/td>\n<td>\n<ul>\n<li><a href=\"docs\/rectoria\/Discurso_BloqueC_Pdte_Uribe_21_Ago.pdf\" target=\"_blank\"><img loading=\"lazy\" decoding=\"async\" alt=\"PDF\" src=\"http:\/\/ucaldas.edu.co\/images\/icono_pdf.gif\" width=\"16\" height=\"18\" border=\"0\" \/> <\/a><a href=\"docs\/rectoria\/Discurso_BloqueC_Pdte_Uribe_21_Ago.pdf\" target=\"_blank\">Consultar discurso del Dr: Ricardo Gomez Rector Univ. de Caldas<\/a><\/li>\n<li><a href=\"http:\/\/web.presidencia.gov.co\/banco\/2009\/agosto\/voces\/voz4210.swf\" target=\"_blank\"><img loading=\"lazy\" decoding=\"async\" alt=\"Audio\" src=\"images\/stories\/mp3\/sonido.png\" width=\"19\" height=\"16\" border=\"0\" \/> Audio: Escuche las palabras del Presidente Uribe en la inauguraci\u00f3n del edificio Orlando Sierra de la Universidad de Caldas<\/a><br \/>\n<h6><span class=\"Estilo2\">Audio tomado de la www.presidencia.gov.co<\/span><\/h6>\n<\/li>\n<\/ul>\n<\/td>\n<\/tr>\n<\/tbody>\n<\/table>\n<p>La Universidad de Caldas inaugur\u00f3 el pasado viernes 21 de agosto el Edificio Orlando Sierra Hern\u00e1ndez. En el evento, al que asisti\u00f3 el Presidente de la Rep\u00fablica Dr. \u00c1lvaro Uribe V\u00e9lez, se lanz\u00f3 el libro Lo que sobre del silencio del periodista asesinado Orlando Sierra Hern\u00e1ndez, obra que recopila varias de sus entrevistas durante casi 20 a\u00f1os de vida period\u00edstica.<\/p>\n<p>&nbsp;<\/p>\n<p>La inauguraci\u00f3n inici\u00f3 con la interpretaci\u00f3n de los himnos de Colombia, Caldas, Manizales y por supuesto el de la Universidad de Caldas, a cargo de la Banda Sinf\u00f3nica de la Universidad de Caldas.<\/p>\n<p>&nbsp;<\/p>\n<p>El rector de la Universidad de Caldas, Ricardo G\u00f3mez Giraldo, le dio la bienvenida al Presidente y le agradeci\u00f3 por su visita en este momento tan importante para la Instituci\u00f3n, en el que se estrena un edificio con una inversi\u00f3n de 7 mil 500 millones de pesos.<\/p>\n<p>&nbsp;<\/p>\n<p>El rector felicit\u00f3 a la arquitecta Ana Mar\u00eda Villegas y a la dise\u00f1adora visual Adriana G\u00f3mez por sus aportes para la reconstrucci\u00f3n de \u00e9ste, el edificio m\u00e1s antiguo y m\u00e1s grande de la Instituci\u00f3n.<\/p>\n<p>&nbsp;<\/p>\n<p>Tambi\u00e9n hizo hincapi\u00e9 en el homenaje que se le hace Orlando Sierra Hern\u00e1ndez, no s\u00f3lo con bautizar a este edificio con su nombre, sino tambi\u00e9n porque el d\u00eda de su inauguraci\u00f3n se publica el libro de entrevistas de este recordado periodista.<\/p>\n<p>&nbsp;<\/p>\n<p>As\u00ed mismo, el rector habl\u00f3 de los logros alcanzados por la Universidad como: ser la \u00fanica universidad del Departamento de Caldas en obtener la acreditaci\u00f3n de Alta Calidad, la apertura de dos doctorados, los nueve proyectos aprobados en la \u00faltima convocatoria de Colciencias, el II Congreso Internacional de Higuerilla y Pi\u00f1\u00f3n que realiz\u00f3 la Instituci\u00f3n la semana pasada, la Maestr\u00eda en Educaci\u00f3n con doble titulaci\u00f3n con la Universidad de Heidelberg, entre otros logros.<\/p>\n<p>&nbsp;<\/p>\n<p>El Alcalde de Manizales, Juan Manuel Llano Uribe y el Gobernador de Caldas, Mario Aristiz\u00e1bal Mu\u00f1oz felicitaron a la Universidad de Caldas por este logro que no s\u00f3lo beneficia a los estudiantes y personal de la Instituci\u00f3n sino que genera desarrollo para Manizales y el Departamento.<\/p>\n<p>&nbsp;<\/p>\n<p>El Presidente de la Rep\u00fablica salud\u00f3 a toda la comunidad universitaria, a la Familia de Orlando Sierra Hern\u00e1ndez y a la Familia Restrepo. Fue enf\u00e1tico al asegurar que \u201cla universidad debe ser masiva, cr\u00edtica pero no violenta\u201d. Sostuvo que en su gobierno se han logrado grandes aportes para la educaci\u00f3n p\u00fablica y para la salud, pues en estos siete a\u00f1os no se han cerrado hospitales sino que se han restablecido.<\/p>\n<p>&nbsp;<\/p>\n<p>Por \u00faltimo le rindi\u00f3 un homenaje a Orlando Sierra Hern\u00e1ndez y relat\u00f3 que la \u00faltima entrevista que Orlando hizo en vida, fue precisamente a \u00e9l, en el 2001 cuando era candidato presidencial en su primera campa\u00f1a. Entrevista que se encuentra en la p\u00e1gina 129 del libro Lo que sobra del silencio.<\/p>\n<p>&nbsp;<\/p>\n<p>Mayores informes Oficina de Prensa y Comunicaciones 878 15 00 Ext. 11167<\/p>\n","protected":false},"excerpt":{"rendered":"<p>En el evento se lanz\u00f3 el libro lo que sobra del silencio &nbsp; Consultar discurso del Dr: Ricardo Gomez Rector Univ. de Caldas Audio: Escuche las palabras del Presidente Uribe en la inauguraci\u00f3n del edificio Orlando Sierra de la Universidad de Caldas Audio tomado de la www.presidencia.gov.co La Universidad de Caldas inaugur\u00f3 el pasado viernes [&hellip;]<\/p>\n","protected":false},"author":2,"featured_media":0,"comment_status":"closed","ping_status":"closed","sticky":false,"template":"","format":"standard","meta":{"footnotes":""},"categories":[48,53],"tags":[],"class_list":["post-3421","post","type-post","status-publish","format-standard","hentry","category-actualidad","category-universidad-al-dia"],"yoast_head":"<!-- This site is optimized with the Yoast SEO plugin v27.5 - https:\/\/yoast.com\/product\/yoast-seo-wordpress\/ -->\n<title>U. de Caldas inaugur\u00f3 el Edificio Orlando Sierra Hern\u00e1ndez .<\/title>\n<meta name=\"robots\" content=\"index, follow, max-snippet:-1, max-image-preview:large, max-video-preview:-1\" \/>\n<link rel=\"canonical\" href=\"https:\/\/www.ucaldas.edu.co\/portal\/u-de-caldas-inauguro-el-edificio-orlando-sierra-hernandez\/\" \/>\n<script type=\"application\/ld+json\" class=\"yoast-schema-graph\">{\"@context\":\"https:\\\/\\\/schema.org\",\"@graph\":[{\"@type\":\"Article\",\"@id\":\"https:\\\/\\\/www.ucaldas.edu.co\\\/portal\\\/u-de-caldas-inauguro-el-edificio-orlando-sierra-hernandez\\\/#article\",\"isPartOf\":{\"@id\":\"https:\\\/\\\/www.ucaldas.edu.co\\\/portal\\\/u-de-caldas-inauguro-el-edificio-orlando-sierra-hernandez\\\/\"},\"author\":{\"name\":\"ofiprensa\",\"@id\":\"https:\\\/\\\/www.ucaldas.edu.co\\\/portal\\\/#\\\/schema\\\/person\\\/a1b482e23449158b4bc319926c074fdf\"},\"headline\":\"U. de Caldas inaugur\u00f3 el Edificio Orlando Sierra Hern\u00e1ndez\",\"datePublished\":\"2009-08-25T22:41:06+00:00\",\"mainEntityOfPage\":{\"@id\":\"https:\\\/\\\/www.ucaldas.edu.co\\\/portal\\\/u-de-caldas-inauguro-el-edificio-orlando-sierra-hernandez\\\/\"},\"wordCount\":572,\"publisher\":{\"@id\":\"https:\\\/\\\/www.ucaldas.edu.co\\\/portal\\\/#organization\"},\"image\":{\"@id\":\"https:\\\/\\\/www.ucaldas.edu.co\\\/portal\\\/u-de-caldas-inauguro-el-edificio-orlando-sierra-hernandez\\\/#primaryimage\"},\"thumbnailUrl\":\"http:\\\/\\\/ucaldas.edu.co\\\/images\\\/icono_pdf.gif\",\"articleSection\":[\"Actualidad\",\"Universidad al D\u00eda\"],\"inLanguage\":\"es\"},{\"@type\":\"WebPage\",\"@id\":\"https:\\\/\\\/www.ucaldas.edu.co\\\/portal\\\/u-de-caldas-inauguro-el-edificio-orlando-sierra-hernandez\\\/\",\"url\":\"https:\\\/\\\/www.ucaldas.edu.co\\\/portal\\\/u-de-caldas-inauguro-el-edificio-orlando-sierra-hernandez\\\/\",\"name\":\"U. de Caldas inaugur\u00f3 el Edificio Orlando Sierra Hern\u00e1ndez .\",\"isPartOf\":{\"@id\":\"https:\\\/\\\/www.ucaldas.edu.co\\\/portal\\\/#website\"},\"primaryImageOfPage\":{\"@id\":\"https:\\\/\\\/www.ucaldas.edu.co\\\/portal\\\/u-de-caldas-inauguro-el-edificio-orlando-sierra-hernandez\\\/#primaryimage\"},\"image\":{\"@id\":\"https:\\\/\\\/www.ucaldas.edu.co\\\/portal\\\/u-de-caldas-inauguro-el-edificio-orlando-sierra-hernandez\\\/#primaryimage\"},\"thumbnailUrl\":\"http:\\\/\\\/ucaldas.edu.co\\\/images\\\/icono_pdf.gif\",\"datePublished\":\"2009-08-25T22:41:06+00:00\",\"breadcrumb\":{\"@id\":\"https:\\\/\\\/www.ucaldas.edu.co\\\/portal\\\/u-de-caldas-inauguro-el-edificio-orlando-sierra-hernandez\\\/#breadcrumb\"},\"inLanguage\":\"es\",\"potentialAction\":[{\"@type\":\"ReadAction\",\"target\":[\"https:\\\/\\\/www.ucaldas.edu.co\\\/portal\\\/u-de-caldas-inauguro-el-edificio-orlando-sierra-hernandez\\\/\"]}]},{\"@type\":\"ImageObject\",\"inLanguage\":\"es\",\"@id\":\"https:\\\/\\\/www.ucaldas.edu.co\\\/portal\\\/u-de-caldas-inauguro-el-edificio-orlando-sierra-hernandez\\\/#primaryimage\",\"url\":\"http:\\\/\\\/ucaldas.edu.co\\\/images\\\/icono_pdf.gif\",\"contentUrl\":\"http:\\\/\\\/ucaldas.edu.co\\\/images\\\/icono_pdf.gif\"},{\"@type\":\"BreadcrumbList\",\"@id\":\"https:\\\/\\\/www.ucaldas.edu.co\\\/portal\\\/u-de-caldas-inauguro-el-edificio-orlando-sierra-hernandez\\\/#breadcrumb\",\"itemListElement\":[{\"@type\":\"ListItem\",\"position\":1,\"name\":\"Portada\",\"item\":\"https:\\\/\\\/www.ucaldas.edu.co\\\/portal\\\/\"},{\"@type\":\"ListItem\",\"position\":2,\"name\":\"U. de Caldas inaugur\u00f3 el Edificio Orlando Sierra Hern\u00e1ndez\"}]},{\"@type\":\"WebSite\",\"@id\":\"https:\\\/\\\/www.ucaldas.edu.co\\\/portal\\\/#website\",\"url\":\"https:\\\/\\\/www.ucaldas.edu.co\\\/portal\\\/\",\"name\":\"Universidad de Caldas\",\"description\":\"\",\"publisher\":{\"@id\":\"https:\\\/\\\/www.ucaldas.edu.co\\\/portal\\\/#organization\"},\"alternateName\":\"U. de Caldas\",\"potentialAction\":[{\"@type\":\"SearchAction\",\"target\":{\"@type\":\"EntryPoint\",\"urlTemplate\":\"https:\\\/\\\/www.ucaldas.edu.co\\\/portal\\\/?s={search_term_string}\"},\"query-input\":{\"@type\":\"PropertyValueSpecification\",\"valueRequired\":true,\"valueName\":\"search_term_string\"}}],\"inLanguage\":\"es\"},{\"@type\":\"Organization\",\"@id\":\"https:\\\/\\\/www.ucaldas.edu.co\\\/portal\\\/#organization\",\"name\":\"Universidad de Caldas\",\"alternateName\":\"U. de Caldas\",\"url\":\"https:\\\/\\\/www.ucaldas.edu.co\\\/portal\\\/\",\"logo\":{\"@type\":\"ImageObject\",\"inLanguage\":\"es\",\"@id\":\"https:\\\/\\\/www.ucaldas.edu.co\\\/portal\\\/#\\\/schema\\\/logo\\\/image\\\/\",\"url\":\"https:\\\/\\\/www.ucaldas.edu.co\\\/portal\\\/wp-content\\\/uploads\\\/2023\\\/11\\\/Logo_horizontal_oscuroU-2023.png\",\"contentUrl\":\"https:\\\/\\\/www.ucaldas.edu.co\\\/portal\\\/wp-content\\\/uploads\\\/2023\\\/11\\\/Logo_horizontal_oscuroU-2023.png\",\"width\":263,\"height\":101,\"caption\":\"Universidad de Caldas\"},\"image\":{\"@id\":\"https:\\\/\\\/www.ucaldas.edu.co\\\/portal\\\/#\\\/schema\\\/logo\\\/image\\\/\"},\"sameAs\":[\"https:\\\/\\\/www.facebook.com\\\/udecaldas\",\"https:\\\/\\\/x.com\\\/udecaldas\",\"https:\\\/\\\/www.youtube.com\\\/universidadcaldas\",\"https:\\\/\\\/www.instagram.com\\\/udecaldas\\\/\"]},{\"@type\":\"Person\",\"@id\":\"https:\\\/\\\/www.ucaldas.edu.co\\\/portal\\\/#\\\/schema\\\/person\\\/a1b482e23449158b4bc319926c074fdf\",\"name\":\"ofiprensa\",\"image\":{\"@type\":\"ImageObject\",\"inLanguage\":\"es\",\"@id\":\"https:\\\/\\\/www.ucaldas.edu.co\\\/portal\\\/wp-content\\\/litespeed\\\/avatar\\\/09ea5085e600095a7a811142c6944527.jpg?ver=1777497608\",\"url\":\"https:\\\/\\\/www.ucaldas.edu.co\\\/portal\\\/wp-content\\\/litespeed\\\/avatar\\\/09ea5085e600095a7a811142c6944527.jpg?ver=1777497608\",\"contentUrl\":\"https:\\\/\\\/www.ucaldas.edu.co\\\/portal\\\/wp-content\\\/litespeed\\\/avatar\\\/09ea5085e600095a7a811142c6944527.jpg?ver=1777497608\",\"caption\":\"ofiprensa\"},\"url\":\"https:\\\/\\\/www.ucaldas.edu.co\\\/portal\\\/author\\\/ofiprensa\\\/\"}]}<\/script>\n<!-- \/ Yoast SEO plugin. -->","yoast_head_json":{"title":"U. de Caldas inaugur\u00f3 el Edificio Orlando Sierra Hern\u00e1ndez .","robots":{"index":"index","follow":"follow","max-snippet":"max-snippet:-1","max-image-preview":"max-image-preview:large","max-video-preview":"max-video-preview:-1"},"canonical":"https:\/\/www.ucaldas.edu.co\/portal\/u-de-caldas-inauguro-el-edificio-orlando-sierra-hernandez\/","schema":{"@context":"https:\/\/schema.org","@graph":[{"@type":"Article","@id":"https:\/\/www.ucaldas.edu.co\/portal\/u-de-caldas-inauguro-el-edificio-orlando-sierra-hernandez\/#article","isPartOf":{"@id":"https:\/\/www.ucaldas.edu.co\/portal\/u-de-caldas-inauguro-el-edificio-orlando-sierra-hernandez\/"},"author":{"name":"ofiprensa","@id":"https:\/\/www.ucaldas.edu.co\/portal\/#\/schema\/person\/a1b482e23449158b4bc319926c074fdf"},"headline":"U. de Caldas inaugur\u00f3 el Edificio Orlando Sierra Hern\u00e1ndez","datePublished":"2009-08-25T22:41:06+00:00","mainEntityOfPage":{"@id":"https:\/\/www.ucaldas.edu.co\/portal\/u-de-caldas-inauguro-el-edificio-orlando-sierra-hernandez\/"},"wordCount":572,"publisher":{"@id":"https:\/\/www.ucaldas.edu.co\/portal\/#organization"},"image":{"@id":"https:\/\/www.ucaldas.edu.co\/portal\/u-de-caldas-inauguro-el-edificio-orlando-sierra-hernandez\/#primaryimage"},"thumbnailUrl":"http:\/\/ucaldas.edu.co\/images\/icono_pdf.gif","articleSection":["Actualidad","Universidad al D\u00eda"],"inLanguage":"es"},{"@type":"WebPage","@id":"https:\/\/www.ucaldas.edu.co\/portal\/u-de-caldas-inauguro-el-edificio-orlando-sierra-hernandez\/","url":"https:\/\/www.ucaldas.edu.co\/portal\/u-de-caldas-inauguro-el-edificio-orlando-sierra-hernandez\/","name":"U. de Caldas inaugur\u00f3 el Edificio Orlando Sierra Hern\u00e1ndez .","isPartOf":{"@id":"https:\/\/www.ucaldas.edu.co\/portal\/#website"},"primaryImageOfPage":{"@id":"https:\/\/www.ucaldas.edu.co\/portal\/u-de-caldas-inauguro-el-edificio-orlando-sierra-hernandez\/#primaryimage"},"image":{"@id":"https:\/\/www.ucaldas.edu.co\/portal\/u-de-caldas-inauguro-el-edificio-orlando-sierra-hernandez\/#primaryimage"},"thumbnailUrl":"http:\/\/ucaldas.edu.co\/images\/icono_pdf.gif","datePublished":"2009-08-25T22:41:06+00:00","breadcrumb":{"@id":"https:\/\/www.ucaldas.edu.co\/portal\/u-de-caldas-inauguro-el-edificio-orlando-sierra-hernandez\/#breadcrumb"},"inLanguage":"es","potentialAction":[{"@type":"ReadAction","target":["https:\/\/www.ucaldas.edu.co\/portal\/u-de-caldas-inauguro-el-edificio-orlando-sierra-hernandez\/"]}]},{"@type":"ImageObject","inLanguage":"es","@id":"https:\/\/www.ucaldas.edu.co\/portal\/u-de-caldas-inauguro-el-edificio-orlando-sierra-hernandez\/#primaryimage","url":"http:\/\/ucaldas.edu.co\/images\/icono_pdf.gif","contentUrl":"http:\/\/ucaldas.edu.co\/images\/icono_pdf.gif"},{"@type":"BreadcrumbList","@id":"https:\/\/www.ucaldas.edu.co\/portal\/u-de-caldas-inauguro-el-edificio-orlando-sierra-hernandez\/#breadcrumb","itemListElement":[{"@type":"ListItem","position":1,"name":"Portada","item":"https:\/\/www.ucaldas.edu.co\/portal\/"},{"@type":"ListItem","position":2,"name":"U. de Caldas inaugur\u00f3 el Edificio Orlando Sierra Hern\u00e1ndez"}]},{"@type":"WebSite","@id":"https:\/\/www.ucaldas.edu.co\/portal\/#website","url":"https:\/\/www.ucaldas.edu.co\/portal\/","name":"Universidad de Caldas","description":"","publisher":{"@id":"https:\/\/www.ucaldas.edu.co\/portal\/#organization"},"alternateName":"U. de Caldas","potentialAction":[{"@type":"SearchAction","target":{"@type":"EntryPoint","urlTemplate":"https:\/\/www.ucaldas.edu.co\/portal\/?s={search_term_string}"},"query-input":{"@type":"PropertyValueSpecification","valueRequired":true,"valueName":"search_term_string"}}],"inLanguage":"es"},{"@type":"Organization","@id":"https:\/\/www.ucaldas.edu.co\/portal\/#organization","name":"Universidad de Caldas","alternateName":"U. de Caldas","url":"https:\/\/www.ucaldas.edu.co\/portal\/","logo":{"@type":"ImageObject","inLanguage":"es","@id":"https:\/\/www.ucaldas.edu.co\/portal\/#\/schema\/logo\/image\/","url":"https:\/\/www.ucaldas.edu.co\/portal\/wp-content\/uploads\/2023\/11\/Logo_horizontal_oscuroU-2023.png","contentUrl":"https:\/\/www.ucaldas.edu.co\/portal\/wp-content\/uploads\/2023\/11\/Logo_horizontal_oscuroU-2023.png","width":263,"height":101,"caption":"Universidad de Caldas"},"image":{"@id":"https:\/\/www.ucaldas.edu.co\/portal\/#\/schema\/logo\/image\/"},"sameAs":["https:\/\/www.facebook.com\/udecaldas","https:\/\/x.com\/udecaldas","https:\/\/www.youtube.com\/universidadcaldas","https:\/\/www.instagram.com\/udecaldas\/"]},{"@type":"Person","@id":"https:\/\/www.ucaldas.edu.co\/portal\/#\/schema\/person\/a1b482e23449158b4bc319926c074fdf","name":"ofiprensa","image":{"@type":"ImageObject","inLanguage":"es","@id":"https:\/\/www.ucaldas.edu.co\/portal\/wp-content\/litespeed\/avatar\/09ea5085e600095a7a811142c6944527.jpg?ver=1777497608","url":"https:\/\/www.ucaldas.edu.co\/portal\/wp-content\/litespeed\/avatar\/09ea5085e600095a7a811142c6944527.jpg?ver=1777497608","contentUrl":"https:\/\/www.ucaldas.edu.co\/portal\/wp-content\/litespeed\/avatar\/09ea5085e600095a7a811142c6944527.jpg?ver=1777497608","caption":"ofiprensa"},"url":"https:\/\/www.ucaldas.edu.co\/portal\/author\/ofiprensa\/"}]}},"_links":{"self":[{"href":"https:\/\/www.ucaldas.edu.co\/portal\/wp-json\/wp\/v2\/posts\/3421","targetHints":{"allow":["GET"]}}],"collection":[{"href":"https:\/\/www.ucaldas.edu.co\/portal\/wp-json\/wp\/v2\/posts"}],"about":[{"href":"https:\/\/www.ucaldas.edu.co\/portal\/wp-json\/wp\/v2\/types\/post"}],"author":[{"embeddable":true,"href":"https:\/\/www.ucaldas.edu.co\/portal\/wp-json\/wp\/v2\/users\/2"}],"replies":[{"embeddable":true,"href":"https:\/\/www.ucaldas.edu.co\/portal\/wp-json\/wp\/v2\/comments?post=3421"}],"version-history":[{"count":0,"href":"https:\/\/www.ucaldas.edu.co\/portal\/wp-json\/wp\/v2\/posts\/3421\/revisions"}],"wp:attachment":[{"href":"https:\/\/www.ucaldas.edu.co\/portal\/wp-json\/wp\/v2\/media?parent=3421"}],"wp:term":[{"taxonomy":"category","embeddable":true,"href":"https:\/\/www.ucaldas.edu.co\/portal\/wp-json\/wp\/v2\/categories?post=3421"},{"taxonomy":"post_tag","embeddable":true,"href":"https:\/\/www.ucaldas.edu.co\/portal\/wp-json\/wp\/v2\/tags?post=3421"}],"curies":[{"name":"wp","href":"https:\/\/api.w.org\/{rel}","templated":true}]}}