{"id":34152,"date":"2017-02-15T16:03:21","date_gmt":"2017-02-15T21:03:21","guid":{"rendered":"https:\/\/www.ucaldas.edu.co\/portal\/?p=34152"},"modified":"2017-02-15T16:03:21","modified_gmt":"2017-02-15T21:03:21","slug":"en-u-de-caldas-se-analizo-el-declive-del-complejo-industrial-cafetero-urbano","status":"publish","type":"post","link":"https:\/\/www.ucaldas.edu.co\/portal\/en-u-de-caldas-se-analizo-el-declive-del-complejo-industrial-cafetero-urbano\/","title":{"rendered":"En U. de Caldas se analiz\u00f3 el declive del complejo industrial cafetero urbano"},"content":{"rendered":"<p style=\"text-align: center;\">EN CICLO MEMORIA, ESPACIO Y SOCIEDAD<\/p>\n<p style=\"text-align: center;\"><strong>En U. de Caldas se analiz\u00f3 el declive del complejo industrial cafetero urbano<\/strong><\/p>\n<p style=\"text-align: right;\">15\/02\/2017<\/p>\n<p><img loading=\"lazy\" decoding=\"async\" class=\"size-full wp-image-34153 aligncenter\" src=\"https:\/\/www.ucaldas.edu.co\/portal\/wp-content\/uploads\/2017\/02\/memoria.jpg\" alt=\"memoria\" width=\"358\" height=\"283\" \/><\/p>\n<p><em>Habitar el territorio de memoria de la modernizaci\u00f3n: auge y declive del complejo industrial cafetero urbano <\/em>es el t\u00edtulo de la <strong>conferencia<\/strong> que Jorge Andr\u00e9s Rivera Pab\u00f3n, <strong>docente del Departamento de Historia y Geograf\u00eda de la Universidad de Caldas, orient\u00f3<\/strong> en el <strong>Ciclo Memoria, Espacio y Sociedad<\/strong>.<\/p>\n<p><!--more--><\/p>\n<p>Esta fue una <strong>invitaci\u00f3n<\/strong> del Instituto de Investigaciones en Ciencias Sociales y Humanas (<strong>ICSH<\/strong>) y el <strong>Doctorado en Estudios Territoriales de<\/strong> la U. de Caldas, que tuvo lugar el pasado 3 de febrero del 2017.<\/p>\n<p>&nbsp;<\/p>\n<p>\u201c<strong>En esta conferencia inaugural se centr\u00f3 la atenci\u00f3n en el an\u00e1lisis hist\u00f3rico del origen, auge y declive de algunos espacios industriales<\/strong>, que se han configurado en el periodo de modernizaci\u00f3n del pa\u00eds, es decir, hasta 1930, pero que con el paso del tiempo y la crisis de este modelo productivo, cayeron en un proceso de obsolescencia\u201d, explic\u00f3.<\/p>\n<p>&nbsp;<\/p>\n<p>Rivera Pab\u00f3n <strong>destac\u00f3 la configuraci\u00f3n del paisaje cultural cafetero, pero de orden urbano, que supera las miradas rurales de dicho concepto<\/strong>. \u201cAdem\u00e1s, se hizo un llamado a la reflexi\u00f3n en torno a la destrucci\u00f3n de estos espacios, como el barrio San Jos\u00e9 en Manizales, que fue objeto de renovaci\u00f3n urbana, pero que en el proceso se desconoci\u00f3 la importancia de dicho lugar\u201d, agreg\u00f3.<\/p>\n<p>&nbsp;<\/p>\n<p><a href=\"https:\/\/www.facebook.com\/media\/set\/?set=a.1295476670514195.1073745192.107054166023124&amp;type=1&amp;l=8a2780917b\">Conozca im\u00e1genes de la Conferencia inaugural del Ciclo Memoria, Espacio y Sociedad<\/a><\/p>\n<p>&nbsp;<\/p>\n<p><strong>Informes: <\/strong>ICSH U. de Caldas, tel\u00e9fono 878 15 00 extensi\u00f3n 18 028.<\/p>\n<p><strong>Redacci\u00f3n: <\/strong>Margarita Laverde<\/p>\n<p>&nbsp;<\/p>\n","protected":false},"excerpt":{"rendered":"<p>EN CICLO MEMORIA, ESPACIO Y SOCIEDAD En U. de Caldas se analiz\u00f3 el declive del complejo industrial cafetero urbano 15\/02\/2017 Habitar el territorio de memoria de la modernizaci\u00f3n: auge y declive del complejo industrial cafetero urbano es el t\u00edtulo de la conferencia que Jorge Andr\u00e9s Rivera Pab\u00f3n, docente del Departamento de Historia y Geograf\u00eda de [&hellip;]<\/p>\n","protected":false},"author":2,"featured_media":0,"comment_status":"closed","ping_status":"closed","sticky":false,"template":"","format":"standard","meta":{"footnotes":""},"categories":[48,53],"tags":[55,68,125,175,428],"class_list":["post-34152","post","type-post","status-publish","format-standard","hentry","category-actualidad","category-universidad-al-dia","tag-academia","tag-invitado","tag-conferencia","tag-espacio-y-sociedad","tag-ciclo-memoria"],"yoast_head":"<!-- This site is optimized with the Yoast SEO plugin v27.4 - https:\/\/yoast.com\/product\/yoast-seo-wordpress\/ -->\n<title>En U. de Caldas se analiz\u00f3 el declive del complejo industrial cafetero urbano .<\/title>\n<meta name=\"robots\" content=\"index, follow, max-snippet:-1, max-image-preview:large, max-video-preview:-1\" \/>\n<link rel=\"canonical\" href=\"https:\/\/www.ucaldas.edu.co\/portal\/en-u-de-caldas-se-analizo-el-declive-del-complejo-industrial-cafetero-urbano\/\" \/>\n<script type=\"application\/ld+json\" class=\"yoast-schema-graph\">{\"@context\":\"https:\\\/\\\/schema.org\",\"@graph\":[{\"@type\":\"Article\",\"@id\":\"https:\\\/\\\/www.ucaldas.edu.co\\\/portal\\\/en-u-de-caldas-se-analizo-el-declive-del-complejo-industrial-cafetero-urbano\\\/#article\",\"isPartOf\":{\"@id\":\"https:\\\/\\\/www.ucaldas.edu.co\\\/portal\\\/en-u-de-caldas-se-analizo-el-declive-del-complejo-industrial-cafetero-urbano\\\/\"},\"author\":{\"name\":\"ofiprensa\",\"@id\":\"https:\\\/\\\/www.ucaldas.edu.co\\\/portal\\\/#\\\/schema\\\/person\\\/a1b482e23449158b4bc319926c074fdf\"},\"headline\":\"En U. de Caldas se analiz\u00f3 el declive del complejo industrial cafetero urbano\",\"datePublished\":\"2017-02-15T21:03:21+00:00\",\"mainEntityOfPage\":{\"@id\":\"https:\\\/\\\/www.ucaldas.edu.co\\\/portal\\\/en-u-de-caldas-se-analizo-el-declive-del-complejo-industrial-cafetero-urbano\\\/\"},\"wordCount\":279,\"publisher\":{\"@id\":\"https:\\\/\\\/www.ucaldas.edu.co\\\/portal\\\/#organization\"},\"image\":{\"@id\":\"https:\\\/\\\/www.ucaldas.edu.co\\\/portal\\\/en-u-de-caldas-se-analizo-el-declive-del-complejo-industrial-cafetero-urbano\\\/#primaryimage\"},\"thumbnailUrl\":\"https:\\\/\\\/www.ucaldas.edu.co\\\/portal\\\/wp-content\\\/uploads\\\/2017\\\/02\\\/memoria.jpg\",\"keywords\":[\"academia\",\"invitado\",\"conferencia\",\"Espacio y Sociedad\",\"Ciclo Memoria\"],\"articleSection\":[\"Actualidad\",\"Universidad al D\u00eda\"],\"inLanguage\":\"es\"},{\"@type\":\"WebPage\",\"@id\":\"https:\\\/\\\/www.ucaldas.edu.co\\\/portal\\\/en-u-de-caldas-se-analizo-el-declive-del-complejo-industrial-cafetero-urbano\\\/\",\"url\":\"https:\\\/\\\/www.ucaldas.edu.co\\\/portal\\\/en-u-de-caldas-se-analizo-el-declive-del-complejo-industrial-cafetero-urbano\\\/\",\"name\":\"En U. de Caldas se analiz\u00f3 el declive del complejo industrial cafetero urbano .\",\"isPartOf\":{\"@id\":\"https:\\\/\\\/www.ucaldas.edu.co\\\/portal\\\/#website\"},\"primaryImageOfPage\":{\"@id\":\"https:\\\/\\\/www.ucaldas.edu.co\\\/portal\\\/en-u-de-caldas-se-analizo-el-declive-del-complejo-industrial-cafetero-urbano\\\/#primaryimage\"},\"image\":{\"@id\":\"https:\\\/\\\/www.ucaldas.edu.co\\\/portal\\\/en-u-de-caldas-se-analizo-el-declive-del-complejo-industrial-cafetero-urbano\\\/#primaryimage\"},\"thumbnailUrl\":\"https:\\\/\\\/www.ucaldas.edu.co\\\/portal\\\/wp-content\\\/uploads\\\/2017\\\/02\\\/memoria.jpg\",\"datePublished\":\"2017-02-15T21:03:21+00:00\",\"breadcrumb\":{\"@id\":\"https:\\\/\\\/www.ucaldas.edu.co\\\/portal\\\/en-u-de-caldas-se-analizo-el-declive-del-complejo-industrial-cafetero-urbano\\\/#breadcrumb\"},\"inLanguage\":\"es\",\"potentialAction\":[{\"@type\":\"ReadAction\",\"target\":[\"https:\\\/\\\/www.ucaldas.edu.co\\\/portal\\\/en-u-de-caldas-se-analizo-el-declive-del-complejo-industrial-cafetero-urbano\\\/\"]}]},{\"@type\":\"ImageObject\",\"inLanguage\":\"es\",\"@id\":\"https:\\\/\\\/www.ucaldas.edu.co\\\/portal\\\/en-u-de-caldas-se-analizo-el-declive-del-complejo-industrial-cafetero-urbano\\\/#primaryimage\",\"url\":\"https:\\\/\\\/www.ucaldas.edu.co\\\/portal\\\/wp-content\\\/uploads\\\/2017\\\/02\\\/memoria.jpg\",\"contentUrl\":\"https:\\\/\\\/www.ucaldas.edu.co\\\/portal\\\/wp-content\\\/uploads\\\/2017\\\/02\\\/memoria.jpg\"},{\"@type\":\"BreadcrumbList\",\"@id\":\"https:\\\/\\\/www.ucaldas.edu.co\\\/portal\\\/en-u-de-caldas-se-analizo-el-declive-del-complejo-industrial-cafetero-urbano\\\/#breadcrumb\",\"itemListElement\":[{\"@type\":\"ListItem\",\"position\":1,\"name\":\"Portada\",\"item\":\"https:\\\/\\\/www.ucaldas.edu.co\\\/portal\\\/\"},{\"@type\":\"ListItem\",\"position\":2,\"name\":\"En U. de Caldas se analiz\u00f3 el declive del complejo industrial cafetero urbano\"}]},{\"@type\":\"WebSite\",\"@id\":\"https:\\\/\\\/www.ucaldas.edu.co\\\/portal\\\/#website\",\"url\":\"https:\\\/\\\/www.ucaldas.edu.co\\\/portal\\\/\",\"name\":\"Universidad de Caldas\",\"description\":\"\",\"publisher\":{\"@id\":\"https:\\\/\\\/www.ucaldas.edu.co\\\/portal\\\/#organization\"},\"alternateName\":\"U. de Caldas\",\"potentialAction\":[{\"@type\":\"SearchAction\",\"target\":{\"@type\":\"EntryPoint\",\"urlTemplate\":\"https:\\\/\\\/www.ucaldas.edu.co\\\/portal\\\/?s={search_term_string}\"},\"query-input\":{\"@type\":\"PropertyValueSpecification\",\"valueRequired\":true,\"valueName\":\"search_term_string\"}}],\"inLanguage\":\"es\"},{\"@type\":\"Organization\",\"@id\":\"https:\\\/\\\/www.ucaldas.edu.co\\\/portal\\\/#organization\",\"name\":\"Universidad de Caldas\",\"alternateName\":\"U. de Caldas\",\"url\":\"https:\\\/\\\/www.ucaldas.edu.co\\\/portal\\\/\",\"logo\":{\"@type\":\"ImageObject\",\"inLanguage\":\"es\",\"@id\":\"https:\\\/\\\/www.ucaldas.edu.co\\\/portal\\\/#\\\/schema\\\/logo\\\/image\\\/\",\"url\":\"https:\\\/\\\/www.ucaldas.edu.co\\\/portal\\\/wp-content\\\/uploads\\\/2023\\\/11\\\/Logo_horizontal_oscuroU-2023.png\",\"contentUrl\":\"https:\\\/\\\/www.ucaldas.edu.co\\\/portal\\\/wp-content\\\/uploads\\\/2023\\\/11\\\/Logo_horizontal_oscuroU-2023.png\",\"width\":263,\"height\":101,\"caption\":\"Universidad de Caldas\"},\"image\":{\"@id\":\"https:\\\/\\\/www.ucaldas.edu.co\\\/portal\\\/#\\\/schema\\\/logo\\\/image\\\/\"},\"sameAs\":[\"https:\\\/\\\/www.facebook.com\\\/udecaldas\",\"https:\\\/\\\/x.com\\\/udecaldas\",\"https:\\\/\\\/www.youtube.com\\\/universidadcaldas\",\"https:\\\/\\\/www.instagram.com\\\/udecaldas\\\/\"]},{\"@type\":\"Person\",\"@id\":\"https:\\\/\\\/www.ucaldas.edu.co\\\/portal\\\/#\\\/schema\\\/person\\\/a1b482e23449158b4bc319926c074fdf\",\"name\":\"ofiprensa\",\"image\":{\"@type\":\"ImageObject\",\"inLanguage\":\"es\",\"@id\":\"https:\\\/\\\/www.ucaldas.edu.co\\\/portal\\\/wp-content\\\/litespeed\\\/avatar\\\/09ea5085e600095a7a811142c6944527.jpg?ver=1776892805\",\"url\":\"https:\\\/\\\/www.ucaldas.edu.co\\\/portal\\\/wp-content\\\/litespeed\\\/avatar\\\/09ea5085e600095a7a811142c6944527.jpg?ver=1776892805\",\"contentUrl\":\"https:\\\/\\\/www.ucaldas.edu.co\\\/portal\\\/wp-content\\\/litespeed\\\/avatar\\\/09ea5085e600095a7a811142c6944527.jpg?ver=1776892805\",\"caption\":\"ofiprensa\"},\"url\":\"https:\\\/\\\/www.ucaldas.edu.co\\\/portal\\\/author\\\/ofiprensa\\\/\"}]}<\/script>\n<!-- \/ Yoast SEO plugin. -->","yoast_head_json":{"title":"En U. de Caldas se analiz\u00f3 el declive del complejo industrial cafetero urbano .","robots":{"index":"index","follow":"follow","max-snippet":"max-snippet:-1","max-image-preview":"max-image-preview:large","max-video-preview":"max-video-preview:-1"},"canonical":"https:\/\/www.ucaldas.edu.co\/portal\/en-u-de-caldas-se-analizo-el-declive-del-complejo-industrial-cafetero-urbano\/","schema":{"@context":"https:\/\/schema.org","@graph":[{"@type":"Article","@id":"https:\/\/www.ucaldas.edu.co\/portal\/en-u-de-caldas-se-analizo-el-declive-del-complejo-industrial-cafetero-urbano\/#article","isPartOf":{"@id":"https:\/\/www.ucaldas.edu.co\/portal\/en-u-de-caldas-se-analizo-el-declive-del-complejo-industrial-cafetero-urbano\/"},"author":{"name":"ofiprensa","@id":"https:\/\/www.ucaldas.edu.co\/portal\/#\/schema\/person\/a1b482e23449158b4bc319926c074fdf"},"headline":"En U. de Caldas se analiz\u00f3 el declive del complejo industrial cafetero urbano","datePublished":"2017-02-15T21:03:21+00:00","mainEntityOfPage":{"@id":"https:\/\/www.ucaldas.edu.co\/portal\/en-u-de-caldas-se-analizo-el-declive-del-complejo-industrial-cafetero-urbano\/"},"wordCount":279,"publisher":{"@id":"https:\/\/www.ucaldas.edu.co\/portal\/#organization"},"image":{"@id":"https:\/\/www.ucaldas.edu.co\/portal\/en-u-de-caldas-se-analizo-el-declive-del-complejo-industrial-cafetero-urbano\/#primaryimage"},"thumbnailUrl":"https:\/\/www.ucaldas.edu.co\/portal\/wp-content\/uploads\/2017\/02\/memoria.jpg","keywords":["academia","invitado","conferencia","Espacio y Sociedad","Ciclo Memoria"],"articleSection":["Actualidad","Universidad al D\u00eda"],"inLanguage":"es"},{"@type":"WebPage","@id":"https:\/\/www.ucaldas.edu.co\/portal\/en-u-de-caldas-se-analizo-el-declive-del-complejo-industrial-cafetero-urbano\/","url":"https:\/\/www.ucaldas.edu.co\/portal\/en-u-de-caldas-se-analizo-el-declive-del-complejo-industrial-cafetero-urbano\/","name":"En U. de Caldas se analiz\u00f3 el declive del complejo industrial cafetero urbano .","isPartOf":{"@id":"https:\/\/www.ucaldas.edu.co\/portal\/#website"},"primaryImageOfPage":{"@id":"https:\/\/www.ucaldas.edu.co\/portal\/en-u-de-caldas-se-analizo-el-declive-del-complejo-industrial-cafetero-urbano\/#primaryimage"},"image":{"@id":"https:\/\/www.ucaldas.edu.co\/portal\/en-u-de-caldas-se-analizo-el-declive-del-complejo-industrial-cafetero-urbano\/#primaryimage"},"thumbnailUrl":"https:\/\/www.ucaldas.edu.co\/portal\/wp-content\/uploads\/2017\/02\/memoria.jpg","datePublished":"2017-02-15T21:03:21+00:00","breadcrumb":{"@id":"https:\/\/www.ucaldas.edu.co\/portal\/en-u-de-caldas-se-analizo-el-declive-del-complejo-industrial-cafetero-urbano\/#breadcrumb"},"inLanguage":"es","potentialAction":[{"@type":"ReadAction","target":["https:\/\/www.ucaldas.edu.co\/portal\/en-u-de-caldas-se-analizo-el-declive-del-complejo-industrial-cafetero-urbano\/"]}]},{"@type":"ImageObject","inLanguage":"es","@id":"https:\/\/www.ucaldas.edu.co\/portal\/en-u-de-caldas-se-analizo-el-declive-del-complejo-industrial-cafetero-urbano\/#primaryimage","url":"https:\/\/www.ucaldas.edu.co\/portal\/wp-content\/uploads\/2017\/02\/memoria.jpg","contentUrl":"https:\/\/www.ucaldas.edu.co\/portal\/wp-content\/uploads\/2017\/02\/memoria.jpg"},{"@type":"BreadcrumbList","@id":"https:\/\/www.ucaldas.edu.co\/portal\/en-u-de-caldas-se-analizo-el-declive-del-complejo-industrial-cafetero-urbano\/#breadcrumb","itemListElement":[{"@type":"ListItem","position":1,"name":"Portada","item":"https:\/\/www.ucaldas.edu.co\/portal\/"},{"@type":"ListItem","position":2,"name":"En U. de Caldas se analiz\u00f3 el declive del complejo industrial cafetero urbano"}]},{"@type":"WebSite","@id":"https:\/\/www.ucaldas.edu.co\/portal\/#website","url":"https:\/\/www.ucaldas.edu.co\/portal\/","name":"Universidad de Caldas","description":"","publisher":{"@id":"https:\/\/www.ucaldas.edu.co\/portal\/#organization"},"alternateName":"U. de Caldas","potentialAction":[{"@type":"SearchAction","target":{"@type":"EntryPoint","urlTemplate":"https:\/\/www.ucaldas.edu.co\/portal\/?s={search_term_string}"},"query-input":{"@type":"PropertyValueSpecification","valueRequired":true,"valueName":"search_term_string"}}],"inLanguage":"es"},{"@type":"Organization","@id":"https:\/\/www.ucaldas.edu.co\/portal\/#organization","name":"Universidad de Caldas","alternateName":"U. de Caldas","url":"https:\/\/www.ucaldas.edu.co\/portal\/","logo":{"@type":"ImageObject","inLanguage":"es","@id":"https:\/\/www.ucaldas.edu.co\/portal\/#\/schema\/logo\/image\/","url":"https:\/\/www.ucaldas.edu.co\/portal\/wp-content\/uploads\/2023\/11\/Logo_horizontal_oscuroU-2023.png","contentUrl":"https:\/\/www.ucaldas.edu.co\/portal\/wp-content\/uploads\/2023\/11\/Logo_horizontal_oscuroU-2023.png","width":263,"height":101,"caption":"Universidad de Caldas"},"image":{"@id":"https:\/\/www.ucaldas.edu.co\/portal\/#\/schema\/logo\/image\/"},"sameAs":["https:\/\/www.facebook.com\/udecaldas","https:\/\/x.com\/udecaldas","https:\/\/www.youtube.com\/universidadcaldas","https:\/\/www.instagram.com\/udecaldas\/"]},{"@type":"Person","@id":"https:\/\/www.ucaldas.edu.co\/portal\/#\/schema\/person\/a1b482e23449158b4bc319926c074fdf","name":"ofiprensa","image":{"@type":"ImageObject","inLanguage":"es","@id":"https:\/\/www.ucaldas.edu.co\/portal\/wp-content\/litespeed\/avatar\/09ea5085e600095a7a811142c6944527.jpg?ver=1776892805","url":"https:\/\/www.ucaldas.edu.co\/portal\/wp-content\/litespeed\/avatar\/09ea5085e600095a7a811142c6944527.jpg?ver=1776892805","contentUrl":"https:\/\/www.ucaldas.edu.co\/portal\/wp-content\/litespeed\/avatar\/09ea5085e600095a7a811142c6944527.jpg?ver=1776892805","caption":"ofiprensa"},"url":"https:\/\/www.ucaldas.edu.co\/portal\/author\/ofiprensa\/"}]}},"_links":{"self":[{"href":"https:\/\/www.ucaldas.edu.co\/portal\/wp-json\/wp\/v2\/posts\/34152","targetHints":{"allow":["GET"]}}],"collection":[{"href":"https:\/\/www.ucaldas.edu.co\/portal\/wp-json\/wp\/v2\/posts"}],"about":[{"href":"https:\/\/www.ucaldas.edu.co\/portal\/wp-json\/wp\/v2\/types\/post"}],"author":[{"embeddable":true,"href":"https:\/\/www.ucaldas.edu.co\/portal\/wp-json\/wp\/v2\/users\/2"}],"replies":[{"embeddable":true,"href":"https:\/\/www.ucaldas.edu.co\/portal\/wp-json\/wp\/v2\/comments?post=34152"}],"version-history":[{"count":0,"href":"https:\/\/www.ucaldas.edu.co\/portal\/wp-json\/wp\/v2\/posts\/34152\/revisions"}],"wp:attachment":[{"href":"https:\/\/www.ucaldas.edu.co\/portal\/wp-json\/wp\/v2\/media?parent=34152"}],"wp:term":[{"taxonomy":"category","embeddable":true,"href":"https:\/\/www.ucaldas.edu.co\/portal\/wp-json\/wp\/v2\/categories?post=34152"},{"taxonomy":"post_tag","embeddable":true,"href":"https:\/\/www.ucaldas.edu.co\/portal\/wp-json\/wp\/v2\/tags?post=34152"}],"curies":[{"name":"wp","href":"https:\/\/api.w.org\/{rel}","templated":true}]}}