{"id":3409,"date":"2009-08-20T17:36:36","date_gmt":"2009-08-20T22:36:36","guid":{"rendered":"https:\/\/www.ucaldas.edu.co\/portal\/?p=3409"},"modified":"2009-08-20T17:36:36","modified_gmt":"2009-08-20T22:36:36","slug":"colciencias-tiene-abiertas-nuevas-convocatorias","status":"publish","type":"post","link":"https:\/\/www.ucaldas.edu.co\/portal\/colciencias-tiene-abiertas-nuevas-convocatorias\/","title":{"rendered":"Colciencias tiene abiertas nuevas convocatorias"},"content":{"rendered":"<p>Interesados comunicarse con la Vicerrector\u00eda de Investigaciones de la U. de Caldas<\/p>\n<hr id=\"system-readmore\" \/>\n<p align=\"center\">\n<p>&nbsp;<\/p>\n<p>La Vicerrector\u00eda de Investigaciones y Postgrados de la Universidad de Caldas informa a la comunidad universitaria sobre las convocatorias que actualmente est\u00e1n abiertas en Colciencias, para que los interesados se inscriban y se logre una buena representaci\u00f3n de la Universidad, \u00e9stas son:<\/p>\n<p>&nbsp;<\/p>\n<ul>\n<li>Convocatoria Nacional para estudios de Postgrado en el exterior a nivel de doctorado &#8211; A\u00f1o 2009 &#8211; Conformaci\u00f3n de un Banco de Elegibles.<\/li>\n<\/ul>\n<p>&nbsp;<\/p>\n<p>Esta convocatoria est\u00e1 abierta desde el 11 de junio hasta el 26 de agosto y la publicaci\u00f3n de los resultados se dar\u00e1 a conocer el 14 de octubre.<\/p>\n<p>&nbsp;<\/p>\n<p>Mayores informes en el siguiente enlace: <a href=\"http:\/\/www.colciencias.gov.co\/portalcol\/kernel\/usuario_externo_convocatoria\/detalle_proceso.jsp?opc=1&amp;id_proceso=497\" target=\"_blank\">http:\/\/www.colciencias.gov.co\/portalcol\/kernel\/usuario_externo_convocatoria\/detalle_proceso.jsp?opc=1&amp;id_proceso=497<\/a><\/p>\n<p>&nbsp;<\/p>\n<ul>\n<li>Convocatoria Programa J\u00f3venes Investigadores e Innovadores a\u00f1o 2009.<\/li>\n<\/ul>\n<p>&nbsp;<\/p>\n<p>Esta convocatoria est\u00e1 abierta desde el 11 de junio hasta el 27 de agosto y los resultados se conocer\u00e1n el 15 de octubre.<\/p>\n<p>&nbsp;<\/p>\n<p>Interesados consultar el siguiente enlace: <a href=\"http:\/\/www.colciencias.gov.co\/portalcol\/kernel\/usuario_externo_convocatoria\/detalle_proceso.jsp?opc=1&amp;id_proceso=496\" target=\"_blank\">http:\/\/www.colciencias.gov.co\/portalcol\/kernel\/usuario_externo_convocatoria\/detalle_proceso.jsp?opc=1&amp;id_proceso=496<\/a><\/p>\n<p>&nbsp;<\/p>\n<ul>\n<li>Convocatoria Nacional para Estudios a Nivel de Doctorado en Colombia -A\u00f1o 2009- Conformaci\u00f3n de un Banco de Elegibles.<\/li>\n<\/ul>\n<p>&nbsp;<\/p>\n<p>Esta convocatoria est\u00e1 abierta desde el 11 de junio y se cierra el 16 de septiembre. Los resultados se dar\u00e1n a conocer el 28 de octubre.<\/p>\n<p>&nbsp;<\/p>\n<p>Interesados consultar el siguiente enlace: <a href=\"http:\/\/www.colciencias.gov.co\/portalcol\/kernel\/usuario_externo_convocatoria\/detalle_proceso.jsp?opc=1&amp;id_proceso=494\" target=\"_blank\">http:\/\/www.colciencias.gov.co\/portalcol\/kernel\/usuario_externo_convocatoria\/detalle_proceso.jsp?opc=1&amp;id_proceso=494<\/a><\/p>\n<p>&nbsp;<\/p>\n<p>Adem\u00e1s de consultar en los enlaces anteriormente presentados, las personas interesadas en alguna de estas convocatorias se pueden comunicar a la Vicerrector\u00eda de Investigaciones y Postgrados 878 15 00 Ext. 12215<\/p>\n","protected":false},"excerpt":{"rendered":"<p>Interesados comunicarse con la Vicerrector\u00eda de Investigaciones de la U. de Caldas &nbsp; La Vicerrector\u00eda de Investigaciones y Postgrados de la Universidad de Caldas informa a la comunidad universitaria sobre las convocatorias que actualmente est\u00e1n abiertas en Colciencias, para que los interesados se inscriban y se logre una buena representaci\u00f3n de la Universidad, \u00e9stas son: [&hellip;]<\/p>\n","protected":false},"author":2,"featured_media":0,"comment_status":"closed","ping_status":"closed","sticky":false,"template":"","format":"standard","meta":{"footnotes":""},"categories":[48,53],"tags":[],"class_list":["post-3409","post","type-post","status-publish","format-standard","hentry","category-actualidad","category-universidad-al-dia"],"yoast_head":"<!-- This site is optimized with the Yoast SEO plugin v27.5 - https:\/\/yoast.com\/product\/yoast-seo-wordpress\/ -->\n<title>Colciencias tiene abiertas nuevas convocatorias .<\/title>\n<meta name=\"robots\" content=\"index, follow, max-snippet:-1, max-image-preview:large, max-video-preview:-1\" \/>\n<link rel=\"canonical\" href=\"https:\/\/www.ucaldas.edu.co\/portal\/colciencias-tiene-abiertas-nuevas-convocatorias\/\" \/>\n<script type=\"application\/ld+json\" class=\"yoast-schema-graph\">{\"@context\":\"https:\\\/\\\/schema.org\",\"@graph\":[{\"@type\":\"Article\",\"@id\":\"https:\\\/\\\/www.ucaldas.edu.co\\\/portal\\\/colciencias-tiene-abiertas-nuevas-convocatorias\\\/#article\",\"isPartOf\":{\"@id\":\"https:\\\/\\\/www.ucaldas.edu.co\\\/portal\\\/colciencias-tiene-abiertas-nuevas-convocatorias\\\/\"},\"author\":{\"name\":\"ofiprensa\",\"@id\":\"https:\\\/\\\/www.ucaldas.edu.co\\\/portal\\\/#\\\/schema\\\/person\\\/a1b482e23449158b4bc319926c074fdf\"},\"headline\":\"Colciencias tiene abiertas nuevas convocatorias\",\"datePublished\":\"2009-08-20T22:36:36+00:00\",\"mainEntityOfPage\":{\"@id\":\"https:\\\/\\\/www.ucaldas.edu.co\\\/portal\\\/colciencias-tiene-abiertas-nuevas-convocatorias\\\/\"},\"wordCount\":294,\"publisher\":{\"@id\":\"https:\\\/\\\/www.ucaldas.edu.co\\\/portal\\\/#organization\"},\"articleSection\":[\"Actualidad\",\"Universidad al D\u00eda\"],\"inLanguage\":\"es\"},{\"@type\":\"WebPage\",\"@id\":\"https:\\\/\\\/www.ucaldas.edu.co\\\/portal\\\/colciencias-tiene-abiertas-nuevas-convocatorias\\\/\",\"url\":\"https:\\\/\\\/www.ucaldas.edu.co\\\/portal\\\/colciencias-tiene-abiertas-nuevas-convocatorias\\\/\",\"name\":\"Colciencias tiene abiertas nuevas convocatorias .\",\"isPartOf\":{\"@id\":\"https:\\\/\\\/www.ucaldas.edu.co\\\/portal\\\/#website\"},\"datePublished\":\"2009-08-20T22:36:36+00:00\",\"breadcrumb\":{\"@id\":\"https:\\\/\\\/www.ucaldas.edu.co\\\/portal\\\/colciencias-tiene-abiertas-nuevas-convocatorias\\\/#breadcrumb\"},\"inLanguage\":\"es\",\"potentialAction\":[{\"@type\":\"ReadAction\",\"target\":[\"https:\\\/\\\/www.ucaldas.edu.co\\\/portal\\\/colciencias-tiene-abiertas-nuevas-convocatorias\\\/\"]}]},{\"@type\":\"BreadcrumbList\",\"@id\":\"https:\\\/\\\/www.ucaldas.edu.co\\\/portal\\\/colciencias-tiene-abiertas-nuevas-convocatorias\\\/#breadcrumb\",\"itemListElement\":[{\"@type\":\"ListItem\",\"position\":1,\"name\":\"Portada\",\"item\":\"https:\\\/\\\/www.ucaldas.edu.co\\\/portal\\\/\"},{\"@type\":\"ListItem\",\"position\":2,\"name\":\"Colciencias tiene abiertas nuevas convocatorias\"}]},{\"@type\":\"WebSite\",\"@id\":\"https:\\\/\\\/www.ucaldas.edu.co\\\/portal\\\/#website\",\"url\":\"https:\\\/\\\/www.ucaldas.edu.co\\\/portal\\\/\",\"name\":\"Universidad de Caldas\",\"description\":\"\",\"publisher\":{\"@id\":\"https:\\\/\\\/www.ucaldas.edu.co\\\/portal\\\/#organization\"},\"alternateName\":\"U. de Caldas\",\"potentialAction\":[{\"@type\":\"SearchAction\",\"target\":{\"@type\":\"EntryPoint\",\"urlTemplate\":\"https:\\\/\\\/www.ucaldas.edu.co\\\/portal\\\/?s={search_term_string}\"},\"query-input\":{\"@type\":\"PropertyValueSpecification\",\"valueRequired\":true,\"valueName\":\"search_term_string\"}}],\"inLanguage\":\"es\"},{\"@type\":\"Organization\",\"@id\":\"https:\\\/\\\/www.ucaldas.edu.co\\\/portal\\\/#organization\",\"name\":\"Universidad de Caldas\",\"alternateName\":\"U. de Caldas\",\"url\":\"https:\\\/\\\/www.ucaldas.edu.co\\\/portal\\\/\",\"logo\":{\"@type\":\"ImageObject\",\"inLanguage\":\"es\",\"@id\":\"https:\\\/\\\/www.ucaldas.edu.co\\\/portal\\\/#\\\/schema\\\/logo\\\/image\\\/\",\"url\":\"https:\\\/\\\/www.ucaldas.edu.co\\\/portal\\\/wp-content\\\/uploads\\\/2023\\\/11\\\/Logo_horizontal_oscuroU-2023.png\",\"contentUrl\":\"https:\\\/\\\/www.ucaldas.edu.co\\\/portal\\\/wp-content\\\/uploads\\\/2023\\\/11\\\/Logo_horizontal_oscuroU-2023.png\",\"width\":263,\"height\":101,\"caption\":\"Universidad de Caldas\"},\"image\":{\"@id\":\"https:\\\/\\\/www.ucaldas.edu.co\\\/portal\\\/#\\\/schema\\\/logo\\\/image\\\/\"},\"sameAs\":[\"https:\\\/\\\/www.facebook.com\\\/udecaldas\",\"https:\\\/\\\/x.com\\\/udecaldas\",\"https:\\\/\\\/www.youtube.com\\\/universidadcaldas\",\"https:\\\/\\\/www.instagram.com\\\/udecaldas\\\/\"]},{\"@type\":\"Person\",\"@id\":\"https:\\\/\\\/www.ucaldas.edu.co\\\/portal\\\/#\\\/schema\\\/person\\\/a1b482e23449158b4bc319926c074fdf\",\"name\":\"ofiprensa\",\"image\":{\"@type\":\"ImageObject\",\"inLanguage\":\"es\",\"@id\":\"https:\\\/\\\/www.ucaldas.edu.co\\\/portal\\\/wp-content\\\/litespeed\\\/avatar\\\/09ea5085e600095a7a811142c6944527.jpg?ver=1777497608\",\"url\":\"https:\\\/\\\/www.ucaldas.edu.co\\\/portal\\\/wp-content\\\/litespeed\\\/avatar\\\/09ea5085e600095a7a811142c6944527.jpg?ver=1777497608\",\"contentUrl\":\"https:\\\/\\\/www.ucaldas.edu.co\\\/portal\\\/wp-content\\\/litespeed\\\/avatar\\\/09ea5085e600095a7a811142c6944527.jpg?ver=1777497608\",\"caption\":\"ofiprensa\"},\"url\":\"https:\\\/\\\/www.ucaldas.edu.co\\\/portal\\\/author\\\/ofiprensa\\\/\"}]}<\/script>\n<!-- \/ Yoast SEO plugin. -->","yoast_head_json":{"title":"Colciencias tiene abiertas nuevas convocatorias .","robots":{"index":"index","follow":"follow","max-snippet":"max-snippet:-1","max-image-preview":"max-image-preview:large","max-video-preview":"max-video-preview:-1"},"canonical":"https:\/\/www.ucaldas.edu.co\/portal\/colciencias-tiene-abiertas-nuevas-convocatorias\/","schema":{"@context":"https:\/\/schema.org","@graph":[{"@type":"Article","@id":"https:\/\/www.ucaldas.edu.co\/portal\/colciencias-tiene-abiertas-nuevas-convocatorias\/#article","isPartOf":{"@id":"https:\/\/www.ucaldas.edu.co\/portal\/colciencias-tiene-abiertas-nuevas-convocatorias\/"},"author":{"name":"ofiprensa","@id":"https:\/\/www.ucaldas.edu.co\/portal\/#\/schema\/person\/a1b482e23449158b4bc319926c074fdf"},"headline":"Colciencias tiene abiertas nuevas convocatorias","datePublished":"2009-08-20T22:36:36+00:00","mainEntityOfPage":{"@id":"https:\/\/www.ucaldas.edu.co\/portal\/colciencias-tiene-abiertas-nuevas-convocatorias\/"},"wordCount":294,"publisher":{"@id":"https:\/\/www.ucaldas.edu.co\/portal\/#organization"},"articleSection":["Actualidad","Universidad al D\u00eda"],"inLanguage":"es"},{"@type":"WebPage","@id":"https:\/\/www.ucaldas.edu.co\/portal\/colciencias-tiene-abiertas-nuevas-convocatorias\/","url":"https:\/\/www.ucaldas.edu.co\/portal\/colciencias-tiene-abiertas-nuevas-convocatorias\/","name":"Colciencias tiene abiertas nuevas convocatorias .","isPartOf":{"@id":"https:\/\/www.ucaldas.edu.co\/portal\/#website"},"datePublished":"2009-08-20T22:36:36+00:00","breadcrumb":{"@id":"https:\/\/www.ucaldas.edu.co\/portal\/colciencias-tiene-abiertas-nuevas-convocatorias\/#breadcrumb"},"inLanguage":"es","potentialAction":[{"@type":"ReadAction","target":["https:\/\/www.ucaldas.edu.co\/portal\/colciencias-tiene-abiertas-nuevas-convocatorias\/"]}]},{"@type":"BreadcrumbList","@id":"https:\/\/www.ucaldas.edu.co\/portal\/colciencias-tiene-abiertas-nuevas-convocatorias\/#breadcrumb","itemListElement":[{"@type":"ListItem","position":1,"name":"Portada","item":"https:\/\/www.ucaldas.edu.co\/portal\/"},{"@type":"ListItem","position":2,"name":"Colciencias tiene abiertas nuevas convocatorias"}]},{"@type":"WebSite","@id":"https:\/\/www.ucaldas.edu.co\/portal\/#website","url":"https:\/\/www.ucaldas.edu.co\/portal\/","name":"Universidad de Caldas","description":"","publisher":{"@id":"https:\/\/www.ucaldas.edu.co\/portal\/#organization"},"alternateName":"U. de Caldas","potentialAction":[{"@type":"SearchAction","target":{"@type":"EntryPoint","urlTemplate":"https:\/\/www.ucaldas.edu.co\/portal\/?s={search_term_string}"},"query-input":{"@type":"PropertyValueSpecification","valueRequired":true,"valueName":"search_term_string"}}],"inLanguage":"es"},{"@type":"Organization","@id":"https:\/\/www.ucaldas.edu.co\/portal\/#organization","name":"Universidad de Caldas","alternateName":"U. de Caldas","url":"https:\/\/www.ucaldas.edu.co\/portal\/","logo":{"@type":"ImageObject","inLanguage":"es","@id":"https:\/\/www.ucaldas.edu.co\/portal\/#\/schema\/logo\/image\/","url":"https:\/\/www.ucaldas.edu.co\/portal\/wp-content\/uploads\/2023\/11\/Logo_horizontal_oscuroU-2023.png","contentUrl":"https:\/\/www.ucaldas.edu.co\/portal\/wp-content\/uploads\/2023\/11\/Logo_horizontal_oscuroU-2023.png","width":263,"height":101,"caption":"Universidad de Caldas"},"image":{"@id":"https:\/\/www.ucaldas.edu.co\/portal\/#\/schema\/logo\/image\/"},"sameAs":["https:\/\/www.facebook.com\/udecaldas","https:\/\/x.com\/udecaldas","https:\/\/www.youtube.com\/universidadcaldas","https:\/\/www.instagram.com\/udecaldas\/"]},{"@type":"Person","@id":"https:\/\/www.ucaldas.edu.co\/portal\/#\/schema\/person\/a1b482e23449158b4bc319926c074fdf","name":"ofiprensa","image":{"@type":"ImageObject","inLanguage":"es","@id":"https:\/\/www.ucaldas.edu.co\/portal\/wp-content\/litespeed\/avatar\/09ea5085e600095a7a811142c6944527.jpg?ver=1777497608","url":"https:\/\/www.ucaldas.edu.co\/portal\/wp-content\/litespeed\/avatar\/09ea5085e600095a7a811142c6944527.jpg?ver=1777497608","contentUrl":"https:\/\/www.ucaldas.edu.co\/portal\/wp-content\/litespeed\/avatar\/09ea5085e600095a7a811142c6944527.jpg?ver=1777497608","caption":"ofiprensa"},"url":"https:\/\/www.ucaldas.edu.co\/portal\/author\/ofiprensa\/"}]}},"_links":{"self":[{"href":"https:\/\/www.ucaldas.edu.co\/portal\/wp-json\/wp\/v2\/posts\/3409","targetHints":{"allow":["GET"]}}],"collection":[{"href":"https:\/\/www.ucaldas.edu.co\/portal\/wp-json\/wp\/v2\/posts"}],"about":[{"href":"https:\/\/www.ucaldas.edu.co\/portal\/wp-json\/wp\/v2\/types\/post"}],"author":[{"embeddable":true,"href":"https:\/\/www.ucaldas.edu.co\/portal\/wp-json\/wp\/v2\/users\/2"}],"replies":[{"embeddable":true,"href":"https:\/\/www.ucaldas.edu.co\/portal\/wp-json\/wp\/v2\/comments?post=3409"}],"version-history":[{"count":0,"href":"https:\/\/www.ucaldas.edu.co\/portal\/wp-json\/wp\/v2\/posts\/3409\/revisions"}],"wp:attachment":[{"href":"https:\/\/www.ucaldas.edu.co\/portal\/wp-json\/wp\/v2\/media?parent=3409"}],"wp:term":[{"taxonomy":"category","embeddable":true,"href":"https:\/\/www.ucaldas.edu.co\/portal\/wp-json\/wp\/v2\/categories?post=3409"},{"taxonomy":"post_tag","embeddable":true,"href":"https:\/\/www.ucaldas.edu.co\/portal\/wp-json\/wp\/v2\/tags?post=3409"}],"curies":[{"name":"wp","href":"https:\/\/api.w.org\/{rel}","templated":true}]}}