{"id":3407,"date":"2009-08-20T17:35:49","date_gmt":"2009-08-20T22:35:49","guid":{"rendered":"https:\/\/www.ucaldas.edu.co\/portal\/?p=3407"},"modified":"2009-08-20T17:35:49","modified_gmt":"2009-08-20T22:35:49","slug":"la-red-alma-mater-lanzara-su-sello-editorial-en-el-marco-de-la-22a-feria-internacional-de-libro-de-bogota","status":"publish","type":"post","link":"https:\/\/www.ucaldas.edu.co\/portal\/la-red-alma-mater-lanzara-su-sello-editorial-en-el-marco-de-la-22a-feria-internacional-de-libro-de-bogota\/","title":{"rendered":"La Red Alma Mater lanzar\u00e1 su sello editorial en el marco de la 22\u00aa Feria Internacional de Libro de Bogot\u00e1"},"content":{"rendered":"<p><b><\/b>Ma\u00f1ana en la sala Jos\u00e9 Eustasio Rivera<\/p>\n<hr id=\"system-readmore\" \/>\n<p align=\"center\">\n<p>La Red Alma Mater, integrada por las universidades p\u00fablicas del Eje Cafetero: Caldas, Quind\u00edo, Tecnol\u00f3gica de Pereira, Tolima y Universidad Nacional Abierta y a Distancia UNAD, participan en la 22\u00aa Feria Internacional del Libro de Bogot\u00e1, ubicada en el stand No. 333, pabell\u00f3n 3 en el piso 2 de Corferias.<\/p>\n<p>&nbsp;<\/p>\n<p>Este viernes 21 de agosto a las 3:00 p.m. en la Sala Jos\u00e9 Eustasio Rivera la Red Alma Mater lanzar\u00e1 su sello editorial, el cual se inaugura con la obra C\u00f3ndores no se entierran todos los d\u00edas, del escritor Gustavo \u00c1lvarez Gardeaz\u00e1bal, dentro de la colecci\u00f3n Cl\u00e1sicos Regionales.<\/p>\n<p>&nbsp;<\/p>\n<p>Interesados comunicarse con la Oficina de Prensa y Comunicaciones de la Universidad de Caldas 878 15 00 Ext. 11167<\/p>\n","protected":false},"excerpt":{"rendered":"<p>Ma\u00f1ana en la sala Jos\u00e9 Eustasio Rivera La Red Alma Mater, integrada por las universidades p\u00fablicas del Eje Cafetero: Caldas, Quind\u00edo, Tecnol\u00f3gica de Pereira, Tolima y Universidad Nacional Abierta y a Distancia UNAD, participan en la 22\u00aa Feria Internacional del Libro de Bogot\u00e1, ubicada en el stand No. 333, pabell\u00f3n 3 en el piso 2 [&hellip;]<\/p>\n","protected":false},"author":2,"featured_media":0,"comment_status":"closed","ping_status":"closed","sticky":false,"template":"","format":"standard","meta":{"footnotes":""},"categories":[48,53],"tags":[],"class_list":["post-3407","post","type-post","status-publish","format-standard","hentry","category-actualidad","category-universidad-al-dia"],"yoast_head":"<!-- This site is optimized with the Yoast SEO plugin v27.5 - https:\/\/yoast.com\/product\/yoast-seo-wordpress\/ -->\n<title>La Red Alma Mater lanzar\u00e1 su sello editorial en el marco de la 22\u00aa Feria Internacional de Libro de Bogot\u00e1 .<\/title>\n<meta name=\"robots\" content=\"index, follow, max-snippet:-1, max-image-preview:large, max-video-preview:-1\" \/>\n<link rel=\"canonical\" href=\"https:\/\/www.ucaldas.edu.co\/portal\/la-red-alma-mater-lanzara-su-sello-editorial-en-el-marco-de-la-22a-feria-internacional-de-libro-de-bogota\/\" \/>\n<script type=\"application\/ld+json\" class=\"yoast-schema-graph\">{\"@context\":\"https:\\\/\\\/schema.org\",\"@graph\":[{\"@type\":\"Article\",\"@id\":\"https:\\\/\\\/www.ucaldas.edu.co\\\/portal\\\/la-red-alma-mater-lanzara-su-sello-editorial-en-el-marco-de-la-22a-feria-internacional-de-libro-de-bogota\\\/#article\",\"isPartOf\":{\"@id\":\"https:\\\/\\\/www.ucaldas.edu.co\\\/portal\\\/la-red-alma-mater-lanzara-su-sello-editorial-en-el-marco-de-la-22a-feria-internacional-de-libro-de-bogota\\\/\"},\"author\":{\"name\":\"ofiprensa\",\"@id\":\"https:\\\/\\\/www.ucaldas.edu.co\\\/portal\\\/#\\\/schema\\\/person\\\/a1b482e23449158b4bc319926c074fdf\"},\"headline\":\"La Red Alma Mater lanzar\u00e1 su sello editorial en el marco de la 22\u00aa Feria Internacional de Libro de Bogot\u00e1\",\"datePublished\":\"2009-08-20T22:35:49+00:00\",\"mainEntityOfPage\":{\"@id\":\"https:\\\/\\\/www.ucaldas.edu.co\\\/portal\\\/la-red-alma-mater-lanzara-su-sello-editorial-en-el-marco-de-la-22a-feria-internacional-de-libro-de-bogota\\\/\"},\"wordCount\":146,\"publisher\":{\"@id\":\"https:\\\/\\\/www.ucaldas.edu.co\\\/portal\\\/#organization\"},\"articleSection\":[\"Actualidad\",\"Universidad al D\u00eda\"],\"inLanguage\":\"es\"},{\"@type\":\"WebPage\",\"@id\":\"https:\\\/\\\/www.ucaldas.edu.co\\\/portal\\\/la-red-alma-mater-lanzara-su-sello-editorial-en-el-marco-de-la-22a-feria-internacional-de-libro-de-bogota\\\/\",\"url\":\"https:\\\/\\\/www.ucaldas.edu.co\\\/portal\\\/la-red-alma-mater-lanzara-su-sello-editorial-en-el-marco-de-la-22a-feria-internacional-de-libro-de-bogota\\\/\",\"name\":\"La Red Alma Mater lanzar\u00e1 su sello editorial en el marco de la 22\u00aa Feria Internacional de Libro de Bogot\u00e1 .\",\"isPartOf\":{\"@id\":\"https:\\\/\\\/www.ucaldas.edu.co\\\/portal\\\/#website\"},\"datePublished\":\"2009-08-20T22:35:49+00:00\",\"breadcrumb\":{\"@id\":\"https:\\\/\\\/www.ucaldas.edu.co\\\/portal\\\/la-red-alma-mater-lanzara-su-sello-editorial-en-el-marco-de-la-22a-feria-internacional-de-libro-de-bogota\\\/#breadcrumb\"},\"inLanguage\":\"es\",\"potentialAction\":[{\"@type\":\"ReadAction\",\"target\":[\"https:\\\/\\\/www.ucaldas.edu.co\\\/portal\\\/la-red-alma-mater-lanzara-su-sello-editorial-en-el-marco-de-la-22a-feria-internacional-de-libro-de-bogota\\\/\"]}]},{\"@type\":\"BreadcrumbList\",\"@id\":\"https:\\\/\\\/www.ucaldas.edu.co\\\/portal\\\/la-red-alma-mater-lanzara-su-sello-editorial-en-el-marco-de-la-22a-feria-internacional-de-libro-de-bogota\\\/#breadcrumb\",\"itemListElement\":[{\"@type\":\"ListItem\",\"position\":1,\"name\":\"Portada\",\"item\":\"https:\\\/\\\/www.ucaldas.edu.co\\\/portal\\\/\"},{\"@type\":\"ListItem\",\"position\":2,\"name\":\"La Red Alma Mater lanzar\u00e1 su sello editorial en el marco de la 22\u00aa Feria Internacional de Libro de Bogot\u00e1\"}]},{\"@type\":\"WebSite\",\"@id\":\"https:\\\/\\\/www.ucaldas.edu.co\\\/portal\\\/#website\",\"url\":\"https:\\\/\\\/www.ucaldas.edu.co\\\/portal\\\/\",\"name\":\"Universidad de Caldas\",\"description\":\"\",\"publisher\":{\"@id\":\"https:\\\/\\\/www.ucaldas.edu.co\\\/portal\\\/#organization\"},\"alternateName\":\"U. de Caldas\",\"potentialAction\":[{\"@type\":\"SearchAction\",\"target\":{\"@type\":\"EntryPoint\",\"urlTemplate\":\"https:\\\/\\\/www.ucaldas.edu.co\\\/portal\\\/?s={search_term_string}\"},\"query-input\":{\"@type\":\"PropertyValueSpecification\",\"valueRequired\":true,\"valueName\":\"search_term_string\"}}],\"inLanguage\":\"es\"},{\"@type\":\"Organization\",\"@id\":\"https:\\\/\\\/www.ucaldas.edu.co\\\/portal\\\/#organization\",\"name\":\"Universidad de Caldas\",\"alternateName\":\"U. de Caldas\",\"url\":\"https:\\\/\\\/www.ucaldas.edu.co\\\/portal\\\/\",\"logo\":{\"@type\":\"ImageObject\",\"inLanguage\":\"es\",\"@id\":\"https:\\\/\\\/www.ucaldas.edu.co\\\/portal\\\/#\\\/schema\\\/logo\\\/image\\\/\",\"url\":\"https:\\\/\\\/www.ucaldas.edu.co\\\/portal\\\/wp-content\\\/uploads\\\/2023\\\/11\\\/Logo_horizontal_oscuroU-2023.png\",\"contentUrl\":\"https:\\\/\\\/www.ucaldas.edu.co\\\/portal\\\/wp-content\\\/uploads\\\/2023\\\/11\\\/Logo_horizontal_oscuroU-2023.png\",\"width\":263,\"height\":101,\"caption\":\"Universidad de Caldas\"},\"image\":{\"@id\":\"https:\\\/\\\/www.ucaldas.edu.co\\\/portal\\\/#\\\/schema\\\/logo\\\/image\\\/\"},\"sameAs\":[\"https:\\\/\\\/www.facebook.com\\\/udecaldas\",\"https:\\\/\\\/x.com\\\/udecaldas\",\"https:\\\/\\\/www.youtube.com\\\/universidadcaldas\",\"https:\\\/\\\/www.instagram.com\\\/udecaldas\\\/\"]},{\"@type\":\"Person\",\"@id\":\"https:\\\/\\\/www.ucaldas.edu.co\\\/portal\\\/#\\\/schema\\\/person\\\/a1b482e23449158b4bc319926c074fdf\",\"name\":\"ofiprensa\",\"image\":{\"@type\":\"ImageObject\",\"inLanguage\":\"es\",\"@id\":\"https:\\\/\\\/www.ucaldas.edu.co\\\/portal\\\/wp-content\\\/litespeed\\\/avatar\\\/09ea5085e600095a7a811142c6944527.jpg?ver=1777497608\",\"url\":\"https:\\\/\\\/www.ucaldas.edu.co\\\/portal\\\/wp-content\\\/litespeed\\\/avatar\\\/09ea5085e600095a7a811142c6944527.jpg?ver=1777497608\",\"contentUrl\":\"https:\\\/\\\/www.ucaldas.edu.co\\\/portal\\\/wp-content\\\/litespeed\\\/avatar\\\/09ea5085e600095a7a811142c6944527.jpg?ver=1777497608\",\"caption\":\"ofiprensa\"},\"url\":\"https:\\\/\\\/www.ucaldas.edu.co\\\/portal\\\/author\\\/ofiprensa\\\/\"}]}<\/script>\n<!-- \/ Yoast SEO plugin. -->","yoast_head_json":{"title":"La Red Alma Mater lanzar\u00e1 su sello editorial en el marco de la 22\u00aa Feria Internacional de Libro de Bogot\u00e1 .","robots":{"index":"index","follow":"follow","max-snippet":"max-snippet:-1","max-image-preview":"max-image-preview:large","max-video-preview":"max-video-preview:-1"},"canonical":"https:\/\/www.ucaldas.edu.co\/portal\/la-red-alma-mater-lanzara-su-sello-editorial-en-el-marco-de-la-22a-feria-internacional-de-libro-de-bogota\/","schema":{"@context":"https:\/\/schema.org","@graph":[{"@type":"Article","@id":"https:\/\/www.ucaldas.edu.co\/portal\/la-red-alma-mater-lanzara-su-sello-editorial-en-el-marco-de-la-22a-feria-internacional-de-libro-de-bogota\/#article","isPartOf":{"@id":"https:\/\/www.ucaldas.edu.co\/portal\/la-red-alma-mater-lanzara-su-sello-editorial-en-el-marco-de-la-22a-feria-internacional-de-libro-de-bogota\/"},"author":{"name":"ofiprensa","@id":"https:\/\/www.ucaldas.edu.co\/portal\/#\/schema\/person\/a1b482e23449158b4bc319926c074fdf"},"headline":"La Red Alma Mater lanzar\u00e1 su sello editorial en el marco de la 22\u00aa Feria Internacional de Libro de Bogot\u00e1","datePublished":"2009-08-20T22:35:49+00:00","mainEntityOfPage":{"@id":"https:\/\/www.ucaldas.edu.co\/portal\/la-red-alma-mater-lanzara-su-sello-editorial-en-el-marco-de-la-22a-feria-internacional-de-libro-de-bogota\/"},"wordCount":146,"publisher":{"@id":"https:\/\/www.ucaldas.edu.co\/portal\/#organization"},"articleSection":["Actualidad","Universidad al D\u00eda"],"inLanguage":"es"},{"@type":"WebPage","@id":"https:\/\/www.ucaldas.edu.co\/portal\/la-red-alma-mater-lanzara-su-sello-editorial-en-el-marco-de-la-22a-feria-internacional-de-libro-de-bogota\/","url":"https:\/\/www.ucaldas.edu.co\/portal\/la-red-alma-mater-lanzara-su-sello-editorial-en-el-marco-de-la-22a-feria-internacional-de-libro-de-bogota\/","name":"La Red Alma Mater lanzar\u00e1 su sello editorial en el marco de la 22\u00aa Feria Internacional de Libro de Bogot\u00e1 .","isPartOf":{"@id":"https:\/\/www.ucaldas.edu.co\/portal\/#website"},"datePublished":"2009-08-20T22:35:49+00:00","breadcrumb":{"@id":"https:\/\/www.ucaldas.edu.co\/portal\/la-red-alma-mater-lanzara-su-sello-editorial-en-el-marco-de-la-22a-feria-internacional-de-libro-de-bogota\/#breadcrumb"},"inLanguage":"es","potentialAction":[{"@type":"ReadAction","target":["https:\/\/www.ucaldas.edu.co\/portal\/la-red-alma-mater-lanzara-su-sello-editorial-en-el-marco-de-la-22a-feria-internacional-de-libro-de-bogota\/"]}]},{"@type":"BreadcrumbList","@id":"https:\/\/www.ucaldas.edu.co\/portal\/la-red-alma-mater-lanzara-su-sello-editorial-en-el-marco-de-la-22a-feria-internacional-de-libro-de-bogota\/#breadcrumb","itemListElement":[{"@type":"ListItem","position":1,"name":"Portada","item":"https:\/\/www.ucaldas.edu.co\/portal\/"},{"@type":"ListItem","position":2,"name":"La Red Alma Mater lanzar\u00e1 su sello editorial en el marco de la 22\u00aa Feria Internacional de Libro de Bogot\u00e1"}]},{"@type":"WebSite","@id":"https:\/\/www.ucaldas.edu.co\/portal\/#website","url":"https:\/\/www.ucaldas.edu.co\/portal\/","name":"Universidad de Caldas","description":"","publisher":{"@id":"https:\/\/www.ucaldas.edu.co\/portal\/#organization"},"alternateName":"U. de Caldas","potentialAction":[{"@type":"SearchAction","target":{"@type":"EntryPoint","urlTemplate":"https:\/\/www.ucaldas.edu.co\/portal\/?s={search_term_string}"},"query-input":{"@type":"PropertyValueSpecification","valueRequired":true,"valueName":"search_term_string"}}],"inLanguage":"es"},{"@type":"Organization","@id":"https:\/\/www.ucaldas.edu.co\/portal\/#organization","name":"Universidad de Caldas","alternateName":"U. de Caldas","url":"https:\/\/www.ucaldas.edu.co\/portal\/","logo":{"@type":"ImageObject","inLanguage":"es","@id":"https:\/\/www.ucaldas.edu.co\/portal\/#\/schema\/logo\/image\/","url":"https:\/\/www.ucaldas.edu.co\/portal\/wp-content\/uploads\/2023\/11\/Logo_horizontal_oscuroU-2023.png","contentUrl":"https:\/\/www.ucaldas.edu.co\/portal\/wp-content\/uploads\/2023\/11\/Logo_horizontal_oscuroU-2023.png","width":263,"height":101,"caption":"Universidad de Caldas"},"image":{"@id":"https:\/\/www.ucaldas.edu.co\/portal\/#\/schema\/logo\/image\/"},"sameAs":["https:\/\/www.facebook.com\/udecaldas","https:\/\/x.com\/udecaldas","https:\/\/www.youtube.com\/universidadcaldas","https:\/\/www.instagram.com\/udecaldas\/"]},{"@type":"Person","@id":"https:\/\/www.ucaldas.edu.co\/portal\/#\/schema\/person\/a1b482e23449158b4bc319926c074fdf","name":"ofiprensa","image":{"@type":"ImageObject","inLanguage":"es","@id":"https:\/\/www.ucaldas.edu.co\/portal\/wp-content\/litespeed\/avatar\/09ea5085e600095a7a811142c6944527.jpg?ver=1777497608","url":"https:\/\/www.ucaldas.edu.co\/portal\/wp-content\/litespeed\/avatar\/09ea5085e600095a7a811142c6944527.jpg?ver=1777497608","contentUrl":"https:\/\/www.ucaldas.edu.co\/portal\/wp-content\/litespeed\/avatar\/09ea5085e600095a7a811142c6944527.jpg?ver=1777497608","caption":"ofiprensa"},"url":"https:\/\/www.ucaldas.edu.co\/portal\/author\/ofiprensa\/"}]}},"_links":{"self":[{"href":"https:\/\/www.ucaldas.edu.co\/portal\/wp-json\/wp\/v2\/posts\/3407","targetHints":{"allow":["GET"]}}],"collection":[{"href":"https:\/\/www.ucaldas.edu.co\/portal\/wp-json\/wp\/v2\/posts"}],"about":[{"href":"https:\/\/www.ucaldas.edu.co\/portal\/wp-json\/wp\/v2\/types\/post"}],"author":[{"embeddable":true,"href":"https:\/\/www.ucaldas.edu.co\/portal\/wp-json\/wp\/v2\/users\/2"}],"replies":[{"embeddable":true,"href":"https:\/\/www.ucaldas.edu.co\/portal\/wp-json\/wp\/v2\/comments?post=3407"}],"version-history":[{"count":0,"href":"https:\/\/www.ucaldas.edu.co\/portal\/wp-json\/wp\/v2\/posts\/3407\/revisions"}],"wp:attachment":[{"href":"https:\/\/www.ucaldas.edu.co\/portal\/wp-json\/wp\/v2\/media?parent=3407"}],"wp:term":[{"taxonomy":"category","embeddable":true,"href":"https:\/\/www.ucaldas.edu.co\/portal\/wp-json\/wp\/v2\/categories?post=3407"},{"taxonomy":"post_tag","embeddable":true,"href":"https:\/\/www.ucaldas.edu.co\/portal\/wp-json\/wp\/v2\/tags?post=3407"}],"curies":[{"name":"wp","href":"https:\/\/api.w.org\/{rel}","templated":true}]}}