{"id":34068,"date":"2017-02-08T14:51:29","date_gmt":"2017-02-08T19:51:29","guid":{"rendered":"https:\/\/www.ucaldas.edu.co\/portal\/?p=34068"},"modified":"2017-02-08T14:51:29","modified_gmt":"2017-02-08T19:51:29","slug":"presidentes-de-terpel-y-de-cementos-argos-visitaron-centro-cultural-universitario-rogelio-salmona","status":"publish","type":"post","link":"https:\/\/www.ucaldas.edu.co\/portal\/presidentes-de-terpel-y-de-cementos-argos-visitaron-centro-cultural-universitario-rogelio-salmona\/","title":{"rendered":"Presidentes de Terpel y de Cementos Argos visitaron Centro Cultural Universitario Rogelio Salmona"},"content":{"rendered":"<p style=\"text-align: center;\">CONOCIERON AVANCES DE PRIMERA ETAPA CORRESPONDIENTE A LA BIBLIOTECA<\/p>\n<p style=\"text-align: center;\"><strong>Presidentes de Terpel y de Cementos Argos visitaron Centro Cultural Universitario Rogelio Salmona<\/strong><\/p>\n<p style=\"text-align: right;\">8\/02\/2017<\/p>\n<p><img loading=\"lazy\" decoding=\"async\" class=\"alignnone size-full wp-image-34069 aligncenter\" src=\"https:\/\/www.ucaldas.edu.co\/portal\/wp-content\/uploads\/2017\/02\/visce.jpg\" alt=\"visce\" width=\"358\" height=\"283\" \/><\/p>\n<p>El <strong>Centro Cultural Universitario Rogelio Salmona <\/strong>de la Universidad de Caldas, que avanza en su primera etapa correspondiente a la biblioteca, <strong>recibi\u00f3<\/strong> el pasado 7 de febrero del 2017 a Sylvia Escovar, <strong>Presidente de la organizaci\u00f3n Terpel<\/strong>, y a Juan Esteban Calle, <strong>Presidente de Cementos Argos.<\/strong><\/p>\n<p><!--more--><\/p>\n<p>Ana Mar\u00eda Giraldo Gonz\u00e1lez, <strong>arquitecta residente de la primera etapa del Centro, <\/strong>explic\u00f3: \u201cesta es una <strong>obra emblem\u00e1tica<\/strong>, no solo dise\u00f1ada por un arquitecto considerado como el mejor de Colombia en los \u00faltimos tiempos, sino tambi\u00e9n un edificio institucional importante para la ciudad\u201d.<\/p>\n<p>&nbsp;<\/p>\n<p>\u201cArquitect\u00f3nicamente es un edificio muy bello, dise\u00f1ado con todo el detalle y sacando todo el partido a nuestros materiales locales. <strong>Es una construcci\u00f3n que nos ha ense\u00f1ado mucho y en la que capitalizamos el aprendizaje de todos<\/strong>\u201d, agreg\u00f3.<\/p>\n<p>&nbsp;<\/p>\n<p><strong>Percepciones<\/strong><\/p>\n<p><strong>Sylvia Escovar, Presidente de la organizaci\u00f3n Terpel<\/strong><\/p>\n<p>Esta obra es realmente espectacular. Me da mucha emoci\u00f3n porque el maestro Salmona trabaj\u00f3 conmigo y veo el reflejo de su pensamiento de incluir la ciudad. <strong>Felicito a la U. de Caldas por apostar a esta propuesta, que va a influir en la calidad de la educaci\u00f3n no s\u00f3lo de la Universidad, sino de la ciudad y la regi\u00f3n<\/strong>.<\/p>\n<p>&nbsp;<\/p>\n<p><strong>Juan Esteban Calle, Presidente de Cementos Argos<\/strong><\/p>\n<p>Los felicito. Es una obra extraordinaria desde todo punto de vista y nunca en mi vida hab\u00eda conocido una aplicaci\u00f3n de concreto m\u00e1s bonita que esta. <strong>El Centro ser\u00e1 emblem\u00e1tico para la regi\u00f3n y el pa\u00eds y es un honor para nosotros poder participar en este sue\u00f1o, que no s\u00f3lo es de Manizales sino de Colombia<\/strong>.<\/p>\n<p>&nbsp;<\/p>\n<p><a href=\"https:\/\/www.facebook.com\/media\/set\/?set=a.1296772407051288.1073745196.107054166023124&amp;type=1&amp;l=42da5085f2\">Conozca im\u00e1genes de la visita al Centro Cultural Universitario Rogelio Salmona de la U. de Caldas<\/a><\/p>\n<p><strong>\u00a0<\/strong><\/p>\n<p><strong>Informes: <\/strong>Oficina de Comunicaciones y Prensa U. de Caldas, tel\u00e9fono 878 15 00 extensi\u00f3n 12 167.<\/p>\n<p><strong>Redacci\u00f3n: <\/strong>Margarita Laverde<\/p>\n<p>&nbsp;<\/p>\n","protected":false},"excerpt":{"rendered":"<p>CONOCIERON AVANCES DE PRIMERA ETAPA CORRESPONDIENTE A LA BIBLIOTECA Presidentes de Terpel y de Cementos Argos visitaron Centro Cultural Universitario Rogelio Salmona 8\/02\/2017 El Centro Cultural Universitario Rogelio Salmona de la Universidad de Caldas, que avanza en su primera etapa correspondiente a la biblioteca, recibi\u00f3 el pasado 7 de febrero del 2017 a Sylvia Escovar, [&hellip;]<\/p>\n","protected":false},"author":2,"featured_media":0,"comment_status":"closed","ping_status":"closed","sticky":false,"template":"","format":"standard","meta":{"footnotes":""},"categories":[48,53],"tags":[455,456,73,233,319,454],"class_list":["post-34068","post","type-post","status-publish","format-standard","hentry","category-actualidad","category-universidad-al-dia","tag-cultural-universitario-rogelio-salmona","tag-terpel","tag-proyeccion","tag-visita","tag-ccu","tag-cementos-argos"],"yoast_head":"<!-- This site is optimized with the Yoast SEO plugin v27.5 - https:\/\/yoast.com\/product\/yoast-seo-wordpress\/ -->\n<title>Presidentes de Terpel y de Cementos Argos visitaron Centro Cultural Universitario Rogelio Salmona .<\/title>\n<meta name=\"robots\" content=\"index, follow, max-snippet:-1, max-image-preview:large, max-video-preview:-1\" \/>\n<link rel=\"canonical\" href=\"https:\/\/www.ucaldas.edu.co\/portal\/presidentes-de-terpel-y-de-cementos-argos-visitaron-centro-cultural-universitario-rogelio-salmona\/\" \/>\n<script type=\"application\/ld+json\" class=\"yoast-schema-graph\">{\"@context\":\"https:\\\/\\\/schema.org\",\"@graph\":[{\"@type\":\"Article\",\"@id\":\"https:\\\/\\\/www.ucaldas.edu.co\\\/portal\\\/presidentes-de-terpel-y-de-cementos-argos-visitaron-centro-cultural-universitario-rogelio-salmona\\\/#article\",\"isPartOf\":{\"@id\":\"https:\\\/\\\/www.ucaldas.edu.co\\\/portal\\\/presidentes-de-terpel-y-de-cementos-argos-visitaron-centro-cultural-universitario-rogelio-salmona\\\/\"},\"author\":{\"name\":\"ofiprensa\",\"@id\":\"https:\\\/\\\/www.ucaldas.edu.co\\\/portal\\\/#\\\/schema\\\/person\\\/a1b482e23449158b4bc319926c074fdf\"},\"headline\":\"Presidentes de Terpel y de Cementos Argos visitaron Centro Cultural Universitario Rogelio Salmona\",\"datePublished\":\"2017-02-08T19:51:29+00:00\",\"mainEntityOfPage\":{\"@id\":\"https:\\\/\\\/www.ucaldas.edu.co\\\/portal\\\/presidentes-de-terpel-y-de-cementos-argos-visitaron-centro-cultural-universitario-rogelio-salmona\\\/\"},\"wordCount\":352,\"publisher\":{\"@id\":\"https:\\\/\\\/www.ucaldas.edu.co\\\/portal\\\/#organization\"},\"image\":{\"@id\":\"https:\\\/\\\/www.ucaldas.edu.co\\\/portal\\\/presidentes-de-terpel-y-de-cementos-argos-visitaron-centro-cultural-universitario-rogelio-salmona\\\/#primaryimage\"},\"thumbnailUrl\":\"https:\\\/\\\/www.ucaldas.edu.co\\\/portal\\\/wp-content\\\/uploads\\\/2017\\\/02\\\/visce.jpg\",\"keywords\":[\"Cultural Universitario Rogelio Salmona\",\"Terpel\",\"Proyecci\u00f3n\",\"visita\",\"CCU\",\"Cementos Argos\"],\"articleSection\":[\"Actualidad\",\"Universidad al D\u00eda\"],\"inLanguage\":\"es\"},{\"@type\":\"WebPage\",\"@id\":\"https:\\\/\\\/www.ucaldas.edu.co\\\/portal\\\/presidentes-de-terpel-y-de-cementos-argos-visitaron-centro-cultural-universitario-rogelio-salmona\\\/\",\"url\":\"https:\\\/\\\/www.ucaldas.edu.co\\\/portal\\\/presidentes-de-terpel-y-de-cementos-argos-visitaron-centro-cultural-universitario-rogelio-salmona\\\/\",\"name\":\"Presidentes de Terpel y de Cementos Argos visitaron Centro Cultural Universitario Rogelio Salmona .\",\"isPartOf\":{\"@id\":\"https:\\\/\\\/www.ucaldas.edu.co\\\/portal\\\/#website\"},\"primaryImageOfPage\":{\"@id\":\"https:\\\/\\\/www.ucaldas.edu.co\\\/portal\\\/presidentes-de-terpel-y-de-cementos-argos-visitaron-centro-cultural-universitario-rogelio-salmona\\\/#primaryimage\"},\"image\":{\"@id\":\"https:\\\/\\\/www.ucaldas.edu.co\\\/portal\\\/presidentes-de-terpel-y-de-cementos-argos-visitaron-centro-cultural-universitario-rogelio-salmona\\\/#primaryimage\"},\"thumbnailUrl\":\"https:\\\/\\\/www.ucaldas.edu.co\\\/portal\\\/wp-content\\\/uploads\\\/2017\\\/02\\\/visce.jpg\",\"datePublished\":\"2017-02-08T19:51:29+00:00\",\"breadcrumb\":{\"@id\":\"https:\\\/\\\/www.ucaldas.edu.co\\\/portal\\\/presidentes-de-terpel-y-de-cementos-argos-visitaron-centro-cultural-universitario-rogelio-salmona\\\/#breadcrumb\"},\"inLanguage\":\"es\",\"potentialAction\":[{\"@type\":\"ReadAction\",\"target\":[\"https:\\\/\\\/www.ucaldas.edu.co\\\/portal\\\/presidentes-de-terpel-y-de-cementos-argos-visitaron-centro-cultural-universitario-rogelio-salmona\\\/\"]}]},{\"@type\":\"ImageObject\",\"inLanguage\":\"es\",\"@id\":\"https:\\\/\\\/www.ucaldas.edu.co\\\/portal\\\/presidentes-de-terpel-y-de-cementos-argos-visitaron-centro-cultural-universitario-rogelio-salmona\\\/#primaryimage\",\"url\":\"https:\\\/\\\/www.ucaldas.edu.co\\\/portal\\\/wp-content\\\/uploads\\\/2017\\\/02\\\/visce.jpg\",\"contentUrl\":\"https:\\\/\\\/www.ucaldas.edu.co\\\/portal\\\/wp-content\\\/uploads\\\/2017\\\/02\\\/visce.jpg\"},{\"@type\":\"BreadcrumbList\",\"@id\":\"https:\\\/\\\/www.ucaldas.edu.co\\\/portal\\\/presidentes-de-terpel-y-de-cementos-argos-visitaron-centro-cultural-universitario-rogelio-salmona\\\/#breadcrumb\",\"itemListElement\":[{\"@type\":\"ListItem\",\"position\":1,\"name\":\"Portada\",\"item\":\"https:\\\/\\\/www.ucaldas.edu.co\\\/portal\\\/\"},{\"@type\":\"ListItem\",\"position\":2,\"name\":\"Presidentes de Terpel y de Cementos Argos visitaron Centro Cultural Universitario Rogelio Salmona\"}]},{\"@type\":\"WebSite\",\"@id\":\"https:\\\/\\\/www.ucaldas.edu.co\\\/portal\\\/#website\",\"url\":\"https:\\\/\\\/www.ucaldas.edu.co\\\/portal\\\/\",\"name\":\"Universidad de Caldas\",\"description\":\"\",\"publisher\":{\"@id\":\"https:\\\/\\\/www.ucaldas.edu.co\\\/portal\\\/#organization\"},\"alternateName\":\"U. de Caldas\",\"potentialAction\":[{\"@type\":\"SearchAction\",\"target\":{\"@type\":\"EntryPoint\",\"urlTemplate\":\"https:\\\/\\\/www.ucaldas.edu.co\\\/portal\\\/?s={search_term_string}\"},\"query-input\":{\"@type\":\"PropertyValueSpecification\",\"valueRequired\":true,\"valueName\":\"search_term_string\"}}],\"inLanguage\":\"es\"},{\"@type\":\"Organization\",\"@id\":\"https:\\\/\\\/www.ucaldas.edu.co\\\/portal\\\/#organization\",\"name\":\"Universidad de Caldas\",\"alternateName\":\"U. de Caldas\",\"url\":\"https:\\\/\\\/www.ucaldas.edu.co\\\/portal\\\/\",\"logo\":{\"@type\":\"ImageObject\",\"inLanguage\":\"es\",\"@id\":\"https:\\\/\\\/www.ucaldas.edu.co\\\/portal\\\/#\\\/schema\\\/logo\\\/image\\\/\",\"url\":\"https:\\\/\\\/www.ucaldas.edu.co\\\/portal\\\/wp-content\\\/uploads\\\/2023\\\/11\\\/Logo_horizontal_oscuroU-2023.png\",\"contentUrl\":\"https:\\\/\\\/www.ucaldas.edu.co\\\/portal\\\/wp-content\\\/uploads\\\/2023\\\/11\\\/Logo_horizontal_oscuroU-2023.png\",\"width\":263,\"height\":101,\"caption\":\"Universidad de Caldas\"},\"image\":{\"@id\":\"https:\\\/\\\/www.ucaldas.edu.co\\\/portal\\\/#\\\/schema\\\/logo\\\/image\\\/\"},\"sameAs\":[\"https:\\\/\\\/www.facebook.com\\\/udecaldas\",\"https:\\\/\\\/x.com\\\/udecaldas\",\"https:\\\/\\\/www.youtube.com\\\/universidadcaldas\",\"https:\\\/\\\/www.instagram.com\\\/udecaldas\\\/\"]},{\"@type\":\"Person\",\"@id\":\"https:\\\/\\\/www.ucaldas.edu.co\\\/portal\\\/#\\\/schema\\\/person\\\/a1b482e23449158b4bc319926c074fdf\",\"name\":\"ofiprensa\",\"image\":{\"@type\":\"ImageObject\",\"inLanguage\":\"es\",\"@id\":\"https:\\\/\\\/www.ucaldas.edu.co\\\/portal\\\/wp-content\\\/litespeed\\\/avatar\\\/09ea5085e600095a7a811142c6944527.jpg?ver=1777497608\",\"url\":\"https:\\\/\\\/www.ucaldas.edu.co\\\/portal\\\/wp-content\\\/litespeed\\\/avatar\\\/09ea5085e600095a7a811142c6944527.jpg?ver=1777497608\",\"contentUrl\":\"https:\\\/\\\/www.ucaldas.edu.co\\\/portal\\\/wp-content\\\/litespeed\\\/avatar\\\/09ea5085e600095a7a811142c6944527.jpg?ver=1777497608\",\"caption\":\"ofiprensa\"},\"url\":\"https:\\\/\\\/www.ucaldas.edu.co\\\/portal\\\/author\\\/ofiprensa\\\/\"}]}<\/script>\n<!-- \/ Yoast SEO plugin. -->","yoast_head_json":{"title":"Presidentes de Terpel y de Cementos Argos visitaron Centro Cultural Universitario Rogelio Salmona .","robots":{"index":"index","follow":"follow","max-snippet":"max-snippet:-1","max-image-preview":"max-image-preview:large","max-video-preview":"max-video-preview:-1"},"canonical":"https:\/\/www.ucaldas.edu.co\/portal\/presidentes-de-terpel-y-de-cementos-argos-visitaron-centro-cultural-universitario-rogelio-salmona\/","schema":{"@context":"https:\/\/schema.org","@graph":[{"@type":"Article","@id":"https:\/\/www.ucaldas.edu.co\/portal\/presidentes-de-terpel-y-de-cementos-argos-visitaron-centro-cultural-universitario-rogelio-salmona\/#article","isPartOf":{"@id":"https:\/\/www.ucaldas.edu.co\/portal\/presidentes-de-terpel-y-de-cementos-argos-visitaron-centro-cultural-universitario-rogelio-salmona\/"},"author":{"name":"ofiprensa","@id":"https:\/\/www.ucaldas.edu.co\/portal\/#\/schema\/person\/a1b482e23449158b4bc319926c074fdf"},"headline":"Presidentes de Terpel y de Cementos Argos visitaron Centro Cultural Universitario Rogelio Salmona","datePublished":"2017-02-08T19:51:29+00:00","mainEntityOfPage":{"@id":"https:\/\/www.ucaldas.edu.co\/portal\/presidentes-de-terpel-y-de-cementos-argos-visitaron-centro-cultural-universitario-rogelio-salmona\/"},"wordCount":352,"publisher":{"@id":"https:\/\/www.ucaldas.edu.co\/portal\/#organization"},"image":{"@id":"https:\/\/www.ucaldas.edu.co\/portal\/presidentes-de-terpel-y-de-cementos-argos-visitaron-centro-cultural-universitario-rogelio-salmona\/#primaryimage"},"thumbnailUrl":"https:\/\/www.ucaldas.edu.co\/portal\/wp-content\/uploads\/2017\/02\/visce.jpg","keywords":["Cultural Universitario Rogelio Salmona","Terpel","Proyecci\u00f3n","visita","CCU","Cementos Argos"],"articleSection":["Actualidad","Universidad al D\u00eda"],"inLanguage":"es"},{"@type":"WebPage","@id":"https:\/\/www.ucaldas.edu.co\/portal\/presidentes-de-terpel-y-de-cementos-argos-visitaron-centro-cultural-universitario-rogelio-salmona\/","url":"https:\/\/www.ucaldas.edu.co\/portal\/presidentes-de-terpel-y-de-cementos-argos-visitaron-centro-cultural-universitario-rogelio-salmona\/","name":"Presidentes de Terpel y de Cementos Argos visitaron Centro Cultural Universitario Rogelio Salmona .","isPartOf":{"@id":"https:\/\/www.ucaldas.edu.co\/portal\/#website"},"primaryImageOfPage":{"@id":"https:\/\/www.ucaldas.edu.co\/portal\/presidentes-de-terpel-y-de-cementos-argos-visitaron-centro-cultural-universitario-rogelio-salmona\/#primaryimage"},"image":{"@id":"https:\/\/www.ucaldas.edu.co\/portal\/presidentes-de-terpel-y-de-cementos-argos-visitaron-centro-cultural-universitario-rogelio-salmona\/#primaryimage"},"thumbnailUrl":"https:\/\/www.ucaldas.edu.co\/portal\/wp-content\/uploads\/2017\/02\/visce.jpg","datePublished":"2017-02-08T19:51:29+00:00","breadcrumb":{"@id":"https:\/\/www.ucaldas.edu.co\/portal\/presidentes-de-terpel-y-de-cementos-argos-visitaron-centro-cultural-universitario-rogelio-salmona\/#breadcrumb"},"inLanguage":"es","potentialAction":[{"@type":"ReadAction","target":["https:\/\/www.ucaldas.edu.co\/portal\/presidentes-de-terpel-y-de-cementos-argos-visitaron-centro-cultural-universitario-rogelio-salmona\/"]}]},{"@type":"ImageObject","inLanguage":"es","@id":"https:\/\/www.ucaldas.edu.co\/portal\/presidentes-de-terpel-y-de-cementos-argos-visitaron-centro-cultural-universitario-rogelio-salmona\/#primaryimage","url":"https:\/\/www.ucaldas.edu.co\/portal\/wp-content\/uploads\/2017\/02\/visce.jpg","contentUrl":"https:\/\/www.ucaldas.edu.co\/portal\/wp-content\/uploads\/2017\/02\/visce.jpg"},{"@type":"BreadcrumbList","@id":"https:\/\/www.ucaldas.edu.co\/portal\/presidentes-de-terpel-y-de-cementos-argos-visitaron-centro-cultural-universitario-rogelio-salmona\/#breadcrumb","itemListElement":[{"@type":"ListItem","position":1,"name":"Portada","item":"https:\/\/www.ucaldas.edu.co\/portal\/"},{"@type":"ListItem","position":2,"name":"Presidentes de Terpel y de Cementos Argos visitaron Centro Cultural Universitario Rogelio Salmona"}]},{"@type":"WebSite","@id":"https:\/\/www.ucaldas.edu.co\/portal\/#website","url":"https:\/\/www.ucaldas.edu.co\/portal\/","name":"Universidad de Caldas","description":"","publisher":{"@id":"https:\/\/www.ucaldas.edu.co\/portal\/#organization"},"alternateName":"U. de Caldas","potentialAction":[{"@type":"SearchAction","target":{"@type":"EntryPoint","urlTemplate":"https:\/\/www.ucaldas.edu.co\/portal\/?s={search_term_string}"},"query-input":{"@type":"PropertyValueSpecification","valueRequired":true,"valueName":"search_term_string"}}],"inLanguage":"es"},{"@type":"Organization","@id":"https:\/\/www.ucaldas.edu.co\/portal\/#organization","name":"Universidad de Caldas","alternateName":"U. de Caldas","url":"https:\/\/www.ucaldas.edu.co\/portal\/","logo":{"@type":"ImageObject","inLanguage":"es","@id":"https:\/\/www.ucaldas.edu.co\/portal\/#\/schema\/logo\/image\/","url":"https:\/\/www.ucaldas.edu.co\/portal\/wp-content\/uploads\/2023\/11\/Logo_horizontal_oscuroU-2023.png","contentUrl":"https:\/\/www.ucaldas.edu.co\/portal\/wp-content\/uploads\/2023\/11\/Logo_horizontal_oscuroU-2023.png","width":263,"height":101,"caption":"Universidad de Caldas"},"image":{"@id":"https:\/\/www.ucaldas.edu.co\/portal\/#\/schema\/logo\/image\/"},"sameAs":["https:\/\/www.facebook.com\/udecaldas","https:\/\/x.com\/udecaldas","https:\/\/www.youtube.com\/universidadcaldas","https:\/\/www.instagram.com\/udecaldas\/"]},{"@type":"Person","@id":"https:\/\/www.ucaldas.edu.co\/portal\/#\/schema\/person\/a1b482e23449158b4bc319926c074fdf","name":"ofiprensa","image":{"@type":"ImageObject","inLanguage":"es","@id":"https:\/\/www.ucaldas.edu.co\/portal\/wp-content\/litespeed\/avatar\/09ea5085e600095a7a811142c6944527.jpg?ver=1777497608","url":"https:\/\/www.ucaldas.edu.co\/portal\/wp-content\/litespeed\/avatar\/09ea5085e600095a7a811142c6944527.jpg?ver=1777497608","contentUrl":"https:\/\/www.ucaldas.edu.co\/portal\/wp-content\/litespeed\/avatar\/09ea5085e600095a7a811142c6944527.jpg?ver=1777497608","caption":"ofiprensa"},"url":"https:\/\/www.ucaldas.edu.co\/portal\/author\/ofiprensa\/"}]}},"_links":{"self":[{"href":"https:\/\/www.ucaldas.edu.co\/portal\/wp-json\/wp\/v2\/posts\/34068","targetHints":{"allow":["GET"]}}],"collection":[{"href":"https:\/\/www.ucaldas.edu.co\/portal\/wp-json\/wp\/v2\/posts"}],"about":[{"href":"https:\/\/www.ucaldas.edu.co\/portal\/wp-json\/wp\/v2\/types\/post"}],"author":[{"embeddable":true,"href":"https:\/\/www.ucaldas.edu.co\/portal\/wp-json\/wp\/v2\/users\/2"}],"replies":[{"embeddable":true,"href":"https:\/\/www.ucaldas.edu.co\/portal\/wp-json\/wp\/v2\/comments?post=34068"}],"version-history":[{"count":0,"href":"https:\/\/www.ucaldas.edu.co\/portal\/wp-json\/wp\/v2\/posts\/34068\/revisions"}],"wp:attachment":[{"href":"https:\/\/www.ucaldas.edu.co\/portal\/wp-json\/wp\/v2\/media?parent=34068"}],"wp:term":[{"taxonomy":"category","embeddable":true,"href":"https:\/\/www.ucaldas.edu.co\/portal\/wp-json\/wp\/v2\/categories?post=34068"},{"taxonomy":"post_tag","embeddable":true,"href":"https:\/\/www.ucaldas.edu.co\/portal\/wp-json\/wp\/v2\/tags?post=34068"}],"curies":[{"name":"wp","href":"https:\/\/api.w.org\/{rel}","templated":true}]}}