{"id":3398,"date":"2009-08-14T17:32:19","date_gmt":"2009-08-14T22:32:19","guid":{"rendered":"https:\/\/www.ucaldas.edu.co\/portal\/?p=3398"},"modified":"2009-08-14T17:32:19","modified_gmt":"2009-08-14T22:32:19","slug":"la-u-de-caldas-expidio-el-estatuto-de-propiedad-intelectual","status":"publish","type":"post","link":"https:\/\/www.ucaldas.edu.co\/portal\/la-u-de-caldas-expidio-el-estatuto-de-propiedad-intelectual\/","title":{"rendered":"La U. de Caldas expidi\u00f3 el Estatuto de Propiedad Intelectual"},"content":{"rendered":"<p>La Instituci\u00f3n le apunta a la Gesti\u00f3n del Conocimiento<\/p>\n<hr id=\"system-readmore\" \/>\n<p align=\"center\">\n<p>&nbsp;<\/p>\n<p>El Consejo Superior de la Universidad de Caldas, en uso de sus facultades legales y estatutarias, en especial las consagradas en la Ley 30 de 1992, expidi\u00f3 el Estatuto sobre Propiedad Intelectual de la Instituci\u00f3n el pasado 23 de julio.<\/p>\n<p>&nbsp;<\/p>\n<p>Para saber en qu\u00e9 consiste este estatuto y su impacto para la Instituci\u00f3n, Juan Diego Gallego, Asesor en Gesti\u00f3n de Proyectos de la Universidad de Caldas, lo explica a continuaci\u00f3n:<\/p>\n<p>&nbsp;<\/p>\n<p>\u00bfQu\u00e9 es el Estatuto de Propiedad Intelectual?<\/p>\n<p>Es la normatividad interna que regula el tema de Derechos de Autor y Propiedad Industrial, resultante de alg\u00fan proyecto o investigaci\u00f3n desarrollada por un miembro de la Instituci\u00f3n, ya sean estudiantes, docentes, investigadores o administrativos. Fue expedida mediante el acuerdo 021 de 2008.<\/p>\n<p>&nbsp;<\/p>\n<p>\u00bfPor qu\u00e9 es importante?<\/p>\n<p>La promoci\u00f3n de la propiedad intelectual es indudablemente un instrumento para el desarrollo y progreso, ya que actualmente se evidencia un cambio de paradigma respecto al concepto de la valoraci\u00f3n de los activos en las organizaciones.<\/p>\n<p>&nbsp;<\/p>\n<p>Pa\u00edses desarrollados como Estados Unidos, algunos europeos y asi\u00e1ticos, han sido pioneros en la generaci\u00f3n y protecci\u00f3n del conocimiento, generalmente a trav\u00e9s de la inversi\u00f3n en Investigaci\u00f3n, Desarrollo e Innovaci\u00f3n (I+D+I), transferencia de tecnolog\u00eda y s\u00f3lidas pol\u00edticas de propiedad intelectual, dejando enormes ventajas competitivas en el mercado mundial.<\/p>\n<p>&nbsp;<\/p>\n<p>En Colombia todav\u00eda es precaria la gesti\u00f3n de la propiedad intelectual, no obstante, destinando en los \u00faltimos a\u00f1os mayor inversi\u00f3n p\u00fablica y privada en ciencia, tecnolog\u00eda e innovaci\u00f3n mediante convenios entre universidad-empresa y el fortalecimiento de una cultura del emprendimiento. As\u00ed, este campo tan importante para el desarrollo econ\u00f3mico y social del pa\u00eds a\u00fan se encuentra en una etapa incipiente de exploraci\u00f3n.<\/p>\n<p>&nbsp;<\/p>\n<p>Con la expedici\u00f3n del estatuto de propiedad intelectual, la Universidad de Caldas se ubica como una Instituci\u00f3n pionera en la gesti\u00f3n del conocimiento, puesto que se abrir\u00e1 el espacio para proteger las creaciones propias de la Universidad. Ser\u00e1 tambi\u00e9n una herramienta fundamental para fomentar, promover y potencializar los productos, procesos o servicios que ofrecen aportes importantes a la ciencia, tecnolog\u00eda e innovaci\u00f3n.<\/p>\n<p>&nbsp;<\/p>\n<p>\u00bfQu\u00e9 beneficios trae para la instituci\u00f3n?<\/p>\n<p>Contar con una reglamentaci\u00f3n interna en materia de Propiedad Intelectual est\u00e1 representado en que:<\/p>\n<ul>\n<li>Constituye una herramienta que facilita la construcci\u00f3n de pol\u00edticas institucionales encaminadas a la gesti\u00f3n del conocimiento.<\/li>\n<li>Permite la transferencia de resultados de investigaci\u00f3n, lo que fomenta el relacionamiento externo de la Universidad con otras instituciones de conocimiento<\/li>\n<li>Abre la puerta hacia la consolidaci\u00f3n de la Universidad de Caldas como una Instituci\u00f3n que produce investigaci\u00f3n de primer nivel<\/li>\n<\/ul>\n<p>&nbsp;<\/p>\n<p>\u00bfQu\u00e9 beneficios trae para los investigadores?<\/p>\n<p>Los beneficios para los investigadores son m\u00faltiples, ya que sus desarrollos dejar\u00e1n de estar desprotegidos ante terceros, se incentiva la investigaci\u00f3n al pasar de simples proyectos de investigaci\u00f3n a productos protegidos por propiedad intelectual, y se obtienen beneficios de \u00edndole econ\u00f3mica por la posibilidad de explotaci\u00f3n dada luego de su protecci\u00f3n.<\/p>\n<p>&nbsp;<\/p>\n<p>Mayores informes con el Asesor en Gesti\u00f3n de Proyectos, Juan Diego Gallego 878 15 00 Ext. 11110<\/p>\n","protected":false},"excerpt":{"rendered":"<p>La Instituci\u00f3n le apunta a la Gesti\u00f3n del Conocimiento &nbsp; El Consejo Superior de la Universidad de Caldas, en uso de sus facultades legales y estatutarias, en especial las consagradas en la Ley 30 de 1992, expidi\u00f3 el Estatuto sobre Propiedad Intelectual de la Instituci\u00f3n el pasado 23 de julio. &nbsp; Para saber en qu\u00e9 [&hellip;]<\/p>\n","protected":false},"author":2,"featured_media":0,"comment_status":"closed","ping_status":"closed","sticky":false,"template":"","format":"standard","meta":{"footnotes":""},"categories":[53,48],"tags":[],"class_list":["post-3398","post","type-post","status-publish","format-standard","hentry","category-universidad-al-dia","category-actualidad"],"yoast_head":"<!-- This site is optimized with the Yoast SEO plugin v27.5 - https:\/\/yoast.com\/product\/yoast-seo-wordpress\/ -->\n<title>La U. de Caldas expidi\u00f3 el Estatuto de Propiedad Intelectual .<\/title>\n<meta name=\"robots\" content=\"index, follow, max-snippet:-1, max-image-preview:large, max-video-preview:-1\" \/>\n<link rel=\"canonical\" href=\"https:\/\/www.ucaldas.edu.co\/portal\/la-u-de-caldas-expidio-el-estatuto-de-propiedad-intelectual\/\" \/>\n<script type=\"application\/ld+json\" class=\"yoast-schema-graph\">{\"@context\":\"https:\\\/\\\/schema.org\",\"@graph\":[{\"@type\":\"Article\",\"@id\":\"https:\\\/\\\/www.ucaldas.edu.co\\\/portal\\\/la-u-de-caldas-expidio-el-estatuto-de-propiedad-intelectual\\\/#article\",\"isPartOf\":{\"@id\":\"https:\\\/\\\/www.ucaldas.edu.co\\\/portal\\\/la-u-de-caldas-expidio-el-estatuto-de-propiedad-intelectual\\\/\"},\"author\":{\"name\":\"ofiprensa\",\"@id\":\"https:\\\/\\\/www.ucaldas.edu.co\\\/portal\\\/#\\\/schema\\\/person\\\/a1b482e23449158b4bc319926c074fdf\"},\"headline\":\"La U. de Caldas expidi\u00f3 el Estatuto de Propiedad Intelectual\",\"datePublished\":\"2009-08-14T22:32:19+00:00\",\"mainEntityOfPage\":{\"@id\":\"https:\\\/\\\/www.ucaldas.edu.co\\\/portal\\\/la-u-de-caldas-expidio-el-estatuto-de-propiedad-intelectual\\\/\"},\"wordCount\":561,\"publisher\":{\"@id\":\"https:\\\/\\\/www.ucaldas.edu.co\\\/portal\\\/#organization\"},\"articleSection\":[\"Universidad al D\u00eda\",\"Actualidad\"],\"inLanguage\":\"es\"},{\"@type\":\"WebPage\",\"@id\":\"https:\\\/\\\/www.ucaldas.edu.co\\\/portal\\\/la-u-de-caldas-expidio-el-estatuto-de-propiedad-intelectual\\\/\",\"url\":\"https:\\\/\\\/www.ucaldas.edu.co\\\/portal\\\/la-u-de-caldas-expidio-el-estatuto-de-propiedad-intelectual\\\/\",\"name\":\"La U. de Caldas expidi\u00f3 el Estatuto de Propiedad Intelectual .\",\"isPartOf\":{\"@id\":\"https:\\\/\\\/www.ucaldas.edu.co\\\/portal\\\/#website\"},\"datePublished\":\"2009-08-14T22:32:19+00:00\",\"breadcrumb\":{\"@id\":\"https:\\\/\\\/www.ucaldas.edu.co\\\/portal\\\/la-u-de-caldas-expidio-el-estatuto-de-propiedad-intelectual\\\/#breadcrumb\"},\"inLanguage\":\"es\",\"potentialAction\":[{\"@type\":\"ReadAction\",\"target\":[\"https:\\\/\\\/www.ucaldas.edu.co\\\/portal\\\/la-u-de-caldas-expidio-el-estatuto-de-propiedad-intelectual\\\/\"]}]},{\"@type\":\"BreadcrumbList\",\"@id\":\"https:\\\/\\\/www.ucaldas.edu.co\\\/portal\\\/la-u-de-caldas-expidio-el-estatuto-de-propiedad-intelectual\\\/#breadcrumb\",\"itemListElement\":[{\"@type\":\"ListItem\",\"position\":1,\"name\":\"Portada\",\"item\":\"https:\\\/\\\/www.ucaldas.edu.co\\\/portal\\\/\"},{\"@type\":\"ListItem\",\"position\":2,\"name\":\"La U. de Caldas expidi\u00f3 el Estatuto de Propiedad Intelectual\"}]},{\"@type\":\"WebSite\",\"@id\":\"https:\\\/\\\/www.ucaldas.edu.co\\\/portal\\\/#website\",\"url\":\"https:\\\/\\\/www.ucaldas.edu.co\\\/portal\\\/\",\"name\":\"Universidad de Caldas\",\"description\":\"\",\"publisher\":{\"@id\":\"https:\\\/\\\/www.ucaldas.edu.co\\\/portal\\\/#organization\"},\"alternateName\":\"U. de Caldas\",\"potentialAction\":[{\"@type\":\"SearchAction\",\"target\":{\"@type\":\"EntryPoint\",\"urlTemplate\":\"https:\\\/\\\/www.ucaldas.edu.co\\\/portal\\\/?s={search_term_string}\"},\"query-input\":{\"@type\":\"PropertyValueSpecification\",\"valueRequired\":true,\"valueName\":\"search_term_string\"}}],\"inLanguage\":\"es\"},{\"@type\":\"Organization\",\"@id\":\"https:\\\/\\\/www.ucaldas.edu.co\\\/portal\\\/#organization\",\"name\":\"Universidad de Caldas\",\"alternateName\":\"U. de Caldas\",\"url\":\"https:\\\/\\\/www.ucaldas.edu.co\\\/portal\\\/\",\"logo\":{\"@type\":\"ImageObject\",\"inLanguage\":\"es\",\"@id\":\"https:\\\/\\\/www.ucaldas.edu.co\\\/portal\\\/#\\\/schema\\\/logo\\\/image\\\/\",\"url\":\"https:\\\/\\\/www.ucaldas.edu.co\\\/portal\\\/wp-content\\\/uploads\\\/2023\\\/11\\\/Logo_horizontal_oscuroU-2023.png\",\"contentUrl\":\"https:\\\/\\\/www.ucaldas.edu.co\\\/portal\\\/wp-content\\\/uploads\\\/2023\\\/11\\\/Logo_horizontal_oscuroU-2023.png\",\"width\":263,\"height\":101,\"caption\":\"Universidad de Caldas\"},\"image\":{\"@id\":\"https:\\\/\\\/www.ucaldas.edu.co\\\/portal\\\/#\\\/schema\\\/logo\\\/image\\\/\"},\"sameAs\":[\"https:\\\/\\\/www.facebook.com\\\/udecaldas\",\"https:\\\/\\\/x.com\\\/udecaldas\",\"https:\\\/\\\/www.youtube.com\\\/universidadcaldas\",\"https:\\\/\\\/www.instagram.com\\\/udecaldas\\\/\"]},{\"@type\":\"Person\",\"@id\":\"https:\\\/\\\/www.ucaldas.edu.co\\\/portal\\\/#\\\/schema\\\/person\\\/a1b482e23449158b4bc319926c074fdf\",\"name\":\"ofiprensa\",\"image\":{\"@type\":\"ImageObject\",\"inLanguage\":\"es\",\"@id\":\"https:\\\/\\\/www.ucaldas.edu.co\\\/portal\\\/wp-content\\\/litespeed\\\/avatar\\\/09ea5085e600095a7a811142c6944527.jpg?ver=1777497608\",\"url\":\"https:\\\/\\\/www.ucaldas.edu.co\\\/portal\\\/wp-content\\\/litespeed\\\/avatar\\\/09ea5085e600095a7a811142c6944527.jpg?ver=1777497608\",\"contentUrl\":\"https:\\\/\\\/www.ucaldas.edu.co\\\/portal\\\/wp-content\\\/litespeed\\\/avatar\\\/09ea5085e600095a7a811142c6944527.jpg?ver=1777497608\",\"caption\":\"ofiprensa\"},\"url\":\"https:\\\/\\\/www.ucaldas.edu.co\\\/portal\\\/author\\\/ofiprensa\\\/\"}]}<\/script>\n<!-- \/ Yoast SEO plugin. -->","yoast_head_json":{"title":"La U. de Caldas expidi\u00f3 el Estatuto de Propiedad Intelectual .","robots":{"index":"index","follow":"follow","max-snippet":"max-snippet:-1","max-image-preview":"max-image-preview:large","max-video-preview":"max-video-preview:-1"},"canonical":"https:\/\/www.ucaldas.edu.co\/portal\/la-u-de-caldas-expidio-el-estatuto-de-propiedad-intelectual\/","schema":{"@context":"https:\/\/schema.org","@graph":[{"@type":"Article","@id":"https:\/\/www.ucaldas.edu.co\/portal\/la-u-de-caldas-expidio-el-estatuto-de-propiedad-intelectual\/#article","isPartOf":{"@id":"https:\/\/www.ucaldas.edu.co\/portal\/la-u-de-caldas-expidio-el-estatuto-de-propiedad-intelectual\/"},"author":{"name":"ofiprensa","@id":"https:\/\/www.ucaldas.edu.co\/portal\/#\/schema\/person\/a1b482e23449158b4bc319926c074fdf"},"headline":"La U. de Caldas expidi\u00f3 el Estatuto de Propiedad Intelectual","datePublished":"2009-08-14T22:32:19+00:00","mainEntityOfPage":{"@id":"https:\/\/www.ucaldas.edu.co\/portal\/la-u-de-caldas-expidio-el-estatuto-de-propiedad-intelectual\/"},"wordCount":561,"publisher":{"@id":"https:\/\/www.ucaldas.edu.co\/portal\/#organization"},"articleSection":["Universidad al D\u00eda","Actualidad"],"inLanguage":"es"},{"@type":"WebPage","@id":"https:\/\/www.ucaldas.edu.co\/portal\/la-u-de-caldas-expidio-el-estatuto-de-propiedad-intelectual\/","url":"https:\/\/www.ucaldas.edu.co\/portal\/la-u-de-caldas-expidio-el-estatuto-de-propiedad-intelectual\/","name":"La U. de Caldas expidi\u00f3 el Estatuto de Propiedad Intelectual .","isPartOf":{"@id":"https:\/\/www.ucaldas.edu.co\/portal\/#website"},"datePublished":"2009-08-14T22:32:19+00:00","breadcrumb":{"@id":"https:\/\/www.ucaldas.edu.co\/portal\/la-u-de-caldas-expidio-el-estatuto-de-propiedad-intelectual\/#breadcrumb"},"inLanguage":"es","potentialAction":[{"@type":"ReadAction","target":["https:\/\/www.ucaldas.edu.co\/portal\/la-u-de-caldas-expidio-el-estatuto-de-propiedad-intelectual\/"]}]},{"@type":"BreadcrumbList","@id":"https:\/\/www.ucaldas.edu.co\/portal\/la-u-de-caldas-expidio-el-estatuto-de-propiedad-intelectual\/#breadcrumb","itemListElement":[{"@type":"ListItem","position":1,"name":"Portada","item":"https:\/\/www.ucaldas.edu.co\/portal\/"},{"@type":"ListItem","position":2,"name":"La U. de Caldas expidi\u00f3 el Estatuto de Propiedad Intelectual"}]},{"@type":"WebSite","@id":"https:\/\/www.ucaldas.edu.co\/portal\/#website","url":"https:\/\/www.ucaldas.edu.co\/portal\/","name":"Universidad de Caldas","description":"","publisher":{"@id":"https:\/\/www.ucaldas.edu.co\/portal\/#organization"},"alternateName":"U. de Caldas","potentialAction":[{"@type":"SearchAction","target":{"@type":"EntryPoint","urlTemplate":"https:\/\/www.ucaldas.edu.co\/portal\/?s={search_term_string}"},"query-input":{"@type":"PropertyValueSpecification","valueRequired":true,"valueName":"search_term_string"}}],"inLanguage":"es"},{"@type":"Organization","@id":"https:\/\/www.ucaldas.edu.co\/portal\/#organization","name":"Universidad de Caldas","alternateName":"U. de Caldas","url":"https:\/\/www.ucaldas.edu.co\/portal\/","logo":{"@type":"ImageObject","inLanguage":"es","@id":"https:\/\/www.ucaldas.edu.co\/portal\/#\/schema\/logo\/image\/","url":"https:\/\/www.ucaldas.edu.co\/portal\/wp-content\/uploads\/2023\/11\/Logo_horizontal_oscuroU-2023.png","contentUrl":"https:\/\/www.ucaldas.edu.co\/portal\/wp-content\/uploads\/2023\/11\/Logo_horizontal_oscuroU-2023.png","width":263,"height":101,"caption":"Universidad de Caldas"},"image":{"@id":"https:\/\/www.ucaldas.edu.co\/portal\/#\/schema\/logo\/image\/"},"sameAs":["https:\/\/www.facebook.com\/udecaldas","https:\/\/x.com\/udecaldas","https:\/\/www.youtube.com\/universidadcaldas","https:\/\/www.instagram.com\/udecaldas\/"]},{"@type":"Person","@id":"https:\/\/www.ucaldas.edu.co\/portal\/#\/schema\/person\/a1b482e23449158b4bc319926c074fdf","name":"ofiprensa","image":{"@type":"ImageObject","inLanguage":"es","@id":"https:\/\/www.ucaldas.edu.co\/portal\/wp-content\/litespeed\/avatar\/09ea5085e600095a7a811142c6944527.jpg?ver=1777497608","url":"https:\/\/www.ucaldas.edu.co\/portal\/wp-content\/litespeed\/avatar\/09ea5085e600095a7a811142c6944527.jpg?ver=1777497608","contentUrl":"https:\/\/www.ucaldas.edu.co\/portal\/wp-content\/litespeed\/avatar\/09ea5085e600095a7a811142c6944527.jpg?ver=1777497608","caption":"ofiprensa"},"url":"https:\/\/www.ucaldas.edu.co\/portal\/author\/ofiprensa\/"}]}},"_links":{"self":[{"href":"https:\/\/www.ucaldas.edu.co\/portal\/wp-json\/wp\/v2\/posts\/3398","targetHints":{"allow":["GET"]}}],"collection":[{"href":"https:\/\/www.ucaldas.edu.co\/portal\/wp-json\/wp\/v2\/posts"}],"about":[{"href":"https:\/\/www.ucaldas.edu.co\/portal\/wp-json\/wp\/v2\/types\/post"}],"author":[{"embeddable":true,"href":"https:\/\/www.ucaldas.edu.co\/portal\/wp-json\/wp\/v2\/users\/2"}],"replies":[{"embeddable":true,"href":"https:\/\/www.ucaldas.edu.co\/portal\/wp-json\/wp\/v2\/comments?post=3398"}],"version-history":[{"count":0,"href":"https:\/\/www.ucaldas.edu.co\/portal\/wp-json\/wp\/v2\/posts\/3398\/revisions"}],"wp:attachment":[{"href":"https:\/\/www.ucaldas.edu.co\/portal\/wp-json\/wp\/v2\/media?parent=3398"}],"wp:term":[{"taxonomy":"category","embeddable":true,"href":"https:\/\/www.ucaldas.edu.co\/portal\/wp-json\/wp\/v2\/categories?post=3398"},{"taxonomy":"post_tag","embeddable":true,"href":"https:\/\/www.ucaldas.edu.co\/portal\/wp-json\/wp\/v2\/tags?post=3398"}],"curies":[{"name":"wp","href":"https:\/\/api.w.org\/{rel}","templated":true}]}}