{"id":33745,"date":"2016-12-22T12:00:46","date_gmt":"2016-12-22T17:00:46","guid":{"rendered":"https:\/\/www.ucaldas.edu.co\/portal\/?p=33745"},"modified":"2016-12-22T12:00:46","modified_gmt":"2016-12-22T17:00:46","slug":"profesor-u-de-caldas-en-viii-congreso-de-andaluz-de-sociologia","status":"publish","type":"post","link":"https:\/\/www.ucaldas.edu.co\/portal\/profesor-u-de-caldas-en-viii-congreso-de-andaluz-de-sociologia\/","title":{"rendered":"Profesor U. de Caldas, en VIII Congreso de Andaluz de Sociolog\u00eda"},"content":{"rendered":"<p style=\"text-align: center;\">SE TRATA DE POMPEYO JOS\u00c9 PARADA SANABRIA<\/p>\n<p style=\"text-align: center;\"><strong>Profesor U. de Caldas, en VIII Congreso de Andaluz de Sociolog\u00eda <\/strong><\/p>\n<p style=\"text-align: right;\">22\/12\/2016<\/p>\n<p><img loading=\"lazy\" decoding=\"async\" class=\"alignnone size-full wp-image-33746 aligncenter\" src=\"https:\/\/www.ucaldas.edu.co\/portal\/wp-content\/uploads\/2016\/12\/pompe.jpg\" alt=\"pompe\" width=\"358\" height=\"283\" \/><\/p>\n<p>Pompeyo Jos\u00e9 Parada Sanabria, <strong>profesor del Departamento de Antropolog\u00eda y Sociolog\u00eda de la Universidad de Caldas, particip\u00f3 en el VIII Congreso de Andaluz de Sociolog\u00eda <\/strong>que se realiz\u00f3 en la Universidad de Almer\u00eda (Espa\u00f1a) entre el 24 y 27 de noviembre del 2016.<\/p>\n<p><!--more--><\/p>\n<p>El docente, quien es egresado de la Universidad de Sevilla (Espa\u00f1a) <strong>fue invitado para presentar una ponencia referente a la pr\u00e1ctica social y cultural en Caldas en los campesinos cafeteros.<\/strong> \u201cSe compartieron trabajos que hac\u00edan referencia por ejemplo a Rumania, \u00c1frica y Marruecos. Fui el \u00fanico latinoamericano participante\u201d, dijo.<\/p>\n<p>&nbsp;<\/p>\n<p><a href=\"https:\/\/www.facebook.com\/media\/set\/?set=a.1252393178155878.1073745170.107054166023124&amp;type=1&amp;l=3dfa21cf70\">Conozca im\u00e1genes de profesor U. de Caldas, en VIII Congreso de Andaluz de Sociolog\u00eda<\/a><\/p>\n<p><strong>\u00a0<\/strong><\/p>\n<p><strong>Informes:<\/strong> Oficina de Prensa U. de Caldas, tel\u00e9fono 878 15 00 extensi\u00f3n 12 167.<\/p>\n<p><strong>Redacci\u00f3n: <\/strong>Margarita Laverde<\/p>\n<p>&nbsp;<\/p>\n","protected":false},"excerpt":{"rendered":"<p>SE TRATA DE POMPEYO JOS\u00c9 PARADA SANABRIA Profesor U. de Caldas, en VIII Congreso de Andaluz de Sociolog\u00eda 22\/12\/2016 Pompeyo Jos\u00e9 Parada Sanabria, profesor del Departamento de Antropolog\u00eda y Sociolog\u00eda de la Universidad de Caldas, particip\u00f3 en el VIII Congreso de Andaluz de Sociolog\u00eda que se realiz\u00f3 en la Universidad de Almer\u00eda (Espa\u00f1a) entre el [&hellip;]<\/p>\n","protected":false},"author":2,"featured_media":0,"comment_status":"closed","ping_status":"closed","sticky":false,"template":"","format":"standard","meta":{"footnotes":""},"categories":[48,53],"tags":[73,171,366,367],"class_list":["post-33745","post","type-post","status-publish","format-standard","hentry","category-actualidad","category-universidad-al-dia","tag-proyeccion","tag-congreso","tag-espana","tag-sociologia"],"yoast_head":"<!-- This site is optimized with the Yoast SEO plugin v27.5 - https:\/\/yoast.com\/product\/yoast-seo-wordpress\/ -->\n<title>Profesor U. de Caldas, en VIII Congreso de Andaluz de Sociolog\u00eda .<\/title>\n<meta name=\"robots\" content=\"index, follow, max-snippet:-1, max-image-preview:large, max-video-preview:-1\" \/>\n<link rel=\"canonical\" href=\"https:\/\/www.ucaldas.edu.co\/portal\/profesor-u-de-caldas-en-viii-congreso-de-andaluz-de-sociologia\/\" \/>\n<script type=\"application\/ld+json\" class=\"yoast-schema-graph\">{\"@context\":\"https:\\\/\\\/schema.org\",\"@graph\":[{\"@type\":\"Article\",\"@id\":\"https:\\\/\\\/www.ucaldas.edu.co\\\/portal\\\/profesor-u-de-caldas-en-viii-congreso-de-andaluz-de-sociologia\\\/#article\",\"isPartOf\":{\"@id\":\"https:\\\/\\\/www.ucaldas.edu.co\\\/portal\\\/profesor-u-de-caldas-en-viii-congreso-de-andaluz-de-sociologia\\\/\"},\"author\":{\"name\":\"ofiprensa\",\"@id\":\"https:\\\/\\\/www.ucaldas.edu.co\\\/portal\\\/#\\\/schema\\\/person\\\/a1b482e23449158b4bc319926c074fdf\"},\"headline\":\"Profesor U. de Caldas, en VIII Congreso de Andaluz de Sociolog\u00eda\",\"datePublished\":\"2016-12-22T17:00:46+00:00\",\"mainEntityOfPage\":{\"@id\":\"https:\\\/\\\/www.ucaldas.edu.co\\\/portal\\\/profesor-u-de-caldas-en-viii-congreso-de-andaluz-de-sociologia\\\/\"},\"wordCount\":161,\"publisher\":{\"@id\":\"https:\\\/\\\/www.ucaldas.edu.co\\\/portal\\\/#organization\"},\"image\":{\"@id\":\"https:\\\/\\\/www.ucaldas.edu.co\\\/portal\\\/profesor-u-de-caldas-en-viii-congreso-de-andaluz-de-sociologia\\\/#primaryimage\"},\"thumbnailUrl\":\"https:\\\/\\\/www.ucaldas.edu.co\\\/portal\\\/wp-content\\\/uploads\\\/2016\\\/12\\\/pompe.jpg\",\"keywords\":[\"Proyecci\u00f3n\",\"congreso\",\"Espa\u00f1a\",\"Sociolog\u00eda\"],\"articleSection\":[\"Actualidad\",\"Universidad al D\u00eda\"],\"inLanguage\":\"es\"},{\"@type\":\"WebPage\",\"@id\":\"https:\\\/\\\/www.ucaldas.edu.co\\\/portal\\\/profesor-u-de-caldas-en-viii-congreso-de-andaluz-de-sociologia\\\/\",\"url\":\"https:\\\/\\\/www.ucaldas.edu.co\\\/portal\\\/profesor-u-de-caldas-en-viii-congreso-de-andaluz-de-sociologia\\\/\",\"name\":\"Profesor U. de Caldas, en VIII Congreso de Andaluz de Sociolog\u00eda .\",\"isPartOf\":{\"@id\":\"https:\\\/\\\/www.ucaldas.edu.co\\\/portal\\\/#website\"},\"primaryImageOfPage\":{\"@id\":\"https:\\\/\\\/www.ucaldas.edu.co\\\/portal\\\/profesor-u-de-caldas-en-viii-congreso-de-andaluz-de-sociologia\\\/#primaryimage\"},\"image\":{\"@id\":\"https:\\\/\\\/www.ucaldas.edu.co\\\/portal\\\/profesor-u-de-caldas-en-viii-congreso-de-andaluz-de-sociologia\\\/#primaryimage\"},\"thumbnailUrl\":\"https:\\\/\\\/www.ucaldas.edu.co\\\/portal\\\/wp-content\\\/uploads\\\/2016\\\/12\\\/pompe.jpg\",\"datePublished\":\"2016-12-22T17:00:46+00:00\",\"breadcrumb\":{\"@id\":\"https:\\\/\\\/www.ucaldas.edu.co\\\/portal\\\/profesor-u-de-caldas-en-viii-congreso-de-andaluz-de-sociologia\\\/#breadcrumb\"},\"inLanguage\":\"es\",\"potentialAction\":[{\"@type\":\"ReadAction\",\"target\":[\"https:\\\/\\\/www.ucaldas.edu.co\\\/portal\\\/profesor-u-de-caldas-en-viii-congreso-de-andaluz-de-sociologia\\\/\"]}]},{\"@type\":\"ImageObject\",\"inLanguage\":\"es\",\"@id\":\"https:\\\/\\\/www.ucaldas.edu.co\\\/portal\\\/profesor-u-de-caldas-en-viii-congreso-de-andaluz-de-sociologia\\\/#primaryimage\",\"url\":\"https:\\\/\\\/www.ucaldas.edu.co\\\/portal\\\/wp-content\\\/uploads\\\/2016\\\/12\\\/pompe.jpg\",\"contentUrl\":\"https:\\\/\\\/www.ucaldas.edu.co\\\/portal\\\/wp-content\\\/uploads\\\/2016\\\/12\\\/pompe.jpg\"},{\"@type\":\"BreadcrumbList\",\"@id\":\"https:\\\/\\\/www.ucaldas.edu.co\\\/portal\\\/profesor-u-de-caldas-en-viii-congreso-de-andaluz-de-sociologia\\\/#breadcrumb\",\"itemListElement\":[{\"@type\":\"ListItem\",\"position\":1,\"name\":\"Portada\",\"item\":\"https:\\\/\\\/www.ucaldas.edu.co\\\/portal\\\/\"},{\"@type\":\"ListItem\",\"position\":2,\"name\":\"Profesor U. de Caldas, en VIII Congreso de Andaluz de Sociolog\u00eda\"}]},{\"@type\":\"WebSite\",\"@id\":\"https:\\\/\\\/www.ucaldas.edu.co\\\/portal\\\/#website\",\"url\":\"https:\\\/\\\/www.ucaldas.edu.co\\\/portal\\\/\",\"name\":\"Universidad de Caldas\",\"description\":\"\",\"publisher\":{\"@id\":\"https:\\\/\\\/www.ucaldas.edu.co\\\/portal\\\/#organization\"},\"alternateName\":\"U. de Caldas\",\"potentialAction\":[{\"@type\":\"SearchAction\",\"target\":{\"@type\":\"EntryPoint\",\"urlTemplate\":\"https:\\\/\\\/www.ucaldas.edu.co\\\/portal\\\/?s={search_term_string}\"},\"query-input\":{\"@type\":\"PropertyValueSpecification\",\"valueRequired\":true,\"valueName\":\"search_term_string\"}}],\"inLanguage\":\"es\"},{\"@type\":\"Organization\",\"@id\":\"https:\\\/\\\/www.ucaldas.edu.co\\\/portal\\\/#organization\",\"name\":\"Universidad de Caldas\",\"alternateName\":\"U. de Caldas\",\"url\":\"https:\\\/\\\/www.ucaldas.edu.co\\\/portal\\\/\",\"logo\":{\"@type\":\"ImageObject\",\"inLanguage\":\"es\",\"@id\":\"https:\\\/\\\/www.ucaldas.edu.co\\\/portal\\\/#\\\/schema\\\/logo\\\/image\\\/\",\"url\":\"https:\\\/\\\/www.ucaldas.edu.co\\\/portal\\\/wp-content\\\/uploads\\\/2023\\\/11\\\/Logo_horizontal_oscuroU-2023.png\",\"contentUrl\":\"https:\\\/\\\/www.ucaldas.edu.co\\\/portal\\\/wp-content\\\/uploads\\\/2023\\\/11\\\/Logo_horizontal_oscuroU-2023.png\",\"width\":263,\"height\":101,\"caption\":\"Universidad de Caldas\"},\"image\":{\"@id\":\"https:\\\/\\\/www.ucaldas.edu.co\\\/portal\\\/#\\\/schema\\\/logo\\\/image\\\/\"},\"sameAs\":[\"https:\\\/\\\/www.facebook.com\\\/udecaldas\",\"https:\\\/\\\/x.com\\\/udecaldas\",\"https:\\\/\\\/www.youtube.com\\\/universidadcaldas\",\"https:\\\/\\\/www.instagram.com\\\/udecaldas\\\/\"]},{\"@type\":\"Person\",\"@id\":\"https:\\\/\\\/www.ucaldas.edu.co\\\/portal\\\/#\\\/schema\\\/person\\\/a1b482e23449158b4bc319926c074fdf\",\"name\":\"ofiprensa\",\"image\":{\"@type\":\"ImageObject\",\"inLanguage\":\"es\",\"@id\":\"https:\\\/\\\/www.ucaldas.edu.co\\\/portal\\\/wp-content\\\/litespeed\\\/avatar\\\/09ea5085e600095a7a811142c6944527.jpg?ver=1777497608\",\"url\":\"https:\\\/\\\/www.ucaldas.edu.co\\\/portal\\\/wp-content\\\/litespeed\\\/avatar\\\/09ea5085e600095a7a811142c6944527.jpg?ver=1777497608\",\"contentUrl\":\"https:\\\/\\\/www.ucaldas.edu.co\\\/portal\\\/wp-content\\\/litespeed\\\/avatar\\\/09ea5085e600095a7a811142c6944527.jpg?ver=1777497608\",\"caption\":\"ofiprensa\"},\"url\":\"https:\\\/\\\/www.ucaldas.edu.co\\\/portal\\\/author\\\/ofiprensa\\\/\"}]}<\/script>\n<!-- \/ Yoast SEO plugin. -->","yoast_head_json":{"title":"Profesor U. de Caldas, en VIII Congreso de Andaluz de Sociolog\u00eda .","robots":{"index":"index","follow":"follow","max-snippet":"max-snippet:-1","max-image-preview":"max-image-preview:large","max-video-preview":"max-video-preview:-1"},"canonical":"https:\/\/www.ucaldas.edu.co\/portal\/profesor-u-de-caldas-en-viii-congreso-de-andaluz-de-sociologia\/","schema":{"@context":"https:\/\/schema.org","@graph":[{"@type":"Article","@id":"https:\/\/www.ucaldas.edu.co\/portal\/profesor-u-de-caldas-en-viii-congreso-de-andaluz-de-sociologia\/#article","isPartOf":{"@id":"https:\/\/www.ucaldas.edu.co\/portal\/profesor-u-de-caldas-en-viii-congreso-de-andaluz-de-sociologia\/"},"author":{"name":"ofiprensa","@id":"https:\/\/www.ucaldas.edu.co\/portal\/#\/schema\/person\/a1b482e23449158b4bc319926c074fdf"},"headline":"Profesor U. de Caldas, en VIII Congreso de Andaluz de Sociolog\u00eda","datePublished":"2016-12-22T17:00:46+00:00","mainEntityOfPage":{"@id":"https:\/\/www.ucaldas.edu.co\/portal\/profesor-u-de-caldas-en-viii-congreso-de-andaluz-de-sociologia\/"},"wordCount":161,"publisher":{"@id":"https:\/\/www.ucaldas.edu.co\/portal\/#organization"},"image":{"@id":"https:\/\/www.ucaldas.edu.co\/portal\/profesor-u-de-caldas-en-viii-congreso-de-andaluz-de-sociologia\/#primaryimage"},"thumbnailUrl":"https:\/\/www.ucaldas.edu.co\/portal\/wp-content\/uploads\/2016\/12\/pompe.jpg","keywords":["Proyecci\u00f3n","congreso","Espa\u00f1a","Sociolog\u00eda"],"articleSection":["Actualidad","Universidad al D\u00eda"],"inLanguage":"es"},{"@type":"WebPage","@id":"https:\/\/www.ucaldas.edu.co\/portal\/profesor-u-de-caldas-en-viii-congreso-de-andaluz-de-sociologia\/","url":"https:\/\/www.ucaldas.edu.co\/portal\/profesor-u-de-caldas-en-viii-congreso-de-andaluz-de-sociologia\/","name":"Profesor U. de Caldas, en VIII Congreso de Andaluz de Sociolog\u00eda .","isPartOf":{"@id":"https:\/\/www.ucaldas.edu.co\/portal\/#website"},"primaryImageOfPage":{"@id":"https:\/\/www.ucaldas.edu.co\/portal\/profesor-u-de-caldas-en-viii-congreso-de-andaluz-de-sociologia\/#primaryimage"},"image":{"@id":"https:\/\/www.ucaldas.edu.co\/portal\/profesor-u-de-caldas-en-viii-congreso-de-andaluz-de-sociologia\/#primaryimage"},"thumbnailUrl":"https:\/\/www.ucaldas.edu.co\/portal\/wp-content\/uploads\/2016\/12\/pompe.jpg","datePublished":"2016-12-22T17:00:46+00:00","breadcrumb":{"@id":"https:\/\/www.ucaldas.edu.co\/portal\/profesor-u-de-caldas-en-viii-congreso-de-andaluz-de-sociologia\/#breadcrumb"},"inLanguage":"es","potentialAction":[{"@type":"ReadAction","target":["https:\/\/www.ucaldas.edu.co\/portal\/profesor-u-de-caldas-en-viii-congreso-de-andaluz-de-sociologia\/"]}]},{"@type":"ImageObject","inLanguage":"es","@id":"https:\/\/www.ucaldas.edu.co\/portal\/profesor-u-de-caldas-en-viii-congreso-de-andaluz-de-sociologia\/#primaryimage","url":"https:\/\/www.ucaldas.edu.co\/portal\/wp-content\/uploads\/2016\/12\/pompe.jpg","contentUrl":"https:\/\/www.ucaldas.edu.co\/portal\/wp-content\/uploads\/2016\/12\/pompe.jpg"},{"@type":"BreadcrumbList","@id":"https:\/\/www.ucaldas.edu.co\/portal\/profesor-u-de-caldas-en-viii-congreso-de-andaluz-de-sociologia\/#breadcrumb","itemListElement":[{"@type":"ListItem","position":1,"name":"Portada","item":"https:\/\/www.ucaldas.edu.co\/portal\/"},{"@type":"ListItem","position":2,"name":"Profesor U. de Caldas, en VIII Congreso de Andaluz de Sociolog\u00eda"}]},{"@type":"WebSite","@id":"https:\/\/www.ucaldas.edu.co\/portal\/#website","url":"https:\/\/www.ucaldas.edu.co\/portal\/","name":"Universidad de Caldas","description":"","publisher":{"@id":"https:\/\/www.ucaldas.edu.co\/portal\/#organization"},"alternateName":"U. de Caldas","potentialAction":[{"@type":"SearchAction","target":{"@type":"EntryPoint","urlTemplate":"https:\/\/www.ucaldas.edu.co\/portal\/?s={search_term_string}"},"query-input":{"@type":"PropertyValueSpecification","valueRequired":true,"valueName":"search_term_string"}}],"inLanguage":"es"},{"@type":"Organization","@id":"https:\/\/www.ucaldas.edu.co\/portal\/#organization","name":"Universidad de Caldas","alternateName":"U. de Caldas","url":"https:\/\/www.ucaldas.edu.co\/portal\/","logo":{"@type":"ImageObject","inLanguage":"es","@id":"https:\/\/www.ucaldas.edu.co\/portal\/#\/schema\/logo\/image\/","url":"https:\/\/www.ucaldas.edu.co\/portal\/wp-content\/uploads\/2023\/11\/Logo_horizontal_oscuroU-2023.png","contentUrl":"https:\/\/www.ucaldas.edu.co\/portal\/wp-content\/uploads\/2023\/11\/Logo_horizontal_oscuroU-2023.png","width":263,"height":101,"caption":"Universidad de Caldas"},"image":{"@id":"https:\/\/www.ucaldas.edu.co\/portal\/#\/schema\/logo\/image\/"},"sameAs":["https:\/\/www.facebook.com\/udecaldas","https:\/\/x.com\/udecaldas","https:\/\/www.youtube.com\/universidadcaldas","https:\/\/www.instagram.com\/udecaldas\/"]},{"@type":"Person","@id":"https:\/\/www.ucaldas.edu.co\/portal\/#\/schema\/person\/a1b482e23449158b4bc319926c074fdf","name":"ofiprensa","image":{"@type":"ImageObject","inLanguage":"es","@id":"https:\/\/www.ucaldas.edu.co\/portal\/wp-content\/litespeed\/avatar\/09ea5085e600095a7a811142c6944527.jpg?ver=1777497608","url":"https:\/\/www.ucaldas.edu.co\/portal\/wp-content\/litespeed\/avatar\/09ea5085e600095a7a811142c6944527.jpg?ver=1777497608","contentUrl":"https:\/\/www.ucaldas.edu.co\/portal\/wp-content\/litespeed\/avatar\/09ea5085e600095a7a811142c6944527.jpg?ver=1777497608","caption":"ofiprensa"},"url":"https:\/\/www.ucaldas.edu.co\/portal\/author\/ofiprensa\/"}]}},"_links":{"self":[{"href":"https:\/\/www.ucaldas.edu.co\/portal\/wp-json\/wp\/v2\/posts\/33745","targetHints":{"allow":["GET"]}}],"collection":[{"href":"https:\/\/www.ucaldas.edu.co\/portal\/wp-json\/wp\/v2\/posts"}],"about":[{"href":"https:\/\/www.ucaldas.edu.co\/portal\/wp-json\/wp\/v2\/types\/post"}],"author":[{"embeddable":true,"href":"https:\/\/www.ucaldas.edu.co\/portal\/wp-json\/wp\/v2\/users\/2"}],"replies":[{"embeddable":true,"href":"https:\/\/www.ucaldas.edu.co\/portal\/wp-json\/wp\/v2\/comments?post=33745"}],"version-history":[{"count":0,"href":"https:\/\/www.ucaldas.edu.co\/portal\/wp-json\/wp\/v2\/posts\/33745\/revisions"}],"wp:attachment":[{"href":"https:\/\/www.ucaldas.edu.co\/portal\/wp-json\/wp\/v2\/media?parent=33745"}],"wp:term":[{"taxonomy":"category","embeddable":true,"href":"https:\/\/www.ucaldas.edu.co\/portal\/wp-json\/wp\/v2\/categories?post=33745"},{"taxonomy":"post_tag","embeddable":true,"href":"https:\/\/www.ucaldas.edu.co\/portal\/wp-json\/wp\/v2\/tags?post=33745"}],"curies":[{"name":"wp","href":"https:\/\/api.w.org\/{rel}","templated":true}]}}