{"id":33699,"date":"2016-12-20T11:05:38","date_gmt":"2016-12-20T16:05:38","guid":{"rendered":"https:\/\/www.ucaldas.edu.co\/portal\/?p=33699"},"modified":"2016-12-20T11:05:38","modified_gmt":"2016-12-20T16:05:38","slug":"u-de-caldas-analizo-la-justicia-espacial-en-el-contexto-dela-transicion-socioecologica","status":"publish","type":"post","link":"https:\/\/www.ucaldas.edu.co\/portal\/u-de-caldas-analizo-la-justicia-espacial-en-el-contexto-dela-transicion-socioecologica\/","title":{"rendered":"U. de Caldas analiz\u00f3 la justicia espacial en el contexto de la transici\u00f3n socioecol\u00f3gica"},"content":{"rendered":"<p style=\"text-align: center;\">EN \u00daLTIMO ENCUENTRO DEL CICLO DE CONFERENCIAS MEMORIA, ESPACIO Y SOCIEDAD<\/p>\n<p style=\"text-align: center;\"><strong style=\"line-height: 1.5;\">U. de Caldas analiz\u00f3 la justicia espacial en el contexto de la transici\u00f3n socioecol\u00f3gica<\/strong><\/p>\n<p style=\"text-align: right;\">20\/12\/2016<\/p>\n<p><img loading=\"lazy\" decoding=\"async\" class=\"alignnone size-full wp-image-33700 aligncenter\" src=\"https:\/\/www.ucaldas.edu.co\/portal\/wp-content\/uploads\/2016\/12\/memo.jpg\" alt=\"memo\" width=\"358\" height=\"283\" \/><\/p>\n<p>Salom\u00f3n Gonz\u00e1lez Arellano<strong>, de la Universidad Aut\u00f3noma Metropolitana de M\u00e9xico, orient\u00f3<\/strong> el <strong>\u00faltimo<\/strong> <strong>encuentro<\/strong> del <strong>Ciclo de Conferencias Memoria, Espacio y Sociedad<\/strong> de la Universidad de Caldas, que tuvo lugar el pasado 15 de diciembre del 2016.<\/p>\n<p><!--more--><\/p>\n<p>El <strong>invitado disert\u00f3 sobre la <em>Justicia espacial en el contexto dela transici\u00f3n socioecol\u00f3gica<\/em><\/strong><em>. <\/em>\u201cEmpec\u00e9 por explicar la noci\u00f3n emergente de inteligencia territorial como proyecto cient\u00edfico, pero tambi\u00e9n como un atributo en las sociedades humanas, que tiene que ver con esta capacidad de gesti\u00f3n de conocimiento, de un conocimiento particular que es el conocimiento geogr\u00e1fico\u201d.<\/p>\n<p>&nbsp;<\/p>\n<p>\u201c<strong>Analic\u00e9 c\u00f3mo la gesti\u00f3n de este conocimiento geogr\u00e1fico tiene atributos y componentes<\/strong> que podemos identificarlos y por tanto podemos reforzarlos, para hacer una transici\u00f3n de sociedades hacia una inteligencia territorial m\u00e1s avanzada, <strong>con el prop\u00f3sito y fin de tener sociedades m\u00e1s justas y m\u00e1s sustentadas<\/strong>\u201d, agreg\u00f3.<\/p>\n<p>&nbsp;<\/p>\n<p>Respecto al Ciclo de Conferencias Memoria, Espacio y Sociedad <strong>Gonz\u00e1lez Arellano dijo que fue muy enriquecedor saber que en Colombia hay centros de investigaci\u00f3n de muy alto nivel encargados del estudio del territorio<\/strong>. \u201cEstos intercambios sin dudas son enriquecedores y se pueden traducir en la movilidad de estudiantes, en hacer avanzar la investigaci\u00f3n cient\u00edfica y en el desarrollo de pol\u00edticas p\u00fablicas\u201d, enfatiz\u00f3.<\/p>\n<p>&nbsp;<\/p>\n<p><a href=\"https:\/\/www.facebook.com\/media\/set\/?set=a.1246221355439727.1073745158.107054166023124&amp;type=1&amp;l=be165a7a89\">Conozca im\u00e1genes del Ciclo de Conferencias Memoria, Espacio y Sociedad<\/a><\/p>\n<p><strong>\u00a0<\/strong><\/p>\n<p><strong>Informes:<\/strong> Oficina de Prensa U. de Caldas, tel\u00e9fono 878 15 00 extensi\u00f3n 12 167.<\/p>\n<p><strong>Redacci\u00f3n: <\/strong>Margarita Laverde<\/p>\n<p>&nbsp;<\/p>\n","protected":false},"excerpt":{"rendered":"<p>EN \u00daLTIMO ENCUENTRO DEL CICLO DE CONFERENCIAS MEMORIA, ESPACIO Y SOCIEDAD U. de Caldas analiz\u00f3 la justicia espacial en el contexto de la transici\u00f3n socioecol\u00f3gica 20\/12\/2016 Salom\u00f3n Gonz\u00e1lez Arellano, de la Universidad Aut\u00f3noma Metropolitana de M\u00e9xico, orient\u00f3 el \u00faltimo encuentro del Ciclo de Conferencias Memoria, Espacio y Sociedad de la Universidad de Caldas, que tuvo [&hellip;]<\/p>\n","protected":false},"author":2,"featured_media":0,"comment_status":"closed","ping_status":"closed","sticky":false,"template":"","format":"standard","meta":{"footnotes":""},"categories":[53,48],"tags":[68,84,125,175,55],"class_list":["post-33699","post","type-post","status-publish","format-standard","hentry","category-universidad-al-dia","category-actualidad","tag-invitado","tag-memoria","tag-conferencia","tag-espacio-y-sociedad","tag-academia"],"yoast_head":"<!-- This site is optimized with the Yoast SEO plugin v27.4 - https:\/\/yoast.com\/product\/yoast-seo-wordpress\/ -->\n<title>U. de Caldas analiz\u00f3 la justicia espacial en el contexto de la transici\u00f3n socioecol\u00f3gica .<\/title>\n<meta name=\"robots\" content=\"index, follow, max-snippet:-1, max-image-preview:large, max-video-preview:-1\" \/>\n<link rel=\"canonical\" href=\"https:\/\/www.ucaldas.edu.co\/portal\/u-de-caldas-analizo-la-justicia-espacial-en-el-contexto-dela-transicion-socioecologica\/\" \/>\n<script type=\"application\/ld+json\" class=\"yoast-schema-graph\">{\"@context\":\"https:\\\/\\\/schema.org\",\"@graph\":[{\"@type\":\"Article\",\"@id\":\"https:\\\/\\\/www.ucaldas.edu.co\\\/portal\\\/u-de-caldas-analizo-la-justicia-espacial-en-el-contexto-dela-transicion-socioecologica\\\/#article\",\"isPartOf\":{\"@id\":\"https:\\\/\\\/www.ucaldas.edu.co\\\/portal\\\/u-de-caldas-analizo-la-justicia-espacial-en-el-contexto-dela-transicion-socioecologica\\\/\"},\"author\":{\"name\":\"ofiprensa\",\"@id\":\"https:\\\/\\\/www.ucaldas.edu.co\\\/portal\\\/#\\\/schema\\\/person\\\/a1b482e23449158b4bc319926c074fdf\"},\"headline\":\"U. de Caldas analiz\u00f3 la justicia espacial en el contexto de la transici\u00f3n socioecol\u00f3gica\",\"datePublished\":\"2016-12-20T16:05:38+00:00\",\"mainEntityOfPage\":{\"@id\":\"https:\\\/\\\/www.ucaldas.edu.co\\\/portal\\\/u-de-caldas-analizo-la-justicia-espacial-en-el-contexto-dela-transicion-socioecologica\\\/\"},\"wordCount\":295,\"publisher\":{\"@id\":\"https:\\\/\\\/www.ucaldas.edu.co\\\/portal\\\/#organization\"},\"image\":{\"@id\":\"https:\\\/\\\/www.ucaldas.edu.co\\\/portal\\\/u-de-caldas-analizo-la-justicia-espacial-en-el-contexto-dela-transicion-socioecologica\\\/#primaryimage\"},\"thumbnailUrl\":\"https:\\\/\\\/www.ucaldas.edu.co\\\/portal\\\/wp-content\\\/uploads\\\/2016\\\/12\\\/memo.jpg\",\"keywords\":[\"invitado\",\"memoria\",\"conferencia\",\"Espacio y Sociedad\",\"academia\"],\"articleSection\":[\"Universidad al D\u00eda\",\"Actualidad\"],\"inLanguage\":\"es\"},{\"@type\":\"WebPage\",\"@id\":\"https:\\\/\\\/www.ucaldas.edu.co\\\/portal\\\/u-de-caldas-analizo-la-justicia-espacial-en-el-contexto-dela-transicion-socioecologica\\\/\",\"url\":\"https:\\\/\\\/www.ucaldas.edu.co\\\/portal\\\/u-de-caldas-analizo-la-justicia-espacial-en-el-contexto-dela-transicion-socioecologica\\\/\",\"name\":\"U. de Caldas analiz\u00f3 la justicia espacial en el contexto de la transici\u00f3n socioecol\u00f3gica .\",\"isPartOf\":{\"@id\":\"https:\\\/\\\/www.ucaldas.edu.co\\\/portal\\\/#website\"},\"primaryImageOfPage\":{\"@id\":\"https:\\\/\\\/www.ucaldas.edu.co\\\/portal\\\/u-de-caldas-analizo-la-justicia-espacial-en-el-contexto-dela-transicion-socioecologica\\\/#primaryimage\"},\"image\":{\"@id\":\"https:\\\/\\\/www.ucaldas.edu.co\\\/portal\\\/u-de-caldas-analizo-la-justicia-espacial-en-el-contexto-dela-transicion-socioecologica\\\/#primaryimage\"},\"thumbnailUrl\":\"https:\\\/\\\/www.ucaldas.edu.co\\\/portal\\\/wp-content\\\/uploads\\\/2016\\\/12\\\/memo.jpg\",\"datePublished\":\"2016-12-20T16:05:38+00:00\",\"breadcrumb\":{\"@id\":\"https:\\\/\\\/www.ucaldas.edu.co\\\/portal\\\/u-de-caldas-analizo-la-justicia-espacial-en-el-contexto-dela-transicion-socioecologica\\\/#breadcrumb\"},\"inLanguage\":\"es\",\"potentialAction\":[{\"@type\":\"ReadAction\",\"target\":[\"https:\\\/\\\/www.ucaldas.edu.co\\\/portal\\\/u-de-caldas-analizo-la-justicia-espacial-en-el-contexto-dela-transicion-socioecologica\\\/\"]}]},{\"@type\":\"ImageObject\",\"inLanguage\":\"es\",\"@id\":\"https:\\\/\\\/www.ucaldas.edu.co\\\/portal\\\/u-de-caldas-analizo-la-justicia-espacial-en-el-contexto-dela-transicion-socioecologica\\\/#primaryimage\",\"url\":\"https:\\\/\\\/www.ucaldas.edu.co\\\/portal\\\/wp-content\\\/uploads\\\/2016\\\/12\\\/memo.jpg\",\"contentUrl\":\"https:\\\/\\\/www.ucaldas.edu.co\\\/portal\\\/wp-content\\\/uploads\\\/2016\\\/12\\\/memo.jpg\"},{\"@type\":\"BreadcrumbList\",\"@id\":\"https:\\\/\\\/www.ucaldas.edu.co\\\/portal\\\/u-de-caldas-analizo-la-justicia-espacial-en-el-contexto-dela-transicion-socioecologica\\\/#breadcrumb\",\"itemListElement\":[{\"@type\":\"ListItem\",\"position\":1,\"name\":\"Portada\",\"item\":\"https:\\\/\\\/www.ucaldas.edu.co\\\/portal\\\/\"},{\"@type\":\"ListItem\",\"position\":2,\"name\":\"U. de Caldas analiz\u00f3 la justicia espacial en el contexto de la transici\u00f3n socioecol\u00f3gica\"}]},{\"@type\":\"WebSite\",\"@id\":\"https:\\\/\\\/www.ucaldas.edu.co\\\/portal\\\/#website\",\"url\":\"https:\\\/\\\/www.ucaldas.edu.co\\\/portal\\\/\",\"name\":\"Universidad de Caldas\",\"description\":\"\",\"publisher\":{\"@id\":\"https:\\\/\\\/www.ucaldas.edu.co\\\/portal\\\/#organization\"},\"alternateName\":\"U. de Caldas\",\"potentialAction\":[{\"@type\":\"SearchAction\",\"target\":{\"@type\":\"EntryPoint\",\"urlTemplate\":\"https:\\\/\\\/www.ucaldas.edu.co\\\/portal\\\/?s={search_term_string}\"},\"query-input\":{\"@type\":\"PropertyValueSpecification\",\"valueRequired\":true,\"valueName\":\"search_term_string\"}}],\"inLanguage\":\"es\"},{\"@type\":\"Organization\",\"@id\":\"https:\\\/\\\/www.ucaldas.edu.co\\\/portal\\\/#organization\",\"name\":\"Universidad de Caldas\",\"alternateName\":\"U. de Caldas\",\"url\":\"https:\\\/\\\/www.ucaldas.edu.co\\\/portal\\\/\",\"logo\":{\"@type\":\"ImageObject\",\"inLanguage\":\"es\",\"@id\":\"https:\\\/\\\/www.ucaldas.edu.co\\\/portal\\\/#\\\/schema\\\/logo\\\/image\\\/\",\"url\":\"https:\\\/\\\/www.ucaldas.edu.co\\\/portal\\\/wp-content\\\/uploads\\\/2023\\\/11\\\/Logo_horizontal_oscuroU-2023.png\",\"contentUrl\":\"https:\\\/\\\/www.ucaldas.edu.co\\\/portal\\\/wp-content\\\/uploads\\\/2023\\\/11\\\/Logo_horizontal_oscuroU-2023.png\",\"width\":263,\"height\":101,\"caption\":\"Universidad de Caldas\"},\"image\":{\"@id\":\"https:\\\/\\\/www.ucaldas.edu.co\\\/portal\\\/#\\\/schema\\\/logo\\\/image\\\/\"},\"sameAs\":[\"https:\\\/\\\/www.facebook.com\\\/udecaldas\",\"https:\\\/\\\/x.com\\\/udecaldas\",\"https:\\\/\\\/www.youtube.com\\\/universidadcaldas\",\"https:\\\/\\\/www.instagram.com\\\/udecaldas\\\/\"]},{\"@type\":\"Person\",\"@id\":\"https:\\\/\\\/www.ucaldas.edu.co\\\/portal\\\/#\\\/schema\\\/person\\\/a1b482e23449158b4bc319926c074fdf\",\"name\":\"ofiprensa\",\"image\":{\"@type\":\"ImageObject\",\"inLanguage\":\"es\",\"@id\":\"https:\\\/\\\/www.ucaldas.edu.co\\\/portal\\\/wp-content\\\/litespeed\\\/avatar\\\/09ea5085e600095a7a811142c6944527.jpg?ver=1776892805\",\"url\":\"https:\\\/\\\/www.ucaldas.edu.co\\\/portal\\\/wp-content\\\/litespeed\\\/avatar\\\/09ea5085e600095a7a811142c6944527.jpg?ver=1776892805\",\"contentUrl\":\"https:\\\/\\\/www.ucaldas.edu.co\\\/portal\\\/wp-content\\\/litespeed\\\/avatar\\\/09ea5085e600095a7a811142c6944527.jpg?ver=1776892805\",\"caption\":\"ofiprensa\"},\"url\":\"https:\\\/\\\/www.ucaldas.edu.co\\\/portal\\\/author\\\/ofiprensa\\\/\"}]}<\/script>\n<!-- \/ Yoast SEO plugin. -->","yoast_head_json":{"title":"U. de Caldas analiz\u00f3 la justicia espacial en el contexto de la transici\u00f3n socioecol\u00f3gica .","robots":{"index":"index","follow":"follow","max-snippet":"max-snippet:-1","max-image-preview":"max-image-preview:large","max-video-preview":"max-video-preview:-1"},"canonical":"https:\/\/www.ucaldas.edu.co\/portal\/u-de-caldas-analizo-la-justicia-espacial-en-el-contexto-dela-transicion-socioecologica\/","schema":{"@context":"https:\/\/schema.org","@graph":[{"@type":"Article","@id":"https:\/\/www.ucaldas.edu.co\/portal\/u-de-caldas-analizo-la-justicia-espacial-en-el-contexto-dela-transicion-socioecologica\/#article","isPartOf":{"@id":"https:\/\/www.ucaldas.edu.co\/portal\/u-de-caldas-analizo-la-justicia-espacial-en-el-contexto-dela-transicion-socioecologica\/"},"author":{"name":"ofiprensa","@id":"https:\/\/www.ucaldas.edu.co\/portal\/#\/schema\/person\/a1b482e23449158b4bc319926c074fdf"},"headline":"U. de Caldas analiz\u00f3 la justicia espacial en el contexto de la transici\u00f3n socioecol\u00f3gica","datePublished":"2016-12-20T16:05:38+00:00","mainEntityOfPage":{"@id":"https:\/\/www.ucaldas.edu.co\/portal\/u-de-caldas-analizo-la-justicia-espacial-en-el-contexto-dela-transicion-socioecologica\/"},"wordCount":295,"publisher":{"@id":"https:\/\/www.ucaldas.edu.co\/portal\/#organization"},"image":{"@id":"https:\/\/www.ucaldas.edu.co\/portal\/u-de-caldas-analizo-la-justicia-espacial-en-el-contexto-dela-transicion-socioecologica\/#primaryimage"},"thumbnailUrl":"https:\/\/www.ucaldas.edu.co\/portal\/wp-content\/uploads\/2016\/12\/memo.jpg","keywords":["invitado","memoria","conferencia","Espacio y Sociedad","academia"],"articleSection":["Universidad al D\u00eda","Actualidad"],"inLanguage":"es"},{"@type":"WebPage","@id":"https:\/\/www.ucaldas.edu.co\/portal\/u-de-caldas-analizo-la-justicia-espacial-en-el-contexto-dela-transicion-socioecologica\/","url":"https:\/\/www.ucaldas.edu.co\/portal\/u-de-caldas-analizo-la-justicia-espacial-en-el-contexto-dela-transicion-socioecologica\/","name":"U. de Caldas analiz\u00f3 la justicia espacial en el contexto de la transici\u00f3n socioecol\u00f3gica .","isPartOf":{"@id":"https:\/\/www.ucaldas.edu.co\/portal\/#website"},"primaryImageOfPage":{"@id":"https:\/\/www.ucaldas.edu.co\/portal\/u-de-caldas-analizo-la-justicia-espacial-en-el-contexto-dela-transicion-socioecologica\/#primaryimage"},"image":{"@id":"https:\/\/www.ucaldas.edu.co\/portal\/u-de-caldas-analizo-la-justicia-espacial-en-el-contexto-dela-transicion-socioecologica\/#primaryimage"},"thumbnailUrl":"https:\/\/www.ucaldas.edu.co\/portal\/wp-content\/uploads\/2016\/12\/memo.jpg","datePublished":"2016-12-20T16:05:38+00:00","breadcrumb":{"@id":"https:\/\/www.ucaldas.edu.co\/portal\/u-de-caldas-analizo-la-justicia-espacial-en-el-contexto-dela-transicion-socioecologica\/#breadcrumb"},"inLanguage":"es","potentialAction":[{"@type":"ReadAction","target":["https:\/\/www.ucaldas.edu.co\/portal\/u-de-caldas-analizo-la-justicia-espacial-en-el-contexto-dela-transicion-socioecologica\/"]}]},{"@type":"ImageObject","inLanguage":"es","@id":"https:\/\/www.ucaldas.edu.co\/portal\/u-de-caldas-analizo-la-justicia-espacial-en-el-contexto-dela-transicion-socioecologica\/#primaryimage","url":"https:\/\/www.ucaldas.edu.co\/portal\/wp-content\/uploads\/2016\/12\/memo.jpg","contentUrl":"https:\/\/www.ucaldas.edu.co\/portal\/wp-content\/uploads\/2016\/12\/memo.jpg"},{"@type":"BreadcrumbList","@id":"https:\/\/www.ucaldas.edu.co\/portal\/u-de-caldas-analizo-la-justicia-espacial-en-el-contexto-dela-transicion-socioecologica\/#breadcrumb","itemListElement":[{"@type":"ListItem","position":1,"name":"Portada","item":"https:\/\/www.ucaldas.edu.co\/portal\/"},{"@type":"ListItem","position":2,"name":"U. de Caldas analiz\u00f3 la justicia espacial en el contexto de la transici\u00f3n socioecol\u00f3gica"}]},{"@type":"WebSite","@id":"https:\/\/www.ucaldas.edu.co\/portal\/#website","url":"https:\/\/www.ucaldas.edu.co\/portal\/","name":"Universidad de Caldas","description":"","publisher":{"@id":"https:\/\/www.ucaldas.edu.co\/portal\/#organization"},"alternateName":"U. de Caldas","potentialAction":[{"@type":"SearchAction","target":{"@type":"EntryPoint","urlTemplate":"https:\/\/www.ucaldas.edu.co\/portal\/?s={search_term_string}"},"query-input":{"@type":"PropertyValueSpecification","valueRequired":true,"valueName":"search_term_string"}}],"inLanguage":"es"},{"@type":"Organization","@id":"https:\/\/www.ucaldas.edu.co\/portal\/#organization","name":"Universidad de Caldas","alternateName":"U. de Caldas","url":"https:\/\/www.ucaldas.edu.co\/portal\/","logo":{"@type":"ImageObject","inLanguage":"es","@id":"https:\/\/www.ucaldas.edu.co\/portal\/#\/schema\/logo\/image\/","url":"https:\/\/www.ucaldas.edu.co\/portal\/wp-content\/uploads\/2023\/11\/Logo_horizontal_oscuroU-2023.png","contentUrl":"https:\/\/www.ucaldas.edu.co\/portal\/wp-content\/uploads\/2023\/11\/Logo_horizontal_oscuroU-2023.png","width":263,"height":101,"caption":"Universidad de Caldas"},"image":{"@id":"https:\/\/www.ucaldas.edu.co\/portal\/#\/schema\/logo\/image\/"},"sameAs":["https:\/\/www.facebook.com\/udecaldas","https:\/\/x.com\/udecaldas","https:\/\/www.youtube.com\/universidadcaldas","https:\/\/www.instagram.com\/udecaldas\/"]},{"@type":"Person","@id":"https:\/\/www.ucaldas.edu.co\/portal\/#\/schema\/person\/a1b482e23449158b4bc319926c074fdf","name":"ofiprensa","image":{"@type":"ImageObject","inLanguage":"es","@id":"https:\/\/www.ucaldas.edu.co\/portal\/wp-content\/litespeed\/avatar\/09ea5085e600095a7a811142c6944527.jpg?ver=1776892805","url":"https:\/\/www.ucaldas.edu.co\/portal\/wp-content\/litespeed\/avatar\/09ea5085e600095a7a811142c6944527.jpg?ver=1776892805","contentUrl":"https:\/\/www.ucaldas.edu.co\/portal\/wp-content\/litespeed\/avatar\/09ea5085e600095a7a811142c6944527.jpg?ver=1776892805","caption":"ofiprensa"},"url":"https:\/\/www.ucaldas.edu.co\/portal\/author\/ofiprensa\/"}]}},"_links":{"self":[{"href":"https:\/\/www.ucaldas.edu.co\/portal\/wp-json\/wp\/v2\/posts\/33699","targetHints":{"allow":["GET"]}}],"collection":[{"href":"https:\/\/www.ucaldas.edu.co\/portal\/wp-json\/wp\/v2\/posts"}],"about":[{"href":"https:\/\/www.ucaldas.edu.co\/portal\/wp-json\/wp\/v2\/types\/post"}],"author":[{"embeddable":true,"href":"https:\/\/www.ucaldas.edu.co\/portal\/wp-json\/wp\/v2\/users\/2"}],"replies":[{"embeddable":true,"href":"https:\/\/www.ucaldas.edu.co\/portal\/wp-json\/wp\/v2\/comments?post=33699"}],"version-history":[{"count":0,"href":"https:\/\/www.ucaldas.edu.co\/portal\/wp-json\/wp\/v2\/posts\/33699\/revisions"}],"wp:attachment":[{"href":"https:\/\/www.ucaldas.edu.co\/portal\/wp-json\/wp\/v2\/media?parent=33699"}],"wp:term":[{"taxonomy":"category","embeddable":true,"href":"https:\/\/www.ucaldas.edu.co\/portal\/wp-json\/wp\/v2\/categories?post=33699"},{"taxonomy":"post_tag","embeddable":true,"href":"https:\/\/www.ucaldas.edu.co\/portal\/wp-json\/wp\/v2\/tags?post=33699"}],"curies":[{"name":"wp","href":"https:\/\/api.w.org\/{rel}","templated":true}]}}